{"id":2099,"date":"2018-04-19T11:52:34","date_gmt":"2018-04-19T10:52:34","guid":{"rendered":"https:\/\/www.agradocosmetic.com\/?p=2099"},"modified":"2023-11-18T16:58:56","modified_gmt":"2023-11-18T16:58:56","slug":"conoce-los-colores-de-pelo-mas-trendy-de-la-temporada-primavera-verano-2018","status":"publish","type":"post","link":"https:\/\/agradocosmetic.com\/it\/conoce-los-colores-de-pelo-mas-trendy-de-la-temporada-primavera-verano-2018\/","title":{"rendered":"Scopri i colori dei capelli pi\u00f9 trendy della stagione primavera-estate 2018"},"content":{"rendered":"<p>Come abbiamo gi\u00e0 parlato nel post \u201cCome mantenere i capelli tinti\u201d, il fatto di rinnovare la nostra immagine e cambiare il colore dei nostri capelli \u00e8 qualcosa di pi\u00f9 che comune al giorno d&#039;oggi. Tingere i capelli non \u00e8 una novit\u00e0, ma le tendenze in materia di tintura e colorazione del momento variano ad ogni stagione.<\/p>\n<p>Ecco perch\u00e9 ci chiediamo: quali sono i colori dei capelli che si indossano in questo periodo dell&#039;anno? Nel post di oggi vi parleremo dei toni moda della stagione primavera-estate per essere sempre aggiornati. Osate indossare capelli alla moda!<\/p>\n<p>&nbsp;<\/p>\n<h3><strong>1. Capelli castani naturali pi\u00f9 vividi che mai.<\/strong><\/h3>\n<p>&nbsp;<\/p>\n<p>In questa stagione chi ha i capelli castani \u00e8 fortunato, perch\u00e9 i toni castani e cioccolato stanno diventando forti e durano. \u00c8 sicuramente uno dei colori di tendenza del 2018.<\/p>\n<p>E perch\u00e9 questo colore \u201ctradizionale\u201d \u00e8 di moda? I toni del marrone sono sempre stati associati a persone dallo stile pi\u00f9 classico e naturale. Ma \u00e8 proprio questo lo scopo: sfoggiare un colore di capelli castani il pi\u00f9 naturale possibile.<\/p>\n<p>L&#039;ultimo degli ultimi \u00e8 accompagnarlo con qualche stoppino <em>shatush <\/em>(versione migliorata di quelli californiani) biondo o pi\u00f9 chiaro per donare luminosit\u00e0 al viso. Questo sta lavorando sui nostri capelli il famoso <strong>#HairContouring <\/strong>come lo chiamano i professionisti.<\/p>\n<p>&nbsp;<\/p>\n<figure id=\"attachment_2100\" aria-describedby=\"caption-attachment-2100\" style=\"width: 848px\" class=\"wp-caption alignnone\"><img fetchpriority=\"high\" decoding=\"async\" class=\"size-large wp-image-2100\" src=\"https:\/\/www.agradocosmetic.com\/wp-content\/uploads\/2018\/04\/jessica-biel-shatush-1024x731.jpg\" alt=\"jessica-biel-shatush-casta\u00f1o-tendencia-2018\" width=\"848\" height=\"605\" \/><figcaption id=\"caption-attachment-2100\" class=\"wp-caption-text\">Jessica Biel sfoggia capelli castani abbinati a riflessi shatush biondi, un look morbido e naturale.<\/figcaption><\/figure>\n<p>&nbsp;<\/p>\n<h3><strong>2. Dal tono biondo polare al Cream Soda.<\/strong><\/h3>\n<p>&nbsp;<\/p>\n<p>La scorsa stagione il colore \u00e8 stato indossato molto <em>capelli congelati<\/em> o il biondo polare, un colore biondo quasi bianco che veniva indossato da molti <em>celebrit\u00e0<\/em> tra i loro capelli favolosi. Un altro stile preferito dalle celebrit\u00e0 era il <em>capelli della nonna<\/em>, un biondo platino con sfumature grigie che ha donato un aspetto freddo al nostro look in linea con la stagione invernale.<\/p>\n<p>D\u2019altronde per questa stagione abbiamo il tono <em>soda cremosa<\/em> o soda blonde, un colore biondo pi\u00f9 dolce che addolcisce i tratti del viso e dona luminosit\u00e0 al nostro viso. Toni dorati o biondo scuro combinati con <em>soda cremosa <\/em>Ti doneranno un look pi\u00f9 girlish e soft, perfetto per la stagione primavera-estate!<\/p>\n<p>&nbsp;<\/p>\n<figure id=\"attachment_2103\" aria-describedby=\"caption-attachment-2103\" style=\"width: 848px\" class=\"wp-caption alignnone\"><img decoding=\"async\" class=\"size-large wp-image-2103\" src=\"https:\/\/www.agradocosmetic.com\/wp-content\/uploads\/2018\/04\/gigi-hadid-cream-soda-1024x731.jpg\" alt=\"cream-soda-rubio-gigi-hadid-modelo-trendy-color-pelo\" width=\"848\" height=\"605\" \/><figcaption id=\"caption-attachment-2103\" class=\"wp-caption-text\">La famosa modella Gigi Hadid con toni color crema o biondo soda tra i capelli.<\/figcaption><\/figure>\n<p>&nbsp;<\/p>\n<h3><strong>3. Capelli ramati: un classico.<\/strong><\/h3>\n<p>&nbsp;<\/p>\n<p>Indossare una chioma moderna e attuale non significa dover apportare un cambiamento di colore radicale ai propri capelli, e un chiaro esempio \u00e8 il tono ramato. Questo colore \u00e8 un classico che torna in questa stagione. Come dicevamo prima, per la stagione primavera-estate solitamente si associano i colori di tendenza<em> sembra<\/em> naturale.<\/p>\n<p><strong>Emma Stone<\/strong> \u00e8 uno dei <em>celebrit\u00e0<\/em> questo ci viene in mente quando pensiamo a questo colore poich\u00e9 mette sempre in mostra i suoi capelli rosso ramato naturale. Questo tono ti star\u00e0 benissimo come se hai la pelle di porcellana e un viso dai lineamenti morbidi.<\/p>\n<p>&nbsp;<\/p>\n<figure id=\"attachment_2106\" aria-describedby=\"caption-attachment-2106\" style=\"width: 848px\" class=\"wp-caption alignnone\"><img decoding=\"async\" class=\"size-large wp-image-2106\" src=\"https:\/\/www.agradocosmetic.com\/wp-content\/uploads\/2018\/04\/emma-stone-hair-1024x731.jpg\" alt=\"hair-emma-stone-red-cobrizo-natural-tendencia\" width=\"848\" height=\"605\" \/><figcaption id=\"caption-attachment-2106\" class=\"wp-caption-text\">Emma Stone vanta capelli ramati naturali, tendenza primavera-estate 2018.<\/figcaption><\/figure>\n<p>&nbsp;<\/p>\n<h3><strong>4. Meches color vino o il famoso #WineHair<\/strong><\/h3>\n<p>&nbsp;<\/p>\n<p>Il colore <em>capelli color vino <\/em>\u00c8 una tonalit\u00e0 rossastra, pi\u00f9 intensa dei capelli rossi e con un tocco ciliegia che sta rivoluzionando i social network nel 2018.<\/p>\n<p>I capelli color vino sono senza dubbio una delle tonalit\u00e0 pi\u00f9 sexy della stagione. Un colore che funziona molto bene sulle persone che hanno la carnagione chiara poich\u00e9 mette in risalto le labbra e dona forza allo sguardo. Un&#039;opzione perfetta per te ora che \u00e8 di moda.<\/p>\n<p>&nbsp;<\/p>\n<figure id=\"attachment_2109\" aria-describedby=\"caption-attachment-2109\" style=\"width: 848px\" class=\"wp-caption alignnone\"><img loading=\"lazy\" decoding=\"async\" class=\"size-large wp-image-2109\" src=\"https:\/\/www.agradocosmetic.com\/wp-content\/uploads\/2018\/04\/ariana-grande-wine-hair-1024x731.jpg\" alt=\"ariana-grande-wine-hair-merlot-burgundy-social-trendy-agrado-blog\" width=\"848\" height=\"605\" \/><figcaption id=\"caption-attachment-2109\" class=\"wp-caption-text\">Ariana Grande si unisce alla rivoluzione online dei trend look di stagione #WineHair.<\/figcaption><\/figure>\n<p>&nbsp;<\/p>\n<p>&nbsp;<\/p>\n<p>E questo \u00e8 tutto per l&#039;articolo di oggi, speriamo che vi sia piaciuto e che proviate alcuni dei colori pi\u00f9 trendy di questa stagione primavera-estate. Osate indossare uno di questi look moderni e attuali. Non dimenticare di lasciare i tuoi commenti al post qui. Fino alla prossima volta!<\/p>","protected":false},"excerpt":{"rendered":"<p>Como ya hablamos en el post de \u201cC\u00f3mo mantener el cabello te\u00f1ido\u201d, el hecho de renovar nuestra imagen y cambiarnos el color del cabello es algo m\u00e1s que habitual hoy en d\u00eda. Tintarse el cabello no supone ninguna novedad, pero s\u00ed que lo son las tendencias en tinte y coloraci\u00f3n del momento ya que var\u00edan [&hellip;]<\/p>\n","protected":false},"author":9,"featured_media":21430,"comment_status":"open","ping_status":"closed","sticky":false,"template":"","format":"standard","meta":{"footnotes":"","_wp_rev_ctl_limit":""},"categories":[118,1],"tags":[126,174,137,244,245,177,246,247,178,179,248,181,249,250,182,251,252,253,254,255],"class_list":["post-2099","post","type-post","status-publish","format-standard","has-post-thumbnail","hentry","category-lifestyle","category-todos","tag-agrado","tag-agradobeautyculture","tag-agradocosmetic","tag-burgundy","tag-cabello","tag-cabellostenidos","tag-castano","tag-cobrizo","tag-color","tag-coloracion","tag-creamsoda","tag-mechas","tag-merlothair","tag-natural","tag-pelo","tag-rubio","tag-shatush","tag-tendencias","tag-trendy","tag-winehair"],"yoast_head":"<!-- This site is optimized with the Yoast SEO plugin v27.4 - https:\/\/yoast.com\/product\/yoast-seo-wordpress\/ -->\n<title>Conoce los colores de pelo m\u00e1s trendy de la temporada primavera-verano<\/title>\n<meta name=\"description\" content=\"En este nuevo post os revelamos los colores tendencia de esta temporada primavera- verano 2018. Cabellos casta\u00f1os y naturales, tonos rubios cream soda, cobrizos cl\u00e1sicos o estilo #WineHair. \u00bfA qu\u00e9 esperas para lucir una melena tendencia esta temporada?\" \/>\n<meta name=\"robots\" content=\"index, follow, max-snippet:-1, max-image-preview:large, max-video-preview:-1\" \/>\n<link rel=\"canonical\" href=\"https:\/\/agradocosmetic.com\/it\/conoce-los-colores-de-pelo-mas-trendy-de-la-temporada-primavera-verano-2018\/\" \/>\n<meta property=\"og:locale\" content=\"it_IT\" \/>\n<meta property=\"og:type\" content=\"article\" \/>\n<meta property=\"og:title\" content=\"Conoce los colores de pelo m\u00e1s trendy de la temporada primavera-verano\" \/>\n<meta property=\"og:description\" content=\"En este nuevo post os revelamos los colores tendencia de esta temporada primavera- verano 2018. Cabellos casta\u00f1os y naturales, tonos rubios cream soda, cobrizos cl\u00e1sicos o estilo #WineHair. \u00bfA qu\u00e9 esperas para lucir una melena tendencia esta temporada?\" \/>\n<meta property=\"og:url\" content=\"https:\/\/agradocosmetic.com\/it\/conoce-los-colores-de-pelo-mas-trendy-de-la-temporada-primavera-verano-2018\/\" \/>\n<meta property=\"og:site_name\" content=\"Agrado\" \/>\n<meta property=\"article:published_time\" content=\"2018-04-19T10:52:34+00:00\" \/>\n<meta property=\"article:modified_time\" content=\"2023-11-18T16:58:56+00:00\" \/>\n<meta property=\"og:image\" content=\"https:\/\/agradocosmetic.com\/wp-content\/uploads\/2018\/04\/colores-trendy-agrado.jpg\" \/>\n\t<meta property=\"og:image:width\" content=\"1200\" \/>\n\t<meta property=\"og:image:height\" content=\"800\" \/>\n\t<meta property=\"og:image:type\" content=\"image\/jpeg\" \/>\n<meta name=\"author\" content=\"agradocosmetic\" \/>\n<meta name=\"twitter:card\" content=\"summary_large_image\" \/>\n<meta name=\"twitter:label1\" content=\"Scritto da\" \/>\n\t<meta name=\"twitter:data1\" content=\"agradocosmetic\" \/>\n\t<meta name=\"twitter:label2\" content=\"Tempo di lettura stimato\" \/>\n\t<meta name=\"twitter:data2\" content=\"4 minuti\" \/>\n<script type=\"application\/ld+json\" class=\"yoast-schema-graph\">{\"@context\":\"https:\\\/\\\/schema.org\",\"@graph\":[{\"@type\":\"Article\",\"@id\":\"https:\\\/\\\/agradocosmetic.com\\\/conoce-los-colores-de-pelo-mas-trendy-de-la-temporada-primavera-verano-2018\\\/#article\",\"isPartOf\":{\"@id\":\"https:\\\/\\\/agradocosmetic.com\\\/conoce-los-colores-de-pelo-mas-trendy-de-la-temporada-primavera-verano-2018\\\/\"},\"author\":{\"name\":\"agradocosmetic\",\"@id\":\"https:\\\/\\\/agradocosmetic.com\\\/#\\\/schema\\\/person\\\/732e8d396022e25f9340196f83d6789d\"},\"headline\":\"Conoce los colores de pelo m\u00e1s trendy de la temporada primavera-verano 2018\",\"datePublished\":\"2018-04-19T10:52:34+00:00\",\"dateModified\":\"2023-11-18T16:58:56+00:00\",\"mainEntityOfPage\":{\"@id\":\"https:\\\/\\\/agradocosmetic.com\\\/conoce-los-colores-de-pelo-mas-trendy-de-la-temporada-primavera-verano-2018\\\/\"},\"wordCount\":745,\"commentCount\":0,\"publisher\":{\"@id\":\"https:\\\/\\\/agradocosmetic.com\\\/#organization\"},\"image\":{\"@id\":\"https:\\\/\\\/agradocosmetic.com\\\/conoce-los-colores-de-pelo-mas-trendy-de-la-temporada-primavera-verano-2018\\\/#primaryimage\"},\"thumbnailUrl\":\"https:\\\/\\\/agradocosmetic.com\\\/wp-content\\\/uploads\\\/2018\\\/04\\\/colores-trendy-agrado.jpg\",\"keywords\":[\"agrado\",\"agradobeautyculture\",\"agradocosmetic\",\"burgundy\",\"cabello\",\"cabelloste\u00f1idos\",\"casta\u00f1o\",\"cobrizo\",\"color\",\"coloraci\u00f3n\",\"creamsoda\",\"mechas\",\"merlothair\",\"natural\",\"pelo\",\"rubio\",\"shatush\",\"tendencias\",\"trendy\",\"winehair\"],\"articleSection\":[\"Lifestyle\",\"Todos\"],\"inLanguage\":\"it-IT\",\"potentialAction\":[{\"@type\":\"CommentAction\",\"name\":\"Comment\",\"target\":[\"https:\\\/\\\/agradocosmetic.com\\\/conoce-los-colores-de-pelo-mas-trendy-de-la-temporada-primavera-verano-2018\\\/#respond\"]}]},{\"@type\":\"WebPage\",\"@id\":\"https:\\\/\\\/agradocosmetic.com\\\/conoce-los-colores-de-pelo-mas-trendy-de-la-temporada-primavera-verano-2018\\\/\",\"url\":\"https:\\\/\\\/agradocosmetic.com\\\/conoce-los-colores-de-pelo-mas-trendy-de-la-temporada-primavera-verano-2018\\\/\",\"name\":\"Conoce los colores de pelo m\u00e1s trendy de la temporada primavera-verano\",\"isPartOf\":{\"@id\":\"https:\\\/\\\/agradocosmetic.com\\\/#website\"},\"primaryImageOfPage\":{\"@id\":\"https:\\\/\\\/agradocosmetic.com\\\/conoce-los-colores-de-pelo-mas-trendy-de-la-temporada-primavera-verano-2018\\\/#primaryimage\"},\"image\":{\"@id\":\"https:\\\/\\\/agradocosmetic.com\\\/conoce-los-colores-de-pelo-mas-trendy-de-la-temporada-primavera-verano-2018\\\/#primaryimage\"},\"thumbnailUrl\":\"https:\\\/\\\/agradocosmetic.com\\\/wp-content\\\/uploads\\\/2018\\\/04\\\/colores-trendy-agrado.jpg\",\"datePublished\":\"2018-04-19T10:52:34+00:00\",\"dateModified\":\"2023-11-18T16:58:56+00:00\",\"description\":\"En este nuevo post os revelamos los colores tendencia de esta temporada primavera- verano 2018. Cabellos casta\u00f1os y naturales, tonos rubios cream soda, cobrizos cl\u00e1sicos o estilo #WineHair. \u00bfA qu\u00e9 esperas para lucir una melena tendencia esta temporada?\",\"breadcrumb\":{\"@id\":\"https:\\\/\\\/agradocosmetic.com\\\/conoce-los-colores-de-pelo-mas-trendy-de-la-temporada-primavera-verano-2018\\\/#breadcrumb\"},\"inLanguage\":\"it-IT\",\"potentialAction\":[{\"@type\":\"ReadAction\",\"target\":[\"https:\\\/\\\/agradocosmetic.com\\\/conoce-los-colores-de-pelo-mas-trendy-de-la-temporada-primavera-verano-2018\\\/\"]}]},{\"@type\":\"ImageObject\",\"inLanguage\":\"it-IT\",\"@id\":\"https:\\\/\\\/agradocosmetic.com\\\/conoce-los-colores-de-pelo-mas-trendy-de-la-temporada-primavera-verano-2018\\\/#primaryimage\",\"url\":\"https:\\\/\\\/agradocosmetic.com\\\/wp-content\\\/uploads\\\/2018\\\/04\\\/colores-trendy-agrado.jpg\",\"contentUrl\":\"https:\\\/\\\/agradocosmetic.com\\\/wp-content\\\/uploads\\\/2018\\\/04\\\/colores-trendy-agrado.jpg\",\"width\":1200,\"height\":800},{\"@type\":\"BreadcrumbList\",\"@id\":\"https:\\\/\\\/agradocosmetic.com\\\/conoce-los-colores-de-pelo-mas-trendy-de-la-temporada-primavera-verano-2018\\\/#breadcrumb\",\"itemListElement\":[{\"@type\":\"ListItem\",\"position\":1,\"name\":\"Portada\",\"item\":\"https:\\\/\\\/agradocosmetic.com\\\/\"},{\"@type\":\"ListItem\",\"position\":2,\"name\":\"Conoce los colores de pelo m\u00e1s trendy de la temporada primavera-verano 2018\"}]},{\"@type\":\"WebSite\",\"@id\":\"https:\\\/\\\/agradocosmetic.com\\\/#website\",\"url\":\"https:\\\/\\\/agradocosmetic.com\\\/\",\"name\":\"Agrado\",\"description\":\"Cosmetic\",\"publisher\":{\"@id\":\"https:\\\/\\\/agradocosmetic.com\\\/#organization\"},\"potentialAction\":[{\"@type\":\"SearchAction\",\"target\":{\"@type\":\"EntryPoint\",\"urlTemplate\":\"https:\\\/\\\/agradocosmetic.com\\\/?s={search_term_string}\"},\"query-input\":{\"@type\":\"PropertyValueSpecification\",\"valueRequired\":true,\"valueName\":\"search_term_string\"}}],\"inLanguage\":\"it-IT\"},{\"@type\":\"Organization\",\"@id\":\"https:\\\/\\\/agradocosmetic.com\\\/#organization\",\"name\":\"Agrado\",\"url\":\"https:\\\/\\\/agradocosmetic.com\\\/\",\"logo\":{\"@type\":\"ImageObject\",\"inLanguage\":\"it-IT\",\"@id\":\"https:\\\/\\\/agradocosmetic.com\\\/#\\\/schema\\\/logo\\\/image\\\/\",\"url\":\"https:\\\/\\\/agradocosmetic.com\\\/wp-content\\\/uploads\\\/2023\\\/07\\\/LOGO-AGRADO-WEB-01.png\",\"contentUrl\":\"https:\\\/\\\/agradocosmetic.com\\\/wp-content\\\/uploads\\\/2023\\\/07\\\/LOGO-AGRADO-WEB-01.png\",\"width\":1632,\"height\":300,\"caption\":\"Agrado\"},\"image\":{\"@id\":\"https:\\\/\\\/agradocosmetic.com\\\/#\\\/schema\\\/logo\\\/image\\\/\"}},{\"@type\":\"Person\",\"@id\":\"https:\\\/\\\/agradocosmetic.com\\\/#\\\/schema\\\/person\\\/732e8d396022e25f9340196f83d6789d\",\"name\":\"agradocosmetic\",\"image\":{\"@type\":\"ImageObject\",\"inLanguage\":\"it-IT\",\"@id\":\"https:\\\/\\\/secure.gravatar.com\\\/avatar\\\/c6003e45301182b7e125463fcbec403b1980909c12edf09098526b9a15e779c0?s=96&d=mm&r=g\",\"url\":\"https:\\\/\\\/secure.gravatar.com\\\/avatar\\\/c6003e45301182b7e125463fcbec403b1980909c12edf09098526b9a15e779c0?s=96&d=mm&r=g\",\"contentUrl\":\"https:\\\/\\\/secure.gravatar.com\\\/avatar\\\/c6003e45301182b7e125463fcbec403b1980909c12edf09098526b9a15e779c0?s=96&d=mm&r=g\",\"caption\":\"agradocosmetic\"}}]}<\/script>\n<!-- \/ Yoast SEO plugin. -->","yoast_head_json":{"title":"Scopri i colori di capelli pi\u00f9 trendy della stagione primavera-estate","description":"In questo nuovo post, vi sveliamo i colori di capelli pi\u00f9 trendy per questa stagione primavera\/estate 2018. Pensate ai castani naturali, ai biondi cream soda, ai classici ramati o allo stile #WineHair. Cosa aspettate a sfoggiare una chioma trendy questa stagione?","robots":{"index":"index","follow":"follow","max-snippet":"max-snippet:-1","max-image-preview":"max-image-preview:large","max-video-preview":"max-video-preview:-1"},"canonical":"https:\/\/agradocosmetic.com\/it\/conoce-los-colores-de-pelo-mas-trendy-de-la-temporada-primavera-verano-2018\/","og_locale":"it_IT","og_type":"article","og_title":"Conoce los colores de pelo m\u00e1s trendy de la temporada primavera-verano","og_description":"En este nuevo post os revelamos los colores tendencia de esta temporada primavera- verano 2018. Cabellos casta\u00f1os y naturales, tonos rubios cream soda, cobrizos cl\u00e1sicos o estilo #WineHair. \u00bfA qu\u00e9 esperas para lucir una melena tendencia esta temporada?","og_url":"https:\/\/agradocosmetic.com\/it\/conoce-los-colores-de-pelo-mas-trendy-de-la-temporada-primavera-verano-2018\/","og_site_name":"Agrado","article_published_time":"2018-04-19T10:52:34+00:00","article_modified_time":"2023-11-18T16:58:56+00:00","og_image":[{"width":1200,"height":800,"url":"https:\/\/agradocosmetic.com\/wp-content\/uploads\/2018\/04\/colores-trendy-agrado.jpg","type":"image\/jpeg"}],"author":"agradocosmetic","twitter_card":"summary_large_image","twitter_misc":{"Scritto da":"agradocosmetic","Tempo di lettura stimato":"4 minuti"},"schema":{"@context":"https:\/\/schema.org","@graph":[{"@type":"Article","@id":"https:\/\/agradocosmetic.com\/conoce-los-colores-de-pelo-mas-trendy-de-la-temporada-primavera-verano-2018\/#article","isPartOf":{"@id":"https:\/\/agradocosmetic.com\/conoce-los-colores-de-pelo-mas-trendy-de-la-temporada-primavera-verano-2018\/"},"author":{"name":"agradocosmetic","@id":"https:\/\/agradocosmetic.com\/#\/schema\/person\/732e8d396022e25f9340196f83d6789d"},"headline":"Conoce los colores de pelo m\u00e1s trendy de la temporada primavera-verano 2018","datePublished":"2018-04-19T10:52:34+00:00","dateModified":"2023-11-18T16:58:56+00:00","mainEntityOfPage":{"@id":"https:\/\/agradocosmetic.com\/conoce-los-colores-de-pelo-mas-trendy-de-la-temporada-primavera-verano-2018\/"},"wordCount":745,"commentCount":0,"publisher":{"@id":"https:\/\/agradocosmetic.com\/#organization"},"image":{"@id":"https:\/\/agradocosmetic.com\/conoce-los-colores-de-pelo-mas-trendy-de-la-temporada-primavera-verano-2018\/#primaryimage"},"thumbnailUrl":"https:\/\/agradocosmetic.com\/wp-content\/uploads\/2018\/04\/colores-trendy-agrado.jpg","keywords":["agrado","agradobeautyculture","agradocosmetic","burgundy","cabello","cabelloste\u00f1idos","casta\u00f1o","cobrizo","color","coloraci\u00f3n","creamsoda","mechas","merlothair","natural","pelo","rubio","shatush","tendencias","trendy","winehair"],"articleSection":["Lifestyle","Todos"],"inLanguage":"it-IT","potentialAction":[{"@type":"CommentAction","name":"Comment","target":["https:\/\/agradocosmetic.com\/conoce-los-colores-de-pelo-mas-trendy-de-la-temporada-primavera-verano-2018\/#respond"]}]},{"@type":"WebPage","@id":"https:\/\/agradocosmetic.com\/conoce-los-colores-de-pelo-mas-trendy-de-la-temporada-primavera-verano-2018\/","url":"https:\/\/agradocosmetic.com\/conoce-los-colores-de-pelo-mas-trendy-de-la-temporada-primavera-verano-2018\/","name":"Scopri i colori di capelli pi\u00f9 trendy della stagione primavera-estate","isPartOf":{"@id":"https:\/\/agradocosmetic.com\/#website"},"primaryImageOfPage":{"@id":"https:\/\/agradocosmetic.com\/conoce-los-colores-de-pelo-mas-trendy-de-la-temporada-primavera-verano-2018\/#primaryimage"},"image":{"@id":"https:\/\/agradocosmetic.com\/conoce-los-colores-de-pelo-mas-trendy-de-la-temporada-primavera-verano-2018\/#primaryimage"},"thumbnailUrl":"https:\/\/agradocosmetic.com\/wp-content\/uploads\/2018\/04\/colores-trendy-agrado.jpg","datePublished":"2018-04-19T10:52:34+00:00","dateModified":"2023-11-18T16:58:56+00:00","description":"In questo nuovo post, vi sveliamo i colori di capelli pi\u00f9 trendy per questa stagione primavera\/estate 2018. Pensate ai castani naturali, ai biondi cream soda, ai classici ramati o allo stile #WineHair. Cosa aspettate a sfoggiare una chioma trendy questa stagione?","breadcrumb":{"@id":"https:\/\/agradocosmetic.com\/conoce-los-colores-de-pelo-mas-trendy-de-la-temporada-primavera-verano-2018\/#breadcrumb"},"inLanguage":"it-IT","potentialAction":[{"@type":"ReadAction","target":["https:\/\/agradocosmetic.com\/conoce-los-colores-de-pelo-mas-trendy-de-la-temporada-primavera-verano-2018\/"]}]},{"@type":"ImageObject","inLanguage":"it-IT","@id":"https:\/\/agradocosmetic.com\/conoce-los-colores-de-pelo-mas-trendy-de-la-temporada-primavera-verano-2018\/#primaryimage","url":"https:\/\/agradocosmetic.com\/wp-content\/uploads\/2018\/04\/colores-trendy-agrado.jpg","contentUrl":"https:\/\/agradocosmetic.com\/wp-content\/uploads\/2018\/04\/colores-trendy-agrado.jpg","width":1200,"height":800},{"@type":"BreadcrumbList","@id":"https:\/\/agradocosmetic.com\/conoce-los-colores-de-pelo-mas-trendy-de-la-temporada-primavera-verano-2018\/#breadcrumb","itemListElement":[{"@type":"ListItem","position":1,"name":"Portada","item":"https:\/\/agradocosmetic.com\/"},{"@type":"ListItem","position":2,"name":"Conoce los colores de pelo m\u00e1s trendy de la temporada primavera-verano 2018"}]},{"@type":"WebSite","@id":"https:\/\/agradocosmetic.com\/#website","url":"https:\/\/agradocosmetic.com\/","name":"Mi piace","description":"cosmetico","publisher":{"@id":"https:\/\/agradocosmetic.com\/#organization"},"potentialAction":[{"@type":"SearchAction","target":{"@type":"EntryPoint","urlTemplate":"https:\/\/agradocosmetic.com\/?s={search_term_string}"},"query-input":{"@type":"PropertyValueSpecification","valueRequired":true,"valueName":"search_term_string"}}],"inLanguage":"it-IT"},{"@type":"Organization","@id":"https:\/\/agradocosmetic.com\/#organization","name":"Mi piace","url":"https:\/\/agradocosmetic.com\/","logo":{"@type":"ImageObject","inLanguage":"it-IT","@id":"https:\/\/agradocosmetic.com\/#\/schema\/logo\/image\/","url":"https:\/\/agradocosmetic.com\/wp-content\/uploads\/2023\/07\/LOGO-AGRADO-WEB-01.png","contentUrl":"https:\/\/agradocosmetic.com\/wp-content\/uploads\/2023\/07\/LOGO-AGRADO-WEB-01.png","width":1632,"height":300,"caption":"Agrado"},"image":{"@id":"https:\/\/agradocosmetic.com\/#\/schema\/logo\/image\/"}},{"@type":"Person","@id":"https:\/\/agradocosmetic.com\/#\/schema\/person\/732e8d396022e25f9340196f83d6789d","name":"agradocosmetico","image":{"@type":"ImageObject","inLanguage":"it-IT","@id":"https:\/\/secure.gravatar.com\/avatar\/c6003e45301182b7e125463fcbec403b1980909c12edf09098526b9a15e779c0?s=96&d=mm&r=g","url":"https:\/\/secure.gravatar.com\/avatar\/c6003e45301182b7e125463fcbec403b1980909c12edf09098526b9a15e779c0?s=96&d=mm&r=g","contentUrl":"https:\/\/secure.gravatar.com\/avatar\/c6003e45301182b7e125463fcbec403b1980909c12edf09098526b9a15e779c0?s=96&d=mm&r=g","caption":"agradocosmetic"}}]}},"_links":{"self":[{"href":"https:\/\/agradocosmetic.com\/it\/wp-json\/wp\/v2\/posts\/2099","targetHints":{"allow":["GET"]}}],"collection":[{"href":"https:\/\/agradocosmetic.com\/it\/wp-json\/wp\/v2\/posts"}],"about":[{"href":"https:\/\/agradocosmetic.com\/it\/wp-json\/wp\/v2\/types\/post"}],"author":[{"embeddable":true,"href":"https:\/\/agradocosmetic.com\/it\/wp-json\/wp\/v2\/users\/9"}],"replies":[{"embeddable":true,"href":"https:\/\/agradocosmetic.com\/it\/wp-json\/wp\/v2\/comments?post=2099"}],"version-history":[{"count":1,"href":"https:\/\/agradocosmetic.com\/it\/wp-json\/wp\/v2\/posts\/2099\/revisions"}],"predecessor-version":[{"id":21431,"href":"https:\/\/agradocosmetic.com\/it\/wp-json\/wp\/v2\/posts\/2099\/revisions\/21431"}],"wp:featuredmedia":[{"embeddable":true,"href":"https:\/\/agradocosmetic.com\/it\/wp-json\/wp\/v2\/media\/21430"}],"wp:attachment":[{"href":"https:\/\/agradocosmetic.com\/it\/wp-json\/wp\/v2\/media?parent=2099"}],"wp:term":[{"taxonomy":"category","embeddable":true,"href":"https:\/\/agradocosmetic.com\/it\/wp-json\/wp\/v2\/categories?post=2099"},{"taxonomy":"post_tag","embeddable":true,"href":"https:\/\/agradocosmetic.com\/it\/wp-json\/wp\/v2\/tags?post=2099"}],"curies":[{"name":"parola chiave","href":"https:\/\/api.w.org\/{rel}","templated":true}]}}