{"id":21002,"date":"2023-07-21T12:34:30","date_gmt":"2023-07-21T11:34:30","guid":{"rendered":"https:\/\/www.agradocosmetic.com\/?p=21002"},"modified":"2023-11-18T16:58:44","modified_gmt":"2023-11-18T16:58:44","slug":"dime-como-eres-y-te-dire-que-protector-solar-necesitas","status":"publish","type":"post","link":"https:\/\/agradocosmetic.com\/it\/dime-como-eres-y-te-dire-que-protector-solar-necesitas\/","title":{"rendered":"Dimmi come sei e ti dir\u00f2 di quale crema solare hai bisogno"},"content":{"rendered":"<p>L&#039;estate \u00e8 in pieno svolgimento e, senza dubbio, tutti moriamo dalla voglia di trascorrere del tempo al sole. In spiaggia, in montagna, in citt\u00e0... Il posto non ha importanza! Ma prima di iniziare a goderselo, \u00e8 importante ricordare l\u2019importanza di proteggere la nostra pelle dai raggi UV. Sappiamo che ogni persona ha esigenze e caratteristiche uniche, quindi in questo post ti aiuteremo a scoprire la protezione solare pi\u00f9 adatta a te in base al tuo stile di vita. Prendi nota!\u00a0<\/p>\r\n\r\n\r\n\r\n<p><strong>Per coloro che non perdono nemmeno un piano<\/strong><\/p>\r\n\r\n\r\n\r\n<p>Birra al bar della spiaggia, fuga rurale con gli amici, festa sulla spiaggia, via ferrata in montagna... Non ti fermare! Qualcuno come te, che non perde un piano e vive la vita al massimo, ha bisogno di una protezione solare che sia all&#039;altezza dei suoi impegni. Consigliamo il <a href=\"\/it\/?p=3558\"><strong>Agrado Spray solare per il viso SPF50+.<\/strong><\/a> Riguarda il PRODOTTO. S\u00ec, con la maiuscola. Ha una protezione SPF 50+ molto elevata, si assorbe rapidamente e apporta grande idratazione, con effetto antiossidante grazie alla Vitamina E. Il suo piccolo formato ti permette di portarlo con te ovunque. E il migliore di tutti? Puoi applicarlo sopra il trucco senza problemi. Portatelo anche nei vostri progetti pi\u00f9 eleganti! \ud83d\ude09\u00a0<\/p>\r\n\r\n\r\n\r\n<p><strong>Per gli avventurieri<\/strong><\/p>\r\n\r\n\r\n\r\n<p>Per un animo inquieto ed energico come il tuo, consigliamo una protezione solare che vi accompagner\u00e0 in tutti i vostri emozionanti viaggi: <a href=\"\/it\/?p=10680\"><strong>Crema solare Agrado SPF30<\/strong><\/a>. Dall&#039;applicazione confortevole e dal rapido assorbimento, idrata e protegge dalle scottature solari e dall&#039;invecchiamento precoce della pelle. Inoltre, \u00e8 resistente all&#039;acqua e al sudore. Con esso puoi goderti al massimo ogni avventura, sapendo che la tua pelle \u00e8 protetta in ogni fase del percorso. Niente pu\u00f2 fermare il tuo spirito libero, proteggilo e continua a conquistare il mondo!<\/p>\r\n\r\n\r\n\r\n<p><strong>Per mamme e pap\u00e0 fuoristrada<\/strong><\/p>\r\n\r\n\r\n\r\n<p>Prenderti cura dei tuoi piccoli e della tua famiglia \u00e8 la cosa pi\u00f9 importante per te. Per una protezione efficace e sicura, consigliamo il <a href=\"\/it\/?p=18546\"><strong>Lozione solare per bambini per pelli sensibili SPF50+<\/strong><\/a>, ideale per la pelle sensibile dei bambini (e meno bambini). Il suo formato a pistola garantisce un&#039;applicazione rapida e comoda. Vedrai come i tuoi bambini si divertono ad applicare la protezione solare. Inoltre, \u00e8 impermeabile, quindi non dovrai preoccuparti se continuano ad entrare e uscire dall&#039;acqua. Goditi al massimo il sole con la tua famiglia in tutta sicurezza!<\/p>\r\n\r\n\r\n\r\n<p><strong>Per gli atleti<\/strong><\/p>\r\n\r\n\r\n\r\n<p>Se la tua passione \u00e8 praticare sport all&#039;aria aperta, hai bisogno di una protezione solare che rimanga in posizione durante le tue attivit\u00e0. Consigliamo il <a href=\"\/it\/?p=18550\"><strong>Agrado Crema Solare Tubo SPF50<\/strong><\/a>, con resistenza all&#039;acqua e al sudore per mantenere la protezione anche durante gli allenamenti pi\u00f9 impegnativi. Idrata e protegge dalle scottature e dall&#039;invecchiamento precoce della pelle e contiene anche vitamina E. Non lasciare che i raggi UV ti influenzino, proteggi la tua pelle e goditi al massimo ogni attivit\u00e0. Preparati a splendere al sole!<\/p>\r\n\r\n\r\n\r\n<p>E ricorda, \u00e8 importante applicare la protezione solare almeno 30 minuti prima di esporsi al sole e ripeterla ogni 2 ore. In questo modo la protezione sar\u00e0 sempre garantita.\u00a0<\/p>\r\n\r\n\r\n\r\n<p>Prima di goderti le giornate di sole, assicurati di proteggere la tua pelle e quella della tua famiglia con la crema solare pi\u00f9 appropriata. <strong>Qualunque cosa tu sia, dentro <a href=\"https:\/\/agradocosmetic.com\/it\/\" target=\"_blank\" rel=\"noreferrer noopener\">Agrado Cosmetic<\/a> Abbiamo il lotto perfetto per te! <\/strong>\ud83d\ude09\u00a0<\/p>","protected":false},"excerpt":{"rendered":"<p>El verano est\u00e1 en pleno apogeo y, sin duda, todxs nos morimos de ganas de pasar tiempo al sol. En la playa, en la monta\u00f1a, en el pueblo\u2026 \u00a1No importa el lugar! Pero antes de lanzarnos a disfrutar, es importante recordar la importancia de proteger nuestra piel de los rayos UV. Sabemos que cada persona [&hellip;]<\/p>\n","protected":false},"author":9,"featured_media":21180,"comment_status":"open","ping_status":"closed","sticky":false,"template":"","format":"standard","meta":{"footnotes":"","_wp_rev_ctl_limit":""},"categories":[531,1],"tags":[539,553,543,551,545],"class_list":["post-21002","post","type-post","status-publish","format-standard","has-post-thumbnail","hentry","category-solar-en","category-todos","tag-cuidado-de-la-piel-en","tag-exposicion-al-sol-en","tag-proteccion-solar-en","tag-protector-solar-en","tag-solares-en"],"yoast_head":"<!-- This site is optimized with the Yoast SEO plugin v27.4 - https:\/\/yoast.com\/product\/yoast-seo-wordpress\/ -->\n<title>Dime c\u00f3mo eres y te dir\u00e9 qu\u00e9 protector solar necesitas - Agrado<\/title>\n<meta name=\"description\" content=\"S\u00ed, cada persona hace match con uno protector solar. Si quieres saber cu\u00e1l es el tuyo, \u00a1no te pierdas este post! \ud83d\ude09\u2600\ufe0f\" \/>\n<meta name=\"robots\" content=\"index, follow, max-snippet:-1, max-image-preview:large, max-video-preview:-1\" \/>\n<link rel=\"canonical\" href=\"https:\/\/agradocosmetic.com\/it\/dime-como-eres-y-te-dire-que-protector-solar-necesitas\/\" \/>\n<meta property=\"og:locale\" content=\"it_IT\" \/>\n<meta property=\"og:type\" content=\"article\" \/>\n<meta property=\"og:title\" content=\"Dime c\u00f3mo eres y te dir\u00e9 qu\u00e9 protector solar necesitas - Agrado\" \/>\n<meta property=\"og:description\" content=\"S\u00ed, cada persona hace match con uno protector solar. Si quieres saber cu\u00e1l es el tuyo, \u00a1no te pierdas este post! \ud83d\ude09\u2600\ufe0f\" \/>\n<meta property=\"og:url\" content=\"https:\/\/agradocosmetic.com\/it\/dime-como-eres-y-te-dire-que-protector-solar-necesitas\/\" \/>\n<meta property=\"og:site_name\" content=\"Agrado\" \/>\n<meta property=\"article:published_time\" content=\"2023-07-21T11:34:30+00:00\" \/>\n<meta property=\"article:modified_time\" content=\"2023-11-18T16:58:44+00:00\" \/>\n<meta property=\"og:image\" content=\"https:\/\/agradocosmetic.com\/wp-content\/uploads\/2023\/07\/protector-solar-agrado.jpg\" \/>\n\t<meta property=\"og:image:width\" content=\"1200\" \/>\n\t<meta property=\"og:image:height\" content=\"800\" \/>\n\t<meta property=\"og:image:type\" content=\"image\/jpeg\" \/>\n<meta name=\"author\" content=\"agradocosmetic\" \/>\n<meta name=\"twitter:card\" content=\"summary_large_image\" \/>\n<meta name=\"twitter:label1\" content=\"Scritto da\" \/>\n\t<meta name=\"twitter:data1\" content=\"agradocosmetic\" \/>\n\t<meta name=\"twitter:label2\" content=\"Tempo di lettura stimato\" \/>\n\t<meta name=\"twitter:data2\" content=\"3 minuti\" \/>\n<script type=\"application\/ld+json\" class=\"yoast-schema-graph\">{\"@context\":\"https:\\\/\\\/schema.org\",\"@graph\":[{\"@type\":\"Article\",\"@id\":\"https:\\\/\\\/agradocosmetic.com\\\/dime-como-eres-y-te-dire-que-protector-solar-necesitas\\\/#article\",\"isPartOf\":{\"@id\":\"https:\\\/\\\/agradocosmetic.com\\\/dime-como-eres-y-te-dire-que-protector-solar-necesitas\\\/\"},\"author\":{\"name\":\"agradocosmetic\",\"@id\":\"https:\\\/\\\/agradocosmetic.com\\\/#\\\/schema\\\/person\\\/732e8d396022e25f9340196f83d6789d\"},\"headline\":\"Dime c\u00f3mo eres y te dir\u00e9 qu\u00e9 protector solar necesitas\",\"datePublished\":\"2023-07-21T11:34:30+00:00\",\"dateModified\":\"2023-11-18T16:58:44+00:00\",\"mainEntityOfPage\":{\"@id\":\"https:\\\/\\\/agradocosmetic.com\\\/dime-como-eres-y-te-dire-que-protector-solar-necesitas\\\/\"},\"wordCount\":624,\"commentCount\":0,\"publisher\":{\"@id\":\"https:\\\/\\\/agradocosmetic.com\\\/#organization\"},\"image\":{\"@id\":\"https:\\\/\\\/agradocosmetic.com\\\/dime-como-eres-y-te-dire-que-protector-solar-necesitas\\\/#primaryimage\"},\"thumbnailUrl\":\"https:\\\/\\\/agradocosmetic.com\\\/wp-content\\\/uploads\\\/2023\\\/07\\\/protector-solar-agrado.jpg\",\"keywords\":[\"cuidado de la piel\",\"exposici\u00f3n al sol\",\"proteccion solar\",\"protector solar\",\"solares\"],\"articleSection\":[\"Solar\",\"Todos\"],\"inLanguage\":\"it-IT\",\"potentialAction\":[{\"@type\":\"CommentAction\",\"name\":\"Comment\",\"target\":[\"https:\\\/\\\/agradocosmetic.com\\\/dime-como-eres-y-te-dire-que-protector-solar-necesitas\\\/#respond\"]}]},{\"@type\":\"WebPage\",\"@id\":\"https:\\\/\\\/agradocosmetic.com\\\/dime-como-eres-y-te-dire-que-protector-solar-necesitas\\\/\",\"url\":\"https:\\\/\\\/agradocosmetic.com\\\/dime-como-eres-y-te-dire-que-protector-solar-necesitas\\\/\",\"name\":\"Dime c\u00f3mo eres y te dir\u00e9 qu\u00e9 protector solar necesitas - Agrado\",\"isPartOf\":{\"@id\":\"https:\\\/\\\/agradocosmetic.com\\\/#website\"},\"primaryImageOfPage\":{\"@id\":\"https:\\\/\\\/agradocosmetic.com\\\/dime-como-eres-y-te-dire-que-protector-solar-necesitas\\\/#primaryimage\"},\"image\":{\"@id\":\"https:\\\/\\\/agradocosmetic.com\\\/dime-como-eres-y-te-dire-que-protector-solar-necesitas\\\/#primaryimage\"},\"thumbnailUrl\":\"https:\\\/\\\/agradocosmetic.com\\\/wp-content\\\/uploads\\\/2023\\\/07\\\/protector-solar-agrado.jpg\",\"datePublished\":\"2023-07-21T11:34:30+00:00\",\"dateModified\":\"2023-11-18T16:58:44+00:00\",\"description\":\"S\u00ed, cada persona hace match con uno protector solar. Si quieres saber cu\u00e1l es el tuyo, \u00a1no te pierdas este post! \ud83d\ude09\u2600\ufe0f\",\"breadcrumb\":{\"@id\":\"https:\\\/\\\/agradocosmetic.com\\\/dime-como-eres-y-te-dire-que-protector-solar-necesitas\\\/#breadcrumb\"},\"inLanguage\":\"it-IT\",\"potentialAction\":[{\"@type\":\"ReadAction\",\"target\":[\"https:\\\/\\\/agradocosmetic.com\\\/dime-como-eres-y-te-dire-que-protector-solar-necesitas\\\/\"]}]},{\"@type\":\"ImageObject\",\"inLanguage\":\"it-IT\",\"@id\":\"https:\\\/\\\/agradocosmetic.com\\\/dime-como-eres-y-te-dire-que-protector-solar-necesitas\\\/#primaryimage\",\"url\":\"https:\\\/\\\/agradocosmetic.com\\\/wp-content\\\/uploads\\\/2023\\\/07\\\/protector-solar-agrado.jpg\",\"contentUrl\":\"https:\\\/\\\/agradocosmetic.com\\\/wp-content\\\/uploads\\\/2023\\\/07\\\/protector-solar-agrado.jpg\",\"width\":1200,\"height\":800},{\"@type\":\"BreadcrumbList\",\"@id\":\"https:\\\/\\\/agradocosmetic.com\\\/dime-como-eres-y-te-dire-que-protector-solar-necesitas\\\/#breadcrumb\",\"itemListElement\":[{\"@type\":\"ListItem\",\"position\":1,\"name\":\"Portada\",\"item\":\"https:\\\/\\\/agradocosmetic.com\\\/\"},{\"@type\":\"ListItem\",\"position\":2,\"name\":\"Dime c\u00f3mo eres y te dir\u00e9 qu\u00e9 protector solar necesitas\"}]},{\"@type\":\"WebSite\",\"@id\":\"https:\\\/\\\/agradocosmetic.com\\\/#website\",\"url\":\"https:\\\/\\\/agradocosmetic.com\\\/\",\"name\":\"Agrado\",\"description\":\"Cosmetic\",\"publisher\":{\"@id\":\"https:\\\/\\\/agradocosmetic.com\\\/#organization\"},\"potentialAction\":[{\"@type\":\"SearchAction\",\"target\":{\"@type\":\"EntryPoint\",\"urlTemplate\":\"https:\\\/\\\/agradocosmetic.com\\\/?s={search_term_string}\"},\"query-input\":{\"@type\":\"PropertyValueSpecification\",\"valueRequired\":true,\"valueName\":\"search_term_string\"}}],\"inLanguage\":\"it-IT\"},{\"@type\":\"Organization\",\"@id\":\"https:\\\/\\\/agradocosmetic.com\\\/#organization\",\"name\":\"Agrado\",\"url\":\"https:\\\/\\\/agradocosmetic.com\\\/\",\"logo\":{\"@type\":\"ImageObject\",\"inLanguage\":\"it-IT\",\"@id\":\"https:\\\/\\\/agradocosmetic.com\\\/#\\\/schema\\\/logo\\\/image\\\/\",\"url\":\"https:\\\/\\\/agradocosmetic.com\\\/wp-content\\\/uploads\\\/2023\\\/07\\\/LOGO-AGRADO-WEB-01.png\",\"contentUrl\":\"https:\\\/\\\/agradocosmetic.com\\\/wp-content\\\/uploads\\\/2023\\\/07\\\/LOGO-AGRADO-WEB-01.png\",\"width\":1632,\"height\":300,\"caption\":\"Agrado\"},\"image\":{\"@id\":\"https:\\\/\\\/agradocosmetic.com\\\/#\\\/schema\\\/logo\\\/image\\\/\"}},{\"@type\":\"Person\",\"@id\":\"https:\\\/\\\/agradocosmetic.com\\\/#\\\/schema\\\/person\\\/732e8d396022e25f9340196f83d6789d\",\"name\":\"agradocosmetic\",\"image\":{\"@type\":\"ImageObject\",\"inLanguage\":\"it-IT\",\"@id\":\"https:\\\/\\\/secure.gravatar.com\\\/avatar\\\/c6003e45301182b7e125463fcbec403b1980909c12edf09098526b9a15e779c0?s=96&d=mm&r=g\",\"url\":\"https:\\\/\\\/secure.gravatar.com\\\/avatar\\\/c6003e45301182b7e125463fcbec403b1980909c12edf09098526b9a15e779c0?s=96&d=mm&r=g\",\"contentUrl\":\"https:\\\/\\\/secure.gravatar.com\\\/avatar\\\/c6003e45301182b7e125463fcbec403b1980909c12edf09098526b9a15e779c0?s=96&d=mm&r=g\",\"caption\":\"agradocosmetic\"}}]}<\/script>\n<!-- \/ Yoast SEO plugin. -->","yoast_head_json":{"title":"Dimmi come sei e ti dir\u00f2 di quale protezione solare hai bisogno - Agrado","description":"S\u00ec, la protezione solare di ognuno \u00e8 la stessa. Se vuoi sapere qual \u00e8 quella giusta per te, non perderti questo post! \ud83d\ude09\u2600\ufe0f","robots":{"index":"index","follow":"follow","max-snippet":"max-snippet:-1","max-image-preview":"max-image-preview:large","max-video-preview":"max-video-preview:-1"},"canonical":"https:\/\/agradocosmetic.com\/it\/dime-como-eres-y-te-dire-que-protector-solar-necesitas\/","og_locale":"it_IT","og_type":"article","og_title":"Dime c\u00f3mo eres y te dir\u00e9 qu\u00e9 protector solar necesitas - Agrado","og_description":"S\u00ed, cada persona hace match con uno protector solar. Si quieres saber cu\u00e1l es el tuyo, \u00a1no te pierdas este post! \ud83d\ude09\u2600\ufe0f","og_url":"https:\/\/agradocosmetic.com\/it\/dime-como-eres-y-te-dire-que-protector-solar-necesitas\/","og_site_name":"Agrado","article_published_time":"2023-07-21T11:34:30+00:00","article_modified_time":"2023-11-18T16:58:44+00:00","og_image":[{"width":1200,"height":800,"url":"https:\/\/agradocosmetic.com\/wp-content\/uploads\/2023\/07\/protector-solar-agrado.jpg","type":"image\/jpeg"}],"author":"agradocosmetic","twitter_card":"summary_large_image","twitter_misc":{"Scritto da":"agradocosmetic","Tempo di lettura stimato":"3 minuti"},"schema":{"@context":"https:\/\/schema.org","@graph":[{"@type":"Article","@id":"https:\/\/agradocosmetic.com\/dime-como-eres-y-te-dire-que-protector-solar-necesitas\/#article","isPartOf":{"@id":"https:\/\/agradocosmetic.com\/dime-como-eres-y-te-dire-que-protector-solar-necesitas\/"},"author":{"name":"agradocosmetic","@id":"https:\/\/agradocosmetic.com\/#\/schema\/person\/732e8d396022e25f9340196f83d6789d"},"headline":"Dime c\u00f3mo eres y te dir\u00e9 qu\u00e9 protector solar necesitas","datePublished":"2023-07-21T11:34:30+00:00","dateModified":"2023-11-18T16:58:44+00:00","mainEntityOfPage":{"@id":"https:\/\/agradocosmetic.com\/dime-como-eres-y-te-dire-que-protector-solar-necesitas\/"},"wordCount":624,"commentCount":0,"publisher":{"@id":"https:\/\/agradocosmetic.com\/#organization"},"image":{"@id":"https:\/\/agradocosmetic.com\/dime-como-eres-y-te-dire-que-protector-solar-necesitas\/#primaryimage"},"thumbnailUrl":"https:\/\/agradocosmetic.com\/wp-content\/uploads\/2023\/07\/protector-solar-agrado.jpg","keywords":["cuidado de la piel","exposici\u00f3n al sol","proteccion solar","protector solar","solares"],"articleSection":["Solar","Todos"],"inLanguage":"it-IT","potentialAction":[{"@type":"CommentAction","name":"Comment","target":["https:\/\/agradocosmetic.com\/dime-como-eres-y-te-dire-que-protector-solar-necesitas\/#respond"]}]},{"@type":"WebPage","@id":"https:\/\/agradocosmetic.com\/dime-como-eres-y-te-dire-que-protector-solar-necesitas\/","url":"https:\/\/agradocosmetic.com\/dime-como-eres-y-te-dire-que-protector-solar-necesitas\/","name":"Dimmi come sei e ti dir\u00f2 di quale protezione solare hai bisogno - Agrado","isPartOf":{"@id":"https:\/\/agradocosmetic.com\/#website"},"primaryImageOfPage":{"@id":"https:\/\/agradocosmetic.com\/dime-como-eres-y-te-dire-que-protector-solar-necesitas\/#primaryimage"},"image":{"@id":"https:\/\/agradocosmetic.com\/dime-como-eres-y-te-dire-que-protector-solar-necesitas\/#primaryimage"},"thumbnailUrl":"https:\/\/agradocosmetic.com\/wp-content\/uploads\/2023\/07\/protector-solar-agrado.jpg","datePublished":"2023-07-21T11:34:30+00:00","dateModified":"2023-11-18T16:58:44+00:00","description":"S\u00ec, la protezione solare di ognuno \u00e8 la stessa. Se vuoi sapere qual \u00e8 quella giusta per te, non perderti questo post! \ud83d\ude09\u2600\ufe0f","breadcrumb":{"@id":"https:\/\/agradocosmetic.com\/dime-como-eres-y-te-dire-que-protector-solar-necesitas\/#breadcrumb"},"inLanguage":"it-IT","potentialAction":[{"@type":"ReadAction","target":["https:\/\/agradocosmetic.com\/dime-como-eres-y-te-dire-que-protector-solar-necesitas\/"]}]},{"@type":"ImageObject","inLanguage":"it-IT","@id":"https:\/\/agradocosmetic.com\/dime-como-eres-y-te-dire-que-protector-solar-necesitas\/#primaryimage","url":"https:\/\/agradocosmetic.com\/wp-content\/uploads\/2023\/07\/protector-solar-agrado.jpg","contentUrl":"https:\/\/agradocosmetic.com\/wp-content\/uploads\/2023\/07\/protector-solar-agrado.jpg","width":1200,"height":800},{"@type":"BreadcrumbList","@id":"https:\/\/agradocosmetic.com\/dime-como-eres-y-te-dire-que-protector-solar-necesitas\/#breadcrumb","itemListElement":[{"@type":"ListItem","position":1,"name":"Portada","item":"https:\/\/agradocosmetic.com\/"},{"@type":"ListItem","position":2,"name":"Dime c\u00f3mo eres y te dir\u00e9 qu\u00e9 protector solar necesitas"}]},{"@type":"WebSite","@id":"https:\/\/agradocosmetic.com\/#website","url":"https:\/\/agradocosmetic.com\/","name":"Mi piace","description":"cosmetico","publisher":{"@id":"https:\/\/agradocosmetic.com\/#organization"},"potentialAction":[{"@type":"SearchAction","target":{"@type":"EntryPoint","urlTemplate":"https:\/\/agradocosmetic.com\/?s={search_term_string}"},"query-input":{"@type":"PropertyValueSpecification","valueRequired":true,"valueName":"search_term_string"}}],"inLanguage":"it-IT"},{"@type":"Organization","@id":"https:\/\/agradocosmetic.com\/#organization","name":"Mi piace","url":"https:\/\/agradocosmetic.com\/","logo":{"@type":"ImageObject","inLanguage":"it-IT","@id":"https:\/\/agradocosmetic.com\/#\/schema\/logo\/image\/","url":"https:\/\/agradocosmetic.com\/wp-content\/uploads\/2023\/07\/LOGO-AGRADO-WEB-01.png","contentUrl":"https:\/\/agradocosmetic.com\/wp-content\/uploads\/2023\/07\/LOGO-AGRADO-WEB-01.png","width":1632,"height":300,"caption":"Agrado"},"image":{"@id":"https:\/\/agradocosmetic.com\/#\/schema\/logo\/image\/"}},{"@type":"Person","@id":"https:\/\/agradocosmetic.com\/#\/schema\/person\/732e8d396022e25f9340196f83d6789d","name":"agradocosmetico","image":{"@type":"ImageObject","inLanguage":"it-IT","@id":"https:\/\/secure.gravatar.com\/avatar\/c6003e45301182b7e125463fcbec403b1980909c12edf09098526b9a15e779c0?s=96&d=mm&r=g","url":"https:\/\/secure.gravatar.com\/avatar\/c6003e45301182b7e125463fcbec403b1980909c12edf09098526b9a15e779c0?s=96&d=mm&r=g","contentUrl":"https:\/\/secure.gravatar.com\/avatar\/c6003e45301182b7e125463fcbec403b1980909c12edf09098526b9a15e779c0?s=96&d=mm&r=g","caption":"agradocosmetic"}}]}},"_links":{"self":[{"href":"https:\/\/agradocosmetic.com\/it\/wp-json\/wp\/v2\/posts\/21002","targetHints":{"allow":["GET"]}}],"collection":[{"href":"https:\/\/agradocosmetic.com\/it\/wp-json\/wp\/v2\/posts"}],"about":[{"href":"https:\/\/agradocosmetic.com\/it\/wp-json\/wp\/v2\/types\/post"}],"author":[{"embeddable":true,"href":"https:\/\/agradocosmetic.com\/it\/wp-json\/wp\/v2\/users\/9"}],"replies":[{"embeddable":true,"href":"https:\/\/agradocosmetic.com\/it\/wp-json\/wp\/v2\/comments?post=21002"}],"version-history":[{"count":1,"href":"https:\/\/agradocosmetic.com\/it\/wp-json\/wp\/v2\/posts\/21002\/revisions"}],"predecessor-version":[{"id":21181,"href":"https:\/\/agradocosmetic.com\/it\/wp-json\/wp\/v2\/posts\/21002\/revisions\/21181"}],"wp:featuredmedia":[{"embeddable":true,"href":"https:\/\/agradocosmetic.com\/it\/wp-json\/wp\/v2\/media\/21180"}],"wp:attachment":[{"href":"https:\/\/agradocosmetic.com\/it\/wp-json\/wp\/v2\/media?parent=21002"}],"wp:term":[{"taxonomy":"category","embeddable":true,"href":"https:\/\/agradocosmetic.com\/it\/wp-json\/wp\/v2\/categories?post=21002"},{"taxonomy":"post_tag","embeddable":true,"href":"https:\/\/agradocosmetic.com\/it\/wp-json\/wp\/v2\/tags?post=21002"}],"curies":[{"name":"parola chiave","href":"https:\/\/api.w.org\/{rel}","templated":true}]}}