{"id":21017,"date":"2023-07-30T16:50:38","date_gmt":"2023-07-30T15:50:38","guid":{"rendered":"https:\/\/www.agradocosmetic.com\/?p=21017"},"modified":"2023-11-18T16:58:44","modified_gmt":"2023-11-18T16:58:44","slug":"aprende-a-proteger-tu-piel-bronceada","status":"publish","type":"post","link":"https:\/\/agradocosmetic.com\/it\/aprende-a-proteger-tu-piel-bronceada\/","title":{"rendered":"Scopri come proteggere la tua pelle abbronzata"},"content":{"rendered":"<p>L&#039;estate ha lasciato il segno sulla nostra pelle e molte di noi sfoggiano gi\u00e0 un&#039;abbronzatura invidiabile. Ma ora che abbiamo raggiunto quel tono dorato, \u00e8 fondamentale prenderci cura della nostra pelle per mantenerla sana e luminosa pi\u00f9 a lungo. Ti sveliamo i nostri migliori segreti per prenderti cura della tua pelle abbronzata. Da non perdere! \ud83d\ude09<\/p>\r\n\r\n\r\n\r\n<h2 class=\"wp-block-heading\"><strong>Idratazione costante<\/strong><\/h2>\r\n\r\n\r\n\r\n<p>L&#039;abbronzatura pu\u00f2 far seccare pi\u00f9 rapidamente la nostra pelle, quindi \u00e8 essenziale mantenerla idratata. Se non l&#039;hai ancora provato, ti consigliamo il <a href=\"\/it\/?p=1837\"><strong>Lozione Spray Idrocalmante Doposole di Agrado<\/strong><\/a> che fornisce un effetto rinfrescante mentre idrata e calma la pelle. La sua formula ricca di nutrienti \u00e8 perfetta, poich\u00e9 mantiene l&#039;umidit\u00e0 e l&#039;elasticit\u00e0 della pelle dopo l&#039;esposizione al sole. Ti piacer\u00e0!\u00a0<\/p>\r\n\r\n\r\n\r\n<h2 class=\"wp-block-heading\"><strong>Continua a usare la protezione solare<\/strong><\/h2>\r\n\r\n\r\n\r\n<p>Anche se sei gi\u00e0 abbronzato, non dimenticare di applicare la protezione solare ogni volta che esci al sole. Scegli una crema solare con un SPF adatto al tuo tipo di pelle. Quando abbiamo gi\u00e0 preso un po&#039; di colore, il nostro preferito \u00e8 il<a href=\"\/it\/?p=3567\"><strong> Olio solare Agrado SPF20<\/strong><\/a>, dalla texture leggerissima dal tocco asciutto e dal finish invisibile. Formulato per proteggere la pelle dai raggi UVA e UVB mentre ti abbronza grazie all&#039;olio di carota e t\u00e8. Cosa si potrebbe chiedere di pi\u00f9?<\/p>\r\n\r\n\r\n\r\n<h2 class=\"wp-block-heading\"><strong>Evitare le ore pi\u00f9 intense<\/strong><\/h2>\r\n\r\n\r\n\r\n<p>Cerca di evitare l&#039;esposizione diretta al sole durante le ore pi\u00f9 intense della giornata, solitamente tra le 10 e le 16, goditi invece le attivit\u00e0 all&#039;aria aperta al mattino presto o nel tardo pomeriggio. Un bagno in piscina o una passeggiata sulla spiaggia, non c&#039;\u00e8 modo migliore per concludere la giornata!<\/p>\r\n\r\n\r\n\r\n<h2 class=\"wp-block-heading\"><strong>Prenditi cura del tuo viso<\/strong><\/h2>\r\n\r\n\r\n\r\n<p>Non dimenticare di prenderti cura del tuo viso con una crema viso idratante e una protezione solare specifica per questa zona cos\u00ec delicata. Nel nostro beauty case non pu\u00f2 mancare il <a href=\"\/it\/?p=3558\"><strong>Agrado Spray solare per il viso SPF50+<\/strong><\/a>. Con una protezione molto elevata, fornisce molta idratazione alla pelle e il suo formato spray dal tocco secco viene assorbito rapidamente senza lasciare una sensazione di appiccicosit\u00e0. Inoltre, \u00e8 waterproof e pu\u00f2 essere applicato sopra il trucco. Non gli manca nulla!\u00a0<\/p>\r\n\r\n\r\n\r\n<p>Ricorda, la pelle abbronzata pu\u00f2 essere un simbolo dell&#039;estate, ma non dovremmo mai comprometterne la salute. Proteggerlo dal sole \u00e8 una responsabilit\u00e0 che dobbiamo assumerci in ogni fase della nostra vita. COS\u00cc, <strong>Goditi il sole con cautela e mantieni la tua pelle sana e luminosa per tutta l&#039;estate <a href=\"https:\/\/agradocosmetic.com\/it\/\">Comestico<\/a>!<\/strong><\/p>","protected":false},"excerpt":{"rendered":"<p>El verano ha dejado marca en nuestra piel y muchxs de nosotrxs ya estamos luciendo un bronceado envidiable. Pero ahora que hemos conseguido ese tono dorado, es crucial cuidar nuestra piel para mantenerla saludable y radiante durante m\u00e1s tiempo. Te contamos nuestros mejores secretos para cuidar tu piel bronceada. \u00a1No te los pierdas! \ud83d\ude09 Hidrataci\u00f3n [&hellip;]<\/p>\n","protected":false},"author":9,"featured_media":21178,"comment_status":"open","ping_status":"closed","sticky":false,"template":"","format":"standard","meta":{"footnotes":"","_wp_rev_ctl_limit":""},"categories":[531,1],"tags":[547,539,549,543,551,545],"class_list":["post-21017","post","type-post","status-publish","format-standard","has-post-thumbnail","hentry","category-solar-en","category-todos","tag-bronceado-en","tag-cuidado-de-la-piel-en","tag-fotoprotector-en","tag-proteccion-solar-en","tag-protector-solar-en","tag-solares-en"],"yoast_head":"<!-- This site is optimized with the Yoast SEO plugin v27.4 - https:\/\/yoast.com\/product\/yoast-seo-wordpress\/ -->\n<title>Aprende a proteger tu piel bronceada - Agrado<\/title>\n<meta name=\"description\" content=\"Aunque tu piel ya est\u00e9 bronceada, debes cuidarla. En este post te contamos c\u00f3mo y con qu\u00e9 proteger tu piel morenita de la mejor forma.\" \/>\n<meta name=\"robots\" content=\"index, follow, max-snippet:-1, max-image-preview:large, max-video-preview:-1\" \/>\n<link rel=\"canonical\" href=\"https:\/\/agradocosmetic.com\/it\/aprende-a-proteger-tu-piel-bronceada\/\" \/>\n<meta property=\"og:locale\" content=\"it_IT\" \/>\n<meta property=\"og:type\" content=\"article\" \/>\n<meta property=\"og:title\" content=\"Aprende a proteger tu piel bronceada - Agrado\" \/>\n<meta property=\"og:description\" content=\"Aunque tu piel ya est\u00e9 bronceada, debes cuidarla. En este post te contamos c\u00f3mo y con qu\u00e9 proteger tu piel morenita de la mejor forma.\" \/>\n<meta property=\"og:url\" content=\"https:\/\/agradocosmetic.com\/it\/aprende-a-proteger-tu-piel-bronceada\/\" \/>\n<meta property=\"og:site_name\" content=\"Agrado\" \/>\n<meta property=\"article:published_time\" content=\"2023-07-30T15:50:38+00:00\" \/>\n<meta property=\"article:modified_time\" content=\"2023-11-18T16:58:44+00:00\" \/>\n<meta property=\"og:image\" content=\"https:\/\/agradocosmetic.com\/wp-content\/uploads\/2023\/07\/piel-bronceada-agrado.jpg\" \/>\n\t<meta property=\"og:image:width\" content=\"1200\" \/>\n\t<meta property=\"og:image:height\" content=\"800\" \/>\n\t<meta property=\"og:image:type\" content=\"image\/jpeg\" \/>\n<meta name=\"author\" content=\"agradocosmetic\" \/>\n<meta name=\"twitter:card\" content=\"summary_large_image\" \/>\n<meta name=\"twitter:label1\" content=\"Scritto da\" \/>\n\t<meta name=\"twitter:data1\" content=\"agradocosmetic\" \/>\n\t<meta name=\"twitter:label2\" content=\"Tempo di lettura stimato\" \/>\n\t<meta name=\"twitter:data2\" content=\"2 minuti\" \/>\n<script type=\"application\/ld+json\" class=\"yoast-schema-graph\">{\"@context\":\"https:\\\/\\\/schema.org\",\"@graph\":[{\"@type\":\"Article\",\"@id\":\"https:\\\/\\\/agradocosmetic.com\\\/aprende-a-proteger-tu-piel-bronceada\\\/#article\",\"isPartOf\":{\"@id\":\"https:\\\/\\\/agradocosmetic.com\\\/aprende-a-proteger-tu-piel-bronceada\\\/\"},\"author\":{\"name\":\"agradocosmetic\",\"@id\":\"https:\\\/\\\/agradocosmetic.com\\\/#\\\/schema\\\/person\\\/732e8d396022e25f9340196f83d6789d\"},\"headline\":\"Aprende a proteger tu piel bronceada\",\"datePublished\":\"2023-07-30T15:50:38+00:00\",\"dateModified\":\"2023-11-18T16:58:44+00:00\",\"mainEntityOfPage\":{\"@id\":\"https:\\\/\\\/agradocosmetic.com\\\/aprende-a-proteger-tu-piel-bronceada\\\/\"},\"wordCount\":447,\"commentCount\":0,\"publisher\":{\"@id\":\"https:\\\/\\\/agradocosmetic.com\\\/#organization\"},\"image\":{\"@id\":\"https:\\\/\\\/agradocosmetic.com\\\/aprende-a-proteger-tu-piel-bronceada\\\/#primaryimage\"},\"thumbnailUrl\":\"https:\\\/\\\/agradocosmetic.com\\\/wp-content\\\/uploads\\\/2023\\\/07\\\/piel-bronceada-agrado.jpg\",\"keywords\":[\"bronceado\",\"cuidado de la piel\",\"fotoprotector\",\"proteccion solar\",\"protector solar\",\"solares\"],\"articleSection\":[\"Solar\",\"Todos\"],\"inLanguage\":\"it-IT\",\"potentialAction\":[{\"@type\":\"CommentAction\",\"name\":\"Comment\",\"target\":[\"https:\\\/\\\/agradocosmetic.com\\\/aprende-a-proteger-tu-piel-bronceada\\\/#respond\"]}]},{\"@type\":\"WebPage\",\"@id\":\"https:\\\/\\\/agradocosmetic.com\\\/aprende-a-proteger-tu-piel-bronceada\\\/\",\"url\":\"https:\\\/\\\/agradocosmetic.com\\\/aprende-a-proteger-tu-piel-bronceada\\\/\",\"name\":\"Aprende a proteger tu piel bronceada - Agrado\",\"isPartOf\":{\"@id\":\"https:\\\/\\\/agradocosmetic.com\\\/#website\"},\"primaryImageOfPage\":{\"@id\":\"https:\\\/\\\/agradocosmetic.com\\\/aprende-a-proteger-tu-piel-bronceada\\\/#primaryimage\"},\"image\":{\"@id\":\"https:\\\/\\\/agradocosmetic.com\\\/aprende-a-proteger-tu-piel-bronceada\\\/#primaryimage\"},\"thumbnailUrl\":\"https:\\\/\\\/agradocosmetic.com\\\/wp-content\\\/uploads\\\/2023\\\/07\\\/piel-bronceada-agrado.jpg\",\"datePublished\":\"2023-07-30T15:50:38+00:00\",\"dateModified\":\"2023-11-18T16:58:44+00:00\",\"description\":\"Aunque tu piel ya est\u00e9 bronceada, debes cuidarla. En este post te contamos c\u00f3mo y con qu\u00e9 proteger tu piel morenita de la mejor forma.\",\"breadcrumb\":{\"@id\":\"https:\\\/\\\/agradocosmetic.com\\\/aprende-a-proteger-tu-piel-bronceada\\\/#breadcrumb\"},\"inLanguage\":\"it-IT\",\"potentialAction\":[{\"@type\":\"ReadAction\",\"target\":[\"https:\\\/\\\/agradocosmetic.com\\\/aprende-a-proteger-tu-piel-bronceada\\\/\"]}]},{\"@type\":\"ImageObject\",\"inLanguage\":\"it-IT\",\"@id\":\"https:\\\/\\\/agradocosmetic.com\\\/aprende-a-proteger-tu-piel-bronceada\\\/#primaryimage\",\"url\":\"https:\\\/\\\/agradocosmetic.com\\\/wp-content\\\/uploads\\\/2023\\\/07\\\/piel-bronceada-agrado.jpg\",\"contentUrl\":\"https:\\\/\\\/agradocosmetic.com\\\/wp-content\\\/uploads\\\/2023\\\/07\\\/piel-bronceada-agrado.jpg\",\"width\":1200,\"height\":800},{\"@type\":\"BreadcrumbList\",\"@id\":\"https:\\\/\\\/agradocosmetic.com\\\/aprende-a-proteger-tu-piel-bronceada\\\/#breadcrumb\",\"itemListElement\":[{\"@type\":\"ListItem\",\"position\":1,\"name\":\"Portada\",\"item\":\"https:\\\/\\\/agradocosmetic.com\\\/\"},{\"@type\":\"ListItem\",\"position\":2,\"name\":\"Aprende a proteger tu piel bronceada\"}]},{\"@type\":\"WebSite\",\"@id\":\"https:\\\/\\\/agradocosmetic.com\\\/#website\",\"url\":\"https:\\\/\\\/agradocosmetic.com\\\/\",\"name\":\"Agrado\",\"description\":\"Cosmetic\",\"publisher\":{\"@id\":\"https:\\\/\\\/agradocosmetic.com\\\/#organization\"},\"potentialAction\":[{\"@type\":\"SearchAction\",\"target\":{\"@type\":\"EntryPoint\",\"urlTemplate\":\"https:\\\/\\\/agradocosmetic.com\\\/?s={search_term_string}\"},\"query-input\":{\"@type\":\"PropertyValueSpecification\",\"valueRequired\":true,\"valueName\":\"search_term_string\"}}],\"inLanguage\":\"it-IT\"},{\"@type\":\"Organization\",\"@id\":\"https:\\\/\\\/agradocosmetic.com\\\/#organization\",\"name\":\"Agrado\",\"url\":\"https:\\\/\\\/agradocosmetic.com\\\/\",\"logo\":{\"@type\":\"ImageObject\",\"inLanguage\":\"it-IT\",\"@id\":\"https:\\\/\\\/agradocosmetic.com\\\/#\\\/schema\\\/logo\\\/image\\\/\",\"url\":\"https:\\\/\\\/agradocosmetic.com\\\/wp-content\\\/uploads\\\/2023\\\/07\\\/LOGO-AGRADO-WEB-01.png\",\"contentUrl\":\"https:\\\/\\\/agradocosmetic.com\\\/wp-content\\\/uploads\\\/2023\\\/07\\\/LOGO-AGRADO-WEB-01.png\",\"width\":1632,\"height\":300,\"caption\":\"Agrado\"},\"image\":{\"@id\":\"https:\\\/\\\/agradocosmetic.com\\\/#\\\/schema\\\/logo\\\/image\\\/\"}},{\"@type\":\"Person\",\"@id\":\"https:\\\/\\\/agradocosmetic.com\\\/#\\\/schema\\\/person\\\/732e8d396022e25f9340196f83d6789d\",\"name\":\"agradocosmetic\",\"image\":{\"@type\":\"ImageObject\",\"inLanguage\":\"it-IT\",\"@id\":\"https:\\\/\\\/secure.gravatar.com\\\/avatar\\\/c6003e45301182b7e125463fcbec403b1980909c12edf09098526b9a15e779c0?s=96&d=mm&r=g\",\"url\":\"https:\\\/\\\/secure.gravatar.com\\\/avatar\\\/c6003e45301182b7e125463fcbec403b1980909c12edf09098526b9a15e779c0?s=96&d=mm&r=g\",\"contentUrl\":\"https:\\\/\\\/secure.gravatar.com\\\/avatar\\\/c6003e45301182b7e125463fcbec403b1980909c12edf09098526b9a15e779c0?s=96&d=mm&r=g\",\"caption\":\"agradocosmetic\"}}]}<\/script>\n<!-- \/ Yoast SEO plugin. -->","yoast_head_json":{"title":"Aprende a proteger tu piel bronceada - Agrado","description":"Aunque tu piel ya est\u00e9 bronceada, debes cuidarla. En este post te contamos c\u00f3mo y con qu\u00e9 proteger tu piel morenita de la mejor forma.","robots":{"index":"index","follow":"follow","max-snippet":"max-snippet:-1","max-image-preview":"max-image-preview:large","max-video-preview":"max-video-preview:-1"},"canonical":"https:\/\/agradocosmetic.com\/it\/aprende-a-proteger-tu-piel-bronceada\/","og_locale":"it_IT","og_type":"article","og_title":"Aprende a proteger tu piel bronceada - Agrado","og_description":"Aunque tu piel ya est\u00e9 bronceada, debes cuidarla. En este post te contamos c\u00f3mo y con qu\u00e9 proteger tu piel morenita de la mejor forma.","og_url":"https:\/\/agradocosmetic.com\/it\/aprende-a-proteger-tu-piel-bronceada\/","og_site_name":"Agrado","article_published_time":"2023-07-30T15:50:38+00:00","article_modified_time":"2023-11-18T16:58:44+00:00","og_image":[{"width":1200,"height":800,"url":"https:\/\/agradocosmetic.com\/wp-content\/uploads\/2023\/07\/piel-bronceada-agrado.jpg","type":"image\/jpeg"}],"author":"agradocosmetic","twitter_card":"summary_large_image","twitter_misc":{"Scritto da":"agradocosmetic","Tempo di lettura stimato":"2 minuti"},"schema":{"@context":"https:\/\/schema.org","@graph":[{"@type":"Article","@id":"https:\/\/agradocosmetic.com\/aprende-a-proteger-tu-piel-bronceada\/#article","isPartOf":{"@id":"https:\/\/agradocosmetic.com\/aprende-a-proteger-tu-piel-bronceada\/"},"author":{"name":"agradocosmetic","@id":"https:\/\/agradocosmetic.com\/#\/schema\/person\/732e8d396022e25f9340196f83d6789d"},"headline":"Aprende a proteger tu piel bronceada","datePublished":"2023-07-30T15:50:38+00:00","dateModified":"2023-11-18T16:58:44+00:00","mainEntityOfPage":{"@id":"https:\/\/agradocosmetic.com\/aprende-a-proteger-tu-piel-bronceada\/"},"wordCount":447,"commentCount":0,"publisher":{"@id":"https:\/\/agradocosmetic.com\/#organization"},"image":{"@id":"https:\/\/agradocosmetic.com\/aprende-a-proteger-tu-piel-bronceada\/#primaryimage"},"thumbnailUrl":"https:\/\/agradocosmetic.com\/wp-content\/uploads\/2023\/07\/piel-bronceada-agrado.jpg","keywords":["bronceado","cuidado de la piel","fotoprotector","proteccion solar","protector solar","solares"],"articleSection":["Solar","Todos"],"inLanguage":"it-IT","potentialAction":[{"@type":"CommentAction","name":"Comment","target":["https:\/\/agradocosmetic.com\/aprende-a-proteger-tu-piel-bronceada\/#respond"]}]},{"@type":"WebPage","@id":"https:\/\/agradocosmetic.com\/aprende-a-proteger-tu-piel-bronceada\/","url":"https:\/\/agradocosmetic.com\/aprende-a-proteger-tu-piel-bronceada\/","name":"Aprende a proteger tu piel bronceada - Agrado","isPartOf":{"@id":"https:\/\/agradocosmetic.com\/#website"},"primaryImageOfPage":{"@id":"https:\/\/agradocosmetic.com\/aprende-a-proteger-tu-piel-bronceada\/#primaryimage"},"image":{"@id":"https:\/\/agradocosmetic.com\/aprende-a-proteger-tu-piel-bronceada\/#primaryimage"},"thumbnailUrl":"https:\/\/agradocosmetic.com\/wp-content\/uploads\/2023\/07\/piel-bronceada-agrado.jpg","datePublished":"2023-07-30T15:50:38+00:00","dateModified":"2023-11-18T16:58:44+00:00","description":"Aunque tu piel ya est\u00e9 bronceada, debes cuidarla. En este post te contamos c\u00f3mo y con qu\u00e9 proteger tu piel morenita de la mejor forma.","breadcrumb":{"@id":"https:\/\/agradocosmetic.com\/aprende-a-proteger-tu-piel-bronceada\/#breadcrumb"},"inLanguage":"it-IT","potentialAction":[{"@type":"ReadAction","target":["https:\/\/agradocosmetic.com\/aprende-a-proteger-tu-piel-bronceada\/"]}]},{"@type":"ImageObject","inLanguage":"it-IT","@id":"https:\/\/agradocosmetic.com\/aprende-a-proteger-tu-piel-bronceada\/#primaryimage","url":"https:\/\/agradocosmetic.com\/wp-content\/uploads\/2023\/07\/piel-bronceada-agrado.jpg","contentUrl":"https:\/\/agradocosmetic.com\/wp-content\/uploads\/2023\/07\/piel-bronceada-agrado.jpg","width":1200,"height":800},{"@type":"BreadcrumbList","@id":"https:\/\/agradocosmetic.com\/aprende-a-proteger-tu-piel-bronceada\/#breadcrumb","itemListElement":[{"@type":"ListItem","position":1,"name":"Portada","item":"https:\/\/agradocosmetic.com\/"},{"@type":"ListItem","position":2,"name":"Aprende a proteger tu piel bronceada"}]},{"@type":"WebSite","@id":"https:\/\/agradocosmetic.com\/#website","url":"https:\/\/agradocosmetic.com\/","name":"Mi piace","description":"cosmetico","publisher":{"@id":"https:\/\/agradocosmetic.com\/#organization"},"potentialAction":[{"@type":"SearchAction","target":{"@type":"EntryPoint","urlTemplate":"https:\/\/agradocosmetic.com\/?s={search_term_string}"},"query-input":{"@type":"PropertyValueSpecification","valueRequired":true,"valueName":"search_term_string"}}],"inLanguage":"it-IT"},{"@type":"Organization","@id":"https:\/\/agradocosmetic.com\/#organization","name":"Mi piace","url":"https:\/\/agradocosmetic.com\/","logo":{"@type":"ImageObject","inLanguage":"it-IT","@id":"https:\/\/agradocosmetic.com\/#\/schema\/logo\/image\/","url":"https:\/\/agradocosmetic.com\/wp-content\/uploads\/2023\/07\/LOGO-AGRADO-WEB-01.png","contentUrl":"https:\/\/agradocosmetic.com\/wp-content\/uploads\/2023\/07\/LOGO-AGRADO-WEB-01.png","width":1632,"height":300,"caption":"Agrado"},"image":{"@id":"https:\/\/agradocosmetic.com\/#\/schema\/logo\/image\/"}},{"@type":"Person","@id":"https:\/\/agradocosmetic.com\/#\/schema\/person\/732e8d396022e25f9340196f83d6789d","name":"agradocosmetico","image":{"@type":"ImageObject","inLanguage":"it-IT","@id":"https:\/\/secure.gravatar.com\/avatar\/c6003e45301182b7e125463fcbec403b1980909c12edf09098526b9a15e779c0?s=96&d=mm&r=g","url":"https:\/\/secure.gravatar.com\/avatar\/c6003e45301182b7e125463fcbec403b1980909c12edf09098526b9a15e779c0?s=96&d=mm&r=g","contentUrl":"https:\/\/secure.gravatar.com\/avatar\/c6003e45301182b7e125463fcbec403b1980909c12edf09098526b9a15e779c0?s=96&d=mm&r=g","caption":"agradocosmetic"}}]}},"_links":{"self":[{"href":"https:\/\/agradocosmetic.com\/it\/wp-json\/wp\/v2\/posts\/21017","targetHints":{"allow":["GET"]}}],"collection":[{"href":"https:\/\/agradocosmetic.com\/it\/wp-json\/wp\/v2\/posts"}],"about":[{"href":"https:\/\/agradocosmetic.com\/it\/wp-json\/wp\/v2\/types\/post"}],"author":[{"embeddable":true,"href":"https:\/\/agradocosmetic.com\/it\/wp-json\/wp\/v2\/users\/9"}],"replies":[{"embeddable":true,"href":"https:\/\/agradocosmetic.com\/it\/wp-json\/wp\/v2\/comments?post=21017"}],"version-history":[{"count":1,"href":"https:\/\/agradocosmetic.com\/it\/wp-json\/wp\/v2\/posts\/21017\/revisions"}],"predecessor-version":[{"id":21179,"href":"https:\/\/agradocosmetic.com\/it\/wp-json\/wp\/v2\/posts\/21017\/revisions\/21179"}],"wp:featuredmedia":[{"embeddable":true,"href":"https:\/\/agradocosmetic.com\/it\/wp-json\/wp\/v2\/media\/21178"}],"wp:attachment":[{"href":"https:\/\/agradocosmetic.com\/it\/wp-json\/wp\/v2\/media?parent=21017"}],"wp:term":[{"taxonomy":"category","embeddable":true,"href":"https:\/\/agradocosmetic.com\/it\/wp-json\/wp\/v2\/categories?post=21017"},{"taxonomy":"post_tag","embeddable":true,"href":"https:\/\/agradocosmetic.com\/it\/wp-json\/wp\/v2\/tags?post=21017"}],"curies":[{"name":"parola chiave","href":"https:\/\/api.w.org\/{rel}","templated":true}]}}