{"id":21027,"date":"2023-07-30T16:51:18","date_gmt":"2023-07-30T15:51:18","guid":{"rendered":"https:\/\/www.agradocosmetic.com\/?p=21027"},"modified":"2023-11-18T16:58:43","modified_gmt":"2023-11-18T16:58:43","slug":"recupera-tu-piel-tras-el-verano-con-aftersun","status":"publish","type":"post","link":"https:\/\/agradocosmetic.com\/it\/recupera-tu-piel-tras-el-verano-con-aftersun\/","title":{"rendered":"Recupera la tua pelle dopo l&#039;estate con Aftersun"},"content":{"rendered":"<p>L&#039;estate \u00e8 stata incredibile e abbiamo goduto al massimo del sole, ma ora che sta volgendo al termine \u00e8 tempo di prenderci cura e coccolare la nostra pelle. Dopo lunghe giornate in spiaggia e in piscina, \u00e8 normale che la nostra pelle abbia bisogno di attenzioni speciali per riprendersi e rimanere luminosa. E quale migliore alleato per questa cura post-estate se non Aftersun. In questo post ti diciamo tutto ci\u00f2 che pu\u00f2 fare per mantenere la tua pelle in perfette condizioni.<\/p>\r\n\r\n\r\n\r\n<h2 class=\"wp-block-heading\">Idratazione intensa con Doposole<\/h2>\r\n\r\n\r\n\r\n<p>Il doposole \u00e8 una vera fonte di idratazione per la pelle dopo l&#039;esposizione al sole. La sua formula \u00e8 arricchita con ingredienti lenitivi come l&#039;aloe vera, che aiutano a lenire la pelle e ridurre le irritazioni causate dal sole. Idratazione istantanea!<\/p>\r\n\r\n\r\n\r\n<h2 class=\"wp-block-heading\">Lenisce e rinfresca la pelle<\/h2>\r\n\r\n\r\n\r\n<p>Dopo una giornata al sole, la pelle potrebbe risultare calda e irritata. Il doposole dona una piacevole sensazione di freschezza che aiuta a lenire e calmare la pelle, donandole un sollievo immediato. Tutto ci\u00f2 di cui hai bisogno per una pelle radiosa!<\/p>\r\n\r\n\r\n\r\n<h2 class=\"wp-block-heading\">Prolunga l&#039;abbronzatura<\/h2>\r\n\r\n\r\n\r\n<p>Inoltre, questo prodotto mantiene l&#039;abbronzatura pi\u00f9 a lungo, poich\u00e9 aiuta la pelle a mantenersi idratata e in condizioni migliori, prevenendo desquamazione e scolorimento. Allungare il tono dorato? S\u00ec grazie!<\/p>\r\n\r\n\r\n\r\n<h2 class=\"wp-block-heading\">Uso corretto del doposole<\/h2>\r\n\r\n\r\n\r\n<p>Applicare Aftersun generosamente su tutto il corpo dopo ogni esposizione al sole. Prestare particolare attenzione alle zone pi\u00f9 sensibili come il viso e le spalle. Ripetere l&#039;operazione dopo ogni bagno di sole. La tua pelle ti ringrazier\u00e0!\u00a0<\/p>\r\n\r\n\r\n\r\n<h2 class=\"wp-block-heading\">Scegli il formato migliore\u00a0<\/h2>\r\n\r\n\r\n\r\n<p>Non ci sono pi\u00f9 scuse! Oggi esiste un&#039;ampia variet\u00e0 di formati Doposole tra cui puoi scegliere quello che meglio si adatta ai tuoi gusti e alle tue esigenze. I nostri preferiti? IL <a href=\"\/it\/?p=1837\"><strong>Lozione Doposole Idrocalmante<\/strong><\/a> e il <a href=\"\/it\/?p=3570\"><strong>Aftersun Idrogel Aloe Vera<\/strong><\/a>, \u00e8 piaciuto a entrambi. La Lozione \u00e8 un&#039;emulsione ad effetto calmante, in formato spray, facilissima da applicare e dalla texture leggera che si assorbe rapidamente. Hidragel, invece, il formato pi\u00f9 classico, ha un effetto emolliente che fornisce un&#039;idratazione extra con estratto naturale di Aloe Vera 100% e Glicerina. Grazie alla sua formula noterai un sollievo immediato, sentendo la freschezza e l&#039;idratazione di cui hai bisogno dopo un bagno di sole. Non possiamo scegliere, restiamo con entrambi!<\/p>\r\n\r\n\r\n\r\n<p>E ricorda: anche se l&#039;estate \u00e8 finita, la cura deve essere costante. Utilizzare Aftersun dopo ogni esposizione al sole e continuare a mantenere una routine di idratazione quotidiana ti aiuter\u00e0 a mantenere il tuo derma in perfette condizioni durante tutto l&#039;anno.\u00a0<\/p>\r\n\r\n\r\n\r\n<p><strong>Coccolati e prenditi cura della tua pelle con <a href=\"https:\/\/agradocosmetic.com\/it\/\">Agrado Cosmetic<\/a>, noterai la differenza!<\/strong><\/p>","protected":false},"excerpt":{"rendered":"<p>El verano ha sido incre\u00edble y hemos disfrutado al m\u00e1ximo bajo el sol, pero ahora que est\u00e1 llegando a su fin, es momento de cuidar y mimar nuestra piel. Despu\u00e9s de largas jornadas de playa y piscina, es normal que nuestra piel necesite una atenci\u00f3n especial para recuperarse y matenerse radiante. Y qu\u00e9 mejor aliado [&hellip;]<\/p>\n","protected":false},"author":9,"featured_media":21172,"comment_status":"open","ping_status":"closed","sticky":false,"template":"","format":"standard","meta":{"footnotes":"","_wp_rev_ctl_limit":""},"categories":[531,1],"tags":[533,535,537,539,541,543,545],"class_list":["post-21027","post","type-post","status-publish","format-standard","has-post-thumbnail","hentry","category-solar-en","category-todos","tag-aftesun-en","tag-beneficios-aftersun-en","tag-como-usar-el-aftersun-en","tag-cuidado-de-la-piel-en","tag-piel-en","tag-proteccion-solar-en","tag-solares-en"],"yoast_head":"<!-- This site is optimized with the Yoast SEO plugin v27.4 - https:\/\/yoast.com\/product\/yoast-seo-wordpress\/ -->\n<title>Recupera tu piel tras el verano con Aftersun - Agrado<\/title>\n<meta name=\"description\" content=\"\u00a1Cuidado! Tu piel necesita volver a la calma despu\u00e9s de meses de exposici\u00f3n al sol. Te contamos c\u00f3mo hacerlo con Aftersun en este post. \ud83d\ude09\" \/>\n<meta name=\"robots\" content=\"index, follow, max-snippet:-1, max-image-preview:large, max-video-preview:-1\" \/>\n<link rel=\"canonical\" href=\"https:\/\/agradocosmetic.com\/it\/recupera-tu-piel-tras-el-verano-con-aftersun\/\" \/>\n<meta property=\"og:locale\" content=\"it_IT\" \/>\n<meta property=\"og:type\" content=\"article\" \/>\n<meta property=\"og:title\" content=\"Recupera tu piel tras el verano con Aftersun - Agrado\" \/>\n<meta property=\"og:description\" content=\"\u00a1Cuidado! Tu piel necesita volver a la calma despu\u00e9s de meses de exposici\u00f3n al sol. Te contamos c\u00f3mo hacerlo con Aftersun en este post. \ud83d\ude09\" \/>\n<meta property=\"og:url\" content=\"https:\/\/agradocosmetic.com\/it\/recupera-tu-piel-tras-el-verano-con-aftersun\/\" \/>\n<meta property=\"og:site_name\" content=\"Agrado\" \/>\n<meta property=\"article:published_time\" content=\"2023-07-30T15:51:18+00:00\" \/>\n<meta property=\"article:modified_time\" content=\"2023-11-18T16:58:43+00:00\" \/>\n<meta property=\"og:image\" content=\"https:\/\/agradocosmetic.com\/wp-content\/uploads\/2023\/07\/aftersun-agrado.jpg\" \/>\n\t<meta property=\"og:image:width\" content=\"1200\" \/>\n\t<meta property=\"og:image:height\" content=\"800\" \/>\n\t<meta property=\"og:image:type\" content=\"image\/jpeg\" \/>\n<meta name=\"author\" content=\"agradocosmetic\" \/>\n<meta name=\"twitter:card\" content=\"summary_large_image\" \/>\n<meta name=\"twitter:label1\" content=\"Scritto da\" \/>\n\t<meta name=\"twitter:data1\" content=\"agradocosmetic\" \/>\n\t<meta name=\"twitter:label2\" content=\"Tempo di lettura stimato\" \/>\n\t<meta name=\"twitter:data2\" content=\"3 minuti\" \/>\n<script type=\"application\/ld+json\" class=\"yoast-schema-graph\">{\"@context\":\"https:\\\/\\\/schema.org\",\"@graph\":[{\"@type\":\"Article\",\"@id\":\"https:\\\/\\\/agradocosmetic.com\\\/recupera-tu-piel-tras-el-verano-con-aftersun\\\/#article\",\"isPartOf\":{\"@id\":\"https:\\\/\\\/agradocosmetic.com\\\/recupera-tu-piel-tras-el-verano-con-aftersun\\\/\"},\"author\":{\"name\":\"agradocosmetic\",\"@id\":\"https:\\\/\\\/agradocosmetic.com\\\/#\\\/schema\\\/person\\\/732e8d396022e25f9340196f83d6789d\"},\"headline\":\"Recupera tu piel tras el verano con Aftersun\",\"datePublished\":\"2023-07-30T15:51:18+00:00\",\"dateModified\":\"2023-11-18T16:58:43+00:00\",\"mainEntityOfPage\":{\"@id\":\"https:\\\/\\\/agradocosmetic.com\\\/recupera-tu-piel-tras-el-verano-con-aftersun\\\/\"},\"wordCount\":496,\"commentCount\":0,\"publisher\":{\"@id\":\"https:\\\/\\\/agradocosmetic.com\\\/#organization\"},\"image\":{\"@id\":\"https:\\\/\\\/agradocosmetic.com\\\/recupera-tu-piel-tras-el-verano-con-aftersun\\\/#primaryimage\"},\"thumbnailUrl\":\"https:\\\/\\\/agradocosmetic.com\\\/wp-content\\\/uploads\\\/2023\\\/07\\\/aftersun-agrado.jpg\",\"keywords\":[\"aftesun\",\"beneficios aftersun\",\"como usar el aftersun\",\"cuidado de la piel\",\"piel\",\"proteccion solar\",\"solares\"],\"articleSection\":[\"Solar\",\"Todos\"],\"inLanguage\":\"it-IT\",\"potentialAction\":[{\"@type\":\"CommentAction\",\"name\":\"Comment\",\"target\":[\"https:\\\/\\\/agradocosmetic.com\\\/recupera-tu-piel-tras-el-verano-con-aftersun\\\/#respond\"]}]},{\"@type\":\"WebPage\",\"@id\":\"https:\\\/\\\/agradocosmetic.com\\\/recupera-tu-piel-tras-el-verano-con-aftersun\\\/\",\"url\":\"https:\\\/\\\/agradocosmetic.com\\\/recupera-tu-piel-tras-el-verano-con-aftersun\\\/\",\"name\":\"Recupera tu piel tras el verano con Aftersun - Agrado\",\"isPartOf\":{\"@id\":\"https:\\\/\\\/agradocosmetic.com\\\/#website\"},\"primaryImageOfPage\":{\"@id\":\"https:\\\/\\\/agradocosmetic.com\\\/recupera-tu-piel-tras-el-verano-con-aftersun\\\/#primaryimage\"},\"image\":{\"@id\":\"https:\\\/\\\/agradocosmetic.com\\\/recupera-tu-piel-tras-el-verano-con-aftersun\\\/#primaryimage\"},\"thumbnailUrl\":\"https:\\\/\\\/agradocosmetic.com\\\/wp-content\\\/uploads\\\/2023\\\/07\\\/aftersun-agrado.jpg\",\"datePublished\":\"2023-07-30T15:51:18+00:00\",\"dateModified\":\"2023-11-18T16:58:43+00:00\",\"description\":\"\u00a1Cuidado! Tu piel necesita volver a la calma despu\u00e9s de meses de exposici\u00f3n al sol. Te contamos c\u00f3mo hacerlo con Aftersun en este post. \ud83d\ude09\",\"breadcrumb\":{\"@id\":\"https:\\\/\\\/agradocosmetic.com\\\/recupera-tu-piel-tras-el-verano-con-aftersun\\\/#breadcrumb\"},\"inLanguage\":\"it-IT\",\"potentialAction\":[{\"@type\":\"ReadAction\",\"target\":[\"https:\\\/\\\/agradocosmetic.com\\\/recupera-tu-piel-tras-el-verano-con-aftersun\\\/\"]}]},{\"@type\":\"ImageObject\",\"inLanguage\":\"it-IT\",\"@id\":\"https:\\\/\\\/agradocosmetic.com\\\/recupera-tu-piel-tras-el-verano-con-aftersun\\\/#primaryimage\",\"url\":\"https:\\\/\\\/agradocosmetic.com\\\/wp-content\\\/uploads\\\/2023\\\/07\\\/aftersun-agrado.jpg\",\"contentUrl\":\"https:\\\/\\\/agradocosmetic.com\\\/wp-content\\\/uploads\\\/2023\\\/07\\\/aftersun-agrado.jpg\",\"width\":1200,\"height\":800},{\"@type\":\"BreadcrumbList\",\"@id\":\"https:\\\/\\\/agradocosmetic.com\\\/recupera-tu-piel-tras-el-verano-con-aftersun\\\/#breadcrumb\",\"itemListElement\":[{\"@type\":\"ListItem\",\"position\":1,\"name\":\"Portada\",\"item\":\"https:\\\/\\\/agradocosmetic.com\\\/\"},{\"@type\":\"ListItem\",\"position\":2,\"name\":\"Recupera tu piel tras el verano con Aftersun\"}]},{\"@type\":\"WebSite\",\"@id\":\"https:\\\/\\\/agradocosmetic.com\\\/#website\",\"url\":\"https:\\\/\\\/agradocosmetic.com\\\/\",\"name\":\"Agrado\",\"description\":\"Cosmetic\",\"publisher\":{\"@id\":\"https:\\\/\\\/agradocosmetic.com\\\/#organization\"},\"potentialAction\":[{\"@type\":\"SearchAction\",\"target\":{\"@type\":\"EntryPoint\",\"urlTemplate\":\"https:\\\/\\\/agradocosmetic.com\\\/?s={search_term_string}\"},\"query-input\":{\"@type\":\"PropertyValueSpecification\",\"valueRequired\":true,\"valueName\":\"search_term_string\"}}],\"inLanguage\":\"it-IT\"},{\"@type\":\"Organization\",\"@id\":\"https:\\\/\\\/agradocosmetic.com\\\/#organization\",\"name\":\"Agrado\",\"url\":\"https:\\\/\\\/agradocosmetic.com\\\/\",\"logo\":{\"@type\":\"ImageObject\",\"inLanguage\":\"it-IT\",\"@id\":\"https:\\\/\\\/agradocosmetic.com\\\/#\\\/schema\\\/logo\\\/image\\\/\",\"url\":\"https:\\\/\\\/agradocosmetic.com\\\/wp-content\\\/uploads\\\/2023\\\/07\\\/LOGO-AGRADO-WEB-01.png\",\"contentUrl\":\"https:\\\/\\\/agradocosmetic.com\\\/wp-content\\\/uploads\\\/2023\\\/07\\\/LOGO-AGRADO-WEB-01.png\",\"width\":1632,\"height\":300,\"caption\":\"Agrado\"},\"image\":{\"@id\":\"https:\\\/\\\/agradocosmetic.com\\\/#\\\/schema\\\/logo\\\/image\\\/\"}},{\"@type\":\"Person\",\"@id\":\"https:\\\/\\\/agradocosmetic.com\\\/#\\\/schema\\\/person\\\/732e8d396022e25f9340196f83d6789d\",\"name\":\"agradocosmetic\",\"image\":{\"@type\":\"ImageObject\",\"inLanguage\":\"it-IT\",\"@id\":\"https:\\\/\\\/secure.gravatar.com\\\/avatar\\\/c6003e45301182b7e125463fcbec403b1980909c12edf09098526b9a15e779c0?s=96&d=mm&r=g\",\"url\":\"https:\\\/\\\/secure.gravatar.com\\\/avatar\\\/c6003e45301182b7e125463fcbec403b1980909c12edf09098526b9a15e779c0?s=96&d=mm&r=g\",\"contentUrl\":\"https:\\\/\\\/secure.gravatar.com\\\/avatar\\\/c6003e45301182b7e125463fcbec403b1980909c12edf09098526b9a15e779c0?s=96&d=mm&r=g\",\"caption\":\"agradocosmetic\"}}]}<\/script>\n<!-- \/ Yoast SEO plugin. -->","yoast_head_json":{"title":"Recupera tu piel tras el verano con Aftersun - Agrado","description":"\u00a1Cuidado! Tu piel necesita volver a la calma despu\u00e9s de meses de exposici\u00f3n al sol. Te contamos c\u00f3mo hacerlo con Aftersun en este post. \ud83d\ude09","robots":{"index":"index","follow":"follow","max-snippet":"max-snippet:-1","max-image-preview":"max-image-preview:large","max-video-preview":"max-video-preview:-1"},"canonical":"https:\/\/agradocosmetic.com\/it\/recupera-tu-piel-tras-el-verano-con-aftersun\/","og_locale":"it_IT","og_type":"article","og_title":"Recupera tu piel tras el verano con Aftersun - Agrado","og_description":"\u00a1Cuidado! Tu piel necesita volver a la calma despu\u00e9s de meses de exposici\u00f3n al sol. Te contamos c\u00f3mo hacerlo con Aftersun en este post. \ud83d\ude09","og_url":"https:\/\/agradocosmetic.com\/it\/recupera-tu-piel-tras-el-verano-con-aftersun\/","og_site_name":"Agrado","article_published_time":"2023-07-30T15:51:18+00:00","article_modified_time":"2023-11-18T16:58:43+00:00","og_image":[{"width":1200,"height":800,"url":"https:\/\/agradocosmetic.com\/wp-content\/uploads\/2023\/07\/aftersun-agrado.jpg","type":"image\/jpeg"}],"author":"agradocosmetic","twitter_card":"summary_large_image","twitter_misc":{"Scritto da":"agradocosmetic","Tempo di lettura stimato":"3 minuti"},"schema":{"@context":"https:\/\/schema.org","@graph":[{"@type":"Article","@id":"https:\/\/agradocosmetic.com\/recupera-tu-piel-tras-el-verano-con-aftersun\/#article","isPartOf":{"@id":"https:\/\/agradocosmetic.com\/recupera-tu-piel-tras-el-verano-con-aftersun\/"},"author":{"name":"agradocosmetic","@id":"https:\/\/agradocosmetic.com\/#\/schema\/person\/732e8d396022e25f9340196f83d6789d"},"headline":"Recupera tu piel tras el verano con Aftersun","datePublished":"2023-07-30T15:51:18+00:00","dateModified":"2023-11-18T16:58:43+00:00","mainEntityOfPage":{"@id":"https:\/\/agradocosmetic.com\/recupera-tu-piel-tras-el-verano-con-aftersun\/"},"wordCount":496,"commentCount":0,"publisher":{"@id":"https:\/\/agradocosmetic.com\/#organization"},"image":{"@id":"https:\/\/agradocosmetic.com\/recupera-tu-piel-tras-el-verano-con-aftersun\/#primaryimage"},"thumbnailUrl":"https:\/\/agradocosmetic.com\/wp-content\/uploads\/2023\/07\/aftersun-agrado.jpg","keywords":["aftesun","beneficios aftersun","como usar el aftersun","cuidado de la piel","piel","proteccion solar","solares"],"articleSection":["Solar","Todos"],"inLanguage":"it-IT","potentialAction":[{"@type":"CommentAction","name":"Comment","target":["https:\/\/agradocosmetic.com\/recupera-tu-piel-tras-el-verano-con-aftersun\/#respond"]}]},{"@type":"WebPage","@id":"https:\/\/agradocosmetic.com\/recupera-tu-piel-tras-el-verano-con-aftersun\/","url":"https:\/\/agradocosmetic.com\/recupera-tu-piel-tras-el-verano-con-aftersun\/","name":"Recupera tu piel tras el verano con Aftersun - Agrado","isPartOf":{"@id":"https:\/\/agradocosmetic.com\/#website"},"primaryImageOfPage":{"@id":"https:\/\/agradocosmetic.com\/recupera-tu-piel-tras-el-verano-con-aftersun\/#primaryimage"},"image":{"@id":"https:\/\/agradocosmetic.com\/recupera-tu-piel-tras-el-verano-con-aftersun\/#primaryimage"},"thumbnailUrl":"https:\/\/agradocosmetic.com\/wp-content\/uploads\/2023\/07\/aftersun-agrado.jpg","datePublished":"2023-07-30T15:51:18+00:00","dateModified":"2023-11-18T16:58:43+00:00","description":"\u00a1Cuidado! Tu piel necesita volver a la calma despu\u00e9s de meses de exposici\u00f3n al sol. Te contamos c\u00f3mo hacerlo con Aftersun en este post. \ud83d\ude09","breadcrumb":{"@id":"https:\/\/agradocosmetic.com\/recupera-tu-piel-tras-el-verano-con-aftersun\/#breadcrumb"},"inLanguage":"it-IT","potentialAction":[{"@type":"ReadAction","target":["https:\/\/agradocosmetic.com\/recupera-tu-piel-tras-el-verano-con-aftersun\/"]}]},{"@type":"ImageObject","inLanguage":"it-IT","@id":"https:\/\/agradocosmetic.com\/recupera-tu-piel-tras-el-verano-con-aftersun\/#primaryimage","url":"https:\/\/agradocosmetic.com\/wp-content\/uploads\/2023\/07\/aftersun-agrado.jpg","contentUrl":"https:\/\/agradocosmetic.com\/wp-content\/uploads\/2023\/07\/aftersun-agrado.jpg","width":1200,"height":800},{"@type":"BreadcrumbList","@id":"https:\/\/agradocosmetic.com\/recupera-tu-piel-tras-el-verano-con-aftersun\/#breadcrumb","itemListElement":[{"@type":"ListItem","position":1,"name":"Portada","item":"https:\/\/agradocosmetic.com\/"},{"@type":"ListItem","position":2,"name":"Recupera tu piel tras el verano con Aftersun"}]},{"@type":"WebSite","@id":"https:\/\/agradocosmetic.com\/#website","url":"https:\/\/agradocosmetic.com\/","name":"Mi piace","description":"cosmetico","publisher":{"@id":"https:\/\/agradocosmetic.com\/#organization"},"potentialAction":[{"@type":"SearchAction","target":{"@type":"EntryPoint","urlTemplate":"https:\/\/agradocosmetic.com\/?s={search_term_string}"},"query-input":{"@type":"PropertyValueSpecification","valueRequired":true,"valueName":"search_term_string"}}],"inLanguage":"it-IT"},{"@type":"Organization","@id":"https:\/\/agradocosmetic.com\/#organization","name":"Mi piace","url":"https:\/\/agradocosmetic.com\/","logo":{"@type":"ImageObject","inLanguage":"it-IT","@id":"https:\/\/agradocosmetic.com\/#\/schema\/logo\/image\/","url":"https:\/\/agradocosmetic.com\/wp-content\/uploads\/2023\/07\/LOGO-AGRADO-WEB-01.png","contentUrl":"https:\/\/agradocosmetic.com\/wp-content\/uploads\/2023\/07\/LOGO-AGRADO-WEB-01.png","width":1632,"height":300,"caption":"Agrado"},"image":{"@id":"https:\/\/agradocosmetic.com\/#\/schema\/logo\/image\/"}},{"@type":"Person","@id":"https:\/\/agradocosmetic.com\/#\/schema\/person\/732e8d396022e25f9340196f83d6789d","name":"agradocosmetico","image":{"@type":"ImageObject","inLanguage":"it-IT","@id":"https:\/\/secure.gravatar.com\/avatar\/c6003e45301182b7e125463fcbec403b1980909c12edf09098526b9a15e779c0?s=96&d=mm&r=g","url":"https:\/\/secure.gravatar.com\/avatar\/c6003e45301182b7e125463fcbec403b1980909c12edf09098526b9a15e779c0?s=96&d=mm&r=g","contentUrl":"https:\/\/secure.gravatar.com\/avatar\/c6003e45301182b7e125463fcbec403b1980909c12edf09098526b9a15e779c0?s=96&d=mm&r=g","caption":"agradocosmetic"}}]}},"_links":{"self":[{"href":"https:\/\/agradocosmetic.com\/it\/wp-json\/wp\/v2\/posts\/21027","targetHints":{"allow":["GET"]}}],"collection":[{"href":"https:\/\/agradocosmetic.com\/it\/wp-json\/wp\/v2\/posts"}],"about":[{"href":"https:\/\/agradocosmetic.com\/it\/wp-json\/wp\/v2\/types\/post"}],"author":[{"embeddable":true,"href":"https:\/\/agradocosmetic.com\/it\/wp-json\/wp\/v2\/users\/9"}],"replies":[{"embeddable":true,"href":"https:\/\/agradocosmetic.com\/it\/wp-json\/wp\/v2\/comments?post=21027"}],"version-history":[{"count":1,"href":"https:\/\/agradocosmetic.com\/it\/wp-json\/wp\/v2\/posts\/21027\/revisions"}],"predecessor-version":[{"id":21173,"href":"https:\/\/agradocosmetic.com\/it\/wp-json\/wp\/v2\/posts\/21027\/revisions\/21173"}],"wp:featuredmedia":[{"embeddable":true,"href":"https:\/\/agradocosmetic.com\/it\/wp-json\/wp\/v2\/media\/21172"}],"wp:attachment":[{"href":"https:\/\/agradocosmetic.com\/it\/wp-json\/wp\/v2\/media?parent=21027"}],"wp:term":[{"taxonomy":"category","embeddable":true,"href":"https:\/\/agradocosmetic.com\/it\/wp-json\/wp\/v2\/categories?post=21027"},{"taxonomy":"post_tag","embeddable":true,"href":"https:\/\/agradocosmetic.com\/it\/wp-json\/wp\/v2\/tags?post=21027"}],"curies":[{"name":"parola chiave","href":"https:\/\/api.w.org\/{rel}","templated":true}]}}