{"id":21145,"date":"2023-09-11T17:28:16","date_gmt":"2023-09-11T16:28:16","guid":{"rendered":"https:\/\/www.agradocosmetic.com\/?p=21145"},"modified":"2023-11-18T17:00:39","modified_gmt":"2023-11-18T17:00:39","slug":"de-vuelta-a-la-rutina-facial-guia-para-una-piel-radiante","status":"publish","type":"post","link":"https:\/\/agradocosmetic.com\/it\/de-vuelta-a-la-rutina-facial-guia-para-una-piel-radiante\/","title":{"rendered":"Torniamo alla routine (viso): la tua guida per una pelle radiosa"},"content":{"rendered":"<p>Con l&#039;estate che volge al termine, \u00e8 tempo di riprendere la routine e donare alla nostra pelle l&#039;amore che merita. Pronti a scoprire come mantenere la vostra pelle luminosa in mezzo al trambusto quotidiano? Prepara il tuo specchio perch\u00e9 ecco i nostri migliori consigli per realizzarlo.<\/p>\r\n\r\n\r\n\r\n<h2 class=\"wp-block-heading\">Detersione: il primo passo verso una pelle luminosa<\/h2>\r\n\r\n\r\n\r\n<p>Il segreto per una pelle radiosa inizia da una corretta detersione. Liberati dello sporco, del trucco e delle impurit\u00e0 della giornata con <a href=\"\/it\/?p=457\"><strong>Latte Detergente Cosmetico Agrado<\/strong><\/a>. Questa formula delicata rimuover\u00e0 tutte le tracce di sporco e trucco senza lasciare la pelle che tira, preparandola per i passaggi successivi della routine viso.<\/p>\r\n\r\n\r\n\r\n<h2 class=\"wp-block-heading\">Tonifica e rinfresca: il tocco magico del tonico<\/h2>\r\n\r\n\r\n\r\n<p>Il tonico \u00e8 come un abbraccio rinfrescante per la tua pelle. Optare per il <a href=\"\/it\/?p=463\"><strong>Tonico cosmetico Agrado<\/strong><\/a> per riequilibrare e tonificare la pelle dopo la detersione. Oltre a rinfrescare, aiuter\u00e0 a chiudere i pori e a creare una base perfetta per l&#039;applicazione dei prodotti successivi.<\/p>\r\n\r\n\r\n\r\n<h2 class=\"wp-block-heading\">Acqua micellare: la tua alleata nell&#039;idratazione<\/h2>\r\n\r\n\r\n\r\n<p>Non sottovalutare mai il potere dell&#039;acqua micellare, soprattutto nella tua routine notturna. Usa il <a href=\"\/it\/?p=469\"><strong>Acqua micellare cosmetica Agrado<\/strong><\/a> per rimuovere eventuali residui e trucco ostinato rimasti. Inoltre, la sua formula idratante lascer\u00e0 la tua pelle pronta a ricevere tutti i benefici dei tuoi trattamenti notturni.<\/p>\r\n\r\n\r\n\r\n<h2 class=\"wp-block-heading\">Idratazione: il segreto per una pelle radiosa<\/h2>\r\n\r\n\r\n\r\n<p>L&#039;idratazione \u00e8 la chiave per una pelle luminosa e sana. Ricordatevi di scegliere una crema idratante in base alle esigenze della vostra pelle (pelle sensibile, mista, grassa, normale...). Se la tua pelle tende ad essere secca, cerca una crema ricca di ingredienti idratanti come l&#039;acido ialuronico o la glicerina. Se hai la pelle grassa, opta per una crema leggera e priva di oli. La pelle sensibile spesso trae beneficio da ingredienti lenitivi come farina d&#039;avena o camomilla. E se stai cercando una luminosit\u00e0 extra, cerca ingredienti come la vitamina C.<\/p>\r\n\r\n\r\n\r\n<h2 class=\"wp-block-heading\">Protezione solare: s\u00ec e tutto l&#039;anno<\/h2>\r\n\r\n\r\n\r\n<p>L&#039;uso della protezione solare non termina con l&#039;estate. Anche se le giornate possono essere pi\u00f9 fresche, i raggi del sole sono ancora l\u00ec. La chiave per una pelle luminosa e sana \u00e8 una protezione costante. Ed ecco che entra in gioco il tuo alleato preferito: il <a href=\"\/it\/?p=3558\"><strong>Nebbia solare viso SPF50 di Agrado Cosmetic<\/strong><\/a>. Non solo offre un&#039;elevata protezione contro i raggi solari, ma aggiunge anche un tocco rinfrescante alla tua routine. Spruzzalo sulla pelle come ultimo passaggio prima di uscire e il gioco \u00e8 fatto!<\/p>\r\n\r\n\r\n\r\n<p>Ricorda che la routine del viso \u00e8 il tuo momento speciale di cura di te stesso. <strong>Prenditi qualche minuto al giorno per prenderti cura di te e della tua pelle con Agrado Cosmetic.<\/strong> E rendi la tua pelle luminosa!<\/p>","protected":false},"excerpt":{"rendered":"<p>Con el verano llegando a su fin, es hora de volver a la rutina y darle a nuestra piel el amor que se merece. \u00bfListx para descubrir c\u00f3mo mantener tu piel radiante en medio del ajetreo diario? Prepara tu espejo porque aqu\u00ed van nuestros mejores consejos para lograrlo. Limpieza: El primer paso hacia una piel [&hellip;]<\/p>\n","protected":false},"author":9,"featured_media":21168,"comment_status":"open","ping_status":"closed","sticky":false,"template":"","format":"standard","meta":{"footnotes":"","_wp_rev_ctl_limit":""},"categories":[519,1],"tags":[521,523,525,527,529],"class_list":["post-21145","post","type-post","status-publish","format-standard","has-post-thumbnail","hentry","category-facial-en-todos","category-todos","tag-guia-facial-en","tag-orden-productos-faciales-en","tag-piel-radiante-en","tag-rutina-facial-en","tag-vuelta-a-la-rutina-en"],"yoast_head":"<!-- This site is optimized with the Yoast SEO plugin v27.4 - https:\/\/yoast.com\/product\/yoast-seo-wordpress\/ -->\n<title>De vuelta a la rutina (facial): Tu gu\u00eda para una piel radiante - Agrado<\/title>\n<meta name=\"description\" content=\"\u00bfC\u00f3mo mantener tu piel radiante en medio del ajetreo del d\u00eda a d\u00eda? Prepara tu espejo porque aqu\u00ed van nuestros mejores consejos.\" \/>\n<meta name=\"robots\" content=\"index, follow, max-snippet:-1, max-image-preview:large, max-video-preview:-1\" \/>\n<link rel=\"canonical\" href=\"https:\/\/agradocosmetic.com\/it\/de-vuelta-a-la-rutina-facial-guia-para-una-piel-radiante\/\" \/>\n<meta property=\"og:locale\" content=\"it_IT\" \/>\n<meta property=\"og:type\" content=\"article\" \/>\n<meta property=\"og:title\" content=\"De vuelta a la rutina (facial): Tu gu\u00eda para una piel radiante - Agrado\" \/>\n<meta property=\"og:description\" content=\"\u00bfC\u00f3mo mantener tu piel radiante en medio del ajetreo del d\u00eda a d\u00eda? Prepara tu espejo porque aqu\u00ed van nuestros mejores consejos.\" \/>\n<meta property=\"og:url\" content=\"https:\/\/agradocosmetic.com\/it\/de-vuelta-a-la-rutina-facial-guia-para-una-piel-radiante\/\" \/>\n<meta property=\"og:site_name\" content=\"Agrado\" \/>\n<meta property=\"article:published_time\" content=\"2023-09-11T16:28:16+00:00\" \/>\n<meta property=\"article:modified_time\" content=\"2023-11-18T17:00:39+00:00\" \/>\n<meta property=\"og:image\" content=\"https:\/\/agradocosmetic.com\/wp-content\/uploads\/2023\/09\/rutina-facial-agrado.jpg\" \/>\n\t<meta property=\"og:image:width\" content=\"1200\" \/>\n\t<meta property=\"og:image:height\" content=\"800\" \/>\n\t<meta property=\"og:image:type\" content=\"image\/jpeg\" \/>\n<meta name=\"author\" content=\"agradocosmetic\" \/>\n<meta name=\"twitter:card\" content=\"summary_large_image\" \/>\n<meta name=\"twitter:label1\" content=\"Scritto da\" \/>\n\t<meta name=\"twitter:data1\" content=\"agradocosmetic\" \/>\n\t<meta name=\"twitter:label2\" content=\"Tempo di lettura stimato\" \/>\n\t<meta name=\"twitter:data2\" content=\"3 minuti\" \/>\n<script type=\"application\/ld+json\" class=\"yoast-schema-graph\">{\"@context\":\"https:\\\/\\\/schema.org\",\"@graph\":[{\"@type\":\"Article\",\"@id\":\"https:\\\/\\\/agradocosmetic.com\\\/de-vuelta-a-la-rutina-facial-guia-para-una-piel-radiante\\\/#article\",\"isPartOf\":{\"@id\":\"https:\\\/\\\/agradocosmetic.com\\\/de-vuelta-a-la-rutina-facial-guia-para-una-piel-radiante\\\/\"},\"author\":{\"name\":\"agradocosmetic\",\"@id\":\"https:\\\/\\\/agradocosmetic.com\\\/#\\\/schema\\\/person\\\/732e8d396022e25f9340196f83d6789d\"},\"headline\":\"De vuelta a la rutina (facial): Tu gu\u00eda para una piel radiante\",\"datePublished\":\"2023-09-11T16:28:16+00:00\",\"dateModified\":\"2023-11-18T17:00:39+00:00\",\"mainEntityOfPage\":{\"@id\":\"https:\\\/\\\/agradocosmetic.com\\\/de-vuelta-a-la-rutina-facial-guia-para-una-piel-radiante\\\/\"},\"wordCount\":480,\"commentCount\":0,\"publisher\":{\"@id\":\"https:\\\/\\\/agradocosmetic.com\\\/#organization\"},\"image\":{\"@id\":\"https:\\\/\\\/agradocosmetic.com\\\/de-vuelta-a-la-rutina-facial-guia-para-una-piel-radiante\\\/#primaryimage\"},\"thumbnailUrl\":\"https:\\\/\\\/agradocosmetic.com\\\/wp-content\\\/uploads\\\/2023\\\/09\\\/rutina-facial-agrado.jpg\",\"keywords\":[\"gu\u00eda facial\",\"orden productos faciales\",\"piel radiante\",\"rutina facial\",\"vuelta a la rutina\"],\"articleSection\":[\"Facial\",\"Todos\"],\"inLanguage\":\"it-IT\",\"potentialAction\":[{\"@type\":\"CommentAction\",\"name\":\"Comment\",\"target\":[\"https:\\\/\\\/agradocosmetic.com\\\/de-vuelta-a-la-rutina-facial-guia-para-una-piel-radiante\\\/#respond\"]}]},{\"@type\":\"WebPage\",\"@id\":\"https:\\\/\\\/agradocosmetic.com\\\/de-vuelta-a-la-rutina-facial-guia-para-una-piel-radiante\\\/\",\"url\":\"https:\\\/\\\/agradocosmetic.com\\\/de-vuelta-a-la-rutina-facial-guia-para-una-piel-radiante\\\/\",\"name\":\"De vuelta a la rutina (facial): Tu gu\u00eda para una piel radiante - Agrado\",\"isPartOf\":{\"@id\":\"https:\\\/\\\/agradocosmetic.com\\\/#website\"},\"primaryImageOfPage\":{\"@id\":\"https:\\\/\\\/agradocosmetic.com\\\/de-vuelta-a-la-rutina-facial-guia-para-una-piel-radiante\\\/#primaryimage\"},\"image\":{\"@id\":\"https:\\\/\\\/agradocosmetic.com\\\/de-vuelta-a-la-rutina-facial-guia-para-una-piel-radiante\\\/#primaryimage\"},\"thumbnailUrl\":\"https:\\\/\\\/agradocosmetic.com\\\/wp-content\\\/uploads\\\/2023\\\/09\\\/rutina-facial-agrado.jpg\",\"datePublished\":\"2023-09-11T16:28:16+00:00\",\"dateModified\":\"2023-11-18T17:00:39+00:00\",\"description\":\"\u00bfC\u00f3mo mantener tu piel radiante en medio del ajetreo del d\u00eda a d\u00eda? Prepara tu espejo porque aqu\u00ed van nuestros mejores consejos.\",\"breadcrumb\":{\"@id\":\"https:\\\/\\\/agradocosmetic.com\\\/de-vuelta-a-la-rutina-facial-guia-para-una-piel-radiante\\\/#breadcrumb\"},\"inLanguage\":\"it-IT\",\"potentialAction\":[{\"@type\":\"ReadAction\",\"target\":[\"https:\\\/\\\/agradocosmetic.com\\\/de-vuelta-a-la-rutina-facial-guia-para-una-piel-radiante\\\/\"]}]},{\"@type\":\"ImageObject\",\"inLanguage\":\"it-IT\",\"@id\":\"https:\\\/\\\/agradocosmetic.com\\\/de-vuelta-a-la-rutina-facial-guia-para-una-piel-radiante\\\/#primaryimage\",\"url\":\"https:\\\/\\\/agradocosmetic.com\\\/wp-content\\\/uploads\\\/2023\\\/09\\\/rutina-facial-agrado.jpg\",\"contentUrl\":\"https:\\\/\\\/agradocosmetic.com\\\/wp-content\\\/uploads\\\/2023\\\/09\\\/rutina-facial-agrado.jpg\",\"width\":1200,\"height\":800},{\"@type\":\"BreadcrumbList\",\"@id\":\"https:\\\/\\\/agradocosmetic.com\\\/de-vuelta-a-la-rutina-facial-guia-para-una-piel-radiante\\\/#breadcrumb\",\"itemListElement\":[{\"@type\":\"ListItem\",\"position\":1,\"name\":\"Portada\",\"item\":\"https:\\\/\\\/agradocosmetic.com\\\/\"},{\"@type\":\"ListItem\",\"position\":2,\"name\":\"De vuelta a la rutina (facial): Tu gu\u00eda para una piel radiante\"}]},{\"@type\":\"WebSite\",\"@id\":\"https:\\\/\\\/agradocosmetic.com\\\/#website\",\"url\":\"https:\\\/\\\/agradocosmetic.com\\\/\",\"name\":\"Agrado\",\"description\":\"Cosmetic\",\"publisher\":{\"@id\":\"https:\\\/\\\/agradocosmetic.com\\\/#organization\"},\"potentialAction\":[{\"@type\":\"SearchAction\",\"target\":{\"@type\":\"EntryPoint\",\"urlTemplate\":\"https:\\\/\\\/agradocosmetic.com\\\/?s={search_term_string}\"},\"query-input\":{\"@type\":\"PropertyValueSpecification\",\"valueRequired\":true,\"valueName\":\"search_term_string\"}}],\"inLanguage\":\"it-IT\"},{\"@type\":\"Organization\",\"@id\":\"https:\\\/\\\/agradocosmetic.com\\\/#organization\",\"name\":\"Agrado\",\"url\":\"https:\\\/\\\/agradocosmetic.com\\\/\",\"logo\":{\"@type\":\"ImageObject\",\"inLanguage\":\"it-IT\",\"@id\":\"https:\\\/\\\/agradocosmetic.com\\\/#\\\/schema\\\/logo\\\/image\\\/\",\"url\":\"https:\\\/\\\/agradocosmetic.com\\\/wp-content\\\/uploads\\\/2023\\\/07\\\/LOGO-AGRADO-WEB-01.png\",\"contentUrl\":\"https:\\\/\\\/agradocosmetic.com\\\/wp-content\\\/uploads\\\/2023\\\/07\\\/LOGO-AGRADO-WEB-01.png\",\"width\":1632,\"height\":300,\"caption\":\"Agrado\"},\"image\":{\"@id\":\"https:\\\/\\\/agradocosmetic.com\\\/#\\\/schema\\\/logo\\\/image\\\/\"}},{\"@type\":\"Person\",\"@id\":\"https:\\\/\\\/agradocosmetic.com\\\/#\\\/schema\\\/person\\\/732e8d396022e25f9340196f83d6789d\",\"name\":\"agradocosmetic\",\"image\":{\"@type\":\"ImageObject\",\"inLanguage\":\"it-IT\",\"@id\":\"https:\\\/\\\/secure.gravatar.com\\\/avatar\\\/c6003e45301182b7e125463fcbec403b1980909c12edf09098526b9a15e779c0?s=96&d=mm&r=g\",\"url\":\"https:\\\/\\\/secure.gravatar.com\\\/avatar\\\/c6003e45301182b7e125463fcbec403b1980909c12edf09098526b9a15e779c0?s=96&d=mm&r=g\",\"contentUrl\":\"https:\\\/\\\/secure.gravatar.com\\\/avatar\\\/c6003e45301182b7e125463fcbec403b1980909c12edf09098526b9a15e779c0?s=96&d=mm&r=g\",\"caption\":\"agradocosmetic\"}}]}<\/script>\n<!-- \/ Yoast SEO plugin. -->","yoast_head_json":{"title":"De vuelta a la rutina (facial): Tu gu\u00eda para una piel radiante - Agrado","description":"\u00bfC\u00f3mo mantener tu piel radiante en medio del ajetreo del d\u00eda a d\u00eda? Prepara tu espejo porque aqu\u00ed van nuestros mejores consejos.","robots":{"index":"index","follow":"follow","max-snippet":"max-snippet:-1","max-image-preview":"max-image-preview:large","max-video-preview":"max-video-preview:-1"},"canonical":"https:\/\/agradocosmetic.com\/it\/de-vuelta-a-la-rutina-facial-guia-para-una-piel-radiante\/","og_locale":"it_IT","og_type":"article","og_title":"De vuelta a la rutina (facial): Tu gu\u00eda para una piel radiante - Agrado","og_description":"\u00bfC\u00f3mo mantener tu piel radiante en medio del ajetreo del d\u00eda a d\u00eda? Prepara tu espejo porque aqu\u00ed van nuestros mejores consejos.","og_url":"https:\/\/agradocosmetic.com\/it\/de-vuelta-a-la-rutina-facial-guia-para-una-piel-radiante\/","og_site_name":"Agrado","article_published_time":"2023-09-11T16:28:16+00:00","article_modified_time":"2023-11-18T17:00:39+00:00","og_image":[{"width":1200,"height":800,"url":"https:\/\/agradocosmetic.com\/wp-content\/uploads\/2023\/09\/rutina-facial-agrado.jpg","type":"image\/jpeg"}],"author":"agradocosmetic","twitter_card":"summary_large_image","twitter_misc":{"Scritto da":"agradocosmetic","Tempo di lettura stimato":"3 minuti"},"schema":{"@context":"https:\/\/schema.org","@graph":[{"@type":"Article","@id":"https:\/\/agradocosmetic.com\/de-vuelta-a-la-rutina-facial-guia-para-una-piel-radiante\/#article","isPartOf":{"@id":"https:\/\/agradocosmetic.com\/de-vuelta-a-la-rutina-facial-guia-para-una-piel-radiante\/"},"author":{"name":"agradocosmetic","@id":"https:\/\/agradocosmetic.com\/#\/schema\/person\/732e8d396022e25f9340196f83d6789d"},"headline":"De vuelta a la rutina (facial): Tu gu\u00eda para una piel radiante","datePublished":"2023-09-11T16:28:16+00:00","dateModified":"2023-11-18T17:00:39+00:00","mainEntityOfPage":{"@id":"https:\/\/agradocosmetic.com\/de-vuelta-a-la-rutina-facial-guia-para-una-piel-radiante\/"},"wordCount":480,"commentCount":0,"publisher":{"@id":"https:\/\/agradocosmetic.com\/#organization"},"image":{"@id":"https:\/\/agradocosmetic.com\/de-vuelta-a-la-rutina-facial-guia-para-una-piel-radiante\/#primaryimage"},"thumbnailUrl":"https:\/\/agradocosmetic.com\/wp-content\/uploads\/2023\/09\/rutina-facial-agrado.jpg","keywords":["gu\u00eda facial","orden productos faciales","piel radiante","rutina facial","vuelta a la rutina"],"articleSection":["Facial","Todos"],"inLanguage":"it-IT","potentialAction":[{"@type":"CommentAction","name":"Comment","target":["https:\/\/agradocosmetic.com\/de-vuelta-a-la-rutina-facial-guia-para-una-piel-radiante\/#respond"]}]},{"@type":"WebPage","@id":"https:\/\/agradocosmetic.com\/de-vuelta-a-la-rutina-facial-guia-para-una-piel-radiante\/","url":"https:\/\/agradocosmetic.com\/de-vuelta-a-la-rutina-facial-guia-para-una-piel-radiante\/","name":"De vuelta a la rutina (facial): Tu gu\u00eda para una piel radiante - Agrado","isPartOf":{"@id":"https:\/\/agradocosmetic.com\/#website"},"primaryImageOfPage":{"@id":"https:\/\/agradocosmetic.com\/de-vuelta-a-la-rutina-facial-guia-para-una-piel-radiante\/#primaryimage"},"image":{"@id":"https:\/\/agradocosmetic.com\/de-vuelta-a-la-rutina-facial-guia-para-una-piel-radiante\/#primaryimage"},"thumbnailUrl":"https:\/\/agradocosmetic.com\/wp-content\/uploads\/2023\/09\/rutina-facial-agrado.jpg","datePublished":"2023-09-11T16:28:16+00:00","dateModified":"2023-11-18T17:00:39+00:00","description":"\u00bfC\u00f3mo mantener tu piel radiante en medio del ajetreo del d\u00eda a d\u00eda? Prepara tu espejo porque aqu\u00ed van nuestros mejores consejos.","breadcrumb":{"@id":"https:\/\/agradocosmetic.com\/de-vuelta-a-la-rutina-facial-guia-para-una-piel-radiante\/#breadcrumb"},"inLanguage":"it-IT","potentialAction":[{"@type":"ReadAction","target":["https:\/\/agradocosmetic.com\/de-vuelta-a-la-rutina-facial-guia-para-una-piel-radiante\/"]}]},{"@type":"ImageObject","inLanguage":"it-IT","@id":"https:\/\/agradocosmetic.com\/de-vuelta-a-la-rutina-facial-guia-para-una-piel-radiante\/#primaryimage","url":"https:\/\/agradocosmetic.com\/wp-content\/uploads\/2023\/09\/rutina-facial-agrado.jpg","contentUrl":"https:\/\/agradocosmetic.com\/wp-content\/uploads\/2023\/09\/rutina-facial-agrado.jpg","width":1200,"height":800},{"@type":"BreadcrumbList","@id":"https:\/\/agradocosmetic.com\/de-vuelta-a-la-rutina-facial-guia-para-una-piel-radiante\/#breadcrumb","itemListElement":[{"@type":"ListItem","position":1,"name":"Portada","item":"https:\/\/agradocosmetic.com\/"},{"@type":"ListItem","position":2,"name":"De vuelta a la rutina (facial): Tu gu\u00eda para una piel radiante"}]},{"@type":"WebSite","@id":"https:\/\/agradocosmetic.com\/#website","url":"https:\/\/agradocosmetic.com\/","name":"Mi piace","description":"cosmetico","publisher":{"@id":"https:\/\/agradocosmetic.com\/#organization"},"potentialAction":[{"@type":"SearchAction","target":{"@type":"EntryPoint","urlTemplate":"https:\/\/agradocosmetic.com\/?s={search_term_string}"},"query-input":{"@type":"PropertyValueSpecification","valueRequired":true,"valueName":"search_term_string"}}],"inLanguage":"it-IT"},{"@type":"Organization","@id":"https:\/\/agradocosmetic.com\/#organization","name":"Mi piace","url":"https:\/\/agradocosmetic.com\/","logo":{"@type":"ImageObject","inLanguage":"it-IT","@id":"https:\/\/agradocosmetic.com\/#\/schema\/logo\/image\/","url":"https:\/\/agradocosmetic.com\/wp-content\/uploads\/2023\/07\/LOGO-AGRADO-WEB-01.png","contentUrl":"https:\/\/agradocosmetic.com\/wp-content\/uploads\/2023\/07\/LOGO-AGRADO-WEB-01.png","width":1632,"height":300,"caption":"Agrado"},"image":{"@id":"https:\/\/agradocosmetic.com\/#\/schema\/logo\/image\/"}},{"@type":"Person","@id":"https:\/\/agradocosmetic.com\/#\/schema\/person\/732e8d396022e25f9340196f83d6789d","name":"agradocosmetico","image":{"@type":"ImageObject","inLanguage":"it-IT","@id":"https:\/\/secure.gravatar.com\/avatar\/c6003e45301182b7e125463fcbec403b1980909c12edf09098526b9a15e779c0?s=96&d=mm&r=g","url":"https:\/\/secure.gravatar.com\/avatar\/c6003e45301182b7e125463fcbec403b1980909c12edf09098526b9a15e779c0?s=96&d=mm&r=g","contentUrl":"https:\/\/secure.gravatar.com\/avatar\/c6003e45301182b7e125463fcbec403b1980909c12edf09098526b9a15e779c0?s=96&d=mm&r=g","caption":"agradocosmetic"}}]}},"_links":{"self":[{"href":"https:\/\/agradocosmetic.com\/it\/wp-json\/wp\/v2\/posts\/21145","targetHints":{"allow":["GET"]}}],"collection":[{"href":"https:\/\/agradocosmetic.com\/it\/wp-json\/wp\/v2\/posts"}],"about":[{"href":"https:\/\/agradocosmetic.com\/it\/wp-json\/wp\/v2\/types\/post"}],"author":[{"embeddable":true,"href":"https:\/\/agradocosmetic.com\/it\/wp-json\/wp\/v2\/users\/9"}],"replies":[{"embeddable":true,"href":"https:\/\/agradocosmetic.com\/it\/wp-json\/wp\/v2\/comments?post=21145"}],"version-history":[{"count":1,"href":"https:\/\/agradocosmetic.com\/it\/wp-json\/wp\/v2\/posts\/21145\/revisions"}],"predecessor-version":[{"id":21170,"href":"https:\/\/agradocosmetic.com\/it\/wp-json\/wp\/v2\/posts\/21145\/revisions\/21170"}],"wp:featuredmedia":[{"embeddable":true,"href":"https:\/\/agradocosmetic.com\/it\/wp-json\/wp\/v2\/media\/21168"}],"wp:attachment":[{"href":"https:\/\/agradocosmetic.com\/it\/wp-json\/wp\/v2\/media?parent=21145"}],"wp:term":[{"taxonomy":"category","embeddable":true,"href":"https:\/\/agradocosmetic.com\/it\/wp-json\/wp\/v2\/categories?post=21145"},{"taxonomy":"post_tag","embeddable":true,"href":"https:\/\/agradocosmetic.com\/it\/wp-json\/wp\/v2\/tags?post=21145"}],"curies":[{"name":"parola chiave","href":"https:\/\/api.w.org\/{rel}","templated":true}]}}