{"id":24957,"date":"2023-11-27T10:05:05","date_gmt":"2023-11-27T10:05:05","guid":{"rendered":"https:\/\/agradocosmetic.com\/?p=24957"},"modified":"2024-02-15T10:05:19","modified_gmt":"2024-02-15T10:05:19","slug":"tu-momento-zen-diario-descubre-la-paz-en-5-pasos","status":"publish","type":"post","link":"https:\/\/agradocosmetic.com\/it\/tu-momento-zen-diario-descubre-la-paz-en-5-pasos\/","title":{"rendered":"Il tuo momento Zen quotidiano: scopri la pace in 5 passi"},"content":{"rendered":"<p><span style=\"font-weight: 400\">La chiave per mantenere la calma in mezzo al trambusto quotidiano? Crea il tuo momento zen! Non importa quanto siamo impegnati, tutti meritiamo un angolo di tranquillit\u00e0 nella nostra giornata. Quindi, prendete nota perch\u00e9 ecco cinque passaggi per realizzarlo, e con un tocco finale squisito!<\/span><\/p>\n<h3>Disconnettiti dal mondo digitale.<\/h3>\n<p><span style=\"font-weight: 400\">S\u00ec, lo so! \u00c8 pi\u00f9 facile a dirsi che a farsi, ma prendersi una pausa dai social media e dalle notifiche pu\u00f2 fare miracoli per la tua pace interiore. Dedica almeno 15 minuti per essere completamente disconnesso e concentrato su te stesso.<\/span><\/p>\n<h3><span style=\"font-weight: 400\">Rituale del t\u00e8 o del caff\u00e8.<\/span><\/h3>\n<p><span style=\"font-weight: 400\">Prepara la tua bevanda preferita e goditi ogni sorso. Concentrati sull&#039;aroma, sul gusto e su come ti fa sentire. Questo semplice rituale pu\u00f2 essere un balsamo per l&#039;anima, ve lo prometto!<\/span><\/p>\n<h3><span style=\"font-weight: 400\">Respira profondamente.<\/span><\/h3>\n<p><span style=\"font-weight: 400\">Chiudi gli occhi e fai respiri profondi. Riempi i polmoni con aria fresca ed espira tutte le tensioni. Ripeti questo processo pi\u00f9 volte. Vedrai dissiparsi quelle nuvole grigie!<\/span><\/p>\n<h3><span style=\"font-weight: 400\">Bagno rilassante.<\/span><\/h3>\n<p><span style=\"font-weight: 400\">Il bagno caldo \u00e8 un classico infallibile. Metti la tua playlist rilassante preferita e immergiti. Lasciati trasportare dal calore dell&#039;acqua e dalla calma del ritmo. \u00c8 il tuo momento!<\/span><\/p>\n<h3><span style=\"font-weight: 400\">Termina con Agrado Balance Body Mist.<\/span><\/h3>\n<p><span style=\"font-weight: 400\">E ora, per dare il tocco finale al tuo momento zen, spruzza il tuo spazio pulito e il tuo corpo con <a href=\"https:\/\/agradocosmetic.com\/it\/producto\/body-mist-balance\/\">Body Mist Equilibrio del Piacere<\/a> Cosmetico. Questo spray per il corpo \u00e8 la combinazione perfetta di mughetto e foglie verdi. Con la sua formula vegana e il 98% di ingredienti di origine naturale, ti avvolger\u00e0 in un aroma paradisiaco che ti porter\u00e0 in uno stato di calma, pace ed equilibrio. \u00c8 puro relax!<\/span><\/p>\n<p><span style=\"font-weight: 400\">Goditi questi momenti di relax nella tua vita quotidiana, la bellezza esteriore \u00e8 un riflesso di ci\u00f2 che senti e, credici, meriti questi momenti di cura di te stesso pi\u00f9 di quanto pensi. E s\u00ec, un buon aroma pu\u00f2 trasformare il tuo rituale nel tuo preferito per trovare la pace.<\/span><\/p>","protected":false},"excerpt":{"rendered":"<p>\u00bfLa clave para mantener la calma en medio del ajetreo diario? \u00a1Crear tu propio momento zen! No importa lo ocupadxs estemos, todxs merecemos un rinc\u00f3n de tranquilidad en nuestro d\u00eda. As\u00ed que, toma nota porque aqu\u00ed van cinco pasos para lograrlo, \u00a1y con un broche final exquisito! Descon\u00e9ctate del Mundo Digital. \u00a1S\u00ed, lo s\u00e9! Es [&hellip;]<\/p>\n","protected":false},"author":11,"featured_media":24958,"comment_status":"open","ping_status":"closed","sticky":false,"template":"","format":"standard","meta":{"footnotes":"","_wp_rev_ctl_limit":""},"categories":[149,573],"tags":[126,274,670,672,652,669,673,671,667,668,303],"class_list":["post-24957","post","type-post","status-publish","format-standard","has-post-thumbnail","hentry","category-corporal","category-lifestyle-en-en","tag-agrado","tag-agrado-cosmetic","tag-balance","tag-bano-relajante","tag-body-mist","tag-calma","tag-desconexion","tag-equilibrio","tag-momento-zen","tag-relajacion-diaria","tag-relax"],"yoast_head":"<!-- This site is optimized with the Yoast SEO plugin v27.4 - https:\/\/yoast.com\/product\/yoast-seo-wordpress\/ -->\n<title>Tu momento zen diario: descubre la paz en 5 pasos - Agrado<\/title>\n<meta name=\"description\" content=\"Crear tu propio momento zen ser\u00e1 la clave para mantener la calma en medio del ajetreo diario. \u00a1Aqu\u00ed van cinco pasos para lograrlo!\" \/>\n<meta name=\"robots\" content=\"index, follow, max-snippet:-1, max-image-preview:large, max-video-preview:-1\" \/>\n<link rel=\"canonical\" href=\"https:\/\/agradocosmetic.com\/it\/tu-momento-zen-diario-descubre-la-paz-en-5-pasos\/\" \/>\n<meta property=\"og:locale\" content=\"it_IT\" \/>\n<meta property=\"og:type\" content=\"article\" \/>\n<meta property=\"og:title\" content=\"Tu momento zen diario: descubre la paz en 5 pasos - Agrado\" \/>\n<meta property=\"og:description\" content=\"Crear tu propio momento zen ser\u00e1 la clave para mantener la calma en medio del ajetreo diario. \u00a1Aqu\u00ed van cinco pasos para lograrlo!\" \/>\n<meta property=\"og:url\" content=\"https:\/\/agradocosmetic.com\/it\/tu-momento-zen-diario-descubre-la-paz-en-5-pasos\/\" \/>\n<meta property=\"og:site_name\" content=\"Agrado\" \/>\n<meta property=\"article:published_time\" content=\"2023-11-27T10:05:05+00:00\" \/>\n<meta property=\"article:modified_time\" content=\"2024-02-15T10:05:19+00:00\" \/>\n<meta property=\"og:image\" content=\"https:\/\/agradocosmetic.com\/wp-content\/uploads\/2024\/02\/blog-5.jpg\" \/>\n\t<meta property=\"og:image:width\" content=\"1140\" \/>\n\t<meta property=\"og:image:height\" content=\"600\" \/>\n\t<meta property=\"og:image:type\" content=\"image\/jpeg\" \/>\n<meta name=\"author\" content=\"carmen\" \/>\n<meta name=\"twitter:card\" content=\"summary_large_image\" \/>\n<meta name=\"twitter:label1\" content=\"Scritto da\" \/>\n\t<meta name=\"twitter:data1\" content=\"carmen\" \/>\n\t<meta name=\"twitter:label2\" content=\"Tempo di lettura stimato\" \/>\n\t<meta name=\"twitter:data2\" content=\"2 minuti\" \/>\n<script type=\"application\/ld+json\" class=\"yoast-schema-graph\">{\"@context\":\"https:\\\/\\\/schema.org\",\"@graph\":[{\"@type\":\"Article\",\"@id\":\"https:\\\/\\\/agradocosmetic.com\\\/tu-momento-zen-diario-descubre-la-paz-en-5-pasos\\\/#article\",\"isPartOf\":{\"@id\":\"https:\\\/\\\/agradocosmetic.com\\\/tu-momento-zen-diario-descubre-la-paz-en-5-pasos\\\/\"},\"author\":{\"name\":\"carmen\",\"@id\":\"https:\\\/\\\/agradocosmetic.com\\\/#\\\/schema\\\/person\\\/59124921013b50f80959d84fc7219096\"},\"headline\":\"Tu momento zen diario: descubre la paz en 5 pasos\",\"datePublished\":\"2023-11-27T10:05:05+00:00\",\"dateModified\":\"2024-02-15T10:05:19+00:00\",\"mainEntityOfPage\":{\"@id\":\"https:\\\/\\\/agradocosmetic.com\\\/tu-momento-zen-diario-descubre-la-paz-en-5-pasos\\\/\"},\"wordCount\":354,\"commentCount\":0,\"publisher\":{\"@id\":\"https:\\\/\\\/agradocosmetic.com\\\/#organization\"},\"image\":{\"@id\":\"https:\\\/\\\/agradocosmetic.com\\\/tu-momento-zen-diario-descubre-la-paz-en-5-pasos\\\/#primaryimage\"},\"thumbnailUrl\":\"https:\\\/\\\/agradocosmetic.com\\\/wp-content\\\/uploads\\\/2024\\\/02\\\/blog-5.jpg\",\"keywords\":[\"agrado\",\"agrado cosmetic\",\"balance\",\"ba\u00f1o relajante\",\"body mist\",\"calma\",\"desconexi\u00f3n\",\"equilibrio\",\"momento zen\",\"relajaci\u00f3n diaria\",\"relax\"],\"articleSection\":[\"Corporal\",\"Lifestyle\"],\"inLanguage\":\"it-IT\",\"potentialAction\":[{\"@type\":\"CommentAction\",\"name\":\"Comment\",\"target\":[\"https:\\\/\\\/agradocosmetic.com\\\/tu-momento-zen-diario-descubre-la-paz-en-5-pasos\\\/#respond\"]}]},{\"@type\":\"WebPage\",\"@id\":\"https:\\\/\\\/agradocosmetic.com\\\/tu-momento-zen-diario-descubre-la-paz-en-5-pasos\\\/\",\"url\":\"https:\\\/\\\/agradocosmetic.com\\\/tu-momento-zen-diario-descubre-la-paz-en-5-pasos\\\/\",\"name\":\"Tu momento zen diario: descubre la paz en 5 pasos - Agrado\",\"isPartOf\":{\"@id\":\"https:\\\/\\\/agradocosmetic.com\\\/#website\"},\"primaryImageOfPage\":{\"@id\":\"https:\\\/\\\/agradocosmetic.com\\\/tu-momento-zen-diario-descubre-la-paz-en-5-pasos\\\/#primaryimage\"},\"image\":{\"@id\":\"https:\\\/\\\/agradocosmetic.com\\\/tu-momento-zen-diario-descubre-la-paz-en-5-pasos\\\/#primaryimage\"},\"thumbnailUrl\":\"https:\\\/\\\/agradocosmetic.com\\\/wp-content\\\/uploads\\\/2024\\\/02\\\/blog-5.jpg\",\"datePublished\":\"2023-11-27T10:05:05+00:00\",\"dateModified\":\"2024-02-15T10:05:19+00:00\",\"description\":\"Crear tu propio momento zen ser\u00e1 la clave para mantener la calma en medio del ajetreo diario. \u00a1Aqu\u00ed van cinco pasos para lograrlo!\",\"breadcrumb\":{\"@id\":\"https:\\\/\\\/agradocosmetic.com\\\/tu-momento-zen-diario-descubre-la-paz-en-5-pasos\\\/#breadcrumb\"},\"inLanguage\":\"it-IT\",\"potentialAction\":[{\"@type\":\"ReadAction\",\"target\":[\"https:\\\/\\\/agradocosmetic.com\\\/tu-momento-zen-diario-descubre-la-paz-en-5-pasos\\\/\"]}]},{\"@type\":\"ImageObject\",\"inLanguage\":\"it-IT\",\"@id\":\"https:\\\/\\\/agradocosmetic.com\\\/tu-momento-zen-diario-descubre-la-paz-en-5-pasos\\\/#primaryimage\",\"url\":\"https:\\\/\\\/agradocosmetic.com\\\/wp-content\\\/uploads\\\/2024\\\/02\\\/blog-5.jpg\",\"contentUrl\":\"https:\\\/\\\/agradocosmetic.com\\\/wp-content\\\/uploads\\\/2024\\\/02\\\/blog-5.jpg\",\"width\":1140,\"height\":600,\"caption\":\"momento zen\"},{\"@type\":\"BreadcrumbList\",\"@id\":\"https:\\\/\\\/agradocosmetic.com\\\/tu-momento-zen-diario-descubre-la-paz-en-5-pasos\\\/#breadcrumb\",\"itemListElement\":[{\"@type\":\"ListItem\",\"position\":1,\"name\":\"Portada\",\"item\":\"https:\\\/\\\/agradocosmetic.com\\\/\"},{\"@type\":\"ListItem\",\"position\":2,\"name\":\"Tu momento zen diario: descubre la paz en 5 pasos\"}]},{\"@type\":\"WebSite\",\"@id\":\"https:\\\/\\\/agradocosmetic.com\\\/#website\",\"url\":\"https:\\\/\\\/agradocosmetic.com\\\/\",\"name\":\"Agrado\",\"description\":\"Cosmetic\",\"publisher\":{\"@id\":\"https:\\\/\\\/agradocosmetic.com\\\/#organization\"},\"potentialAction\":[{\"@type\":\"SearchAction\",\"target\":{\"@type\":\"EntryPoint\",\"urlTemplate\":\"https:\\\/\\\/agradocosmetic.com\\\/?s={search_term_string}\"},\"query-input\":{\"@type\":\"PropertyValueSpecification\",\"valueRequired\":true,\"valueName\":\"search_term_string\"}}],\"inLanguage\":\"it-IT\"},{\"@type\":\"Organization\",\"@id\":\"https:\\\/\\\/agradocosmetic.com\\\/#organization\",\"name\":\"Agrado\",\"url\":\"https:\\\/\\\/agradocosmetic.com\\\/\",\"logo\":{\"@type\":\"ImageObject\",\"inLanguage\":\"it-IT\",\"@id\":\"https:\\\/\\\/agradocosmetic.com\\\/#\\\/schema\\\/logo\\\/image\\\/\",\"url\":\"https:\\\/\\\/agradocosmetic.com\\\/wp-content\\\/uploads\\\/2023\\\/07\\\/LOGO-AGRADO-WEB-01.png\",\"contentUrl\":\"https:\\\/\\\/agradocosmetic.com\\\/wp-content\\\/uploads\\\/2023\\\/07\\\/LOGO-AGRADO-WEB-01.png\",\"width\":1632,\"height\":300,\"caption\":\"Agrado\"},\"image\":{\"@id\":\"https:\\\/\\\/agradocosmetic.com\\\/#\\\/schema\\\/logo\\\/image\\\/\"}},{\"@type\":\"Person\",\"@id\":\"https:\\\/\\\/agradocosmetic.com\\\/#\\\/schema\\\/person\\\/59124921013b50f80959d84fc7219096\",\"name\":\"carmen\",\"image\":{\"@type\":\"ImageObject\",\"inLanguage\":\"it-IT\",\"@id\":\"https:\\\/\\\/secure.gravatar.com\\\/avatar\\\/2036bf58c019bb0a3f94937a2ed7cab76ae6ebe239f705f7c62ea5c48f93531f?s=96&d=mm&r=g\",\"url\":\"https:\\\/\\\/secure.gravatar.com\\\/avatar\\\/2036bf58c019bb0a3f94937a2ed7cab76ae6ebe239f705f7c62ea5c48f93531f?s=96&d=mm&r=g\",\"contentUrl\":\"https:\\\/\\\/secure.gravatar.com\\\/avatar\\\/2036bf58c019bb0a3f94937a2ed7cab76ae6ebe239f705f7c62ea5c48f93531f?s=96&d=mm&r=g\",\"caption\":\"carmen\"}}]}<\/script>\n<!-- \/ Yoast SEO plugin. -->","yoast_head_json":{"title":"Tu momento zen diario: descubre la paz en 5 pasos - Agrado","description":"Crear tu propio momento zen ser\u00e1 la clave para mantener la calma en medio del ajetreo diario. \u00a1Aqu\u00ed van cinco pasos para lograrlo!","robots":{"index":"index","follow":"follow","max-snippet":"max-snippet:-1","max-image-preview":"max-image-preview:large","max-video-preview":"max-video-preview:-1"},"canonical":"https:\/\/agradocosmetic.com\/it\/tu-momento-zen-diario-descubre-la-paz-en-5-pasos\/","og_locale":"it_IT","og_type":"article","og_title":"Tu momento zen diario: descubre la paz en 5 pasos - Agrado","og_description":"Crear tu propio momento zen ser\u00e1 la clave para mantener la calma en medio del ajetreo diario. \u00a1Aqu\u00ed van cinco pasos para lograrlo!","og_url":"https:\/\/agradocosmetic.com\/it\/tu-momento-zen-diario-descubre-la-paz-en-5-pasos\/","og_site_name":"Agrado","article_published_time":"2023-11-27T10:05:05+00:00","article_modified_time":"2024-02-15T10:05:19+00:00","og_image":[{"width":1140,"height":600,"url":"https:\/\/agradocosmetic.com\/wp-content\/uploads\/2024\/02\/blog-5.jpg","type":"image\/jpeg"}],"author":"carmen","twitter_card":"summary_large_image","twitter_misc":{"Scritto da":"carmen","Tempo di lettura stimato":"2 minuti"},"schema":{"@context":"https:\/\/schema.org","@graph":[{"@type":"Article","@id":"https:\/\/agradocosmetic.com\/tu-momento-zen-diario-descubre-la-paz-en-5-pasos\/#article","isPartOf":{"@id":"https:\/\/agradocosmetic.com\/tu-momento-zen-diario-descubre-la-paz-en-5-pasos\/"},"author":{"name":"carmen","@id":"https:\/\/agradocosmetic.com\/#\/schema\/person\/59124921013b50f80959d84fc7219096"},"headline":"Tu momento zen diario: descubre la paz en 5 pasos","datePublished":"2023-11-27T10:05:05+00:00","dateModified":"2024-02-15T10:05:19+00:00","mainEntityOfPage":{"@id":"https:\/\/agradocosmetic.com\/tu-momento-zen-diario-descubre-la-paz-en-5-pasos\/"},"wordCount":354,"commentCount":0,"publisher":{"@id":"https:\/\/agradocosmetic.com\/#organization"},"image":{"@id":"https:\/\/agradocosmetic.com\/tu-momento-zen-diario-descubre-la-paz-en-5-pasos\/#primaryimage"},"thumbnailUrl":"https:\/\/agradocosmetic.com\/wp-content\/uploads\/2024\/02\/blog-5.jpg","keywords":["agrado","agrado cosmetic","balance","ba\u00f1o relajante","body mist","calma","desconexi\u00f3n","equilibrio","momento zen","relajaci\u00f3n diaria","relax"],"articleSection":["Corporal","Lifestyle"],"inLanguage":"it-IT","potentialAction":[{"@type":"CommentAction","name":"Comment","target":["https:\/\/agradocosmetic.com\/tu-momento-zen-diario-descubre-la-paz-en-5-pasos\/#respond"]}]},{"@type":"WebPage","@id":"https:\/\/agradocosmetic.com\/tu-momento-zen-diario-descubre-la-paz-en-5-pasos\/","url":"https:\/\/agradocosmetic.com\/tu-momento-zen-diario-descubre-la-paz-en-5-pasos\/","name":"Tu momento zen diario: descubre la paz en 5 pasos - Agrado","isPartOf":{"@id":"https:\/\/agradocosmetic.com\/#website"},"primaryImageOfPage":{"@id":"https:\/\/agradocosmetic.com\/tu-momento-zen-diario-descubre-la-paz-en-5-pasos\/#primaryimage"},"image":{"@id":"https:\/\/agradocosmetic.com\/tu-momento-zen-diario-descubre-la-paz-en-5-pasos\/#primaryimage"},"thumbnailUrl":"https:\/\/agradocosmetic.com\/wp-content\/uploads\/2024\/02\/blog-5.jpg","datePublished":"2023-11-27T10:05:05+00:00","dateModified":"2024-02-15T10:05:19+00:00","description":"Crear tu propio momento zen ser\u00e1 la clave para mantener la calma en medio del ajetreo diario. \u00a1Aqu\u00ed van cinco pasos para lograrlo!","breadcrumb":{"@id":"https:\/\/agradocosmetic.com\/tu-momento-zen-diario-descubre-la-paz-en-5-pasos\/#breadcrumb"},"inLanguage":"it-IT","potentialAction":[{"@type":"ReadAction","target":["https:\/\/agradocosmetic.com\/tu-momento-zen-diario-descubre-la-paz-en-5-pasos\/"]}]},{"@type":"ImageObject","inLanguage":"it-IT","@id":"https:\/\/agradocosmetic.com\/tu-momento-zen-diario-descubre-la-paz-en-5-pasos\/#primaryimage","url":"https:\/\/agradocosmetic.com\/wp-content\/uploads\/2024\/02\/blog-5.jpg","contentUrl":"https:\/\/agradocosmetic.com\/wp-content\/uploads\/2024\/02\/blog-5.jpg","width":1140,"height":600,"caption":"momento zen"},{"@type":"BreadcrumbList","@id":"https:\/\/agradocosmetic.com\/tu-momento-zen-diario-descubre-la-paz-en-5-pasos\/#breadcrumb","itemListElement":[{"@type":"ListItem","position":1,"name":"Portada","item":"https:\/\/agradocosmetic.com\/"},{"@type":"ListItem","position":2,"name":"Tu momento zen diario: descubre la paz en 5 pasos"}]},{"@type":"WebSite","@id":"https:\/\/agradocosmetic.com\/#website","url":"https:\/\/agradocosmetic.com\/","name":"Mi piace","description":"cosmetico","publisher":{"@id":"https:\/\/agradocosmetic.com\/#organization"},"potentialAction":[{"@type":"SearchAction","target":{"@type":"EntryPoint","urlTemplate":"https:\/\/agradocosmetic.com\/?s={search_term_string}"},"query-input":{"@type":"PropertyValueSpecification","valueRequired":true,"valueName":"search_term_string"}}],"inLanguage":"it-IT"},{"@type":"Organization","@id":"https:\/\/agradocosmetic.com\/#organization","name":"Mi piace","url":"https:\/\/agradocosmetic.com\/","logo":{"@type":"ImageObject","inLanguage":"it-IT","@id":"https:\/\/agradocosmetic.com\/#\/schema\/logo\/image\/","url":"https:\/\/agradocosmetic.com\/wp-content\/uploads\/2023\/07\/LOGO-AGRADO-WEB-01.png","contentUrl":"https:\/\/agradocosmetic.com\/wp-content\/uploads\/2023\/07\/LOGO-AGRADO-WEB-01.png","width":1632,"height":300,"caption":"Agrado"},"image":{"@id":"https:\/\/agradocosmetic.com\/#\/schema\/logo\/image\/"}},{"@type":"Person","@id":"https:\/\/agradocosmetic.com\/#\/schema\/person\/59124921013b50f80959d84fc7219096","name":"Carmen","image":{"@type":"ImageObject","inLanguage":"it-IT","@id":"https:\/\/secure.gravatar.com\/avatar\/2036bf58c019bb0a3f94937a2ed7cab76ae6ebe239f705f7c62ea5c48f93531f?s=96&d=mm&r=g","url":"https:\/\/secure.gravatar.com\/avatar\/2036bf58c019bb0a3f94937a2ed7cab76ae6ebe239f705f7c62ea5c48f93531f?s=96&d=mm&r=g","contentUrl":"https:\/\/secure.gravatar.com\/avatar\/2036bf58c019bb0a3f94937a2ed7cab76ae6ebe239f705f7c62ea5c48f93531f?s=96&d=mm&r=g","caption":"carmen"}}]}},"_links":{"self":[{"href":"https:\/\/agradocosmetic.com\/it\/wp-json\/wp\/v2\/posts\/24957","targetHints":{"allow":["GET"]}}],"collection":[{"href":"https:\/\/agradocosmetic.com\/it\/wp-json\/wp\/v2\/posts"}],"about":[{"href":"https:\/\/agradocosmetic.com\/it\/wp-json\/wp\/v2\/types\/post"}],"author":[{"embeddable":true,"href":"https:\/\/agradocosmetic.com\/it\/wp-json\/wp\/v2\/users\/11"}],"replies":[{"embeddable":true,"href":"https:\/\/agradocosmetic.com\/it\/wp-json\/wp\/v2\/comments?post=24957"}],"version-history":[{"count":1,"href":"https:\/\/agradocosmetic.com\/it\/wp-json\/wp\/v2\/posts\/24957\/revisions"}],"predecessor-version":[{"id":24959,"href":"https:\/\/agradocosmetic.com\/it\/wp-json\/wp\/v2\/posts\/24957\/revisions\/24959"}],"wp:featuredmedia":[{"embeddable":true,"href":"https:\/\/agradocosmetic.com\/it\/wp-json\/wp\/v2\/media\/24958"}],"wp:attachment":[{"href":"https:\/\/agradocosmetic.com\/it\/wp-json\/wp\/v2\/media?parent=24957"}],"wp:term":[{"taxonomy":"category","embeddable":true,"href":"https:\/\/agradocosmetic.com\/it\/wp-json\/wp\/v2\/categories?post=24957"},{"taxonomy":"post_tag","embeddable":true,"href":"https:\/\/agradocosmetic.com\/it\/wp-json\/wp\/v2\/tags?post=24957"}],"curies":[{"name":"parola chiave","href":"https:\/\/api.w.org\/{rel}","templated":true}]}}