{"id":24975,"date":"2024-02-11T11:41:09","date_gmt":"2024-02-11T11:41:09","guid":{"rendered":"https:\/\/agradocosmetic.com\/?p=24975"},"modified":"2024-02-15T11:41:45","modified_gmt":"2024-02-15T11:41:45","slug":"el-secreto-de-un-pelo-fantasia-duradero-la-linea-colorterapia","status":"publish","type":"post","link":"https:\/\/agradocosmetic.com\/it\/el-secreto-de-un-pelo-fantasia-duradero-la-linea-colorterapia\/","title":{"rendered":"Il segreto per capelli da fantasia a lunga durata: la Linea Colortherapy"},"content":{"rendered":"<p><span style=\"font-weight: 400\">Per gli amanti dei colori vivaci e audaci tra i capelli, sappiamo che mantenere quel tono da sogno pu\u00f2 diventare una vera sfida. Ma non temere, perch\u00e9 oggi condividiamo con te il segreto per capelli da sogno a lunga tenuta: <\/span><a href=\"https:\/\/agradocosmetic.com\/it\/categoria-de-producto\/cabbellos-tenido\/\"><b>Linea Cromoterapia Agrado Professional<\/b><\/a><span style=\"font-weight: 400\">.<\/span><\/p>\n<p><span style=\"font-weight: 400\">Quando decidiamo di aggiungere un tocco di colore ai nostri capelli, cerchiamo un modo per esprimere la nostra personalit\u00e0 e creativit\u00e0. Tuttavia, quelle tonalit\u00e0 vibranti e uniche spesso svaniscono rapidamente se non vengono curate adeguatamente. \u00c8 qui che entra in gioco la Linea Cromoterapia Professionale di Agrado, un trio di prodotti composto da Shampoo, Balsamo e Maschera pensati appositamente per capelli tinti con colori fantasia.<\/span><\/p>\n<h2><span style=\"font-weight: 400\">Caratteristiche della Linea Cromoterapia Professionale.<\/span><\/h2>\n<p><b>Filtro UV.<\/b><\/p>\n<p><span style=\"font-weight: 400\">Proteggi i tuoi capelli dai danni e dallo sbiadimento causati dai raggi solari, mantenendo il colore vibrante pi\u00f9 a lungo.<\/span><\/p>\n<p><b>Provitamina B5.<\/b><\/p>\n<p><span style=\"font-weight: 400\">Si prende cura e ammorbidisce i capelli, fornendo idratazione e lucentezza senza opacizzare il colore.<\/span><\/p>\n<h3><span style=\"font-weight: 400\">Consigli per capelli fantasia a lunga durata.<\/span><\/h3>\n<ol>\n<li><span style=\"font-weight: 400\"> Evita lavaggi frequenti: l&#039;acqua pu\u00f2 essere la pi\u00f9 grande nemica del tuo colore. Cerca di distanziare i lavaggi e usa acqua fredda quando lo fai.<\/span><\/li>\n<li><span style=\"font-weight: 400\"> Protezione dal calore: prima di utilizzare strumenti termici, applicare sempre un protettore termico per evitare danni e sbiadimento del colore.<\/span><\/li>\n<li><span style=\"font-weight: 400\"> Nutrizione profonda: una volta alla settimana, prenditi del tempo per nutrire i tuoi capelli con una maschera idratante. L&#039;idratazione \u00e8 fondamentale per mantenere il colore vibrante.<\/span><\/li>\n<\/ol>\n<p><span style=\"font-weight: 400\">Con questi suggerimenti e l&#039;aiuto di <\/span><a href=\"https:\/\/agradocosmetic.com\/it\/categoria-de-producto\/cabbellos-tenido\/\"><b>Linea Cromoterapia Agrado Professional<\/b><\/a><span style=\"font-weight: 400\">, dire addio ai colori spenti e senza vita sar\u00e0 un ricordo del passato. Prenditi cura dei tuoi capelli con amore e goditi capelli fantasia abbaglianti e duraturi. Osate brillare con il colore dei vostri sogni!<\/span><\/p>","protected":false},"excerpt":{"rendered":"<p>Para lxs amantes de los colores vibrantes y atrevidos en su melena, sabemos que mantener ese tono de ensue\u00f1o puede convertirse en todo un desaf\u00edo. Pero no tem\u00e1is, porque hoy compartimos con vosotrxs el secreto para un pelo fantas\u00eda duradero: la L\u00ednea Profesional Colorterapia de Agrado. Cuando decidimos a\u00f1adir un pop de color a nuestro [&hellip;]<\/p>\n","protected":false},"author":11,"featured_media":24976,"comment_status":"open","ping_status":"closed","sticky":false,"template":"","format":"standard","meta":{"footnotes":"","_wp_rev_ctl_limit":""},"categories":[509],"tags":[126,274,693,698,699,307,691,387,695,696,281,700,697,694,690],"class_list":["post-24975","post","type-post","status-publish","format-standard","has-post-thumbnail","hentry","category-capilar-en","tag-agrado","tag-agrado-cosmetic","tag-cabello-fantasia","tag-cabello-fantasia-duradero","tag-como-hacer-que-el-tinte-dure-mas","tag-consejos","tag-cuida-tu-pelo","tag-cuidado-capilar","tag-cuidado-de-mechas","tag-cuidado-de-tinte","tag-linea-colorterapia","tag-pelo-cuidado","tag-pelo-fantasia","tag-pelo-tenido","tag-rutina-de-cuidado-capilar"],"yoast_head":"<!-- This site is optimized with the Yoast SEO plugin v27.4 - https:\/\/yoast.com\/product\/yoast-seo-wordpress\/ -->\n<title>El secreto de un pelo fantas\u00eda duradero: la L\u00ednea Colorterapia - Agrado<\/title>\n<meta name=\"description\" content=\"Sabemos que mantener tonos vibrantes en tu cabello puede ser todo un desaf\u00edo. Pero tenemos el secreto para un pelo fantas\u00eda duradero.\" \/>\n<meta name=\"robots\" content=\"index, follow, max-snippet:-1, max-image-preview:large, max-video-preview:-1\" \/>\n<link rel=\"canonical\" href=\"https:\/\/agradocosmetic.com\/it\/el-secreto-de-un-pelo-fantasia-duradero-la-linea-colorterapia\/\" \/>\n<meta property=\"og:locale\" content=\"it_IT\" \/>\n<meta property=\"og:type\" content=\"article\" \/>\n<meta property=\"og:title\" content=\"El secreto de un pelo fantas\u00eda duradero: la L\u00ednea Colorterapia - Agrado\" \/>\n<meta property=\"og:description\" content=\"Sabemos que mantener tonos vibrantes en tu cabello puede ser todo un desaf\u00edo. Pero tenemos el secreto para un pelo fantas\u00eda duradero.\" \/>\n<meta property=\"og:url\" content=\"https:\/\/agradocosmetic.com\/it\/el-secreto-de-un-pelo-fantasia-duradero-la-linea-colorterapia\/\" \/>\n<meta property=\"og:site_name\" content=\"Agrado\" \/>\n<meta property=\"article:published_time\" content=\"2024-02-11T11:41:09+00:00\" \/>\n<meta property=\"article:modified_time\" content=\"2024-02-15T11:41:45+00:00\" \/>\n<meta property=\"og:image\" content=\"https:\/\/agradocosmetic.com\/wp-content\/uploads\/2024\/02\/8.02-blog-colorterapia.png\" \/>\n\t<meta property=\"og:image:width\" content=\"1140\" \/>\n\t<meta property=\"og:image:height\" content=\"600\" \/>\n\t<meta property=\"og:image:type\" content=\"image\/png\" \/>\n<meta name=\"author\" content=\"carmen\" \/>\n<meta name=\"twitter:card\" content=\"summary_large_image\" \/>\n<meta name=\"twitter:label1\" content=\"Scritto da\" \/>\n\t<meta name=\"twitter:data1\" content=\"carmen\" \/>\n\t<meta name=\"twitter:label2\" content=\"Tempo di lettura stimato\" \/>\n\t<meta name=\"twitter:data2\" content=\"2 minuti\" \/>\n<script type=\"application\/ld+json\" class=\"yoast-schema-graph\">{\"@context\":\"https:\\\/\\\/schema.org\",\"@graph\":[{\"@type\":\"Article\",\"@id\":\"https:\\\/\\\/agradocosmetic.com\\\/el-secreto-de-un-pelo-fantasia-duradero-la-linea-colorterapia\\\/#article\",\"isPartOf\":{\"@id\":\"https:\\\/\\\/agradocosmetic.com\\\/el-secreto-de-un-pelo-fantasia-duradero-la-linea-colorterapia\\\/\"},\"author\":{\"name\":\"carmen\",\"@id\":\"https:\\\/\\\/agradocosmetic.com\\\/#\\\/schema\\\/person\\\/59124921013b50f80959d84fc7219096\"},\"headline\":\"El secreto de un pelo fantas\u00eda duradero: la L\u00ednea Colorterapia\",\"datePublished\":\"2024-02-11T11:41:09+00:00\",\"dateModified\":\"2024-02-15T11:41:45+00:00\",\"mainEntityOfPage\":{\"@id\":\"https:\\\/\\\/agradocosmetic.com\\\/el-secreto-de-un-pelo-fantasia-duradero-la-linea-colorterapia\\\/\"},\"wordCount\":327,\"commentCount\":0,\"publisher\":{\"@id\":\"https:\\\/\\\/agradocosmetic.com\\\/#organization\"},\"image\":{\"@id\":\"https:\\\/\\\/agradocosmetic.com\\\/el-secreto-de-un-pelo-fantasia-duradero-la-linea-colorterapia\\\/#primaryimage\"},\"thumbnailUrl\":\"https:\\\/\\\/agradocosmetic.com\\\/wp-content\\\/uploads\\\/2024\\\/02\\\/8.02-blog-colorterapia.png\",\"keywords\":[\"agrado\",\"agrado cosmetic\",\"cabello fantas\u00eda\",\"cabello fantas\u00eda duradero\",\"c\u00f3mo hacer que el tinte dure m\u00e1s\",\"consejos\",\"cuida tu pelo\",\"cuidado capilar\",\"cuidado de mechas\",\"cuidado de tinte\",\"linea colorterapia\",\"pelo cuidado\",\"pelo fantas\u00eda\",\"pelo te\u00f1ido\",\"rutina de cuidado capilar\"],\"articleSection\":[\"Capilar\"],\"inLanguage\":\"it-IT\",\"potentialAction\":[{\"@type\":\"CommentAction\",\"name\":\"Comment\",\"target\":[\"https:\\\/\\\/agradocosmetic.com\\\/el-secreto-de-un-pelo-fantasia-duradero-la-linea-colorterapia\\\/#respond\"]}]},{\"@type\":\"WebPage\",\"@id\":\"https:\\\/\\\/agradocosmetic.com\\\/el-secreto-de-un-pelo-fantasia-duradero-la-linea-colorterapia\\\/\",\"url\":\"https:\\\/\\\/agradocosmetic.com\\\/el-secreto-de-un-pelo-fantasia-duradero-la-linea-colorterapia\\\/\",\"name\":\"El secreto de un pelo fantas\u00eda duradero: la L\u00ednea Colorterapia - Agrado\",\"isPartOf\":{\"@id\":\"https:\\\/\\\/agradocosmetic.com\\\/#website\"},\"primaryImageOfPage\":{\"@id\":\"https:\\\/\\\/agradocosmetic.com\\\/el-secreto-de-un-pelo-fantasia-duradero-la-linea-colorterapia\\\/#primaryimage\"},\"image\":{\"@id\":\"https:\\\/\\\/agradocosmetic.com\\\/el-secreto-de-un-pelo-fantasia-duradero-la-linea-colorterapia\\\/#primaryimage\"},\"thumbnailUrl\":\"https:\\\/\\\/agradocosmetic.com\\\/wp-content\\\/uploads\\\/2024\\\/02\\\/8.02-blog-colorterapia.png\",\"datePublished\":\"2024-02-11T11:41:09+00:00\",\"dateModified\":\"2024-02-15T11:41:45+00:00\",\"description\":\"Sabemos que mantener tonos vibrantes en tu cabello puede ser todo un desaf\u00edo. Pero tenemos el secreto para un pelo fantas\u00eda duradero.\",\"breadcrumb\":{\"@id\":\"https:\\\/\\\/agradocosmetic.com\\\/el-secreto-de-un-pelo-fantasia-duradero-la-linea-colorterapia\\\/#breadcrumb\"},\"inLanguage\":\"it-IT\",\"potentialAction\":[{\"@type\":\"ReadAction\",\"target\":[\"https:\\\/\\\/agradocosmetic.com\\\/el-secreto-de-un-pelo-fantasia-duradero-la-linea-colorterapia\\\/\"]}]},{\"@type\":\"ImageObject\",\"inLanguage\":\"it-IT\",\"@id\":\"https:\\\/\\\/agradocosmetic.com\\\/el-secreto-de-un-pelo-fantasia-duradero-la-linea-colorterapia\\\/#primaryimage\",\"url\":\"https:\\\/\\\/agradocosmetic.com\\\/wp-content\\\/uploads\\\/2024\\\/02\\\/8.02-blog-colorterapia.png\",\"contentUrl\":\"https:\\\/\\\/agradocosmetic.com\\\/wp-content\\\/uploads\\\/2024\\\/02\\\/8.02-blog-colorterapia.png\",\"width\":1140,\"height\":600,\"caption\":\"pelo fantas\u00eda duradero\"},{\"@type\":\"BreadcrumbList\",\"@id\":\"https:\\\/\\\/agradocosmetic.com\\\/el-secreto-de-un-pelo-fantasia-duradero-la-linea-colorterapia\\\/#breadcrumb\",\"itemListElement\":[{\"@type\":\"ListItem\",\"position\":1,\"name\":\"Portada\",\"item\":\"https:\\\/\\\/agradocosmetic.com\\\/\"},{\"@type\":\"ListItem\",\"position\":2,\"name\":\"El secreto de un pelo fantas\u00eda duradero: la L\u00ednea Colorterapia\"}]},{\"@type\":\"WebSite\",\"@id\":\"https:\\\/\\\/agradocosmetic.com\\\/#website\",\"url\":\"https:\\\/\\\/agradocosmetic.com\\\/\",\"name\":\"Agrado\",\"description\":\"Cosmetic\",\"publisher\":{\"@id\":\"https:\\\/\\\/agradocosmetic.com\\\/#organization\"},\"potentialAction\":[{\"@type\":\"SearchAction\",\"target\":{\"@type\":\"EntryPoint\",\"urlTemplate\":\"https:\\\/\\\/agradocosmetic.com\\\/?s={search_term_string}\"},\"query-input\":{\"@type\":\"PropertyValueSpecification\",\"valueRequired\":true,\"valueName\":\"search_term_string\"}}],\"inLanguage\":\"it-IT\"},{\"@type\":\"Organization\",\"@id\":\"https:\\\/\\\/agradocosmetic.com\\\/#organization\",\"name\":\"Agrado\",\"url\":\"https:\\\/\\\/agradocosmetic.com\\\/\",\"logo\":{\"@type\":\"ImageObject\",\"inLanguage\":\"it-IT\",\"@id\":\"https:\\\/\\\/agradocosmetic.com\\\/#\\\/schema\\\/logo\\\/image\\\/\",\"url\":\"https:\\\/\\\/agradocosmetic.com\\\/wp-content\\\/uploads\\\/2023\\\/07\\\/LOGO-AGRADO-WEB-01.png\",\"contentUrl\":\"https:\\\/\\\/agradocosmetic.com\\\/wp-content\\\/uploads\\\/2023\\\/07\\\/LOGO-AGRADO-WEB-01.png\",\"width\":1632,\"height\":300,\"caption\":\"Agrado\"},\"image\":{\"@id\":\"https:\\\/\\\/agradocosmetic.com\\\/#\\\/schema\\\/logo\\\/image\\\/\"}},{\"@type\":\"Person\",\"@id\":\"https:\\\/\\\/agradocosmetic.com\\\/#\\\/schema\\\/person\\\/59124921013b50f80959d84fc7219096\",\"name\":\"carmen\",\"image\":{\"@type\":\"ImageObject\",\"inLanguage\":\"it-IT\",\"@id\":\"https:\\\/\\\/secure.gravatar.com\\\/avatar\\\/2036bf58c019bb0a3f94937a2ed7cab76ae6ebe239f705f7c62ea5c48f93531f?s=96&d=mm&r=g\",\"url\":\"https:\\\/\\\/secure.gravatar.com\\\/avatar\\\/2036bf58c019bb0a3f94937a2ed7cab76ae6ebe239f705f7c62ea5c48f93531f?s=96&d=mm&r=g\",\"contentUrl\":\"https:\\\/\\\/secure.gravatar.com\\\/avatar\\\/2036bf58c019bb0a3f94937a2ed7cab76ae6ebe239f705f7c62ea5c48f93531f?s=96&d=mm&r=g\",\"caption\":\"carmen\"}}]}<\/script>\n<!-- \/ Yoast SEO plugin. -->","yoast_head_json":{"title":"El secreto de un pelo fantas\u00eda duradero: la L\u00ednea Colorterapia - Agrado","description":"Sabemos que mantener tonos vibrantes en tu cabello puede ser todo un desaf\u00edo. Pero tenemos el secreto para un pelo fantas\u00eda duradero.","robots":{"index":"index","follow":"follow","max-snippet":"max-snippet:-1","max-image-preview":"max-image-preview:large","max-video-preview":"max-video-preview:-1"},"canonical":"https:\/\/agradocosmetic.com\/it\/el-secreto-de-un-pelo-fantasia-duradero-la-linea-colorterapia\/","og_locale":"it_IT","og_type":"article","og_title":"El secreto de un pelo fantas\u00eda duradero: la L\u00ednea Colorterapia - Agrado","og_description":"Sabemos que mantener tonos vibrantes en tu cabello puede ser todo un desaf\u00edo. Pero tenemos el secreto para un pelo fantas\u00eda duradero.","og_url":"https:\/\/agradocosmetic.com\/it\/el-secreto-de-un-pelo-fantasia-duradero-la-linea-colorterapia\/","og_site_name":"Agrado","article_published_time":"2024-02-11T11:41:09+00:00","article_modified_time":"2024-02-15T11:41:45+00:00","og_image":[{"width":1140,"height":600,"url":"https:\/\/agradocosmetic.com\/wp-content\/uploads\/2024\/02\/8.02-blog-colorterapia.png","type":"image\/png"}],"author":"carmen","twitter_card":"summary_large_image","twitter_misc":{"Scritto da":"carmen","Tempo di lettura stimato":"2 minuti"},"schema":{"@context":"https:\/\/schema.org","@graph":[{"@type":"Article","@id":"https:\/\/agradocosmetic.com\/el-secreto-de-un-pelo-fantasia-duradero-la-linea-colorterapia\/#article","isPartOf":{"@id":"https:\/\/agradocosmetic.com\/el-secreto-de-un-pelo-fantasia-duradero-la-linea-colorterapia\/"},"author":{"name":"carmen","@id":"https:\/\/agradocosmetic.com\/#\/schema\/person\/59124921013b50f80959d84fc7219096"},"headline":"El secreto de un pelo fantas\u00eda duradero: la L\u00ednea Colorterapia","datePublished":"2024-02-11T11:41:09+00:00","dateModified":"2024-02-15T11:41:45+00:00","mainEntityOfPage":{"@id":"https:\/\/agradocosmetic.com\/el-secreto-de-un-pelo-fantasia-duradero-la-linea-colorterapia\/"},"wordCount":327,"commentCount":0,"publisher":{"@id":"https:\/\/agradocosmetic.com\/#organization"},"image":{"@id":"https:\/\/agradocosmetic.com\/el-secreto-de-un-pelo-fantasia-duradero-la-linea-colorterapia\/#primaryimage"},"thumbnailUrl":"https:\/\/agradocosmetic.com\/wp-content\/uploads\/2024\/02\/8.02-blog-colorterapia.png","keywords":["agrado","agrado cosmetic","cabello fantas\u00eda","cabello fantas\u00eda duradero","c\u00f3mo hacer que el tinte dure m\u00e1s","consejos","cuida tu pelo","cuidado capilar","cuidado de mechas","cuidado de tinte","linea colorterapia","pelo cuidado","pelo fantas\u00eda","pelo te\u00f1ido","rutina de cuidado capilar"],"articleSection":["Capilar"],"inLanguage":"it-IT","potentialAction":[{"@type":"CommentAction","name":"Comment","target":["https:\/\/agradocosmetic.com\/el-secreto-de-un-pelo-fantasia-duradero-la-linea-colorterapia\/#respond"]}]},{"@type":"WebPage","@id":"https:\/\/agradocosmetic.com\/el-secreto-de-un-pelo-fantasia-duradero-la-linea-colorterapia\/","url":"https:\/\/agradocosmetic.com\/el-secreto-de-un-pelo-fantasia-duradero-la-linea-colorterapia\/","name":"El secreto de un pelo fantas\u00eda duradero: la L\u00ednea Colorterapia - Agrado","isPartOf":{"@id":"https:\/\/agradocosmetic.com\/#website"},"primaryImageOfPage":{"@id":"https:\/\/agradocosmetic.com\/el-secreto-de-un-pelo-fantasia-duradero-la-linea-colorterapia\/#primaryimage"},"image":{"@id":"https:\/\/agradocosmetic.com\/el-secreto-de-un-pelo-fantasia-duradero-la-linea-colorterapia\/#primaryimage"},"thumbnailUrl":"https:\/\/agradocosmetic.com\/wp-content\/uploads\/2024\/02\/8.02-blog-colorterapia.png","datePublished":"2024-02-11T11:41:09+00:00","dateModified":"2024-02-15T11:41:45+00:00","description":"Sabemos que mantener tonos vibrantes en tu cabello puede ser todo un desaf\u00edo. Pero tenemos el secreto para un pelo fantas\u00eda duradero.","breadcrumb":{"@id":"https:\/\/agradocosmetic.com\/el-secreto-de-un-pelo-fantasia-duradero-la-linea-colorterapia\/#breadcrumb"},"inLanguage":"it-IT","potentialAction":[{"@type":"ReadAction","target":["https:\/\/agradocosmetic.com\/el-secreto-de-un-pelo-fantasia-duradero-la-linea-colorterapia\/"]}]},{"@type":"ImageObject","inLanguage":"it-IT","@id":"https:\/\/agradocosmetic.com\/el-secreto-de-un-pelo-fantasia-duradero-la-linea-colorterapia\/#primaryimage","url":"https:\/\/agradocosmetic.com\/wp-content\/uploads\/2024\/02\/8.02-blog-colorterapia.png","contentUrl":"https:\/\/agradocosmetic.com\/wp-content\/uploads\/2024\/02\/8.02-blog-colorterapia.png","width":1140,"height":600,"caption":"pelo fantas\u00eda duradero"},{"@type":"BreadcrumbList","@id":"https:\/\/agradocosmetic.com\/el-secreto-de-un-pelo-fantasia-duradero-la-linea-colorterapia\/#breadcrumb","itemListElement":[{"@type":"ListItem","position":1,"name":"Portada","item":"https:\/\/agradocosmetic.com\/"},{"@type":"ListItem","position":2,"name":"El secreto de un pelo fantas\u00eda duradero: la L\u00ednea Colorterapia"}]},{"@type":"WebSite","@id":"https:\/\/agradocosmetic.com\/#website","url":"https:\/\/agradocosmetic.com\/","name":"Mi piace","description":"cosmetico","publisher":{"@id":"https:\/\/agradocosmetic.com\/#organization"},"potentialAction":[{"@type":"SearchAction","target":{"@type":"EntryPoint","urlTemplate":"https:\/\/agradocosmetic.com\/?s={search_term_string}"},"query-input":{"@type":"PropertyValueSpecification","valueRequired":true,"valueName":"search_term_string"}}],"inLanguage":"it-IT"},{"@type":"Organization","@id":"https:\/\/agradocosmetic.com\/#organization","name":"Mi piace","url":"https:\/\/agradocosmetic.com\/","logo":{"@type":"ImageObject","inLanguage":"it-IT","@id":"https:\/\/agradocosmetic.com\/#\/schema\/logo\/image\/","url":"https:\/\/agradocosmetic.com\/wp-content\/uploads\/2023\/07\/LOGO-AGRADO-WEB-01.png","contentUrl":"https:\/\/agradocosmetic.com\/wp-content\/uploads\/2023\/07\/LOGO-AGRADO-WEB-01.png","width":1632,"height":300,"caption":"Agrado"},"image":{"@id":"https:\/\/agradocosmetic.com\/#\/schema\/logo\/image\/"}},{"@type":"Person","@id":"https:\/\/agradocosmetic.com\/#\/schema\/person\/59124921013b50f80959d84fc7219096","name":"Carmen","image":{"@type":"ImageObject","inLanguage":"it-IT","@id":"https:\/\/secure.gravatar.com\/avatar\/2036bf58c019bb0a3f94937a2ed7cab76ae6ebe239f705f7c62ea5c48f93531f?s=96&d=mm&r=g","url":"https:\/\/secure.gravatar.com\/avatar\/2036bf58c019bb0a3f94937a2ed7cab76ae6ebe239f705f7c62ea5c48f93531f?s=96&d=mm&r=g","contentUrl":"https:\/\/secure.gravatar.com\/avatar\/2036bf58c019bb0a3f94937a2ed7cab76ae6ebe239f705f7c62ea5c48f93531f?s=96&d=mm&r=g","caption":"carmen"}}]}},"_links":{"self":[{"href":"https:\/\/agradocosmetic.com\/it\/wp-json\/wp\/v2\/posts\/24975","targetHints":{"allow":["GET"]}}],"collection":[{"href":"https:\/\/agradocosmetic.com\/it\/wp-json\/wp\/v2\/posts"}],"about":[{"href":"https:\/\/agradocosmetic.com\/it\/wp-json\/wp\/v2\/types\/post"}],"author":[{"embeddable":true,"href":"https:\/\/agradocosmetic.com\/it\/wp-json\/wp\/v2\/users\/11"}],"replies":[{"embeddable":true,"href":"https:\/\/agradocosmetic.com\/it\/wp-json\/wp\/v2\/comments?post=24975"}],"version-history":[{"count":1,"href":"https:\/\/agradocosmetic.com\/it\/wp-json\/wp\/v2\/posts\/24975\/revisions"}],"predecessor-version":[{"id":24977,"href":"https:\/\/agradocosmetic.com\/it\/wp-json\/wp\/v2\/posts\/24975\/revisions\/24977"}],"wp:featuredmedia":[{"embeddable":true,"href":"https:\/\/agradocosmetic.com\/it\/wp-json\/wp\/v2\/media\/24976"}],"wp:attachment":[{"href":"https:\/\/agradocosmetic.com\/it\/wp-json\/wp\/v2\/media?parent=24975"}],"wp:term":[{"taxonomy":"category","embeddable":true,"href":"https:\/\/agradocosmetic.com\/it\/wp-json\/wp\/v2\/categories?post=24975"},{"taxonomy":"post_tag","embeddable":true,"href":"https:\/\/agradocosmetic.com\/it\/wp-json\/wp\/v2\/tags?post=24975"}],"curies":[{"name":"parola chiave","href":"https:\/\/api.w.org\/{rel}","templated":true}]}}