{"id":28234,"date":"2024-07-10T17:31:01","date_gmt":"2024-07-10T17:31:01","guid":{"rendered":"https:\/\/agradocosmetic.com\/?p=28234"},"modified":"2024-09-11T11:31:17","modified_gmt":"2024-09-11T11:31:17","slug":"broncea-care-la-proteccion-para-pieles-morenas","status":"publish","type":"post","link":"https:\/\/agradocosmetic.com\/it\/broncea-care-la-proteccion-para-pieles-morenas\/","title":{"rendered":"Tan Care: protezione per la pelle scura."},"content":{"rendered":"<p><span style=\"font-weight: 400\">Se hai la fortuna di avere la pelle scura o di abbronzarti facilmente, abbiamo buone notizie per te! Ad Agrado abbiamo lanciato la linea <a href=\"https:\/\/agradocosmetic.com\/it\/categoria-de-producto\/aceite-bronceador\/\" target=\"_blank\" rel=\"noopener\">Cura dell&#039;abbronzatura<\/a>, specificamente progettato per fornire la protezione perfetta per la pelle scura. Sappiamo che nonostante questo tipo di pelle abbia una maggiore resistenza al sole, non bisogna mai rinunciare ad una protezione adeguata. Ed \u00e8 per questo che abbiamo creato prodotti che si prendono cura della tua pelle senza sacrificare quel bellissimo tono dorato che tanto ami!<\/span><\/p>\n<p><span style=\"font-weight: 400\">Tra i prodotti di punta di questa nuova linea c&#039;\u00e8 il <a href=\"https:\/\/agradocosmetic.com\/it\/producto\/aceite-seco-spf30\/\" target=\"_blank\" rel=\"noopener\">Olio secco SPF30<\/a>, la grande novit\u00e0 di questa stagione. Il Dry Mist \u00e8 l&#039;ideale se cerchi una texture leggera, di rapido assorbimento, senza la sensazione appiccicosa che solitamente lasciano gli altri protettori. Questo formato spray \u00e8 perfetto da applicare in ogni momento della giornata, offrendo una copertura omogenea e trasparente che non interferisce con l&#039;abbronzatura. \u00c8 l&#039;opzione rivoluzionaria per chi ha la pelle scura e desidera un&#039;applicazione rapida ed efficace.<\/span><\/p>\n<p><span style=\"font-weight: 400\">Oltre alla Nebbia Secca, Broncea Care comprende altri prodotti pensati per mantenere la pelle protetta e luminosa. Lui <a href=\"https:\/\/agradocosmetic.com\/it\/categoria-de-producto\/aceite-bronceador\/\" target=\"_blank\" rel=\"noopener\">Olio Solare SPF20<\/a> \u00e8 l&#039;ideale per chi vuole accentuare la propria abbronzatura in tutta sicurezza, mentre il <a href=\"https:\/\/agradocosmetic.com\/it\/producto\/aceite-seco-spf30\/\" target=\"_blank\" rel=\"noopener\">Olio solare secco SPF30<\/a> offre una protezione leggera ma efficace per la pelle gi\u00e0 abituata al sole.<\/span><\/p>\n<p><span style=\"font-weight: 400\">Ricorda, anche se la tua pelle ha pi\u00f9 resistenza, la cura quotidiana \u00e8 essenziale per prevenire danni a lungo termine. Con Broncea Care hai la protezione per la pelle scura di cui hai bisogno per goderti il sole senza preoccupazioni.<\/span><\/p>\n<p><span style=\"font-weight: 400\">Questa estate di #LoveCarePlanet, funzionalit\u00e0 <a href=\"https:\/\/agradocosmetic.com\/it\/categoria-de-producto\/aceite-bronceador\/\" target=\"_blank\" rel=\"noopener\">Cura dell&#039;abbronzatura<\/a> per sfoggiare un&#039;abbronzatura radiosa prendendoti cura della tua pelle e del pianeta. Fai della protezione la tua migliore alleata!<\/span><\/p>","protected":false},"excerpt":{"rendered":"<p>Si tienes la suerte de tener una piel morena o te bronceas con facilidad, \u00a1tenemos buenas noticias para ti! En Agrado hemos lanzado la l\u00ednea Broncea Care, dise\u00f1ada espec\u00edficamente para proporcionar la protecci\u00f3n perfecta para pieles morenas. Sabemos que aunque este tipo de piel tiene mayor resistencia al sol, nunca debes renunciar a una protecci\u00f3n [&hellip;]<\/p>\n","protected":false},"author":11,"featured_media":28220,"comment_status":"open","ping_status":"closed","sticky":false,"template":"","format":"standard","meta":{"footnotes":"","_wp_rev_ctl_limit":""},"categories":[531],"tags":[758,759,760,761,740,126,323,317,321],"class_list":["post-28234","post","type-post","status-publish","format-standard","has-post-thumbnail","hentry","category-solar-en","tag-pieles-morenas","tag-broncea-care","tag-potenciador-del-bronceado","tag-playa","tag-agrado-sun-care","tag-agrado","tag-bronceado","tag-proteccion-solar","tag-verano"],"yoast_head":"<!-- This site is optimized with the Yoast SEO plugin v27.4 - https:\/\/yoast.com\/product\/yoast-seo-wordpress\/ -->\n<title>Broncea Care: la protecci\u00f3n para pieles morenas. - Agrado<\/title>\n<meta name=\"description\" content=\"Morena, \u00a1buenas noticias! Descubre Broncea Care, la l\u00ednea dise\u00f1ada para proporcionar la protecci\u00f3n perfecta a las pieles morenas.\" \/>\n<meta name=\"robots\" content=\"index, follow, max-snippet:-1, max-image-preview:large, max-video-preview:-1\" \/>\n<link rel=\"canonical\" href=\"https:\/\/agradocosmetic.com\/it\/broncea-care-la-proteccion-para-pieles-morenas\/\" \/>\n<meta property=\"og:locale\" content=\"it_IT\" \/>\n<meta property=\"og:type\" content=\"article\" \/>\n<meta property=\"og:title\" content=\"Broncea Care: la protecci\u00f3n para pieles morenas. - Agrado\" \/>\n<meta property=\"og:description\" content=\"Morena, \u00a1buenas noticias! Descubre Broncea Care, la l\u00ednea dise\u00f1ada para proporcionar la protecci\u00f3n perfecta a las pieles morenas.\" \/>\n<meta property=\"og:url\" content=\"https:\/\/agradocosmetic.com\/it\/broncea-care-la-proteccion-para-pieles-morenas\/\" \/>\n<meta property=\"og:site_name\" content=\"Agrado\" \/>\n<meta property=\"article:published_time\" content=\"2024-07-10T17:31:01+00:00\" \/>\n<meta property=\"article:modified_time\" content=\"2024-09-11T11:31:17+00:00\" \/>\n<meta property=\"og:image\" content=\"https:\/\/agradocosmetic.com\/wp-content\/uploads\/2024\/09\/JUL-1.jpg\" \/>\n\t<meta property=\"og:image:width\" content=\"1140\" \/>\n\t<meta property=\"og:image:height\" content=\"600\" \/>\n\t<meta property=\"og:image:type\" content=\"image\/jpeg\" \/>\n<meta name=\"author\" content=\"carmen\" \/>\n<meta name=\"twitter:card\" content=\"summary_large_image\" \/>\n<meta name=\"twitter:label1\" content=\"Scritto da\" \/>\n\t<meta name=\"twitter:data1\" content=\"carmen\" \/>\n\t<meta name=\"twitter:label2\" content=\"Tempo di lettura stimato\" \/>\n\t<meta name=\"twitter:data2\" content=\"2 minuti\" \/>\n<script type=\"application\/ld+json\" class=\"yoast-schema-graph\">{\"@context\":\"https:\\\/\\\/schema.org\",\"@graph\":[{\"@type\":\"Article\",\"@id\":\"https:\\\/\\\/agradocosmetic.com\\\/broncea-care-la-proteccion-para-pieles-morenas\\\/#article\",\"isPartOf\":{\"@id\":\"https:\\\/\\\/agradocosmetic.com\\\/broncea-care-la-proteccion-para-pieles-morenas\\\/\"},\"author\":{\"name\":\"carmen\",\"@id\":\"https:\\\/\\\/agradocosmetic.com\\\/#\\\/schema\\\/person\\\/59124921013b50f80959d84fc7219096\"},\"headline\":\"Broncea Care: la protecci\u00f3n para pieles morenas.\",\"datePublished\":\"2024-07-10T17:31:01+00:00\",\"dateModified\":\"2024-09-11T11:31:17+00:00\",\"mainEntityOfPage\":{\"@id\":\"https:\\\/\\\/agradocosmetic.com\\\/broncea-care-la-proteccion-para-pieles-morenas\\\/\"},\"wordCount\":307,\"commentCount\":0,\"publisher\":{\"@id\":\"https:\\\/\\\/agradocosmetic.com\\\/#organization\"},\"image\":{\"@id\":\"https:\\\/\\\/agradocosmetic.com\\\/broncea-care-la-proteccion-para-pieles-morenas\\\/#primaryimage\"},\"thumbnailUrl\":\"https:\\\/\\\/agradocosmetic.com\\\/wp-content\\\/uploads\\\/2024\\\/09\\\/JUL-1.jpg\",\"keywords\":[\"pieles morenas\",\"broncea care\",\"potenciador del bronceado\",\"playa\",\"agrado sun care\",\"agrado\",\"bronceado\",\"proteccion solar\",\"verano\"],\"articleSection\":[\"Solar\"],\"inLanguage\":\"it-IT\",\"potentialAction\":[{\"@type\":\"CommentAction\",\"name\":\"Comment\",\"target\":[\"https:\\\/\\\/agradocosmetic.com\\\/broncea-care-la-proteccion-para-pieles-morenas\\\/#respond\"]}]},{\"@type\":\"WebPage\",\"@id\":\"https:\\\/\\\/agradocosmetic.com\\\/broncea-care-la-proteccion-para-pieles-morenas\\\/\",\"url\":\"https:\\\/\\\/agradocosmetic.com\\\/broncea-care-la-proteccion-para-pieles-morenas\\\/\",\"name\":\"Broncea Care: la protecci\u00f3n para pieles morenas. - Agrado\",\"isPartOf\":{\"@id\":\"https:\\\/\\\/agradocosmetic.com\\\/#website\"},\"primaryImageOfPage\":{\"@id\":\"https:\\\/\\\/agradocosmetic.com\\\/broncea-care-la-proteccion-para-pieles-morenas\\\/#primaryimage\"},\"image\":{\"@id\":\"https:\\\/\\\/agradocosmetic.com\\\/broncea-care-la-proteccion-para-pieles-morenas\\\/#primaryimage\"},\"thumbnailUrl\":\"https:\\\/\\\/agradocosmetic.com\\\/wp-content\\\/uploads\\\/2024\\\/09\\\/JUL-1.jpg\",\"datePublished\":\"2024-07-10T17:31:01+00:00\",\"dateModified\":\"2024-09-11T11:31:17+00:00\",\"description\":\"Morena, \u00a1buenas noticias! Descubre Broncea Care, la l\u00ednea dise\u00f1ada para proporcionar la protecci\u00f3n perfecta a las pieles morenas.\",\"breadcrumb\":{\"@id\":\"https:\\\/\\\/agradocosmetic.com\\\/broncea-care-la-proteccion-para-pieles-morenas\\\/#breadcrumb\"},\"inLanguage\":\"it-IT\",\"potentialAction\":[{\"@type\":\"ReadAction\",\"target\":[\"https:\\\/\\\/agradocosmetic.com\\\/broncea-care-la-proteccion-para-pieles-morenas\\\/\"]}]},{\"@type\":\"ImageObject\",\"inLanguage\":\"it-IT\",\"@id\":\"https:\\\/\\\/agradocosmetic.com\\\/broncea-care-la-proteccion-para-pieles-morenas\\\/#primaryimage\",\"url\":\"https:\\\/\\\/agradocosmetic.com\\\/wp-content\\\/uploads\\\/2024\\\/09\\\/JUL-1.jpg\",\"contentUrl\":\"https:\\\/\\\/agradocosmetic.com\\\/wp-content\\\/uploads\\\/2024\\\/09\\\/JUL-1.jpg\",\"width\":1140,\"height\":600,\"caption\":\"protecci\u00f3n pieles morenas\"},{\"@type\":\"BreadcrumbList\",\"@id\":\"https:\\\/\\\/agradocosmetic.com\\\/broncea-care-la-proteccion-para-pieles-morenas\\\/#breadcrumb\",\"itemListElement\":[{\"@type\":\"ListItem\",\"position\":1,\"name\":\"Portada\",\"item\":\"https:\\\/\\\/agradocosmetic.com\\\/\"},{\"@type\":\"ListItem\",\"position\":2,\"name\":\"Broncea Care: la protecci\u00f3n para pieles morenas.\"}]},{\"@type\":\"WebSite\",\"@id\":\"https:\\\/\\\/agradocosmetic.com\\\/#website\",\"url\":\"https:\\\/\\\/agradocosmetic.com\\\/\",\"name\":\"Agrado\",\"description\":\"Cosmetic\",\"publisher\":{\"@id\":\"https:\\\/\\\/agradocosmetic.com\\\/#organization\"},\"potentialAction\":[{\"@type\":\"SearchAction\",\"target\":{\"@type\":\"EntryPoint\",\"urlTemplate\":\"https:\\\/\\\/agradocosmetic.com\\\/?s={search_term_string}\"},\"query-input\":{\"@type\":\"PropertyValueSpecification\",\"valueRequired\":true,\"valueName\":\"search_term_string\"}}],\"inLanguage\":\"it-IT\"},{\"@type\":\"Organization\",\"@id\":\"https:\\\/\\\/agradocosmetic.com\\\/#organization\",\"name\":\"Agrado\",\"url\":\"https:\\\/\\\/agradocosmetic.com\\\/\",\"logo\":{\"@type\":\"ImageObject\",\"inLanguage\":\"it-IT\",\"@id\":\"https:\\\/\\\/agradocosmetic.com\\\/#\\\/schema\\\/logo\\\/image\\\/\",\"url\":\"https:\\\/\\\/agradocosmetic.com\\\/wp-content\\\/uploads\\\/2023\\\/07\\\/LOGO-AGRADO-WEB-01.png\",\"contentUrl\":\"https:\\\/\\\/agradocosmetic.com\\\/wp-content\\\/uploads\\\/2023\\\/07\\\/LOGO-AGRADO-WEB-01.png\",\"width\":1632,\"height\":300,\"caption\":\"Agrado\"},\"image\":{\"@id\":\"https:\\\/\\\/agradocosmetic.com\\\/#\\\/schema\\\/logo\\\/image\\\/\"}},{\"@type\":\"Person\",\"@id\":\"https:\\\/\\\/agradocosmetic.com\\\/#\\\/schema\\\/person\\\/59124921013b50f80959d84fc7219096\",\"name\":\"carmen\",\"image\":{\"@type\":\"ImageObject\",\"inLanguage\":\"it-IT\",\"@id\":\"https:\\\/\\\/secure.gravatar.com\\\/avatar\\\/2036bf58c019bb0a3f94937a2ed7cab76ae6ebe239f705f7c62ea5c48f93531f?s=96&d=mm&r=g\",\"url\":\"https:\\\/\\\/secure.gravatar.com\\\/avatar\\\/2036bf58c019bb0a3f94937a2ed7cab76ae6ebe239f705f7c62ea5c48f93531f?s=96&d=mm&r=g\",\"contentUrl\":\"https:\\\/\\\/secure.gravatar.com\\\/avatar\\\/2036bf58c019bb0a3f94937a2ed7cab76ae6ebe239f705f7c62ea5c48f93531f?s=96&d=mm&r=g\",\"caption\":\"carmen\"}}]}<\/script>\n<!-- \/ Yoast SEO plugin. -->","yoast_head_json":{"title":"Broncea Care: la protecci\u00f3n para pieles morenas. - Agrado","description":"Morena, \u00a1buenas noticias! Descubre Broncea Care, la l\u00ednea dise\u00f1ada para proporcionar la protecci\u00f3n perfecta a las pieles morenas.","robots":{"index":"index","follow":"follow","max-snippet":"max-snippet:-1","max-image-preview":"max-image-preview:large","max-video-preview":"max-video-preview:-1"},"canonical":"https:\/\/agradocosmetic.com\/it\/broncea-care-la-proteccion-para-pieles-morenas\/","og_locale":"it_IT","og_type":"article","og_title":"Broncea Care: la protecci\u00f3n para pieles morenas. - Agrado","og_description":"Morena, \u00a1buenas noticias! Descubre Broncea Care, la l\u00ednea dise\u00f1ada para proporcionar la protecci\u00f3n perfecta a las pieles morenas.","og_url":"https:\/\/agradocosmetic.com\/it\/broncea-care-la-proteccion-para-pieles-morenas\/","og_site_name":"Agrado","article_published_time":"2024-07-10T17:31:01+00:00","article_modified_time":"2024-09-11T11:31:17+00:00","og_image":[{"width":1140,"height":600,"url":"https:\/\/agradocosmetic.com\/wp-content\/uploads\/2024\/09\/JUL-1.jpg","type":"image\/jpeg"}],"author":"carmen","twitter_card":"summary_large_image","twitter_misc":{"Scritto da":"carmen","Tempo di lettura stimato":"2 minuti"},"schema":{"@context":"https:\/\/schema.org","@graph":[{"@type":"Article","@id":"https:\/\/agradocosmetic.com\/broncea-care-la-proteccion-para-pieles-morenas\/#article","isPartOf":{"@id":"https:\/\/agradocosmetic.com\/broncea-care-la-proteccion-para-pieles-morenas\/"},"author":{"name":"carmen","@id":"https:\/\/agradocosmetic.com\/#\/schema\/person\/59124921013b50f80959d84fc7219096"},"headline":"Broncea Care: la protecci\u00f3n para pieles morenas.","datePublished":"2024-07-10T17:31:01+00:00","dateModified":"2024-09-11T11:31:17+00:00","mainEntityOfPage":{"@id":"https:\/\/agradocosmetic.com\/broncea-care-la-proteccion-para-pieles-morenas\/"},"wordCount":307,"commentCount":0,"publisher":{"@id":"https:\/\/agradocosmetic.com\/#organization"},"image":{"@id":"https:\/\/agradocosmetic.com\/broncea-care-la-proteccion-para-pieles-morenas\/#primaryimage"},"thumbnailUrl":"https:\/\/agradocosmetic.com\/wp-content\/uploads\/2024\/09\/JUL-1.jpg","keywords":["pieles morenas","broncea care","potenciador del bronceado","playa","agrado sun care","agrado","bronceado","proteccion solar","verano"],"articleSection":["Solar"],"inLanguage":"it-IT","potentialAction":[{"@type":"CommentAction","name":"Comment","target":["https:\/\/agradocosmetic.com\/broncea-care-la-proteccion-para-pieles-morenas\/#respond"]}]},{"@type":"WebPage","@id":"https:\/\/agradocosmetic.com\/broncea-care-la-proteccion-para-pieles-morenas\/","url":"https:\/\/agradocosmetic.com\/broncea-care-la-proteccion-para-pieles-morenas\/","name":"Broncea Care: la protecci\u00f3n para pieles morenas. - Agrado","isPartOf":{"@id":"https:\/\/agradocosmetic.com\/#website"},"primaryImageOfPage":{"@id":"https:\/\/agradocosmetic.com\/broncea-care-la-proteccion-para-pieles-morenas\/#primaryimage"},"image":{"@id":"https:\/\/agradocosmetic.com\/broncea-care-la-proteccion-para-pieles-morenas\/#primaryimage"},"thumbnailUrl":"https:\/\/agradocosmetic.com\/wp-content\/uploads\/2024\/09\/JUL-1.jpg","datePublished":"2024-07-10T17:31:01+00:00","dateModified":"2024-09-11T11:31:17+00:00","description":"Morena, \u00a1buenas noticias! Descubre Broncea Care, la l\u00ednea dise\u00f1ada para proporcionar la protecci\u00f3n perfecta a las pieles morenas.","breadcrumb":{"@id":"https:\/\/agradocosmetic.com\/broncea-care-la-proteccion-para-pieles-morenas\/#breadcrumb"},"inLanguage":"it-IT","potentialAction":[{"@type":"ReadAction","target":["https:\/\/agradocosmetic.com\/broncea-care-la-proteccion-para-pieles-morenas\/"]}]},{"@type":"ImageObject","inLanguage":"it-IT","@id":"https:\/\/agradocosmetic.com\/broncea-care-la-proteccion-para-pieles-morenas\/#primaryimage","url":"https:\/\/agradocosmetic.com\/wp-content\/uploads\/2024\/09\/JUL-1.jpg","contentUrl":"https:\/\/agradocosmetic.com\/wp-content\/uploads\/2024\/09\/JUL-1.jpg","width":1140,"height":600,"caption":"protecci\u00f3n pieles morenas"},{"@type":"BreadcrumbList","@id":"https:\/\/agradocosmetic.com\/broncea-care-la-proteccion-para-pieles-morenas\/#breadcrumb","itemListElement":[{"@type":"ListItem","position":1,"name":"Portada","item":"https:\/\/agradocosmetic.com\/"},{"@type":"ListItem","position":2,"name":"Broncea Care: la protecci\u00f3n para pieles morenas."}]},{"@type":"WebSite","@id":"https:\/\/agradocosmetic.com\/#website","url":"https:\/\/agradocosmetic.com\/","name":"Mi piace","description":"cosmetico","publisher":{"@id":"https:\/\/agradocosmetic.com\/#organization"},"potentialAction":[{"@type":"SearchAction","target":{"@type":"EntryPoint","urlTemplate":"https:\/\/agradocosmetic.com\/?s={search_term_string}"},"query-input":{"@type":"PropertyValueSpecification","valueRequired":true,"valueName":"search_term_string"}}],"inLanguage":"it-IT"},{"@type":"Organization","@id":"https:\/\/agradocosmetic.com\/#organization","name":"Mi piace","url":"https:\/\/agradocosmetic.com\/","logo":{"@type":"ImageObject","inLanguage":"it-IT","@id":"https:\/\/agradocosmetic.com\/#\/schema\/logo\/image\/","url":"https:\/\/agradocosmetic.com\/wp-content\/uploads\/2023\/07\/LOGO-AGRADO-WEB-01.png","contentUrl":"https:\/\/agradocosmetic.com\/wp-content\/uploads\/2023\/07\/LOGO-AGRADO-WEB-01.png","width":1632,"height":300,"caption":"Agrado"},"image":{"@id":"https:\/\/agradocosmetic.com\/#\/schema\/logo\/image\/"}},{"@type":"Person","@id":"https:\/\/agradocosmetic.com\/#\/schema\/person\/59124921013b50f80959d84fc7219096","name":"Carmen","image":{"@type":"ImageObject","inLanguage":"it-IT","@id":"https:\/\/secure.gravatar.com\/avatar\/2036bf58c019bb0a3f94937a2ed7cab76ae6ebe239f705f7c62ea5c48f93531f?s=96&d=mm&r=g","url":"https:\/\/secure.gravatar.com\/avatar\/2036bf58c019bb0a3f94937a2ed7cab76ae6ebe239f705f7c62ea5c48f93531f?s=96&d=mm&r=g","contentUrl":"https:\/\/secure.gravatar.com\/avatar\/2036bf58c019bb0a3f94937a2ed7cab76ae6ebe239f705f7c62ea5c48f93531f?s=96&d=mm&r=g","caption":"carmen"}}]}},"_links":{"self":[{"href":"https:\/\/agradocosmetic.com\/it\/wp-json\/wp\/v2\/posts\/28234","targetHints":{"allow":["GET"]}}],"collection":[{"href":"https:\/\/agradocosmetic.com\/it\/wp-json\/wp\/v2\/posts"}],"about":[{"href":"https:\/\/agradocosmetic.com\/it\/wp-json\/wp\/v2\/types\/post"}],"author":[{"embeddable":true,"href":"https:\/\/agradocosmetic.com\/it\/wp-json\/wp\/v2\/users\/11"}],"replies":[{"embeddable":true,"href":"https:\/\/agradocosmetic.com\/it\/wp-json\/wp\/v2\/comments?post=28234"}],"version-history":[{"count":1,"href":"https:\/\/agradocosmetic.com\/it\/wp-json\/wp\/v2\/posts\/28234\/revisions"}],"predecessor-version":[{"id":28235,"href":"https:\/\/agradocosmetic.com\/it\/wp-json\/wp\/v2\/posts\/28234\/revisions\/28235"}],"wp:featuredmedia":[{"embeddable":true,"href":"https:\/\/agradocosmetic.com\/it\/wp-json\/wp\/v2\/media\/28220"}],"wp:attachment":[{"href":"https:\/\/agradocosmetic.com\/it\/wp-json\/wp\/v2\/media?parent=28234"}],"wp:term":[{"taxonomy":"category","embeddable":true,"href":"https:\/\/agradocosmetic.com\/it\/wp-json\/wp\/v2\/categories?post=28234"},{"taxonomy":"post_tag","embeddable":true,"href":"https:\/\/agradocosmetic.com\/it\/wp-json\/wp\/v2\/tags?post=28234"}],"curies":[{"name":"parola chiave","href":"https:\/\/api.w.org\/{rel}","templated":true}]}}