{"id":29418,"date":"2024-09-29T10:13:22","date_gmt":"2024-09-29T09:13:22","guid":{"rendered":"https:\/\/agradocosmetic.com\/?p=29418"},"modified":"2025-01-17T13:27:47","modified_gmt":"2025-01-17T12:27:47","slug":"por-esto-debes-usar-la-bruma-facial-solar-todo-el-ano","status":"publish","type":"post","link":"https:\/\/agradocosmetic.com\/it\/por-esto-debes-usar-la-bruma-facial-solar-todo-el-ano\/","title":{"rendered":"Ecco perch\u00e9 dovresti usare Solar Facial Mist tutto l&#039;anno"},"content":{"rendered":"<p><span style=\"font-weight: 400\">Quando pensiamo a come proteggerci dal sole, spesso limitiamo l&#039;uso di prodotti con SPF ai mesi estivi. Tuttavia, la realt\u00e0 \u00e8 che il viso \u00e8 esposto ai raggi UV tutto l&#039;anno, anche nelle giornate pi\u00f9 nuvolose. Pertanto, \u00e8 importante integrare la protezione solare. <a href=\"https:\/\/agradocosmetic.com\/it\/producto\/bruma-facial-solar-spf50\/\" target=\"_blank\" rel=\"noopener\"><strong>Nebbia solare per il viso Agrado<\/strong><\/a> nella tua routine quotidiana \u00e8 fondamentale mantenere la pelle sana e protetta.<\/span><\/p>\n<p><span style=\"font-weight: 400\">L&#039;esposizione al sole senza protezione pu\u00f2 causare invecchiamento precoce, macchie scure, secchezza e persino problemi pi\u00f9 gravi come il cancro della pelle. \u00c8 qui che il Sun Facial Mist di Agrado diventa il tuo migliore alleato. Questo pratico formato spray consente un&#039;applicazione rapida e uniforme, perfetto per chi ha uno stile di vita frenetico.<\/span><\/p>\n<p><span style=\"font-weight: 400\">Uno dei maggiori vantaggi di questo spray \u00e8 la sua texture ultraleggera che non lascia una sensazione untuosa n\u00e9 residui bianchi, caratteristiche che molte di noi ricercano in una protezione solare. Inoltre, \u00e8 perfetto per il trucco, poich\u00e9 puoi applicarlo sopra il fondotinta senza rovinare il look. Perfetto per i ritocchi di met\u00e0 giornata!<\/span><\/p>\n<p><span style=\"font-weight: 400\">E non dimentichiamo il suo elevato fattore di protezione: SPF 50+. Ci\u00f2 significa che la tua pelle sar\u00e0 protetta dai dannosi raggi UVA e UVB, indipendentemente dalla stagione o dalle condizioni meteorologiche.<\/span><\/p>\n<p><span style=\"font-weight: 400\">Con il Sun Facial Mist, prendersi cura del viso non \u00e8 mai stato cos\u00ec facile e pratico. Non ci sono pi\u00f9 scuse per non proteggere la pelle ogni giorno. Rendere l&#039;SPF un&#039;abitudine quotidiana far\u00e0 la differenza sulla salute e sull&#039;aspetto della pelle a lungo termine.<\/span><\/p>\n<p><span style=\"font-weight: 400\">Aggiungilo alla tua routine di cura della pelle e rendilo <\/span><strong><a href=\"https:\/\/agradocosmetic.com\/it\/producto\/bruma-facial-solar-spf50\/\" target=\"_blank\" rel=\"noopener\">Nebbia solare per il viso<\/a><\/strong><span style=\"font-weight: 400\"> Agrado \u00e8 un prodotto essenziale per tutto l&#039;anno. La tua pelle ti ringrazier\u00e0. <\/span><\/p>","protected":false},"excerpt":{"rendered":"<p>Cuando pensamos en protegernos del sol, muchas veces limitamos el uso de productos con SPF a los meses de verano. Sin embargo, la realidad es que el rostro est\u00e1 expuesto a los rayos UV durante todo el a\u00f1o, incluso en los d\u00edas m\u00e1s nublados. Por eso, incorporar la Bruma Facial Solar de Agrado en tu [&hellip;]<\/p>\n","protected":false},"author":11,"featured_media":29416,"comment_status":"open","ping_status":"closed","sticky":false,"template":"","format":"standard","meta":{"footnotes":"","_wp_rev_ctl_limit":""},"categories":[519,531],"tags":[797,798,799,800,766,751,126,274,317],"class_list":["post-29418","post","type-post","status-publish","format-standard","has-post-thumbnail","hentry","category-facial-en-todos","category-solar-en","tag-agrado-suncare","tag-bruma-protectora","tag-proteccion-solar-facial","tag-bruma-solar-facial","tag-bruma-facial","tag-spf50","tag-agrado","tag-agrado-cosmetic","tag-proteccion-solar"],"yoast_head":"<!-- This site is optimized with the Yoast SEO plugin v27.4 - https:\/\/yoast.com\/product\/yoast-seo-wordpress\/ -->\n<title>Por esto debes usar la Bruma Facial Solar todo el a\u00f1o - Agrado<\/title>\n<meta name=\"description\" content=\"Por esto incorporar la Bruma Facial Solar de Agrado en tu rutina diaria es esencial para mantener tu piel sana y protegida.\" \/>\n<meta name=\"robots\" content=\"index, follow, max-snippet:-1, max-image-preview:large, max-video-preview:-1\" \/>\n<link rel=\"canonical\" href=\"https:\/\/agradocosmetic.com\/it\/por-esto-debes-usar-la-bruma-facial-solar-todo-el-ano\/\" \/>\n<meta property=\"og:locale\" content=\"it_IT\" \/>\n<meta property=\"og:type\" content=\"article\" \/>\n<meta property=\"og:title\" content=\"Por esto debes usar la Bruma Facial Solar todo el a\u00f1o - Agrado\" \/>\n<meta property=\"og:description\" content=\"Por esto incorporar la Bruma Facial Solar de Agrado en tu rutina diaria es esencial para mantener tu piel sana y protegida.\" \/>\n<meta property=\"og:url\" content=\"https:\/\/agradocosmetic.com\/it\/por-esto-debes-usar-la-bruma-facial-solar-todo-el-ano\/\" \/>\n<meta property=\"og:site_name\" content=\"Agrado\" \/>\n<meta property=\"article:published_time\" content=\"2024-09-29T09:13:22+00:00\" \/>\n<meta property=\"article:modified_time\" content=\"2025-01-17T12:27:47+00:00\" \/>\n<meta property=\"og:image\" content=\"https:\/\/agradocosmetic.com\/wp-content\/uploads\/2025\/01\/SEPTIEMBRE-2.jpg\" \/>\n\t<meta property=\"og:image:width\" content=\"1140\" \/>\n\t<meta property=\"og:image:height\" content=\"600\" \/>\n\t<meta property=\"og:image:type\" content=\"image\/jpeg\" \/>\n<meta name=\"author\" content=\"carmen\" \/>\n<meta name=\"twitter:card\" content=\"summary_large_image\" \/>\n<meta name=\"twitter:label1\" content=\"Scritto da\" \/>\n\t<meta name=\"twitter:data1\" content=\"carmen\" \/>\n\t<meta name=\"twitter:label2\" content=\"Tempo di lettura stimato\" \/>\n\t<meta name=\"twitter:data2\" content=\"2 minuti\" \/>\n<script type=\"application\/ld+json\" class=\"yoast-schema-graph\">{\"@context\":\"https:\\\/\\\/schema.org\",\"@graph\":[{\"@type\":\"Article\",\"@id\":\"https:\\\/\\\/agradocosmetic.com\\\/por-esto-debes-usar-la-bruma-facial-solar-todo-el-ano\\\/#article\",\"isPartOf\":{\"@id\":\"https:\\\/\\\/agradocosmetic.com\\\/por-esto-debes-usar-la-bruma-facial-solar-todo-el-ano\\\/\"},\"author\":{\"name\":\"carmen\",\"@id\":\"https:\\\/\\\/agradocosmetic.com\\\/#\\\/schema\\\/person\\\/59124921013b50f80959d84fc7219096\"},\"headline\":\"Por esto debes usar la Bruma Facial Solar todo el a\u00f1o\",\"datePublished\":\"2024-09-29T09:13:22+00:00\",\"dateModified\":\"2025-01-17T12:27:47+00:00\",\"mainEntityOfPage\":{\"@id\":\"https:\\\/\\\/agradocosmetic.com\\\/por-esto-debes-usar-la-bruma-facial-solar-todo-el-ano\\\/\"},\"wordCount\":324,\"commentCount\":0,\"publisher\":{\"@id\":\"https:\\\/\\\/agradocosmetic.com\\\/#organization\"},\"image\":{\"@id\":\"https:\\\/\\\/agradocosmetic.com\\\/por-esto-debes-usar-la-bruma-facial-solar-todo-el-ano\\\/#primaryimage\"},\"thumbnailUrl\":\"https:\\\/\\\/agradocosmetic.com\\\/wp-content\\\/uploads\\\/2025\\\/01\\\/SEPTIEMBRE-2.jpg\",\"keywords\":[\"agrado suncare\",\"bruma protectora\",\"proteccion solar facial\",\"bruma solar facial\",\"bruma facial\",\"spf50+\",\"agrado\",\"agrado cosmetic\",\"proteccion solar\"],\"articleSection\":[\"Facial\",\"Solar\"],\"inLanguage\":\"it-IT\",\"potentialAction\":[{\"@type\":\"CommentAction\",\"name\":\"Comment\",\"target\":[\"https:\\\/\\\/agradocosmetic.com\\\/por-esto-debes-usar-la-bruma-facial-solar-todo-el-ano\\\/#respond\"]}]},{\"@type\":\"WebPage\",\"@id\":\"https:\\\/\\\/agradocosmetic.com\\\/por-esto-debes-usar-la-bruma-facial-solar-todo-el-ano\\\/\",\"url\":\"https:\\\/\\\/agradocosmetic.com\\\/por-esto-debes-usar-la-bruma-facial-solar-todo-el-ano\\\/\",\"name\":\"Por esto debes usar la Bruma Facial Solar todo el a\u00f1o - Agrado\",\"isPartOf\":{\"@id\":\"https:\\\/\\\/agradocosmetic.com\\\/#website\"},\"primaryImageOfPage\":{\"@id\":\"https:\\\/\\\/agradocosmetic.com\\\/por-esto-debes-usar-la-bruma-facial-solar-todo-el-ano\\\/#primaryimage\"},\"image\":{\"@id\":\"https:\\\/\\\/agradocosmetic.com\\\/por-esto-debes-usar-la-bruma-facial-solar-todo-el-ano\\\/#primaryimage\"},\"thumbnailUrl\":\"https:\\\/\\\/agradocosmetic.com\\\/wp-content\\\/uploads\\\/2025\\\/01\\\/SEPTIEMBRE-2.jpg\",\"datePublished\":\"2024-09-29T09:13:22+00:00\",\"dateModified\":\"2025-01-17T12:27:47+00:00\",\"description\":\"Por esto incorporar la Bruma Facial Solar de Agrado en tu rutina diaria es esencial para mantener tu piel sana y protegida.\",\"breadcrumb\":{\"@id\":\"https:\\\/\\\/agradocosmetic.com\\\/por-esto-debes-usar-la-bruma-facial-solar-todo-el-ano\\\/#breadcrumb\"},\"inLanguage\":\"it-IT\",\"potentialAction\":[{\"@type\":\"ReadAction\",\"target\":[\"https:\\\/\\\/agradocosmetic.com\\\/por-esto-debes-usar-la-bruma-facial-solar-todo-el-ano\\\/\"]}]},{\"@type\":\"ImageObject\",\"inLanguage\":\"it-IT\",\"@id\":\"https:\\\/\\\/agradocosmetic.com\\\/por-esto-debes-usar-la-bruma-facial-solar-todo-el-ano\\\/#primaryimage\",\"url\":\"https:\\\/\\\/agradocosmetic.com\\\/wp-content\\\/uploads\\\/2025\\\/01\\\/SEPTIEMBRE-2.jpg\",\"contentUrl\":\"https:\\\/\\\/agradocosmetic.com\\\/wp-content\\\/uploads\\\/2025\\\/01\\\/SEPTIEMBRE-2.jpg\",\"width\":1140,\"height\":600,\"caption\":\"bruma facial solar\"},{\"@type\":\"BreadcrumbList\",\"@id\":\"https:\\\/\\\/agradocosmetic.com\\\/por-esto-debes-usar-la-bruma-facial-solar-todo-el-ano\\\/#breadcrumb\",\"itemListElement\":[{\"@type\":\"ListItem\",\"position\":1,\"name\":\"Portada\",\"item\":\"https:\\\/\\\/agradocosmetic.com\\\/\"},{\"@type\":\"ListItem\",\"position\":2,\"name\":\"Por esto debes usar la Bruma Facial Solar todo el a\u00f1o\"}]},{\"@type\":\"WebSite\",\"@id\":\"https:\\\/\\\/agradocosmetic.com\\\/#website\",\"url\":\"https:\\\/\\\/agradocosmetic.com\\\/\",\"name\":\"Agrado\",\"description\":\"Cosmetic\",\"publisher\":{\"@id\":\"https:\\\/\\\/agradocosmetic.com\\\/#organization\"},\"potentialAction\":[{\"@type\":\"SearchAction\",\"target\":{\"@type\":\"EntryPoint\",\"urlTemplate\":\"https:\\\/\\\/agradocosmetic.com\\\/?s={search_term_string}\"},\"query-input\":{\"@type\":\"PropertyValueSpecification\",\"valueRequired\":true,\"valueName\":\"search_term_string\"}}],\"inLanguage\":\"it-IT\"},{\"@type\":\"Organization\",\"@id\":\"https:\\\/\\\/agradocosmetic.com\\\/#organization\",\"name\":\"Agrado\",\"url\":\"https:\\\/\\\/agradocosmetic.com\\\/\",\"logo\":{\"@type\":\"ImageObject\",\"inLanguage\":\"it-IT\",\"@id\":\"https:\\\/\\\/agradocosmetic.com\\\/#\\\/schema\\\/logo\\\/image\\\/\",\"url\":\"https:\\\/\\\/agradocosmetic.com\\\/wp-content\\\/uploads\\\/2023\\\/07\\\/LOGO-AGRADO-WEB-01.png\",\"contentUrl\":\"https:\\\/\\\/agradocosmetic.com\\\/wp-content\\\/uploads\\\/2023\\\/07\\\/LOGO-AGRADO-WEB-01.png\",\"width\":1632,\"height\":300,\"caption\":\"Agrado\"},\"image\":{\"@id\":\"https:\\\/\\\/agradocosmetic.com\\\/#\\\/schema\\\/logo\\\/image\\\/\"}},{\"@type\":\"Person\",\"@id\":\"https:\\\/\\\/agradocosmetic.com\\\/#\\\/schema\\\/person\\\/59124921013b50f80959d84fc7219096\",\"name\":\"carmen\",\"image\":{\"@type\":\"ImageObject\",\"inLanguage\":\"it-IT\",\"@id\":\"https:\\\/\\\/secure.gravatar.com\\\/avatar\\\/2036bf58c019bb0a3f94937a2ed7cab76ae6ebe239f705f7c62ea5c48f93531f?s=96&d=mm&r=g\",\"url\":\"https:\\\/\\\/secure.gravatar.com\\\/avatar\\\/2036bf58c019bb0a3f94937a2ed7cab76ae6ebe239f705f7c62ea5c48f93531f?s=96&d=mm&r=g\",\"contentUrl\":\"https:\\\/\\\/secure.gravatar.com\\\/avatar\\\/2036bf58c019bb0a3f94937a2ed7cab76ae6ebe239f705f7c62ea5c48f93531f?s=96&d=mm&r=g\",\"caption\":\"carmen\"}}]}<\/script>\n<!-- \/ Yoast SEO plugin. -->","yoast_head_json":{"title":"Por esto debes usar la Bruma Facial Solar todo el a\u00f1o - Agrado","description":"Por esto incorporar la Bruma Facial Solar de Agrado en tu rutina diaria es esencial para mantener tu piel sana y protegida.","robots":{"index":"index","follow":"follow","max-snippet":"max-snippet:-1","max-image-preview":"max-image-preview:large","max-video-preview":"max-video-preview:-1"},"canonical":"https:\/\/agradocosmetic.com\/it\/por-esto-debes-usar-la-bruma-facial-solar-todo-el-ano\/","og_locale":"it_IT","og_type":"article","og_title":"Por esto debes usar la Bruma Facial Solar todo el a\u00f1o - Agrado","og_description":"Por esto incorporar la Bruma Facial Solar de Agrado en tu rutina diaria es esencial para mantener tu piel sana y protegida.","og_url":"https:\/\/agradocosmetic.com\/it\/por-esto-debes-usar-la-bruma-facial-solar-todo-el-ano\/","og_site_name":"Agrado","article_published_time":"2024-09-29T09:13:22+00:00","article_modified_time":"2025-01-17T12:27:47+00:00","og_image":[{"width":1140,"height":600,"url":"https:\/\/agradocosmetic.com\/wp-content\/uploads\/2025\/01\/SEPTIEMBRE-2.jpg","type":"image\/jpeg"}],"author":"carmen","twitter_card":"summary_large_image","twitter_misc":{"Scritto da":"carmen","Tempo di lettura stimato":"2 minuti"},"schema":{"@context":"https:\/\/schema.org","@graph":[{"@type":"Article","@id":"https:\/\/agradocosmetic.com\/por-esto-debes-usar-la-bruma-facial-solar-todo-el-ano\/#article","isPartOf":{"@id":"https:\/\/agradocosmetic.com\/por-esto-debes-usar-la-bruma-facial-solar-todo-el-ano\/"},"author":{"name":"carmen","@id":"https:\/\/agradocosmetic.com\/#\/schema\/person\/59124921013b50f80959d84fc7219096"},"headline":"Por esto debes usar la Bruma Facial Solar todo el a\u00f1o","datePublished":"2024-09-29T09:13:22+00:00","dateModified":"2025-01-17T12:27:47+00:00","mainEntityOfPage":{"@id":"https:\/\/agradocosmetic.com\/por-esto-debes-usar-la-bruma-facial-solar-todo-el-ano\/"},"wordCount":324,"commentCount":0,"publisher":{"@id":"https:\/\/agradocosmetic.com\/#organization"},"image":{"@id":"https:\/\/agradocosmetic.com\/por-esto-debes-usar-la-bruma-facial-solar-todo-el-ano\/#primaryimage"},"thumbnailUrl":"https:\/\/agradocosmetic.com\/wp-content\/uploads\/2025\/01\/SEPTIEMBRE-2.jpg","keywords":["agrado suncare","bruma protectora","proteccion solar facial","bruma solar facial","bruma facial","spf50+","agrado","agrado cosmetic","proteccion solar"],"articleSection":["Facial","Solar"],"inLanguage":"it-IT","potentialAction":[{"@type":"CommentAction","name":"Comment","target":["https:\/\/agradocosmetic.com\/por-esto-debes-usar-la-bruma-facial-solar-todo-el-ano\/#respond"]}]},{"@type":"WebPage","@id":"https:\/\/agradocosmetic.com\/por-esto-debes-usar-la-bruma-facial-solar-todo-el-ano\/","url":"https:\/\/agradocosmetic.com\/por-esto-debes-usar-la-bruma-facial-solar-todo-el-ano\/","name":"Por esto debes usar la Bruma Facial Solar todo el a\u00f1o - Agrado","isPartOf":{"@id":"https:\/\/agradocosmetic.com\/#website"},"primaryImageOfPage":{"@id":"https:\/\/agradocosmetic.com\/por-esto-debes-usar-la-bruma-facial-solar-todo-el-ano\/#primaryimage"},"image":{"@id":"https:\/\/agradocosmetic.com\/por-esto-debes-usar-la-bruma-facial-solar-todo-el-ano\/#primaryimage"},"thumbnailUrl":"https:\/\/agradocosmetic.com\/wp-content\/uploads\/2025\/01\/SEPTIEMBRE-2.jpg","datePublished":"2024-09-29T09:13:22+00:00","dateModified":"2025-01-17T12:27:47+00:00","description":"Por esto incorporar la Bruma Facial Solar de Agrado en tu rutina diaria es esencial para mantener tu piel sana y protegida.","breadcrumb":{"@id":"https:\/\/agradocosmetic.com\/por-esto-debes-usar-la-bruma-facial-solar-todo-el-ano\/#breadcrumb"},"inLanguage":"it-IT","potentialAction":[{"@type":"ReadAction","target":["https:\/\/agradocosmetic.com\/por-esto-debes-usar-la-bruma-facial-solar-todo-el-ano\/"]}]},{"@type":"ImageObject","inLanguage":"it-IT","@id":"https:\/\/agradocosmetic.com\/por-esto-debes-usar-la-bruma-facial-solar-todo-el-ano\/#primaryimage","url":"https:\/\/agradocosmetic.com\/wp-content\/uploads\/2025\/01\/SEPTIEMBRE-2.jpg","contentUrl":"https:\/\/agradocosmetic.com\/wp-content\/uploads\/2025\/01\/SEPTIEMBRE-2.jpg","width":1140,"height":600,"caption":"bruma facial solar"},{"@type":"BreadcrumbList","@id":"https:\/\/agradocosmetic.com\/por-esto-debes-usar-la-bruma-facial-solar-todo-el-ano\/#breadcrumb","itemListElement":[{"@type":"ListItem","position":1,"name":"Portada","item":"https:\/\/agradocosmetic.com\/"},{"@type":"ListItem","position":2,"name":"Por esto debes usar la Bruma Facial Solar todo el a\u00f1o"}]},{"@type":"WebSite","@id":"https:\/\/agradocosmetic.com\/#website","url":"https:\/\/agradocosmetic.com\/","name":"Mi piace","description":"cosmetico","publisher":{"@id":"https:\/\/agradocosmetic.com\/#organization"},"potentialAction":[{"@type":"SearchAction","target":{"@type":"EntryPoint","urlTemplate":"https:\/\/agradocosmetic.com\/?s={search_term_string}"},"query-input":{"@type":"PropertyValueSpecification","valueRequired":true,"valueName":"search_term_string"}}],"inLanguage":"it-IT"},{"@type":"Organization","@id":"https:\/\/agradocosmetic.com\/#organization","name":"Mi piace","url":"https:\/\/agradocosmetic.com\/","logo":{"@type":"ImageObject","inLanguage":"it-IT","@id":"https:\/\/agradocosmetic.com\/#\/schema\/logo\/image\/","url":"https:\/\/agradocosmetic.com\/wp-content\/uploads\/2023\/07\/LOGO-AGRADO-WEB-01.png","contentUrl":"https:\/\/agradocosmetic.com\/wp-content\/uploads\/2023\/07\/LOGO-AGRADO-WEB-01.png","width":1632,"height":300,"caption":"Agrado"},"image":{"@id":"https:\/\/agradocosmetic.com\/#\/schema\/logo\/image\/"}},{"@type":"Person","@id":"https:\/\/agradocosmetic.com\/#\/schema\/person\/59124921013b50f80959d84fc7219096","name":"Carmen","image":{"@type":"ImageObject","inLanguage":"it-IT","@id":"https:\/\/secure.gravatar.com\/avatar\/2036bf58c019bb0a3f94937a2ed7cab76ae6ebe239f705f7c62ea5c48f93531f?s=96&d=mm&r=g","url":"https:\/\/secure.gravatar.com\/avatar\/2036bf58c019bb0a3f94937a2ed7cab76ae6ebe239f705f7c62ea5c48f93531f?s=96&d=mm&r=g","contentUrl":"https:\/\/secure.gravatar.com\/avatar\/2036bf58c019bb0a3f94937a2ed7cab76ae6ebe239f705f7c62ea5c48f93531f?s=96&d=mm&r=g","caption":"carmen"}}]}},"_links":{"self":[{"href":"https:\/\/agradocosmetic.com\/it\/wp-json\/wp\/v2\/posts\/29418","targetHints":{"allow":["GET"]}}],"collection":[{"href":"https:\/\/agradocosmetic.com\/it\/wp-json\/wp\/v2\/posts"}],"about":[{"href":"https:\/\/agradocosmetic.com\/it\/wp-json\/wp\/v2\/types\/post"}],"author":[{"embeddable":true,"href":"https:\/\/agradocosmetic.com\/it\/wp-json\/wp\/v2\/users\/11"}],"replies":[{"embeddable":true,"href":"https:\/\/agradocosmetic.com\/it\/wp-json\/wp\/v2\/comments?post=29418"}],"version-history":[{"count":1,"href":"https:\/\/agradocosmetic.com\/it\/wp-json\/wp\/v2\/posts\/29418\/revisions"}],"predecessor-version":[{"id":29419,"href":"https:\/\/agradocosmetic.com\/it\/wp-json\/wp\/v2\/posts\/29418\/revisions\/29419"}],"wp:featuredmedia":[{"embeddable":true,"href":"https:\/\/agradocosmetic.com\/it\/wp-json\/wp\/v2\/media\/29416"}],"wp:attachment":[{"href":"https:\/\/agradocosmetic.com\/it\/wp-json\/wp\/v2\/media?parent=29418"}],"wp:term":[{"taxonomy":"category","embeddable":true,"href":"https:\/\/agradocosmetic.com\/it\/wp-json\/wp\/v2\/categories?post=29418"},{"taxonomy":"post_tag","embeddable":true,"href":"https:\/\/agradocosmetic.com\/it\/wp-json\/wp\/v2\/tags?post=29418"}],"curies":[{"name":"parola chiave","href":"https:\/\/api.w.org\/{rel}","templated":true}]}}