{"id":30486,"date":"2025-03-11T12:00:52","date_gmt":"2025-03-11T11:00:52","guid":{"rendered":"https:\/\/agradocosmetic.com\/?p=30486"},"modified":"2025-06-09T12:01:07","modified_gmt":"2025-06-09T11:01:07","slug":"todo-lo-que-el-aloe-vera-puede-hacer-por-tu-piel","status":"publish","type":"post","link":"https:\/\/agradocosmetic.com\/it\/todo-lo-que-el-aloe-vera-puede-hacer-por-tu-piel\/","title":{"rendered":"Tutto ci\u00f2 che l&#039;aloe vera pu\u00f2 fare per la tua pelle"},"content":{"rendered":"<p><span style=\"font-weight: 400\">Ci sono ingredienti che non passano mai di moda per un motivo: funzionano. E l&#039;aloe vera \u00e8 uno di quei grandi classici della cura della pelle che, stagione dopo stagione, dimostra perch\u00e9 merita un posto fisso nella nostra routine.<\/span><\/p>\n<p><span style=\"font-weight: 400\">Questo tesoro naturale \u00e8 noto per le sue propriet\u00e0 lenitive, idratanti e rigeneranti. Ideale per tutti i tipi di pelle (anche le pi\u00f9 sensibili), l&#039;aloe vera aiuta a lenire le irritazioni, a lenire la pelle dopo l&#039;esposizione al sole o la rasatura, a ridurre i rossori e a donare un&#039;immediata sensazione di freschezza.<\/span><\/p>\n<p><span style=\"font-weight: 400\">Il nostro preferito per godere di tutti questi vantaggi? <a href=\"https:\/\/agradocosmetic.com\/it\/producto\/crema-corporal-aloe-vera\/\" target=\"_blank\" rel=\"noopener\">Crema corpo all&#039;aloe vera<\/a>La sua texture leggera si fonde istantaneamente sulla pelle, senza lasciare una sensazione appiccicosa o untuosa. \u00c8 perfetto da applicare dopo la doccia o ogni volta che si desidera maggiore freschezza e morbidezza. Noterete che la vostra pelle \u00e8 pi\u00f9 idratata, elastica e luminosa fin dalla prima applicazione.<\/span><\/p>\n<p><span style=\"font-weight: 400\">Inoltre, questo prodotto \u00e8 ideale per quei giorni in cui la tua pelle ha bisogno di qualche coccola in pi\u00f9: dopo l&#039;esposizione al sole, dopo la ceretta o semplicemente come parte del tuo rituale di cura personale quotidiano.<\/span><\/p>\n<p><span style=\"font-weight: 400\">E come ad Agrado curiamo ogni dettaglio, il <a href=\"https:\/\/agradocosmetic.com\/it\/producto\/crema-corporal-aloe-vera\/\" target=\"_blank\" rel=\"noopener\">Crema corpo all&#039;aloe vera<\/a> Si presenta in confezioni pratiche e pi\u00f9 rispettose dell&#039;ambiente, riaffermando il nostro impegno per una cosmetica sempre pi\u00f9 consapevole.<\/span><\/p>\n<p><span style=\"font-weight: 400\">Questo marzo, fai dell&#039;aloe vera il tuo miglior alleato e riscopri il piacere di prenderti cura della tua pelle con un gesto tanto semplice quanto efficace.<\/span><span style=\"font-weight: 400\">Perch\u00e9 coccolarsi \u00e8 anche un modo per riconnettersi con se stessi!<\/span><\/p>","protected":false},"excerpt":{"rendered":"<p>Hay ingredientes que nunca pasan de moda por una raz\u00f3n: funcionan. Y el aloe vera es uno de esos grandes cl\u00e1sicos del cuidado de la piel que, temporada tras temporada, demuestra por qu\u00e9 merece un lugar fijo en nuestra rutina. Este tesoro natural es conocido por su poder calmante, hidratante y regenerador. Ideal para todo [&hellip;]<\/p>\n","protected":false},"author":11,"featured_media":30474,"comment_status":"open","ping_status":"closed","sticky":false,"template":"","format":"standard","meta":{"footnotes":"","_wp_rev_ctl_limit":""},"categories":[149],"tags":[863,864,865,866,867,853,796,126,274,275,355,375,205],"class_list":["post-30486","post","type-post","status-publish","format-standard","has-post-thumbnail","hentry","category-corporal","tag-aloe","tag-gel-aloe","tag-gel-de-ducha-aloe","tag-after-sun-aloe","tag-beneficios-aloe-vera","tag-cuidado-piel","tag-body-milk","tag-agrado","tag-agrado-cosmetic","tag-aloe-vera","tag-beneficios","tag-cuidado-corporal","tag-hidratacion"],"yoast_head":"<!-- This site is optimized with the Yoast SEO plugin v27.4 - https:\/\/yoast.com\/product\/yoast-seo-wordpress\/ -->\n<title>Todo lo que el aloe vera puede hacer por tu piel - Agrado<\/title>\n<meta name=\"description\" content=\"El aloe vera es uno de esos grandes ingredientes del cuidado de la piel. \u00a1Te demostramos por qu\u00e9 merece un lugar fijo en tu rutina!\" \/>\n<meta name=\"robots\" content=\"index, follow, max-snippet:-1, max-image-preview:large, max-video-preview:-1\" \/>\n<link rel=\"canonical\" href=\"https:\/\/agradocosmetic.com\/it\/todo-lo-que-el-aloe-vera-puede-hacer-por-tu-piel\/\" \/>\n<meta property=\"og:locale\" content=\"it_IT\" \/>\n<meta property=\"og:type\" content=\"article\" \/>\n<meta property=\"og:title\" content=\"Todo lo que el aloe vera puede hacer por tu piel - Agrado\" \/>\n<meta property=\"og:description\" content=\"El aloe vera es uno de esos grandes ingredientes del cuidado de la piel. \u00a1Te demostramos por qu\u00e9 merece un lugar fijo en tu rutina!\" \/>\n<meta property=\"og:url\" content=\"https:\/\/agradocosmetic.com\/it\/todo-lo-que-el-aloe-vera-puede-hacer-por-tu-piel\/\" \/>\n<meta property=\"og:site_name\" content=\"Agrado\" \/>\n<meta property=\"article:published_time\" content=\"2025-03-11T11:00:52+00:00\" \/>\n<meta property=\"article:modified_time\" content=\"2025-06-09T11:01:07+00:00\" \/>\n<meta property=\"og:image\" content=\"https:\/\/agradocosmetic.com\/wp-content\/uploads\/2025\/06\/FEBRERO-2.jpg\" \/>\n\t<meta property=\"og:image:width\" content=\"1140\" \/>\n\t<meta property=\"og:image:height\" content=\"600\" \/>\n\t<meta property=\"og:image:type\" content=\"image\/jpeg\" \/>\n<meta name=\"author\" content=\"carmen\" \/>\n<meta name=\"twitter:card\" content=\"summary_large_image\" \/>\n<meta name=\"twitter:label1\" content=\"Scritto da\" \/>\n\t<meta name=\"twitter:data1\" content=\"carmen\" \/>\n\t<meta name=\"twitter:label2\" content=\"Tempo di lettura stimato\" \/>\n\t<meta name=\"twitter:data2\" content=\"2 minuti\" \/>\n<script type=\"application\/ld+json\" class=\"yoast-schema-graph\">{\"@context\":\"https:\\\/\\\/schema.org\",\"@graph\":[{\"@type\":\"Article\",\"@id\":\"https:\\\/\\\/agradocosmetic.com\\\/todo-lo-que-el-aloe-vera-puede-hacer-por-tu-piel\\\/#article\",\"isPartOf\":{\"@id\":\"https:\\\/\\\/agradocosmetic.com\\\/todo-lo-que-el-aloe-vera-puede-hacer-por-tu-piel\\\/\"},\"author\":{\"name\":\"carmen\",\"@id\":\"https:\\\/\\\/agradocosmetic.com\\\/#\\\/schema\\\/person\\\/59124921013b50f80959d84fc7219096\"},\"headline\":\"Todo lo que el aloe vera puede hacer por tu piel\",\"datePublished\":\"2025-03-11T11:00:52+00:00\",\"dateModified\":\"2025-06-09T11:01:07+00:00\",\"mainEntityOfPage\":{\"@id\":\"https:\\\/\\\/agradocosmetic.com\\\/todo-lo-que-el-aloe-vera-puede-hacer-por-tu-piel\\\/\"},\"wordCount\":275,\"commentCount\":0,\"publisher\":{\"@id\":\"https:\\\/\\\/agradocosmetic.com\\\/#organization\"},\"image\":{\"@id\":\"https:\\\/\\\/agradocosmetic.com\\\/todo-lo-que-el-aloe-vera-puede-hacer-por-tu-piel\\\/#primaryimage\"},\"thumbnailUrl\":\"https:\\\/\\\/agradocosmetic.com\\\/wp-content\\\/uploads\\\/2025\\\/06\\\/FEBRERO-2.jpg\",\"keywords\":[\"aloe\",\"gel aloe\",\"gel de ducha aloe\",\"after sun aloe\",\"beneficios aloe vera\",\"cuidado piel\",\"body milk\",\"agrado\",\"agrado cosmetic\",\"aloe vera\",\"beneficios\",\"cuidado corporal\",\"hidrataci\u00f3n\"],\"articleSection\":[\"Corporal\"],\"inLanguage\":\"it-IT\",\"potentialAction\":[{\"@type\":\"CommentAction\",\"name\":\"Comment\",\"target\":[\"https:\\\/\\\/agradocosmetic.com\\\/todo-lo-que-el-aloe-vera-puede-hacer-por-tu-piel\\\/#respond\"]}]},{\"@type\":\"WebPage\",\"@id\":\"https:\\\/\\\/agradocosmetic.com\\\/todo-lo-que-el-aloe-vera-puede-hacer-por-tu-piel\\\/\",\"url\":\"https:\\\/\\\/agradocosmetic.com\\\/todo-lo-que-el-aloe-vera-puede-hacer-por-tu-piel\\\/\",\"name\":\"Todo lo que el aloe vera puede hacer por tu piel - Agrado\",\"isPartOf\":{\"@id\":\"https:\\\/\\\/agradocosmetic.com\\\/#website\"},\"primaryImageOfPage\":{\"@id\":\"https:\\\/\\\/agradocosmetic.com\\\/todo-lo-que-el-aloe-vera-puede-hacer-por-tu-piel\\\/#primaryimage\"},\"image\":{\"@id\":\"https:\\\/\\\/agradocosmetic.com\\\/todo-lo-que-el-aloe-vera-puede-hacer-por-tu-piel\\\/#primaryimage\"},\"thumbnailUrl\":\"https:\\\/\\\/agradocosmetic.com\\\/wp-content\\\/uploads\\\/2025\\\/06\\\/FEBRERO-2.jpg\",\"datePublished\":\"2025-03-11T11:00:52+00:00\",\"dateModified\":\"2025-06-09T11:01:07+00:00\",\"description\":\"El aloe vera es uno de esos grandes ingredientes del cuidado de la piel. \u00a1Te demostramos por qu\u00e9 merece un lugar fijo en tu rutina!\",\"breadcrumb\":{\"@id\":\"https:\\\/\\\/agradocosmetic.com\\\/todo-lo-que-el-aloe-vera-puede-hacer-por-tu-piel\\\/#breadcrumb\"},\"inLanguage\":\"it-IT\",\"potentialAction\":[{\"@type\":\"ReadAction\",\"target\":[\"https:\\\/\\\/agradocosmetic.com\\\/todo-lo-que-el-aloe-vera-puede-hacer-por-tu-piel\\\/\"]}]},{\"@type\":\"ImageObject\",\"inLanguage\":\"it-IT\",\"@id\":\"https:\\\/\\\/agradocosmetic.com\\\/todo-lo-que-el-aloe-vera-puede-hacer-por-tu-piel\\\/#primaryimage\",\"url\":\"https:\\\/\\\/agradocosmetic.com\\\/wp-content\\\/uploads\\\/2025\\\/06\\\/FEBRERO-2.jpg\",\"contentUrl\":\"https:\\\/\\\/agradocosmetic.com\\\/wp-content\\\/uploads\\\/2025\\\/06\\\/FEBRERO-2.jpg\",\"width\":1140,\"height\":600,\"caption\":\"aloe vera\"},{\"@type\":\"BreadcrumbList\",\"@id\":\"https:\\\/\\\/agradocosmetic.com\\\/todo-lo-que-el-aloe-vera-puede-hacer-por-tu-piel\\\/#breadcrumb\",\"itemListElement\":[{\"@type\":\"ListItem\",\"position\":1,\"name\":\"Portada\",\"item\":\"https:\\\/\\\/agradocosmetic.com\\\/\"},{\"@type\":\"ListItem\",\"position\":2,\"name\":\"Todo lo que el aloe vera puede hacer por tu piel\"}]},{\"@type\":\"WebSite\",\"@id\":\"https:\\\/\\\/agradocosmetic.com\\\/#website\",\"url\":\"https:\\\/\\\/agradocosmetic.com\\\/\",\"name\":\"Agrado\",\"description\":\"Cosmetic\",\"publisher\":{\"@id\":\"https:\\\/\\\/agradocosmetic.com\\\/#organization\"},\"potentialAction\":[{\"@type\":\"SearchAction\",\"target\":{\"@type\":\"EntryPoint\",\"urlTemplate\":\"https:\\\/\\\/agradocosmetic.com\\\/?s={search_term_string}\"},\"query-input\":{\"@type\":\"PropertyValueSpecification\",\"valueRequired\":true,\"valueName\":\"search_term_string\"}}],\"inLanguage\":\"it-IT\"},{\"@type\":\"Organization\",\"@id\":\"https:\\\/\\\/agradocosmetic.com\\\/#organization\",\"name\":\"Agrado\",\"url\":\"https:\\\/\\\/agradocosmetic.com\\\/\",\"logo\":{\"@type\":\"ImageObject\",\"inLanguage\":\"it-IT\",\"@id\":\"https:\\\/\\\/agradocosmetic.com\\\/#\\\/schema\\\/logo\\\/image\\\/\",\"url\":\"https:\\\/\\\/agradocosmetic.com\\\/wp-content\\\/uploads\\\/2023\\\/07\\\/LOGO-AGRADO-WEB-01.png\",\"contentUrl\":\"https:\\\/\\\/agradocosmetic.com\\\/wp-content\\\/uploads\\\/2023\\\/07\\\/LOGO-AGRADO-WEB-01.png\",\"width\":1632,\"height\":300,\"caption\":\"Agrado\"},\"image\":{\"@id\":\"https:\\\/\\\/agradocosmetic.com\\\/#\\\/schema\\\/logo\\\/image\\\/\"}},{\"@type\":\"Person\",\"@id\":\"https:\\\/\\\/agradocosmetic.com\\\/#\\\/schema\\\/person\\\/59124921013b50f80959d84fc7219096\",\"name\":\"carmen\",\"image\":{\"@type\":\"ImageObject\",\"inLanguage\":\"it-IT\",\"@id\":\"https:\\\/\\\/secure.gravatar.com\\\/avatar\\\/2036bf58c019bb0a3f94937a2ed7cab76ae6ebe239f705f7c62ea5c48f93531f?s=96&d=mm&r=g\",\"url\":\"https:\\\/\\\/secure.gravatar.com\\\/avatar\\\/2036bf58c019bb0a3f94937a2ed7cab76ae6ebe239f705f7c62ea5c48f93531f?s=96&d=mm&r=g\",\"contentUrl\":\"https:\\\/\\\/secure.gravatar.com\\\/avatar\\\/2036bf58c019bb0a3f94937a2ed7cab76ae6ebe239f705f7c62ea5c48f93531f?s=96&d=mm&r=g\",\"caption\":\"carmen\"}}]}<\/script>\n<!-- \/ Yoast SEO plugin. -->","yoast_head_json":{"title":"Todo lo que el aloe vera puede hacer por tu piel - Agrado","description":"El aloe vera es uno de esos grandes ingredientes del cuidado de la piel. \u00a1Te demostramos por qu\u00e9 merece un lugar fijo en tu rutina!","robots":{"index":"index","follow":"follow","max-snippet":"max-snippet:-1","max-image-preview":"max-image-preview:large","max-video-preview":"max-video-preview:-1"},"canonical":"https:\/\/agradocosmetic.com\/it\/todo-lo-que-el-aloe-vera-puede-hacer-por-tu-piel\/","og_locale":"it_IT","og_type":"article","og_title":"Todo lo que el aloe vera puede hacer por tu piel - Agrado","og_description":"El aloe vera es uno de esos grandes ingredientes del cuidado de la piel. \u00a1Te demostramos por qu\u00e9 merece un lugar fijo en tu rutina!","og_url":"https:\/\/agradocosmetic.com\/it\/todo-lo-que-el-aloe-vera-puede-hacer-por-tu-piel\/","og_site_name":"Agrado","article_published_time":"2025-03-11T11:00:52+00:00","article_modified_time":"2025-06-09T11:01:07+00:00","og_image":[{"width":1140,"height":600,"url":"https:\/\/agradocosmetic.com\/wp-content\/uploads\/2025\/06\/FEBRERO-2.jpg","type":"image\/jpeg"}],"author":"carmen","twitter_card":"summary_large_image","twitter_misc":{"Scritto da":"carmen","Tempo di lettura stimato":"2 minuti"},"schema":{"@context":"https:\/\/schema.org","@graph":[{"@type":"Article","@id":"https:\/\/agradocosmetic.com\/todo-lo-que-el-aloe-vera-puede-hacer-por-tu-piel\/#article","isPartOf":{"@id":"https:\/\/agradocosmetic.com\/todo-lo-que-el-aloe-vera-puede-hacer-por-tu-piel\/"},"author":{"name":"carmen","@id":"https:\/\/agradocosmetic.com\/#\/schema\/person\/59124921013b50f80959d84fc7219096"},"headline":"Todo lo que el aloe vera puede hacer por tu piel","datePublished":"2025-03-11T11:00:52+00:00","dateModified":"2025-06-09T11:01:07+00:00","mainEntityOfPage":{"@id":"https:\/\/agradocosmetic.com\/todo-lo-que-el-aloe-vera-puede-hacer-por-tu-piel\/"},"wordCount":275,"commentCount":0,"publisher":{"@id":"https:\/\/agradocosmetic.com\/#organization"},"image":{"@id":"https:\/\/agradocosmetic.com\/todo-lo-que-el-aloe-vera-puede-hacer-por-tu-piel\/#primaryimage"},"thumbnailUrl":"https:\/\/agradocosmetic.com\/wp-content\/uploads\/2025\/06\/FEBRERO-2.jpg","keywords":["aloe","gel aloe","gel de ducha aloe","after sun aloe","beneficios aloe vera","cuidado piel","body milk","agrado","agrado cosmetic","aloe vera","beneficios","cuidado corporal","hidrataci\u00f3n"],"articleSection":["Corporal"],"inLanguage":"it-IT","potentialAction":[{"@type":"CommentAction","name":"Comment","target":["https:\/\/agradocosmetic.com\/todo-lo-que-el-aloe-vera-puede-hacer-por-tu-piel\/#respond"]}]},{"@type":"WebPage","@id":"https:\/\/agradocosmetic.com\/todo-lo-que-el-aloe-vera-puede-hacer-por-tu-piel\/","url":"https:\/\/agradocosmetic.com\/todo-lo-que-el-aloe-vera-puede-hacer-por-tu-piel\/","name":"Todo lo que el aloe vera puede hacer por tu piel - Agrado","isPartOf":{"@id":"https:\/\/agradocosmetic.com\/#website"},"primaryImageOfPage":{"@id":"https:\/\/agradocosmetic.com\/todo-lo-que-el-aloe-vera-puede-hacer-por-tu-piel\/#primaryimage"},"image":{"@id":"https:\/\/agradocosmetic.com\/todo-lo-que-el-aloe-vera-puede-hacer-por-tu-piel\/#primaryimage"},"thumbnailUrl":"https:\/\/agradocosmetic.com\/wp-content\/uploads\/2025\/06\/FEBRERO-2.jpg","datePublished":"2025-03-11T11:00:52+00:00","dateModified":"2025-06-09T11:01:07+00:00","description":"El aloe vera es uno de esos grandes ingredientes del cuidado de la piel. \u00a1Te demostramos por qu\u00e9 merece un lugar fijo en tu rutina!","breadcrumb":{"@id":"https:\/\/agradocosmetic.com\/todo-lo-que-el-aloe-vera-puede-hacer-por-tu-piel\/#breadcrumb"},"inLanguage":"it-IT","potentialAction":[{"@type":"ReadAction","target":["https:\/\/agradocosmetic.com\/todo-lo-que-el-aloe-vera-puede-hacer-por-tu-piel\/"]}]},{"@type":"ImageObject","inLanguage":"it-IT","@id":"https:\/\/agradocosmetic.com\/todo-lo-que-el-aloe-vera-puede-hacer-por-tu-piel\/#primaryimage","url":"https:\/\/agradocosmetic.com\/wp-content\/uploads\/2025\/06\/FEBRERO-2.jpg","contentUrl":"https:\/\/agradocosmetic.com\/wp-content\/uploads\/2025\/06\/FEBRERO-2.jpg","width":1140,"height":600,"caption":"aloe vera"},{"@type":"BreadcrumbList","@id":"https:\/\/agradocosmetic.com\/todo-lo-que-el-aloe-vera-puede-hacer-por-tu-piel\/#breadcrumb","itemListElement":[{"@type":"ListItem","position":1,"name":"Portada","item":"https:\/\/agradocosmetic.com\/"},{"@type":"ListItem","position":2,"name":"Todo lo que el aloe vera puede hacer por tu piel"}]},{"@type":"WebSite","@id":"https:\/\/agradocosmetic.com\/#website","url":"https:\/\/agradocosmetic.com\/","name":"Mi piace","description":"cosmetico","publisher":{"@id":"https:\/\/agradocosmetic.com\/#organization"},"potentialAction":[{"@type":"SearchAction","target":{"@type":"EntryPoint","urlTemplate":"https:\/\/agradocosmetic.com\/?s={search_term_string}"},"query-input":{"@type":"PropertyValueSpecification","valueRequired":true,"valueName":"search_term_string"}}],"inLanguage":"it-IT"},{"@type":"Organization","@id":"https:\/\/agradocosmetic.com\/#organization","name":"Mi piace","url":"https:\/\/agradocosmetic.com\/","logo":{"@type":"ImageObject","inLanguage":"it-IT","@id":"https:\/\/agradocosmetic.com\/#\/schema\/logo\/image\/","url":"https:\/\/agradocosmetic.com\/wp-content\/uploads\/2023\/07\/LOGO-AGRADO-WEB-01.png","contentUrl":"https:\/\/agradocosmetic.com\/wp-content\/uploads\/2023\/07\/LOGO-AGRADO-WEB-01.png","width":1632,"height":300,"caption":"Agrado"},"image":{"@id":"https:\/\/agradocosmetic.com\/#\/schema\/logo\/image\/"}},{"@type":"Person","@id":"https:\/\/agradocosmetic.com\/#\/schema\/person\/59124921013b50f80959d84fc7219096","name":"Carmen","image":{"@type":"ImageObject","inLanguage":"it-IT","@id":"https:\/\/secure.gravatar.com\/avatar\/2036bf58c019bb0a3f94937a2ed7cab76ae6ebe239f705f7c62ea5c48f93531f?s=96&d=mm&r=g","url":"https:\/\/secure.gravatar.com\/avatar\/2036bf58c019bb0a3f94937a2ed7cab76ae6ebe239f705f7c62ea5c48f93531f?s=96&d=mm&r=g","contentUrl":"https:\/\/secure.gravatar.com\/avatar\/2036bf58c019bb0a3f94937a2ed7cab76ae6ebe239f705f7c62ea5c48f93531f?s=96&d=mm&r=g","caption":"carmen"}}]}},"_links":{"self":[{"href":"https:\/\/agradocosmetic.com\/it\/wp-json\/wp\/v2\/posts\/30486","targetHints":{"allow":["GET"]}}],"collection":[{"href":"https:\/\/agradocosmetic.com\/it\/wp-json\/wp\/v2\/posts"}],"about":[{"href":"https:\/\/agradocosmetic.com\/it\/wp-json\/wp\/v2\/types\/post"}],"author":[{"embeddable":true,"href":"https:\/\/agradocosmetic.com\/it\/wp-json\/wp\/v2\/users\/11"}],"replies":[{"embeddable":true,"href":"https:\/\/agradocosmetic.com\/it\/wp-json\/wp\/v2\/comments?post=30486"}],"version-history":[{"count":1,"href":"https:\/\/agradocosmetic.com\/it\/wp-json\/wp\/v2\/posts\/30486\/revisions"}],"predecessor-version":[{"id":30487,"href":"https:\/\/agradocosmetic.com\/it\/wp-json\/wp\/v2\/posts\/30486\/revisions\/30487"}],"wp:featuredmedia":[{"embeddable":true,"href":"https:\/\/agradocosmetic.com\/it\/wp-json\/wp\/v2\/media\/30474"}],"wp:attachment":[{"href":"https:\/\/agradocosmetic.com\/it\/wp-json\/wp\/v2\/media?parent=30486"}],"wp:term":[{"taxonomy":"category","embeddable":true,"href":"https:\/\/agradocosmetic.com\/it\/wp-json\/wp\/v2\/categories?post=30486"},{"taxonomy":"post_tag","embeddable":true,"href":"https:\/\/agradocosmetic.com\/it\/wp-json\/wp\/v2\/tags?post=30486"}],"curies":[{"name":"parola chiave","href":"https:\/\/api.w.org\/{rel}","templated":true}]}}