{"id":30496,"date":"2025-05-22T11:00:59","date_gmt":"2025-05-22T10:00:59","guid":{"rendered":"https:\/\/agradocosmetic.com\/?p=30496"},"modified":"2025-06-09T12:29:24","modified_gmt":"2025-06-09T11:29:24","slug":"guia-de-proteccion-solar-todo-lo-que-debes-saber","status":"publish","type":"post","link":"https:\/\/agradocosmetic.com\/it\/guia-de-proteccion-solar-todo-lo-que-debes-saber\/","title":{"rendered":"Guida alla protezione solare: tutto ci\u00f2 che devi sapere"},"content":{"rendered":"<p><span style=\"font-weight: 400\">L&#039;estate \u00e8 alle porte e con essa arrivano le giornate trascorse in spiaggia, a bordo piscina e a rilassarci all&#039;aria aperta. Ma prima di godersi il sole, \u00e8 fondamentale sapere come proteggere adeguatamente la pelle. Ecco una pratica guida alla protezione solare per mantenerla sana e luminosa per tutta la stagione.<\/span><\/p>\n<h3><span style=\"font-family: -apple-system, BlinkMacSystemFont, 'Segoe UI', Roboto, 'Helvetica Neue', Arial, 'Noto Sans', sans-serif, 'Apple Color Emoji', 'Segoe UI Emoji', 'Segoe UI Symbol', 'Noto Color Emoji'\">Scegli la protezione solare giusta<\/span><\/h3>\n<p><span style=\"font-weight: 400\">Non tutti loro <a href=\"https:\/\/agradocosmetic.com\/it\/categoria-de-producto\/proteccion-solar\/\" target=\"_blank\" rel=\"noopener\">Filtri solari<\/a> Sono tutti uguali. \u00c8 importante sceglierne uno adatto al proprio tipo di pelle e alle attivit\u00e0 che si svolgono. Ad esempio, se si ha la pelle sensibile, \u00e8 meglio optare per formule ipoallergeniche e senza profumo. Per le attivit\u00e0 all&#039;aperto o gli sport, \u00e8 meglio scegliere prodotti resistenti all&#039;acqua e al sudore.<\/span><\/p>\n<h3><span style=\"font-family: -apple-system, BlinkMacSystemFont, 'Segoe UI', Roboto, 'Helvetica Neue', Arial, 'Noto Sans', sans-serif, 'Apple Color Emoji', 'Segoe UI Emoji', 'Segoe UI Symbol', 'Noto Color Emoji'\">Applicare la quantit\u00e0 corretta<\/span><\/h3>\n<p><span style=\"font-weight: 400\">Per una protezione efficace, si consiglia di applicare circa 2 mg di crema solare per cm\u00b2 di pelle. Ci\u00f2 equivale a circa due cucchiai per coprire il corpo di un adulto medio.<\/span><\/p>\n<h3><span style=\"font-family: -apple-system, BlinkMacSystemFont, 'Segoe UI', Roboto, 'Helvetica Neue', Arial, 'Noto Sans', sans-serif, 'Apple Color Emoji', 'Segoe UI Emoji', 'Segoe UI Symbol', 'Noto Color Emoji'\">Riapplicare frequentemente<\/span><\/h3>\n<p><span style=\"font-weight: 400\">La protezione solare non dura tutto il giorno. \u00c8 fondamentale riapplicarla ogni due ore e dopo aver fatto il bagno, sudato o essersi asciugati con l&#039;asciugamano.<\/span><\/p>\n<h3><span style=\"font-family: -apple-system, BlinkMacSystemFont, 'Segoe UI', Roboto, 'Helvetica Neue', Arial, 'Noto Sans', sans-serif, 'Apple Color Emoji', 'Segoe UI Emoji', 'Segoe UI Symbol', 'Noto Color Emoji'\">Non esporsi nelle ore di punta<\/span><\/h3>\n<p><span style=\"font-weight: 400\">Evitate l&#039;esposizione al sole tra le 12:00 e le 16:00, quando i raggi UV sono pi\u00f9 intensi. Se dovete stare all&#039;aperto in questo periodo, cercate un posto all&#039;ombra e indossate indumenti protettivi, cappelli e occhiali da sole.<\/span><\/p>\n<h3><span style=\"font-family: -apple-system, BlinkMacSystemFont, 'Segoe UI', Roboto, 'Helvetica Neue', Arial, 'Noto Sans', sans-serif, 'Apple Color Emoji', 'Segoe UI Emoji', 'Segoe UI Symbol', 'Noto Color Emoji'\">Proteggere tutte le aree esposte<\/span><\/h3>\n<p><span style=\"font-weight: 400\">Non dimenticare di applicare la protezione solare su zone come orecchie, collo, collo del piede e labbra. Queste zone sono soggette a scottature e vengono spesso trascurate.<\/span><\/p>\n<h3><span style=\"font-family: -apple-system, BlinkMacSystemFont, 'Segoe UI', Roboto, 'Helvetica Neue', Arial, 'Noto Sans', sans-serif, 'Apple Color Emoji', 'Segoe UI Emoji', 'Segoe UI Symbol', 'Noto Color Emoji'\">Prenditi cura della tua pelle dopo l&#039;esposizione al sole<\/span><\/h3>\n<p><span style=\"font-weight: 400\">Dopo l&#039;esposizione al sole, \u00e8 importante idratare e lenire la pelle. Prodotti con ingredienti come l&#039;aloe vera possono aiutare a ridurre l&#039;infiammazione e ripristinare l&#039;idratazione.<\/span><\/p>\n<p><span style=\"font-weight: 400\">Presso Agrado Sun Care abbiamo una vasta gamma di <a href=\"https:\/\/agradocosmetic.com\/it\/categoria-de-producto\/proteccion-solar\/\" target=\"_blank\" rel=\"noopener\">gamma di prodotti per la protezione solare<\/a> Progettati per adattarsi alle tue esigenze e al tuo stile di vita. Dalle formule per pelli sensibili alle opzioni resistenti all&#039;acqua, abbiamo il partner perfetto per te.<\/span><\/p>\n<p><span style=\"font-weight: 400\">Quest&#039;estate, goditi il sole responsabilmente e prenditi cura della tua pelle come merita. Il tuo benessere \u00e8 la nostra priorit\u00e0!<\/span><\/p>","protected":false},"excerpt":{"rendered":"<p>El verano est\u00e1 a la vuelta de la esquina y con \u00e9l llegan los d\u00edas de playa, piscina y paseos al aire libre. Pero antes de disfrutar del sol, es fundamental conocer c\u00f3mo proteger nuestra piel de forma adecuada. Aqu\u00ed te presentamos una gu\u00eda de protecci\u00f3n solar pr\u00e1ctica para que tu piel se mantenga sana [&hellip;]<\/p>\n","protected":false},"author":11,"featured_media":30468,"comment_status":"open","ping_status":"closed","sticky":false,"template":"","format":"standard","meta":{"footnotes":"","_wp_rev_ctl_limit":""},"categories":[531],"tags":[881,882,883,740,126,274,317,410,321],"class_list":["post-30496","post","type-post","status-publish","format-standard","has-post-thumbnail","hentry","category-solar-en","tag-tu-si-que-sabes","tag-guia-de-proteccion-solar","tag-cuidado-de-lal-piel","tag-agrado-sun-care","tag-agrado","tag-agrado-cosmetic","tag-proteccion-solar","tag-protector-solar","tag-verano"],"yoast_head":"<!-- This site is optimized with the Yoast SEO plugin v27.4 - https:\/\/yoast.com\/product\/yoast-seo-wordpress\/ -->\n<title>Gu\u00eda de protecci\u00f3n solar: todo lo que debes saber - Agrado<\/title>\n<meta name=\"description\" content=\"Aqu\u00ed te presentamos una gu\u00eda de protecci\u00f3n solar pr\u00e1ctica para que tu piel se mantenga sana y radiante durante toda la temporada.\" \/>\n<meta name=\"robots\" content=\"index, follow, max-snippet:-1, max-image-preview:large, max-video-preview:-1\" \/>\n<link rel=\"canonical\" href=\"https:\/\/agradocosmetic.com\/it\/guia-de-proteccion-solar-todo-lo-que-debes-saber\/\" \/>\n<meta property=\"og:locale\" content=\"it_IT\" \/>\n<meta property=\"og:type\" content=\"article\" \/>\n<meta property=\"og:title\" content=\"Gu\u00eda de protecci\u00f3n solar: todo lo que debes saber - Agrado\" \/>\n<meta property=\"og:description\" content=\"Aqu\u00ed te presentamos una gu\u00eda de protecci\u00f3n solar pr\u00e1ctica para que tu piel se mantenga sana y radiante durante toda la temporada.\" \/>\n<meta property=\"og:url\" content=\"https:\/\/agradocosmetic.com\/it\/guia-de-proteccion-solar-todo-lo-que-debes-saber\/\" \/>\n<meta property=\"og:site_name\" content=\"Agrado\" \/>\n<meta property=\"article:published_time\" content=\"2025-05-22T10:00:59+00:00\" \/>\n<meta property=\"article:modified_time\" content=\"2025-06-09T11:29:24+00:00\" \/>\n<meta property=\"og:image\" content=\"https:\/\/agradocosmetic.com\/wp-content\/uploads\/2025\/06\/25.jpg\" \/>\n\t<meta property=\"og:image:width\" content=\"1140\" \/>\n\t<meta property=\"og:image:height\" content=\"600\" \/>\n\t<meta property=\"og:image:type\" content=\"image\/jpeg\" \/>\n<meta name=\"author\" content=\"carmen\" \/>\n<meta name=\"twitter:card\" content=\"summary_large_image\" \/>\n<meta name=\"twitter:label1\" content=\"Scritto da\" \/>\n\t<meta name=\"twitter:data1\" content=\"carmen\" \/>\n\t<meta name=\"twitter:label2\" content=\"Tempo di lettura stimato\" \/>\n\t<meta name=\"twitter:data2\" content=\"2 minuti\" \/>\n<script type=\"application\/ld+json\" class=\"yoast-schema-graph\">{\"@context\":\"https:\\\/\\\/schema.org\",\"@graph\":[{\"@type\":\"Article\",\"@id\":\"https:\\\/\\\/agradocosmetic.com\\\/guia-de-proteccion-solar-todo-lo-que-debes-saber\\\/#article\",\"isPartOf\":{\"@id\":\"https:\\\/\\\/agradocosmetic.com\\\/guia-de-proteccion-solar-todo-lo-que-debes-saber\\\/\"},\"author\":{\"name\":\"carmen\",\"@id\":\"https:\\\/\\\/agradocosmetic.com\\\/#\\\/schema\\\/person\\\/59124921013b50f80959d84fc7219096\"},\"headline\":\"Gu\u00eda de protecci\u00f3n solar: todo lo que debes saber\",\"datePublished\":\"2025-05-22T10:00:59+00:00\",\"dateModified\":\"2025-06-09T11:29:24+00:00\",\"mainEntityOfPage\":{\"@id\":\"https:\\\/\\\/agradocosmetic.com\\\/guia-de-proteccion-solar-todo-lo-que-debes-saber\\\/\"},\"wordCount\":377,\"commentCount\":0,\"publisher\":{\"@id\":\"https:\\\/\\\/agradocosmetic.com\\\/#organization\"},\"image\":{\"@id\":\"https:\\\/\\\/agradocosmetic.com\\\/guia-de-proteccion-solar-todo-lo-que-debes-saber\\\/#primaryimage\"},\"thumbnailUrl\":\"https:\\\/\\\/agradocosmetic.com\\\/wp-content\\\/uploads\\\/2025\\\/06\\\/25.jpg\",\"keywords\":[\"tu si que sabes\",\"guia de proteccion solar\",\"cuidado de lal piel\",\"agrado sun care\",\"agrado\",\"agrado cosmetic\",\"proteccion solar\",\"protector solar\",\"verano\"],\"articleSection\":[\"Solar\"],\"inLanguage\":\"it-IT\",\"potentialAction\":[{\"@type\":\"CommentAction\",\"name\":\"Comment\",\"target\":[\"https:\\\/\\\/agradocosmetic.com\\\/guia-de-proteccion-solar-todo-lo-que-debes-saber\\\/#respond\"]}]},{\"@type\":\"WebPage\",\"@id\":\"https:\\\/\\\/agradocosmetic.com\\\/guia-de-proteccion-solar-todo-lo-que-debes-saber\\\/\",\"url\":\"https:\\\/\\\/agradocosmetic.com\\\/guia-de-proteccion-solar-todo-lo-que-debes-saber\\\/\",\"name\":\"Gu\u00eda de protecci\u00f3n solar: todo lo que debes saber - Agrado\",\"isPartOf\":{\"@id\":\"https:\\\/\\\/agradocosmetic.com\\\/#website\"},\"primaryImageOfPage\":{\"@id\":\"https:\\\/\\\/agradocosmetic.com\\\/guia-de-proteccion-solar-todo-lo-que-debes-saber\\\/#primaryimage\"},\"image\":{\"@id\":\"https:\\\/\\\/agradocosmetic.com\\\/guia-de-proteccion-solar-todo-lo-que-debes-saber\\\/#primaryimage\"},\"thumbnailUrl\":\"https:\\\/\\\/agradocosmetic.com\\\/wp-content\\\/uploads\\\/2025\\\/06\\\/25.jpg\",\"datePublished\":\"2025-05-22T10:00:59+00:00\",\"dateModified\":\"2025-06-09T11:29:24+00:00\",\"description\":\"Aqu\u00ed te presentamos una gu\u00eda de protecci\u00f3n solar pr\u00e1ctica para que tu piel se mantenga sana y radiante durante toda la temporada.\",\"breadcrumb\":{\"@id\":\"https:\\\/\\\/agradocosmetic.com\\\/guia-de-proteccion-solar-todo-lo-que-debes-saber\\\/#breadcrumb\"},\"inLanguage\":\"it-IT\",\"potentialAction\":[{\"@type\":\"ReadAction\",\"target\":[\"https:\\\/\\\/agradocosmetic.com\\\/guia-de-proteccion-solar-todo-lo-que-debes-saber\\\/\"]}]},{\"@type\":\"ImageObject\",\"inLanguage\":\"it-IT\",\"@id\":\"https:\\\/\\\/agradocosmetic.com\\\/guia-de-proteccion-solar-todo-lo-que-debes-saber\\\/#primaryimage\",\"url\":\"https:\\\/\\\/agradocosmetic.com\\\/wp-content\\\/uploads\\\/2025\\\/06\\\/25.jpg\",\"contentUrl\":\"https:\\\/\\\/agradocosmetic.com\\\/wp-content\\\/uploads\\\/2025\\\/06\\\/25.jpg\",\"width\":1140,\"height\":600,\"caption\":\"gu\u00eda de protecci\u00f3n solar\"},{\"@type\":\"BreadcrumbList\",\"@id\":\"https:\\\/\\\/agradocosmetic.com\\\/guia-de-proteccion-solar-todo-lo-que-debes-saber\\\/#breadcrumb\",\"itemListElement\":[{\"@type\":\"ListItem\",\"position\":1,\"name\":\"Portada\",\"item\":\"https:\\\/\\\/agradocosmetic.com\\\/\"},{\"@type\":\"ListItem\",\"position\":2,\"name\":\"Gu\u00eda de protecci\u00f3n solar: todo lo que debes saber\"}]},{\"@type\":\"WebSite\",\"@id\":\"https:\\\/\\\/agradocosmetic.com\\\/#website\",\"url\":\"https:\\\/\\\/agradocosmetic.com\\\/\",\"name\":\"Agrado\",\"description\":\"Cosmetic\",\"publisher\":{\"@id\":\"https:\\\/\\\/agradocosmetic.com\\\/#organization\"},\"potentialAction\":[{\"@type\":\"SearchAction\",\"target\":{\"@type\":\"EntryPoint\",\"urlTemplate\":\"https:\\\/\\\/agradocosmetic.com\\\/?s={search_term_string}\"},\"query-input\":{\"@type\":\"PropertyValueSpecification\",\"valueRequired\":true,\"valueName\":\"search_term_string\"}}],\"inLanguage\":\"it-IT\"},{\"@type\":\"Organization\",\"@id\":\"https:\\\/\\\/agradocosmetic.com\\\/#organization\",\"name\":\"Agrado\",\"url\":\"https:\\\/\\\/agradocosmetic.com\\\/\",\"logo\":{\"@type\":\"ImageObject\",\"inLanguage\":\"it-IT\",\"@id\":\"https:\\\/\\\/agradocosmetic.com\\\/#\\\/schema\\\/logo\\\/image\\\/\",\"url\":\"https:\\\/\\\/agradocosmetic.com\\\/wp-content\\\/uploads\\\/2023\\\/07\\\/LOGO-AGRADO-WEB-01.png\",\"contentUrl\":\"https:\\\/\\\/agradocosmetic.com\\\/wp-content\\\/uploads\\\/2023\\\/07\\\/LOGO-AGRADO-WEB-01.png\",\"width\":1632,\"height\":300,\"caption\":\"Agrado\"},\"image\":{\"@id\":\"https:\\\/\\\/agradocosmetic.com\\\/#\\\/schema\\\/logo\\\/image\\\/\"}},{\"@type\":\"Person\",\"@id\":\"https:\\\/\\\/agradocosmetic.com\\\/#\\\/schema\\\/person\\\/59124921013b50f80959d84fc7219096\",\"name\":\"carmen\",\"image\":{\"@type\":\"ImageObject\",\"inLanguage\":\"it-IT\",\"@id\":\"https:\\\/\\\/secure.gravatar.com\\\/avatar\\\/2036bf58c019bb0a3f94937a2ed7cab76ae6ebe239f705f7c62ea5c48f93531f?s=96&d=mm&r=g\",\"url\":\"https:\\\/\\\/secure.gravatar.com\\\/avatar\\\/2036bf58c019bb0a3f94937a2ed7cab76ae6ebe239f705f7c62ea5c48f93531f?s=96&d=mm&r=g\",\"contentUrl\":\"https:\\\/\\\/secure.gravatar.com\\\/avatar\\\/2036bf58c019bb0a3f94937a2ed7cab76ae6ebe239f705f7c62ea5c48f93531f?s=96&d=mm&r=g\",\"caption\":\"carmen\"}}]}<\/script>\n<!-- \/ Yoast SEO plugin. -->","yoast_head_json":{"title":"Guida alla protezione solare: tutto ci\u00f2 che devi sapere - Agrado","description":"Ecco una pratica guida alla protezione solare per mantenere la pelle sana e luminosa per tutta la stagione.","robots":{"index":"index","follow":"follow","max-snippet":"max-snippet:-1","max-image-preview":"max-image-preview:large","max-video-preview":"max-video-preview:-1"},"canonical":"https:\/\/agradocosmetic.com\/it\/guia-de-proteccion-solar-todo-lo-que-debes-saber\/","og_locale":"it_IT","og_type":"article","og_title":"Gu\u00eda de protecci\u00f3n solar: todo lo que debes saber - Agrado","og_description":"Aqu\u00ed te presentamos una gu\u00eda de protecci\u00f3n solar pr\u00e1ctica para que tu piel se mantenga sana y radiante durante toda la temporada.","og_url":"https:\/\/agradocosmetic.com\/it\/guia-de-proteccion-solar-todo-lo-que-debes-saber\/","og_site_name":"Agrado","article_published_time":"2025-05-22T10:00:59+00:00","article_modified_time":"2025-06-09T11:29:24+00:00","og_image":[{"width":1140,"height":600,"url":"https:\/\/agradocosmetic.com\/wp-content\/uploads\/2025\/06\/25.jpg","type":"image\/jpeg"}],"author":"carmen","twitter_card":"summary_large_image","twitter_misc":{"Scritto da":"carmen","Tempo di lettura stimato":"2 minuti"},"schema":{"@context":"https:\/\/schema.org","@graph":[{"@type":"Article","@id":"https:\/\/agradocosmetic.com\/guia-de-proteccion-solar-todo-lo-que-debes-saber\/#article","isPartOf":{"@id":"https:\/\/agradocosmetic.com\/guia-de-proteccion-solar-todo-lo-que-debes-saber\/"},"author":{"name":"carmen","@id":"https:\/\/agradocosmetic.com\/#\/schema\/person\/59124921013b50f80959d84fc7219096"},"headline":"Gu\u00eda de protecci\u00f3n solar: todo lo que debes saber","datePublished":"2025-05-22T10:00:59+00:00","dateModified":"2025-06-09T11:29:24+00:00","mainEntityOfPage":{"@id":"https:\/\/agradocosmetic.com\/guia-de-proteccion-solar-todo-lo-que-debes-saber\/"},"wordCount":377,"commentCount":0,"publisher":{"@id":"https:\/\/agradocosmetic.com\/#organization"},"image":{"@id":"https:\/\/agradocosmetic.com\/guia-de-proteccion-solar-todo-lo-que-debes-saber\/#primaryimage"},"thumbnailUrl":"https:\/\/agradocosmetic.com\/wp-content\/uploads\/2025\/06\/25.jpg","keywords":["tu si que sabes","guia de proteccion solar","cuidado de lal piel","agrado sun care","agrado","agrado cosmetic","proteccion solar","protector solar","verano"],"articleSection":["Solar"],"inLanguage":"it-IT","potentialAction":[{"@type":"CommentAction","name":"Comment","target":["https:\/\/agradocosmetic.com\/guia-de-proteccion-solar-todo-lo-que-debes-saber\/#respond"]}]},{"@type":"WebPage","@id":"https:\/\/agradocosmetic.com\/guia-de-proteccion-solar-todo-lo-que-debes-saber\/","url":"https:\/\/agradocosmetic.com\/guia-de-proteccion-solar-todo-lo-que-debes-saber\/","name":"Guida alla protezione solare: tutto ci\u00f2 che devi sapere - Agrado","isPartOf":{"@id":"https:\/\/agradocosmetic.com\/#website"},"primaryImageOfPage":{"@id":"https:\/\/agradocosmetic.com\/guia-de-proteccion-solar-todo-lo-que-debes-saber\/#primaryimage"},"image":{"@id":"https:\/\/agradocosmetic.com\/guia-de-proteccion-solar-todo-lo-que-debes-saber\/#primaryimage"},"thumbnailUrl":"https:\/\/agradocosmetic.com\/wp-content\/uploads\/2025\/06\/25.jpg","datePublished":"2025-05-22T10:00:59+00:00","dateModified":"2025-06-09T11:29:24+00:00","description":"Ecco una pratica guida alla protezione solare per mantenere la pelle sana e luminosa per tutta la stagione.","breadcrumb":{"@id":"https:\/\/agradocosmetic.com\/guia-de-proteccion-solar-todo-lo-que-debes-saber\/#breadcrumb"},"inLanguage":"it-IT","potentialAction":[{"@type":"ReadAction","target":["https:\/\/agradocosmetic.com\/guia-de-proteccion-solar-todo-lo-que-debes-saber\/"]}]},{"@type":"ImageObject","inLanguage":"it-IT","@id":"https:\/\/agradocosmetic.com\/guia-de-proteccion-solar-todo-lo-que-debes-saber\/#primaryimage","url":"https:\/\/agradocosmetic.com\/wp-content\/uploads\/2025\/06\/25.jpg","contentUrl":"https:\/\/agradocosmetic.com\/wp-content\/uploads\/2025\/06\/25.jpg","width":1140,"height":600,"caption":"gu\u00eda de protecci\u00f3n solar"},{"@type":"BreadcrumbList","@id":"https:\/\/agradocosmetic.com\/guia-de-proteccion-solar-todo-lo-que-debes-saber\/#breadcrumb","itemListElement":[{"@type":"ListItem","position":1,"name":"Portada","item":"https:\/\/agradocosmetic.com\/"},{"@type":"ListItem","position":2,"name":"Gu\u00eda de protecci\u00f3n solar: todo lo que debes saber"}]},{"@type":"WebSite","@id":"https:\/\/agradocosmetic.com\/#website","url":"https:\/\/agradocosmetic.com\/","name":"Mi piace","description":"cosmetico","publisher":{"@id":"https:\/\/agradocosmetic.com\/#organization"},"potentialAction":[{"@type":"SearchAction","target":{"@type":"EntryPoint","urlTemplate":"https:\/\/agradocosmetic.com\/?s={search_term_string}"},"query-input":{"@type":"PropertyValueSpecification","valueRequired":true,"valueName":"search_term_string"}}],"inLanguage":"it-IT"},{"@type":"Organization","@id":"https:\/\/agradocosmetic.com\/#organization","name":"Mi piace","url":"https:\/\/agradocosmetic.com\/","logo":{"@type":"ImageObject","inLanguage":"it-IT","@id":"https:\/\/agradocosmetic.com\/#\/schema\/logo\/image\/","url":"https:\/\/agradocosmetic.com\/wp-content\/uploads\/2023\/07\/LOGO-AGRADO-WEB-01.png","contentUrl":"https:\/\/agradocosmetic.com\/wp-content\/uploads\/2023\/07\/LOGO-AGRADO-WEB-01.png","width":1632,"height":300,"caption":"Agrado"},"image":{"@id":"https:\/\/agradocosmetic.com\/#\/schema\/logo\/image\/"}},{"@type":"Person","@id":"https:\/\/agradocosmetic.com\/#\/schema\/person\/59124921013b50f80959d84fc7219096","name":"Carmen","image":{"@type":"ImageObject","inLanguage":"it-IT","@id":"https:\/\/secure.gravatar.com\/avatar\/2036bf58c019bb0a3f94937a2ed7cab76ae6ebe239f705f7c62ea5c48f93531f?s=96&d=mm&r=g","url":"https:\/\/secure.gravatar.com\/avatar\/2036bf58c019bb0a3f94937a2ed7cab76ae6ebe239f705f7c62ea5c48f93531f?s=96&d=mm&r=g","contentUrl":"https:\/\/secure.gravatar.com\/avatar\/2036bf58c019bb0a3f94937a2ed7cab76ae6ebe239f705f7c62ea5c48f93531f?s=96&d=mm&r=g","caption":"carmen"}}]}},"_links":{"self":[{"href":"https:\/\/agradocosmetic.com\/it\/wp-json\/wp\/v2\/posts\/30496","targetHints":{"allow":["GET"]}}],"collection":[{"href":"https:\/\/agradocosmetic.com\/it\/wp-json\/wp\/v2\/posts"}],"about":[{"href":"https:\/\/agradocosmetic.com\/it\/wp-json\/wp\/v2\/types\/post"}],"author":[{"embeddable":true,"href":"https:\/\/agradocosmetic.com\/it\/wp-json\/wp\/v2\/users\/11"}],"replies":[{"embeddable":true,"href":"https:\/\/agradocosmetic.com\/it\/wp-json\/wp\/v2\/comments?post=30496"}],"version-history":[{"count":1,"href":"https:\/\/agradocosmetic.com\/it\/wp-json\/wp\/v2\/posts\/30496\/revisions"}],"predecessor-version":[{"id":30497,"href":"https:\/\/agradocosmetic.com\/it\/wp-json\/wp\/v2\/posts\/30496\/revisions\/30497"}],"wp:featuredmedia":[{"embeddable":true,"href":"https:\/\/agradocosmetic.com\/it\/wp-json\/wp\/v2\/media\/30468"}],"wp:attachment":[{"href":"https:\/\/agradocosmetic.com\/it\/wp-json\/wp\/v2\/media?parent=30496"}],"wp:term":[{"taxonomy":"category","embeddable":true,"href":"https:\/\/agradocosmetic.com\/it\/wp-json\/wp\/v2\/categories?post=30496"},{"taxonomy":"post_tag","embeddable":true,"href":"https:\/\/agradocosmetic.com\/it\/wp-json\/wp\/v2\/tags?post=30496"}],"curies":[{"name":"parola chiave","href":"https:\/\/api.w.org\/{rel}","templated":true}]}}