{"id":33213,"date":"2025-09-01T21:49:04","date_gmt":"2025-09-01T20:49:04","guid":{"rendered":"https:\/\/agradocosmetic.com\/?p=33213"},"modified":"2025-09-09T21:59:31","modified_gmt":"2025-09-09T20:59:31","slug":"hair-lovers-las-nuevas-rutinas-capilares-de-agrado","status":"publish","type":"post","link":"https:\/\/agradocosmetic.com\/it\/hair-lovers-las-nuevas-rutinas-capilares-de-agrado\/","title":{"rendered":"Amanti dei capelli: le nuove routine per capelli di Agrado"},"content":{"rendered":"<p>Se sei tra coloro che credono che i propri capelli meritino coccole, adorerai ci\u00f2 che Agrado ha preparato con la sua nuova linea. <a href=\"https:\/\/agradocosmetic.com\/it\/capilares\/\" target=\"_blank\" rel=\"noopener\"><strong>Amanti dei capelli<\/strong><\/a>Prodotti per capelli che coniugano efficacia ed etica, formule intelligenti per ogni esigenza e un nuovo look and feel che rende la cura dei capelli un vero piacere.<\/p>\n<h2>Cos&#039;\u00e8 Hair Lovers?<\/h2>\n<p>Hair Lovers \u00e8 il nuovo universo hair care di Agrado, creato per soddisfare tutte le esigenze dei tuoi capelli con ingredienti altamente efficaci (proteine vegetali, oli nutrienti, antiossidanti naturali) e packaging pi\u00f9 sostenibili (riciclabili al 100% e con un&#039;alta percentuale di plastica riciclata). Perch\u00e9 prendersi cura dei propri capelli pu\u00f2 essere anche un gesto gentile per il pianeta.<\/p>\n<p>Inoltre, molte delle gamme esistenti vantano un nuovo aspetto e una nuova sensazione: pi\u00f9 freschi, pi\u00f9 raffinati, pi\u00f9 moderni, in modo che l&#039;esperienza dell&#039;utente sia tanto soddisfacente quanto il risultato.<\/p>\n<h2>Linee dei capelli in base alle tue esigenze<\/h2>\n<p>Ecco un mini riassunto delle principali famiglie <a href=\"https:\/\/agradocosmetic.com\/it\/capilares\/\" target=\"_blank\" rel=\"noopener\"><strong>Amanti dei capelli<\/strong><\/a> e a chi sono destinati:<\/p>\n<h3><strong>Filler in fibra ialuronica.<\/strong><\/h3>\n<p>Studiato per capelli disidratati o spenti, dona un&#039;idratazione intensa per 48 ore e restituisce corpo e lucentezza grazie alla tecnologia Hidroflex Active Filler.<\/p>\n<p><img fetchpriority=\"high\" decoding=\"async\" class=\"alignnone size-medium wp-image-33216\" src=\"https:\/\/agradocosmetic.com\/wp-content\/uploads\/2025\/09\/Pro-Capture-One-1192-en-tamano-grande-e1757450711913-300x197.jpeg\" alt=\"hyaluronic fibre filler\" width=\"300\" height=\"197\" srcset=\"https:\/\/agradocosmetic.com\/wp-content\/uploads\/2025\/09\/Pro-Capture-One-1192-en-tamano-grande-e1757450711913-300x197.jpeg 300w, https:\/\/agradocosmetic.com\/wp-content\/uploads\/2025\/09\/Pro-Capture-One-1192-en-tamano-grande-e1757450711913-768x504.jpeg 768w, https:\/\/agradocosmetic.com\/wp-content\/uploads\/2025\/09\/Pro-Capture-One-1192-en-tamano-grande-e1757450711913-18x12.jpeg 18w, https:\/\/agradocosmetic.com\/wp-content\/uploads\/2025\/09\/Pro-Capture-One-1192-en-tamano-grande-e1757450711913.jpeg 1006w\" sizes=\"(max-width: 300px) 100vw, 300px\" \/><\/p>\n<h3><strong>Ricci e ricci.<\/strong><\/h3>\n<p>Ideale per capelli ricci e mossi. Con acido ialuronico e aloe vera, idrata, definisce e valorizza i capelli ricci senza appesantirli.<\/p>\n<p><img decoding=\"async\" class=\"alignnone size-medium wp-image-33218\" src=\"https:\/\/agradocosmetic.com\/wp-content\/uploads\/2025\/09\/Pro-Capture-One-1008-300x203.jpg\" alt=\"rizos curly\" width=\"300\" height=\"203\" srcset=\"https:\/\/agradocosmetic.com\/wp-content\/uploads\/2025\/09\/Pro-Capture-One-1008-300x203.jpg 300w, https:\/\/agradocosmetic.com\/wp-content\/uploads\/2025\/09\/Pro-Capture-One-1008-1024x694.jpg 1024w, https:\/\/agradocosmetic.com\/wp-content\/uploads\/2025\/09\/Pro-Capture-One-1008-768x521.jpg 768w, https:\/\/agradocosmetic.com\/wp-content\/uploads\/2025\/09\/Pro-Capture-One-1008-1536x1041.jpg 1536w, https:\/\/agradocosmetic.com\/wp-content\/uploads\/2025\/09\/Pro-Capture-One-1008-2048x1388.jpg 2048w, https:\/\/agradocosmetic.com\/wp-content\/uploads\/2025\/09\/Pro-Capture-One-1008-18x12.jpg 18w\" sizes=\"(max-width: 300px) 100vw, 300px\" \/><\/p>\n<h3><strong>Cheratina anti-crespo.<\/strong><\/h3>\n<p>Per capelli crespi o danneggiati. Ripara, liscia e controlla l&#039;effetto crespo, proteggendo dal calore e dall&#039;umidit\u00e0.<\/p>\n<p><img decoding=\"async\" class=\"alignnone size-medium wp-image-33223\" src=\"https:\/\/agradocosmetic.com\/wp-content\/uploads\/2025\/09\/Pro-Capture-One-0316-scaled-e1757451422379-300x185.jpg\" alt=\"keratina anti frizz\" width=\"300\" height=\"185\" srcset=\"https:\/\/agradocosmetic.com\/wp-content\/uploads\/2025\/09\/Pro-Capture-One-0316-scaled-e1757451422379-300x185.jpg 300w, https:\/\/agradocosmetic.com\/wp-content\/uploads\/2025\/09\/Pro-Capture-One-0316-scaled-e1757451422379-1024x630.jpg 1024w, https:\/\/agradocosmetic.com\/wp-content\/uploads\/2025\/09\/Pro-Capture-One-0316-scaled-e1757451422379-768x472.jpg 768w, https:\/\/agradocosmetic.com\/wp-content\/uploads\/2025\/09\/Pro-Capture-One-0316-scaled-e1757451422379-1536x945.jpg 1536w, https:\/\/agradocosmetic.com\/wp-content\/uploads\/2025\/09\/Pro-Capture-One-0316-scaled-e1757451422379-18x12.jpg 18w, https:\/\/agradocosmetic.com\/wp-content\/uploads\/2025\/09\/Pro-Capture-One-0316-scaled-e1757451422379.jpg 1707w\" sizes=\"(max-width: 300px) 100vw, 300px\" \/><\/p>\n<h3><strong>Cromoterapia.<\/strong><\/h3>\n<p>Perfetto per capelli colorati o con m\u00e8ches. Protegge il colore e dona una lucentezza intensa grazie ai filtri UV e alla provitamina B5.<\/p>\n<p><img loading=\"lazy\" decoding=\"async\" class=\"alignnone size-medium wp-image-33221\" src=\"https:\/\/agradocosmetic.com\/wp-content\/uploads\/2025\/09\/Pro-Capture-One-0585-2-scaled-e1757451324393-300x185.jpg\" alt=\"colour therapy\" width=\"300\" height=\"185\" srcset=\"https:\/\/agradocosmetic.com\/wp-content\/uploads\/2025\/09\/Pro-Capture-One-0585-2-scaled-e1757451324393-300x185.jpg 300w, https:\/\/agradocosmetic.com\/wp-content\/uploads\/2025\/09\/Pro-Capture-One-0585-2-scaled-e1757451324393-1024x630.jpg 1024w, https:\/\/agradocosmetic.com\/wp-content\/uploads\/2025\/09\/Pro-Capture-One-0585-2-scaled-e1757451324393-768x472.jpg 768w, https:\/\/agradocosmetic.com\/wp-content\/uploads\/2025\/09\/Pro-Capture-One-0585-2-scaled-e1757451324393-1536x945.jpg 1536w, https:\/\/agradocosmetic.com\/wp-content\/uploads\/2025\/09\/Pro-Capture-One-0585-2-scaled-e1757451324393-18x12.jpg 18w, https:\/\/agradocosmetic.com\/wp-content\/uploads\/2025\/09\/Pro-Capture-One-0585-2-scaled-e1757451324393.jpg 1707w\" sizes=\"(max-width: 300px) 100vw, 300px\" \/><\/p>\n<h3><strong>Riparatore nutrizionale.<\/strong><\/h3>\n<p>Un must-have per capelli secchi o danneggiati. Con olio di argan e proteine della seta, nutre in profondit\u00e0 e restituisce morbidezza e forza alla fibra capillare.<\/p>\n<p><img loading=\"lazy\" decoding=\"async\" class=\"alignnone size-medium wp-image-33220\" src=\"https:\/\/agradocosmetic.com\/wp-content\/uploads\/2025\/09\/Pro-Capture-One-0154-scaled-e1757451250272-300x220.jpg\" alt=\"nutritivo\" width=\"300\" height=\"220\" srcset=\"https:\/\/agradocosmetic.com\/wp-content\/uploads\/2025\/09\/Pro-Capture-One-0154-scaled-e1757451250272-300x220.jpg 300w, https:\/\/agradocosmetic.com\/wp-content\/uploads\/2025\/09\/Pro-Capture-One-0154-scaled-e1757451250272-1024x752.jpg 1024w, https:\/\/agradocosmetic.com\/wp-content\/uploads\/2025\/09\/Pro-Capture-One-0154-scaled-e1757451250272-768x564.jpg 768w, https:\/\/agradocosmetic.com\/wp-content\/uploads\/2025\/09\/Pro-Capture-One-0154-scaled-e1757451250272-1536x1128.jpg 1536w, https:\/\/agradocosmetic.com\/wp-content\/uploads\/2025\/09\/Pro-Capture-One-0154-scaled-e1757451250272-16x12.jpg 16w, https:\/\/agradocosmetic.com\/wp-content\/uploads\/2025\/09\/Pro-Capture-One-0154-scaled-e1757451250272.jpg 1707w\" sizes=\"(max-width: 300px) 100vw, 300px\" \/><\/p>\n<h3><strong>Lucentezza intensa.<\/strong><\/h3>\n<p>Pensato per capelli spenti o spenti. Dona luminosit\u00e0 e vitalit\u00e0 immediate, lasciando i capelli leggeri, fluenti e con una finitura radiosa.<\/p>\n<p><img loading=\"lazy\" decoding=\"async\" class=\"alignnone size-medium wp-image-33224\" src=\"https:\/\/agradocosmetic.com\/wp-content\/uploads\/2025\/09\/Pro-Capture-One-1081-scaled-e1757451498342-300x185.jpg\" alt=\"brillo intenso\" width=\"300\" height=\"185\" srcset=\"https:\/\/agradocosmetic.com\/wp-content\/uploads\/2025\/09\/Pro-Capture-One-1081-scaled-e1757451498342-300x185.jpg 300w, https:\/\/agradocosmetic.com\/wp-content\/uploads\/2025\/09\/Pro-Capture-One-1081-scaled-e1757451498342-1024x630.jpg 1024w, https:\/\/agradocosmetic.com\/wp-content\/uploads\/2025\/09\/Pro-Capture-One-1081-scaled-e1757451498342-768x472.jpg 768w, https:\/\/agradocosmetic.com\/wp-content\/uploads\/2025\/09\/Pro-Capture-One-1081-scaled-e1757451498342-1536x945.jpg 1536w, https:\/\/agradocosmetic.com\/wp-content\/uploads\/2025\/09\/Pro-Capture-One-1081-scaled-e1757451498342-18x12.jpg 18w, https:\/\/agradocosmetic.com\/wp-content\/uploads\/2025\/09\/Pro-Capture-One-1081-scaled-e1757451498342.jpg 1707w\" sizes=\"(max-width: 300px) 100vw, 300px\" \/><\/p>\n<h3><strong>Regolatore antiforfora.<\/strong><\/h3>\n<p>Trattamento specifico per cuoio capelluto soggetto a forfora. Combina efficacia e freschezza per mantenere il cuoio capelluto equilibrato senza seccarlo.<\/p>\n<p><img loading=\"lazy\" decoding=\"async\" class=\"alignnone size-medium wp-image-33225\" src=\"https:\/\/agradocosmetic.com\/wp-content\/uploads\/2025\/09\/4Z6A0683-en-tamano-grande-e1757451553305-300x173.jpeg\" alt=\"\" width=\"300\" height=\"173\" srcset=\"https:\/\/agradocosmetic.com\/wp-content\/uploads\/2025\/09\/4Z6A0683-en-tamano-grande-e1757451553305-300x173.jpeg 300w, https:\/\/agradocosmetic.com\/wp-content\/uploads\/2025\/09\/4Z6A0683-en-tamano-grande-e1757451553305-768x444.jpeg 768w, https:\/\/agradocosmetic.com\/wp-content\/uploads\/2025\/09\/4Z6A0683-en-tamano-grande-e1757451553305-18x10.jpeg 18w, https:\/\/agradocosmetic.com\/wp-content\/uploads\/2025\/09\/4Z6A0683-en-tamano-grande-e1757451553305.jpeg 853w\" sizes=\"(max-width: 300px) 100vw, 300px\" \/><\/p>\n<p>Se sei una #HairLovers, troverai la tua linea perfetta senza compromessi e senza complicazioni. Nel 2025, smetti di sognare capelli sani e inizia a viverli: \u00e8 facile: basta scegliere la tua linea. <a href=\"https:\/\/agradocosmetic.com\/it\/capilares\/\" target=\"_blank\" rel=\"noopener\">Amanti dei capelli<\/a> e lascia che siano i tuoi capelli a parlare per te.<\/p>","protected":false},"excerpt":{"rendered":"<p>Si eres de quienes consideran que tu melena merece mimos, vas a adorar lo que Agrado ha preparado con su nueva l\u00ednea Hair Lovers. Capilares con equilibrio entre eficacia y sentido \u00e9tico, f\u00f3rmulas inteligentes para cada necesidad y un nuevo look &amp; feel que hace que cuidarse el cabello sea un verdadero placer. \u00bfQu\u00e9 es [&hellip;]<\/p>\n","protected":false},"author":11,"featured_media":33214,"comment_status":"closed","ping_status":"closed","sticky":false,"template":"","format":"standard","meta":{"footnotes":"","_wp_rev_ctl_limit":""},"categories":[509],"tags":[899,900,901,902,903,689,126,129,387,205,357,344,182,705],"class_list":["post-33213","post","type-post","status-publish","format-standard","has-post-thumbnail","hentry","category-capilar-en","tag-hair-lovers","tag-champu","tag-crema-de-peinado","tag-pelo-perfecto","tag-nutricipn","tag-acondicionador","tag-agrado","tag-capilar","tag-cuidado-capilar","tag-hidratacion","tag-keratina","tag-mascarilla","tag-pelo","tag-rutina"],"yoast_head":"<!-- This site is optimized with the Yoast SEO plugin v27.4 - https:\/\/yoast.com\/product\/yoast-seo-wordpress\/ -->\n<title>Hair Lovers: las nuevas rutinas capilares de Agrado - Agrado<\/title>\n<meta name=\"description\" content=\"\u00bfEn busca de una melena que corte el aire? Vas a adorar lo que Agrado ha preparado con su nueva l\u00ednea Hair Lovers.\" \/>\n<meta name=\"robots\" content=\"index, follow, max-snippet:-1, max-image-preview:large, max-video-preview:-1\" \/>\n<link rel=\"canonical\" href=\"https:\/\/agradocosmetic.com\/it\/hair-lovers-las-nuevas-rutinas-capilares-de-agrado\/\" \/>\n<meta property=\"og:locale\" content=\"it_IT\" \/>\n<meta property=\"og:type\" content=\"article\" \/>\n<meta property=\"og:title\" content=\"Hair Lovers: las nuevas rutinas capilares de Agrado - Agrado\" \/>\n<meta property=\"og:description\" content=\"\u00bfEn busca de una melena que corte el aire? Vas a adorar lo que Agrado ha preparado con su nueva l\u00ednea Hair Lovers.\" \/>\n<meta property=\"og:url\" content=\"https:\/\/agradocosmetic.com\/it\/hair-lovers-las-nuevas-rutinas-capilares-de-agrado\/\" \/>\n<meta property=\"og:site_name\" content=\"Agrado\" \/>\n<meta property=\"article:published_time\" content=\"2025-09-01T20:49:04+00:00\" \/>\n<meta property=\"article:modified_time\" content=\"2025-09-09T20:59:31+00:00\" \/>\n<meta property=\"og:image\" content=\"https:\/\/agradocosmetic.com\/wp-content\/uploads\/2025\/09\/CAPILARES.jpg\" \/>\n\t<meta property=\"og:image:width\" content=\"1140\" \/>\n\t<meta property=\"og:image:height\" content=\"600\" \/>\n\t<meta property=\"og:image:type\" content=\"image\/jpeg\" \/>\n<meta name=\"author\" content=\"carmen\" \/>\n<meta name=\"twitter:card\" content=\"summary_large_image\" \/>\n<meta name=\"twitter:label1\" content=\"Scritto da\" \/>\n\t<meta name=\"twitter:data1\" content=\"carmen\" \/>\n\t<meta name=\"twitter:label2\" content=\"Tempo di lettura stimato\" \/>\n\t<meta name=\"twitter:data2\" content=\"4 minuti\" \/>\n<script type=\"application\/ld+json\" class=\"yoast-schema-graph\">{\"@context\":\"https:\\\/\\\/schema.org\",\"@graph\":[{\"@type\":\"Article\",\"@id\":\"https:\\\/\\\/agradocosmetic.com\\\/hair-lovers-las-nuevas-rutinas-capilares-de-agrado\\\/#article\",\"isPartOf\":{\"@id\":\"https:\\\/\\\/agradocosmetic.com\\\/hair-lovers-las-nuevas-rutinas-capilares-de-agrado\\\/\"},\"author\":{\"name\":\"carmen\",\"@id\":\"https:\\\/\\\/agradocosmetic.com\\\/#\\\/schema\\\/person\\\/59124921013b50f80959d84fc7219096\"},\"headline\":\"Hair Lovers: las nuevas rutinas capilares de Agrado\",\"datePublished\":\"2025-09-01T20:49:04+00:00\",\"dateModified\":\"2025-09-09T20:59:31+00:00\",\"mainEntityOfPage\":{\"@id\":\"https:\\\/\\\/agradocosmetic.com\\\/hair-lovers-las-nuevas-rutinas-capilares-de-agrado\\\/\"},\"wordCount\":411,\"publisher\":{\"@id\":\"https:\\\/\\\/agradocosmetic.com\\\/#organization\"},\"image\":{\"@id\":\"https:\\\/\\\/agradocosmetic.com\\\/hair-lovers-las-nuevas-rutinas-capilares-de-agrado\\\/#primaryimage\"},\"thumbnailUrl\":\"https:\\\/\\\/agradocosmetic.com\\\/wp-content\\\/uploads\\\/2025\\\/09\\\/CAPILARES.jpg\",\"keywords\":[\"hair lovers\",\"champ\u00fa\",\"crema de peinado\",\"pelo perfecto\",\"nutricipn\",\"acondicionador\",\"agrado\",\"capilar\",\"cuidado capilar\",\"hidrataci\u00f3n\",\"keratina\",\"mascarilla\",\"pelo\",\"rutina\"],\"articleSection\":[\"Capilar\"],\"inLanguage\":\"it-IT\"},{\"@type\":\"WebPage\",\"@id\":\"https:\\\/\\\/agradocosmetic.com\\\/hair-lovers-las-nuevas-rutinas-capilares-de-agrado\\\/\",\"url\":\"https:\\\/\\\/agradocosmetic.com\\\/hair-lovers-las-nuevas-rutinas-capilares-de-agrado\\\/\",\"name\":\"Hair Lovers: las nuevas rutinas capilares de Agrado - Agrado\",\"isPartOf\":{\"@id\":\"https:\\\/\\\/agradocosmetic.com\\\/#website\"},\"primaryImageOfPage\":{\"@id\":\"https:\\\/\\\/agradocosmetic.com\\\/hair-lovers-las-nuevas-rutinas-capilares-de-agrado\\\/#primaryimage\"},\"image\":{\"@id\":\"https:\\\/\\\/agradocosmetic.com\\\/hair-lovers-las-nuevas-rutinas-capilares-de-agrado\\\/#primaryimage\"},\"thumbnailUrl\":\"https:\\\/\\\/agradocosmetic.com\\\/wp-content\\\/uploads\\\/2025\\\/09\\\/CAPILARES.jpg\",\"datePublished\":\"2025-09-01T20:49:04+00:00\",\"dateModified\":\"2025-09-09T20:59:31+00:00\",\"description\":\"\u00bfEn busca de una melena que corte el aire? Vas a adorar lo que Agrado ha preparado con su nueva l\u00ednea Hair Lovers.\",\"breadcrumb\":{\"@id\":\"https:\\\/\\\/agradocosmetic.com\\\/hair-lovers-las-nuevas-rutinas-capilares-de-agrado\\\/#breadcrumb\"},\"inLanguage\":\"it-IT\",\"potentialAction\":[{\"@type\":\"ReadAction\",\"target\":[\"https:\\\/\\\/agradocosmetic.com\\\/hair-lovers-las-nuevas-rutinas-capilares-de-agrado\\\/\"]}]},{\"@type\":\"ImageObject\",\"inLanguage\":\"it-IT\",\"@id\":\"https:\\\/\\\/agradocosmetic.com\\\/hair-lovers-las-nuevas-rutinas-capilares-de-agrado\\\/#primaryimage\",\"url\":\"https:\\\/\\\/agradocosmetic.com\\\/wp-content\\\/uploads\\\/2025\\\/09\\\/CAPILARES.jpg\",\"contentUrl\":\"https:\\\/\\\/agradocosmetic.com\\\/wp-content\\\/uploads\\\/2025\\\/09\\\/CAPILARES.jpg\",\"width\":1140,\"height\":600,\"caption\":\"hair lovers\"},{\"@type\":\"BreadcrumbList\",\"@id\":\"https:\\\/\\\/agradocosmetic.com\\\/hair-lovers-las-nuevas-rutinas-capilares-de-agrado\\\/#breadcrumb\",\"itemListElement\":[{\"@type\":\"ListItem\",\"position\":1,\"name\":\"Portada\",\"item\":\"https:\\\/\\\/agradocosmetic.com\\\/\"},{\"@type\":\"ListItem\",\"position\":2,\"name\":\"Hair Lovers: las nuevas rutinas capilares de Agrado\"}]},{\"@type\":\"WebSite\",\"@id\":\"https:\\\/\\\/agradocosmetic.com\\\/#website\",\"url\":\"https:\\\/\\\/agradocosmetic.com\\\/\",\"name\":\"Agrado\",\"description\":\"Cosmetic\",\"publisher\":{\"@id\":\"https:\\\/\\\/agradocosmetic.com\\\/#organization\"},\"potentialAction\":[{\"@type\":\"SearchAction\",\"target\":{\"@type\":\"EntryPoint\",\"urlTemplate\":\"https:\\\/\\\/agradocosmetic.com\\\/?s={search_term_string}\"},\"query-input\":{\"@type\":\"PropertyValueSpecification\",\"valueRequired\":true,\"valueName\":\"search_term_string\"}}],\"inLanguage\":\"it-IT\"},{\"@type\":\"Organization\",\"@id\":\"https:\\\/\\\/agradocosmetic.com\\\/#organization\",\"name\":\"Agrado\",\"url\":\"https:\\\/\\\/agradocosmetic.com\\\/\",\"logo\":{\"@type\":\"ImageObject\",\"inLanguage\":\"it-IT\",\"@id\":\"https:\\\/\\\/agradocosmetic.com\\\/#\\\/schema\\\/logo\\\/image\\\/\",\"url\":\"https:\\\/\\\/agradocosmetic.com\\\/wp-content\\\/uploads\\\/2023\\\/07\\\/LOGO-AGRADO-WEB-01.png\",\"contentUrl\":\"https:\\\/\\\/agradocosmetic.com\\\/wp-content\\\/uploads\\\/2023\\\/07\\\/LOGO-AGRADO-WEB-01.png\",\"width\":1632,\"height\":300,\"caption\":\"Agrado\"},\"image\":{\"@id\":\"https:\\\/\\\/agradocosmetic.com\\\/#\\\/schema\\\/logo\\\/image\\\/\"}},{\"@type\":\"Person\",\"@id\":\"https:\\\/\\\/agradocosmetic.com\\\/#\\\/schema\\\/person\\\/59124921013b50f80959d84fc7219096\",\"name\":\"carmen\",\"image\":{\"@type\":\"ImageObject\",\"inLanguage\":\"it-IT\",\"@id\":\"https:\\\/\\\/secure.gravatar.com\\\/avatar\\\/2036bf58c019bb0a3f94937a2ed7cab76ae6ebe239f705f7c62ea5c48f93531f?s=96&d=mm&r=g\",\"url\":\"https:\\\/\\\/secure.gravatar.com\\\/avatar\\\/2036bf58c019bb0a3f94937a2ed7cab76ae6ebe239f705f7c62ea5c48f93531f?s=96&d=mm&r=g\",\"contentUrl\":\"https:\\\/\\\/secure.gravatar.com\\\/avatar\\\/2036bf58c019bb0a3f94937a2ed7cab76ae6ebe239f705f7c62ea5c48f93531f?s=96&d=mm&r=g\",\"caption\":\"carmen\"}}]}<\/script>\n<!-- \/ Yoast SEO plugin. -->","yoast_head_json":{"title":"Amanti dei capelli: le nuove routine per capelli di Agrado - Agrado","description":"Cerchi una chioma che catturi l&#039;attenzione? Adorerai ci\u00f2 che Agrado ha preparato con la sua nuova linea Hair Lovers.","robots":{"index":"index","follow":"follow","max-snippet":"max-snippet:-1","max-image-preview":"max-image-preview:large","max-video-preview":"max-video-preview:-1"},"canonical":"https:\/\/agradocosmetic.com\/it\/hair-lovers-las-nuevas-rutinas-capilares-de-agrado\/","og_locale":"it_IT","og_type":"article","og_title":"Hair Lovers: las nuevas rutinas capilares de Agrado - Agrado","og_description":"\u00bfEn busca de una melena que corte el aire? Vas a adorar lo que Agrado ha preparado con su nueva l\u00ednea Hair Lovers.","og_url":"https:\/\/agradocosmetic.com\/it\/hair-lovers-las-nuevas-rutinas-capilares-de-agrado\/","og_site_name":"Agrado","article_published_time":"2025-09-01T20:49:04+00:00","article_modified_time":"2025-09-09T20:59:31+00:00","og_image":[{"width":1140,"height":600,"url":"https:\/\/agradocosmetic.com\/wp-content\/uploads\/2025\/09\/CAPILARES.jpg","type":"image\/jpeg"}],"author":"carmen","twitter_card":"summary_large_image","twitter_misc":{"Scritto da":"carmen","Tempo di lettura stimato":"4 minuti"},"schema":{"@context":"https:\/\/schema.org","@graph":[{"@type":"Article","@id":"https:\/\/agradocosmetic.com\/hair-lovers-las-nuevas-rutinas-capilares-de-agrado\/#article","isPartOf":{"@id":"https:\/\/agradocosmetic.com\/hair-lovers-las-nuevas-rutinas-capilares-de-agrado\/"},"author":{"name":"carmen","@id":"https:\/\/agradocosmetic.com\/#\/schema\/person\/59124921013b50f80959d84fc7219096"},"headline":"Hair Lovers: las nuevas rutinas capilares de Agrado","datePublished":"2025-09-01T20:49:04+00:00","dateModified":"2025-09-09T20:59:31+00:00","mainEntityOfPage":{"@id":"https:\/\/agradocosmetic.com\/hair-lovers-las-nuevas-rutinas-capilares-de-agrado\/"},"wordCount":411,"publisher":{"@id":"https:\/\/agradocosmetic.com\/#organization"},"image":{"@id":"https:\/\/agradocosmetic.com\/hair-lovers-las-nuevas-rutinas-capilares-de-agrado\/#primaryimage"},"thumbnailUrl":"https:\/\/agradocosmetic.com\/wp-content\/uploads\/2025\/09\/CAPILARES.jpg","keywords":["hair lovers","champ\u00fa","crema de peinado","pelo perfecto","nutricipn","acondicionador","agrado","capilar","cuidado capilar","hidrataci\u00f3n","keratina","mascarilla","pelo","rutina"],"articleSection":["Capilar"],"inLanguage":"it-IT"},{"@type":"WebPage","@id":"https:\/\/agradocosmetic.com\/hair-lovers-las-nuevas-rutinas-capilares-de-agrado\/","url":"https:\/\/agradocosmetic.com\/hair-lovers-las-nuevas-rutinas-capilares-de-agrado\/","name":"Amanti dei capelli: le nuove routine per capelli di Agrado - Agrado","isPartOf":{"@id":"https:\/\/agradocosmetic.com\/#website"},"primaryImageOfPage":{"@id":"https:\/\/agradocosmetic.com\/hair-lovers-las-nuevas-rutinas-capilares-de-agrado\/#primaryimage"},"image":{"@id":"https:\/\/agradocosmetic.com\/hair-lovers-las-nuevas-rutinas-capilares-de-agrado\/#primaryimage"},"thumbnailUrl":"https:\/\/agradocosmetic.com\/wp-content\/uploads\/2025\/09\/CAPILARES.jpg","datePublished":"2025-09-01T20:49:04+00:00","dateModified":"2025-09-09T20:59:31+00:00","description":"Cerchi una chioma che catturi l&#039;attenzione? Adorerai ci\u00f2 che Agrado ha preparato con la sua nuova linea Hair Lovers.","breadcrumb":{"@id":"https:\/\/agradocosmetic.com\/hair-lovers-las-nuevas-rutinas-capilares-de-agrado\/#breadcrumb"},"inLanguage":"it-IT","potentialAction":[{"@type":"ReadAction","target":["https:\/\/agradocosmetic.com\/hair-lovers-las-nuevas-rutinas-capilares-de-agrado\/"]}]},{"@type":"ImageObject","inLanguage":"it-IT","@id":"https:\/\/agradocosmetic.com\/hair-lovers-las-nuevas-rutinas-capilares-de-agrado\/#primaryimage","url":"https:\/\/agradocosmetic.com\/wp-content\/uploads\/2025\/09\/CAPILARES.jpg","contentUrl":"https:\/\/agradocosmetic.com\/wp-content\/uploads\/2025\/09\/CAPILARES.jpg","width":1140,"height":600,"caption":"hair lovers"},{"@type":"BreadcrumbList","@id":"https:\/\/agradocosmetic.com\/hair-lovers-las-nuevas-rutinas-capilares-de-agrado\/#breadcrumb","itemListElement":[{"@type":"ListItem","position":1,"name":"Portada","item":"https:\/\/agradocosmetic.com\/"},{"@type":"ListItem","position":2,"name":"Hair Lovers: las nuevas rutinas capilares de Agrado"}]},{"@type":"WebSite","@id":"https:\/\/agradocosmetic.com\/#website","url":"https:\/\/agradocosmetic.com\/","name":"Mi piace","description":"cosmetico","publisher":{"@id":"https:\/\/agradocosmetic.com\/#organization"},"potentialAction":[{"@type":"SearchAction","target":{"@type":"EntryPoint","urlTemplate":"https:\/\/agradocosmetic.com\/?s={search_term_string}"},"query-input":{"@type":"PropertyValueSpecification","valueRequired":true,"valueName":"search_term_string"}}],"inLanguage":"it-IT"},{"@type":"Organization","@id":"https:\/\/agradocosmetic.com\/#organization","name":"Mi piace","url":"https:\/\/agradocosmetic.com\/","logo":{"@type":"ImageObject","inLanguage":"it-IT","@id":"https:\/\/agradocosmetic.com\/#\/schema\/logo\/image\/","url":"https:\/\/agradocosmetic.com\/wp-content\/uploads\/2023\/07\/LOGO-AGRADO-WEB-01.png","contentUrl":"https:\/\/agradocosmetic.com\/wp-content\/uploads\/2023\/07\/LOGO-AGRADO-WEB-01.png","width":1632,"height":300,"caption":"Agrado"},"image":{"@id":"https:\/\/agradocosmetic.com\/#\/schema\/logo\/image\/"}},{"@type":"Person","@id":"https:\/\/agradocosmetic.com\/#\/schema\/person\/59124921013b50f80959d84fc7219096","name":"Carmen","image":{"@type":"ImageObject","inLanguage":"it-IT","@id":"https:\/\/secure.gravatar.com\/avatar\/2036bf58c019bb0a3f94937a2ed7cab76ae6ebe239f705f7c62ea5c48f93531f?s=96&d=mm&r=g","url":"https:\/\/secure.gravatar.com\/avatar\/2036bf58c019bb0a3f94937a2ed7cab76ae6ebe239f705f7c62ea5c48f93531f?s=96&d=mm&r=g","contentUrl":"https:\/\/secure.gravatar.com\/avatar\/2036bf58c019bb0a3f94937a2ed7cab76ae6ebe239f705f7c62ea5c48f93531f?s=96&d=mm&r=g","caption":"carmen"}}]}},"_links":{"self":[{"href":"https:\/\/agradocosmetic.com\/it\/wp-json\/wp\/v2\/posts\/33213","targetHints":{"allow":["GET"]}}],"collection":[{"href":"https:\/\/agradocosmetic.com\/it\/wp-json\/wp\/v2\/posts"}],"about":[{"href":"https:\/\/agradocosmetic.com\/it\/wp-json\/wp\/v2\/types\/post"}],"author":[{"embeddable":true,"href":"https:\/\/agradocosmetic.com\/it\/wp-json\/wp\/v2\/users\/11"}],"replies":[{"embeddable":true,"href":"https:\/\/agradocosmetic.com\/it\/wp-json\/wp\/v2\/comments?post=33213"}],"version-history":[{"count":4,"href":"https:\/\/agradocosmetic.com\/it\/wp-json\/wp\/v2\/posts\/33213\/revisions"}],"predecessor-version":[{"id":33226,"href":"https:\/\/agradocosmetic.com\/it\/wp-json\/wp\/v2\/posts\/33213\/revisions\/33226"}],"wp:featuredmedia":[{"embeddable":true,"href":"https:\/\/agradocosmetic.com\/it\/wp-json\/wp\/v2\/media\/33214"}],"wp:attachment":[{"href":"https:\/\/agradocosmetic.com\/it\/wp-json\/wp\/v2\/media?parent=33213"}],"wp:term":[{"taxonomy":"category","embeddable":true,"href":"https:\/\/agradocosmetic.com\/it\/wp-json\/wp\/v2\/categories?post=33213"},{"taxonomy":"post_tag","embeddable":true,"href":"https:\/\/agradocosmetic.com\/it\/wp-json\/wp\/v2\/tags?post=33213"}],"curies":[{"name":"parola chiave","href":"https:\/\/api.w.org\/{rel}","templated":true}]}}