{"id":3483,"date":"2019-04-08T08:09:20","date_gmt":"2019-04-08T07:09:20","guid":{"rendered":"https:\/\/www.agradocosmetic.com\/?p=3483"},"modified":"2023-11-18T16:58:56","modified_gmt":"2023-11-18T16:58:56","slug":"gama-de-solares-agrado-chicas-listas","status":"publish","type":"post","link":"https:\/\/agradocosmetic.com\/it\/gama-de-solares-agrado-chicas-listas\/","title":{"rendered":"\u00c8 arrivato il momento delle ragazze intelligenti"},"content":{"rendered":"<h1>\u00c8 arrivata la nuova gamma di pannelli solari AGRADO<\/h1>\n<p><span data-contrast=\"auto\">\u00c8 quel periodo dell&#039;anno in cui inizi a lasciare la sciarpa, il cappotto e gli stivali invernali nell&#039;armadio. \u00c8 quel periodo dell&#039;anno in cui smetti di fare programmi &quot;film e coperta&quot; per trascorrere il pomeriggio al sole su una terrazza.\u00a0<\/span><span data-contrast=\"auto\">\u00c8 arrivato quel periodo dell&#039;anno in cui trascorrerai la giornata in spiaggia, per rilassarti davanti alla brezza marina mentre la tua pelle si abbronza; oppure in piscina con gli amici mentre prepari una grigliata.\u00a0<\/span><span data-ccp-props=\"{&quot;201341983&quot;:0,&quot;335559739&quot;:160,&quot;335559740&quot;:249}\">\u00a0<\/span><span data-contrast=\"auto\">\u00c8 quel periodo dell&#039;anno in cui ti sciolti i capelli, vai a fare surf, viaggi, vai ai festival o impari yoga nel parco.\u00a0<\/span><span data-ccp-props=\"{&quot;201341983&quot;:0,&quot;335559739&quot;:160,&quot;335559740&quot;:249}\">\u00a0E ora puoi farlo proteggendo la tua pelle con la nuova gamma di filtri solari AGRADO.<\/span><\/p>\n<p><span data-contrast=\"auto\">\u00c8 quel periodo dell&#039;anno in cui va bene fare qualcosa che non hai mai fatto prima. Va bene che tu osi chiedergli un appuntamento, che rischi con lo sguardo pi\u00f9 audace, che esageri con il\u00a0<\/span><i><span data-contrast=\"auto\">brownies<\/span><\/i><i><span data-contrast=\"auto\">,\u00a0<\/span><\/i><i><span data-contrast=\"auto\">formaggio<\/span><\/i><i><span data-contrast=\"auto\">\u00a0torta<\/span><\/i><span data-contrast=\"auto\">\u00a0O\u00a0<\/span><i><span data-contrast=\"auto\">latte<\/span><\/i><i><span data-contrast=\"auto\">\u00a0<\/span><\/i><i><span data-contrast=\"auto\">scuotere<\/span><\/i><span data-contrast=\"auto\">, che ti tuffi in mare da uno yacht o che prendi quella tavola da surf e impari a surfare sulle onde.<\/span><span data-ccp-props=\"{&quot;201341983&quot;:0,&quot;335559739&quot;:160,&quot;335559740&quot;:249}\">\u00a0<\/span><span data-contrast=\"auto\">Perch\u00e9 \u00e8 arrivato quel periodo dell&#039;anno in cui le ragazze intelligenti e i ragazzi intelligenti possono fare ogni genere di cose pazze, ma mai con la loro pelle. <\/span><\/p>\n<p><span data-contrast=\"auto\">Per quello\u00a0<\/span><span data-contrast=\"auto\">nel PIACERE<\/span><span data-contrast=\"auto\">\u00a0<\/span><span data-contrast=\"auto\">Hai una vasta gamma di filtri solari, con alcune sorprese incredibili come la crema solare Facial Mist che puoi applicare sopra il trucco per avere la pelle sempre protetta.\u00a0<\/span><span data-contrast=\"auto\">E inoltre, un trucco infallibile. Il libro che ti serve per sdraiarti al sole con il massimo relax possibile. Un libro sorprendente fuori e incredibile dentro. Il libro per ragazze intelligenti di Agrado \u00e8 in realt\u00e0 un nascondiglio dove riporre i tuoi oggetti di valore quando vai in spiaggia o in piscina, cos\u00ec potrai rilassarti in acqua o passeggiare lungo la riva con la pelle protetta, e anche i tuoi oggetti di valore .<\/span><span data-ccp-props=\"{&quot;201341983&quot;:0,&quot;335559739&quot;:160,&quot;335559740&quot;:249}\">\u00a0<\/span><\/p>\n<p><img fetchpriority=\"high\" decoding=\"async\" class=\"alignleft wp-image-3593 size-large\" src=\"https:\/\/www.agradocosmetic.com\/wp-content\/uploads\/2019\/04\/MOSAICO_colores-1024x683.png\" alt=\"\" width=\"848\" height=\"566\" \/><\/p>\n<h2><b><span data-contrast=\"auto\">Come ottenere il libro per ragazze pronto LIKE?<\/span><\/b><span data-ccp-props=\"{&quot;201341983&quot;:0,&quot;335559739&quot;:160,&quot;335559740&quot;:249}\">\u00a0<\/span><\/h2>\n<p><span data-contrast=\"auto\">\u00c8 semplicissimo, basta tenere d&#039;occhio i nostri social perch\u00e9 da aprile ad agosto faremo dei giveaway sui nostri canali. Avremo anche la collaborazione di\u00a0<\/span><em>influencer<\/em><span data-contrast=\"auto\">\u00a0che vi sapr\u00e0 consigliare al meglio per trascorrere un&#039;estate pazzesca, senza trascurare la vostra pelle e qualche sorpresa!\u00a0<\/span><span data-ccp-props=\"{&quot;201341983&quot;:0,&quot;335559739&quot;:160,&quot;335559740&quot;:249}\">\u00a0<\/span><span data-contrast=\"auto\">E puoi vedere tutto questo quando vuoi\u00a0<\/span><a href=\"http:\/\/www.solaresparachicaslistas.com\/\"><span data-contrast=\"none\">www.solaresparachicaslistas.com<\/span><\/a><span data-contrast=\"auto\">.<\/span><span data-ccp-props=\"{&quot;201341983&quot;:0,&quot;335559739&quot;:160,&quot;335559740&quot;:249}\">\u00a0<\/span><\/p>\n<p><span data-contrast=\"auto\">Resta sintonizzato sui nostri social network e non perdere le chiavi per goderti il bel tempo senza mettere a rischio la tua pelle.\u00a0<\/span><\/p>\n<h2><strong>Conosci la nuova gamma di appezzamenti AGRADO.\u00a0\u00a0<\/strong><\/h2>\n<p><span data-contrast=\"none\">La gamma di filtri solari Agrado \u00e8 progettata per proteggere la pelle dalle radiazioni solari fin dal primo giorno di esposizione. I nostri prodotti solari sono preparati per proteggere la tua pelle dal sole con una vasta gamma di prodotti. Dai Sun Protective Oil 8SPF, 10SPF e 20SPF, che ti consigliamo di completare con la gamma di protettori Sun Dry Mist<\/span><span data-ccp-props=\"{&quot;134233117&quot;:true,&quot;134233118&quot;:true,&quot;201341983&quot;:0,&quot;335559740&quot;:240}\">\u00a0<\/span><span data-contrast=\"none\">15SPF, 30SPF o 50SPF, fino alle formule pi\u00f9 nuove per proteggere il viso come Facial Mousse o Facial Mist. Se invece quello che cerchi \u00e8 idratare e recuperare la pelle dopo aver preso il sole, non puoi perderti\u00a0<\/span><span data-contrast=\"none\">dopo di<\/span><span data-contrast=\"none\">\u00a0<\/span><span data-contrast=\"none\">Sole<\/span><span data-contrast=\"none\">\u00a0<\/span><span data-contrast=\"none\">Idrocalmante<\/span><span data-contrast=\"none\">\u00a0e Aloe Vera.<\/span><span data-ccp-props=\"{&quot;134233117&quot;:true,&quot;134233118&quot;:true,&quot;201341983&quot;:0,&quot;335559740&quot;:240}\">\u00a0<\/span><span data-contrast=\"none\">Da Agrado abbiamo pensato anche ai pi\u00f9 piccoli e per loro troverai anche il protettore Sun Dry Mist 50+SPF per pelli sensibili.<\/span><span data-ccp-props=\"{&quot;134233117&quot;:true,&quot;134233118&quot;:true,&quot;201341983&quot;:0,&quot;335559740&quot;:240}\">\u00a0<\/span><span data-contrast=\"none\">Inoltre, i solari Agrado hanno una formula specifica di protezione ad ampio spettro, proteggendo la pelle dai raggi UVA ma anche dai raggi UVB, i pi\u00f9 dannosi per la pelle.<\/span><span data-ccp-props=\"{&quot;134233117&quot;:true,&quot;134233118&quot;:true,&quot;201341983&quot;:0,&quot;335559740&quot;:240}\">\u00a0<\/span><\/p>\n<p><span data-contrast=\"none\">Quest&#039;estate lascia andare i tuoi capelli, non preoccuparti di tutto tranne che della tua pelle. Segui tutti i nostri consigli in #<\/span><span data-contrast=\"none\">solarparagirlslist.\u00a0<\/span><\/p>\n<p><span data-contrast=\"none\">Entra <a href=\"http:\/\/www.solaresparachicaslistas.com\/\">www.solaresparachicaslistas.com<\/a>, scopri la nostra gamma di trame 2019 e scopri tante sorprese che abbiamo preparato<\/span><span data-ccp-props=\"{&quot;134233117&quot;:true,&quot;134233118&quot;:true,&quot;201341983&quot;:0,&quot;335559740&quot;:240}\">\u00a0<\/span><\/p>\n<p><span data-ccp-props=\"{&quot;201341983&quot;:0,&quot;335559739&quot;:160,&quot;335559740&quot;:249}\">\u00a0<\/span><\/p>","protected":false},"excerpt":{"rendered":"<p>Ya est\u00e1 aqu\u00ed la nueva gama de solares AGRADO Viene ese momento del a\u00f1o en el que empiezas a dejar la bufanda, el abrigo y las botas de invierno en el armario. Viene esa \u00e9poca del a\u00f1o en el que dejas de hacer planes de \u2018peli y manta\u2019, para pasar la tarde al sol de [&hellip;]<\/p>\n","protected":false},"author":9,"featured_media":21422,"comment_status":"open","ping_status":"closed","sticky":false,"template":"","format":"standard","meta":{"footnotes":"","_wp_rev_ctl_limit":""},"categories":[116,1],"tags":[],"class_list":["post-3483","post","type-post","status-publish","format-standard","has-post-thumbnail","hentry","category-solar","category-todos"],"yoast_head":"<!-- This site is optimized with the Yoast SEO plugin v27.4 - https:\/\/yoast.com\/product\/yoast-seo-wordpress\/ -->\n<title>Conoce la nueva gama de solares de AGRADO | #solaresparachicaslistas<\/title>\n<meta name=\"description\" content=\"Ya puedes disfrutar del verano despreocup\u00e1ndote de todo, menos de tu piel con la nueva gama de solares de AGRADO. Una nueva colecci\u00f3n de protectores solares para chicas, y chicos, que quieren vivir el verano al m\u00e1ximo sin poner en riesgo su piel.\" \/>\n<meta name=\"robots\" content=\"index, follow, max-snippet:-1, max-image-preview:large, max-video-preview:-1\" \/>\n<link rel=\"canonical\" href=\"https:\/\/agradocosmetic.com\/it\/gama-de-solares-agrado-chicas-listas\/\" \/>\n<meta property=\"og:locale\" content=\"it_IT\" \/>\n<meta property=\"og:type\" content=\"article\" \/>\n<meta property=\"og:title\" content=\"Conoce la nueva gama de solares de AGRADO | #solaresparachicaslistas\" \/>\n<meta property=\"og:description\" content=\"Ya puedes disfrutar del verano despreocup\u00e1ndote de todo, menos de tu piel con la nueva gama de solares de AGRADO. Una nueva colecci\u00f3n de protectores solares para chicas, y chicos, que quieren vivir el verano al m\u00e1ximo sin poner en riesgo su piel.\" \/>\n<meta property=\"og:url\" content=\"https:\/\/agradocosmetic.com\/it\/gama-de-solares-agrado-chicas-listas\/\" \/>\n<meta property=\"og:site_name\" content=\"Agrado\" \/>\n<meta property=\"article:published_time\" content=\"2019-04-08T07:09:20+00:00\" \/>\n<meta property=\"article:modified_time\" content=\"2023-11-18T16:58:56+00:00\" \/>\n<meta property=\"og:image\" content=\"https:\/\/agradocosmetic.com\/wp-content\/uploads\/2019\/04\/chicas-listas-agrado.jpg\" \/>\n\t<meta property=\"og:image:width\" content=\"1200\" \/>\n\t<meta property=\"og:image:height\" content=\"800\" \/>\n\t<meta property=\"og:image:type\" content=\"image\/jpeg\" \/>\n<meta name=\"author\" content=\"agradocosmetic\" \/>\n<meta name=\"twitter:card\" content=\"summary_large_image\" \/>\n<meta name=\"twitter:label1\" content=\"Scritto da\" \/>\n\t<meta name=\"twitter:data1\" content=\"agradocosmetic\" \/>\n\t<meta name=\"twitter:label2\" content=\"Tempo di lettura stimato\" \/>\n\t<meta name=\"twitter:data2\" content=\"3 minuti\" \/>\n<script type=\"application\/ld+json\" class=\"yoast-schema-graph\">{\"@context\":\"https:\\\/\\\/schema.org\",\"@graph\":[{\"@type\":\"Article\",\"@id\":\"https:\\\/\\\/agradocosmetic.com\\\/gama-de-solares-agrado-chicas-listas\\\/#article\",\"isPartOf\":{\"@id\":\"https:\\\/\\\/agradocosmetic.com\\\/gama-de-solares-agrado-chicas-listas\\\/\"},\"author\":{\"name\":\"agradocosmetic\",\"@id\":\"https:\\\/\\\/agradocosmetic.com\\\/#\\\/schema\\\/person\\\/732e8d396022e25f9340196f83d6789d\"},\"headline\":\"Ya est\u00e1 aqu\u00ed el momento de las chicas listas\",\"datePublished\":\"2019-04-08T07:09:20+00:00\",\"dateModified\":\"2023-11-18T16:58:56+00:00\",\"mainEntityOfPage\":{\"@id\":\"https:\\\/\\\/agradocosmetic.com\\\/gama-de-solares-agrado-chicas-listas\\\/\"},\"wordCount\":692,\"commentCount\":0,\"publisher\":{\"@id\":\"https:\\\/\\\/agradocosmetic.com\\\/#organization\"},\"image\":{\"@id\":\"https:\\\/\\\/agradocosmetic.com\\\/gama-de-solares-agrado-chicas-listas\\\/#primaryimage\"},\"thumbnailUrl\":\"https:\\\/\\\/agradocosmetic.com\\\/wp-content\\\/uploads\\\/2019\\\/04\\\/chicas-listas-agrado.jpg\",\"articleSection\":[\"Solar\",\"Todos\"],\"inLanguage\":\"it-IT\",\"potentialAction\":[{\"@type\":\"CommentAction\",\"name\":\"Comment\",\"target\":[\"https:\\\/\\\/agradocosmetic.com\\\/gama-de-solares-agrado-chicas-listas\\\/#respond\"]}]},{\"@type\":\"WebPage\",\"@id\":\"https:\\\/\\\/agradocosmetic.com\\\/gama-de-solares-agrado-chicas-listas\\\/\",\"url\":\"https:\\\/\\\/agradocosmetic.com\\\/gama-de-solares-agrado-chicas-listas\\\/\",\"name\":\"Conoce la nueva gama de solares de AGRADO | #solaresparachicaslistas\",\"isPartOf\":{\"@id\":\"https:\\\/\\\/agradocosmetic.com\\\/#website\"},\"primaryImageOfPage\":{\"@id\":\"https:\\\/\\\/agradocosmetic.com\\\/gama-de-solares-agrado-chicas-listas\\\/#primaryimage\"},\"image\":{\"@id\":\"https:\\\/\\\/agradocosmetic.com\\\/gama-de-solares-agrado-chicas-listas\\\/#primaryimage\"},\"thumbnailUrl\":\"https:\\\/\\\/agradocosmetic.com\\\/wp-content\\\/uploads\\\/2019\\\/04\\\/chicas-listas-agrado.jpg\",\"datePublished\":\"2019-04-08T07:09:20+00:00\",\"dateModified\":\"2023-11-18T16:58:56+00:00\",\"description\":\"Ya puedes disfrutar del verano despreocup\u00e1ndote de todo, menos de tu piel con la nueva gama de solares de AGRADO. Una nueva colecci\u00f3n de protectores solares para chicas, y chicos, que quieren vivir el verano al m\u00e1ximo sin poner en riesgo su piel.\",\"breadcrumb\":{\"@id\":\"https:\\\/\\\/agradocosmetic.com\\\/gama-de-solares-agrado-chicas-listas\\\/#breadcrumb\"},\"inLanguage\":\"it-IT\",\"potentialAction\":[{\"@type\":\"ReadAction\",\"target\":[\"https:\\\/\\\/agradocosmetic.com\\\/gama-de-solares-agrado-chicas-listas\\\/\"]}]},{\"@type\":\"ImageObject\",\"inLanguage\":\"it-IT\",\"@id\":\"https:\\\/\\\/agradocosmetic.com\\\/gama-de-solares-agrado-chicas-listas\\\/#primaryimage\",\"url\":\"https:\\\/\\\/agradocosmetic.com\\\/wp-content\\\/uploads\\\/2019\\\/04\\\/chicas-listas-agrado.jpg\",\"contentUrl\":\"https:\\\/\\\/agradocosmetic.com\\\/wp-content\\\/uploads\\\/2019\\\/04\\\/chicas-listas-agrado.jpg\",\"width\":1200,\"height\":800},{\"@type\":\"BreadcrumbList\",\"@id\":\"https:\\\/\\\/agradocosmetic.com\\\/gama-de-solares-agrado-chicas-listas\\\/#breadcrumb\",\"itemListElement\":[{\"@type\":\"ListItem\",\"position\":1,\"name\":\"Portada\",\"item\":\"https:\\\/\\\/agradocosmetic.com\\\/\"},{\"@type\":\"ListItem\",\"position\":2,\"name\":\"Ya est\u00e1 aqu\u00ed el momento de las chicas listas\"}]},{\"@type\":\"WebSite\",\"@id\":\"https:\\\/\\\/agradocosmetic.com\\\/#website\",\"url\":\"https:\\\/\\\/agradocosmetic.com\\\/\",\"name\":\"Agrado\",\"description\":\"Cosmetic\",\"publisher\":{\"@id\":\"https:\\\/\\\/agradocosmetic.com\\\/#organization\"},\"potentialAction\":[{\"@type\":\"SearchAction\",\"target\":{\"@type\":\"EntryPoint\",\"urlTemplate\":\"https:\\\/\\\/agradocosmetic.com\\\/?s={search_term_string}\"},\"query-input\":{\"@type\":\"PropertyValueSpecification\",\"valueRequired\":true,\"valueName\":\"search_term_string\"}}],\"inLanguage\":\"it-IT\"},{\"@type\":\"Organization\",\"@id\":\"https:\\\/\\\/agradocosmetic.com\\\/#organization\",\"name\":\"Agrado\",\"url\":\"https:\\\/\\\/agradocosmetic.com\\\/\",\"logo\":{\"@type\":\"ImageObject\",\"inLanguage\":\"it-IT\",\"@id\":\"https:\\\/\\\/agradocosmetic.com\\\/#\\\/schema\\\/logo\\\/image\\\/\",\"url\":\"https:\\\/\\\/agradocosmetic.com\\\/wp-content\\\/uploads\\\/2023\\\/07\\\/LOGO-AGRADO-WEB-01.png\",\"contentUrl\":\"https:\\\/\\\/agradocosmetic.com\\\/wp-content\\\/uploads\\\/2023\\\/07\\\/LOGO-AGRADO-WEB-01.png\",\"width\":1632,\"height\":300,\"caption\":\"Agrado\"},\"image\":{\"@id\":\"https:\\\/\\\/agradocosmetic.com\\\/#\\\/schema\\\/logo\\\/image\\\/\"}},{\"@type\":\"Person\",\"@id\":\"https:\\\/\\\/agradocosmetic.com\\\/#\\\/schema\\\/person\\\/732e8d396022e25f9340196f83d6789d\",\"name\":\"agradocosmetic\",\"image\":{\"@type\":\"ImageObject\",\"inLanguage\":\"it-IT\",\"@id\":\"https:\\\/\\\/secure.gravatar.com\\\/avatar\\\/c6003e45301182b7e125463fcbec403b1980909c12edf09098526b9a15e779c0?s=96&d=mm&r=g\",\"url\":\"https:\\\/\\\/secure.gravatar.com\\\/avatar\\\/c6003e45301182b7e125463fcbec403b1980909c12edf09098526b9a15e779c0?s=96&d=mm&r=g\",\"contentUrl\":\"https:\\\/\\\/secure.gravatar.com\\\/avatar\\\/c6003e45301182b7e125463fcbec403b1980909c12edf09098526b9a15e779c0?s=96&d=mm&r=g\",\"caption\":\"agradocosmetic\"}}]}<\/script>\n<!-- \/ Yoast SEO plugin. -->","yoast_head_json":{"title":"Conoce la nueva gama de solares de AGRADO | #solaresparachicaslistas","description":"Ya puedes disfrutar del verano despreocup\u00e1ndote de todo, menos de tu piel con la nueva gama de solares de AGRADO. Una nueva colecci\u00f3n de protectores solares para chicas, y chicos, que quieren vivir el verano al m\u00e1ximo sin poner en riesgo su piel.","robots":{"index":"index","follow":"follow","max-snippet":"max-snippet:-1","max-image-preview":"max-image-preview:large","max-video-preview":"max-video-preview:-1"},"canonical":"https:\/\/agradocosmetic.com\/it\/gama-de-solares-agrado-chicas-listas\/","og_locale":"it_IT","og_type":"article","og_title":"Conoce la nueva gama de solares de AGRADO | #solaresparachicaslistas","og_description":"Ya puedes disfrutar del verano despreocup\u00e1ndote de todo, menos de tu piel con la nueva gama de solares de AGRADO. Una nueva colecci\u00f3n de protectores solares para chicas, y chicos, que quieren vivir el verano al m\u00e1ximo sin poner en riesgo su piel.","og_url":"https:\/\/agradocosmetic.com\/it\/gama-de-solares-agrado-chicas-listas\/","og_site_name":"Agrado","article_published_time":"2019-04-08T07:09:20+00:00","article_modified_time":"2023-11-18T16:58:56+00:00","og_image":[{"width":1200,"height":800,"url":"https:\/\/agradocosmetic.com\/wp-content\/uploads\/2019\/04\/chicas-listas-agrado.jpg","type":"image\/jpeg"}],"author":"agradocosmetic","twitter_card":"summary_large_image","twitter_misc":{"Scritto da":"agradocosmetic","Tempo di lettura stimato":"3 minuti"},"schema":{"@context":"https:\/\/schema.org","@graph":[{"@type":"Article","@id":"https:\/\/agradocosmetic.com\/gama-de-solares-agrado-chicas-listas\/#article","isPartOf":{"@id":"https:\/\/agradocosmetic.com\/gama-de-solares-agrado-chicas-listas\/"},"author":{"name":"agradocosmetic","@id":"https:\/\/agradocosmetic.com\/#\/schema\/person\/732e8d396022e25f9340196f83d6789d"},"headline":"Ya est\u00e1 aqu\u00ed el momento de las chicas listas","datePublished":"2019-04-08T07:09:20+00:00","dateModified":"2023-11-18T16:58:56+00:00","mainEntityOfPage":{"@id":"https:\/\/agradocosmetic.com\/gama-de-solares-agrado-chicas-listas\/"},"wordCount":692,"commentCount":0,"publisher":{"@id":"https:\/\/agradocosmetic.com\/#organization"},"image":{"@id":"https:\/\/agradocosmetic.com\/gama-de-solares-agrado-chicas-listas\/#primaryimage"},"thumbnailUrl":"https:\/\/agradocosmetic.com\/wp-content\/uploads\/2019\/04\/chicas-listas-agrado.jpg","articleSection":["Solar","Todos"],"inLanguage":"it-IT","potentialAction":[{"@type":"CommentAction","name":"Comment","target":["https:\/\/agradocosmetic.com\/gama-de-solares-agrado-chicas-listas\/#respond"]}]},{"@type":"WebPage","@id":"https:\/\/agradocosmetic.com\/gama-de-solares-agrado-chicas-listas\/","url":"https:\/\/agradocosmetic.com\/gama-de-solares-agrado-chicas-listas\/","name":"Conoce la nueva gama de solares de AGRADO | #solaresparachicaslistas","isPartOf":{"@id":"https:\/\/agradocosmetic.com\/#website"},"primaryImageOfPage":{"@id":"https:\/\/agradocosmetic.com\/gama-de-solares-agrado-chicas-listas\/#primaryimage"},"image":{"@id":"https:\/\/agradocosmetic.com\/gama-de-solares-agrado-chicas-listas\/#primaryimage"},"thumbnailUrl":"https:\/\/agradocosmetic.com\/wp-content\/uploads\/2019\/04\/chicas-listas-agrado.jpg","datePublished":"2019-04-08T07:09:20+00:00","dateModified":"2023-11-18T16:58:56+00:00","description":"Ya puedes disfrutar del verano despreocup\u00e1ndote de todo, menos de tu piel con la nueva gama de solares de AGRADO. Una nueva colecci\u00f3n de protectores solares para chicas, y chicos, que quieren vivir el verano al m\u00e1ximo sin poner en riesgo su piel.","breadcrumb":{"@id":"https:\/\/agradocosmetic.com\/gama-de-solares-agrado-chicas-listas\/#breadcrumb"},"inLanguage":"it-IT","potentialAction":[{"@type":"ReadAction","target":["https:\/\/agradocosmetic.com\/gama-de-solares-agrado-chicas-listas\/"]}]},{"@type":"ImageObject","inLanguage":"it-IT","@id":"https:\/\/agradocosmetic.com\/gama-de-solares-agrado-chicas-listas\/#primaryimage","url":"https:\/\/agradocosmetic.com\/wp-content\/uploads\/2019\/04\/chicas-listas-agrado.jpg","contentUrl":"https:\/\/agradocosmetic.com\/wp-content\/uploads\/2019\/04\/chicas-listas-agrado.jpg","width":1200,"height":800},{"@type":"BreadcrumbList","@id":"https:\/\/agradocosmetic.com\/gama-de-solares-agrado-chicas-listas\/#breadcrumb","itemListElement":[{"@type":"ListItem","position":1,"name":"Portada","item":"https:\/\/agradocosmetic.com\/"},{"@type":"ListItem","position":2,"name":"Ya est\u00e1 aqu\u00ed el momento de las chicas listas"}]},{"@type":"WebSite","@id":"https:\/\/agradocosmetic.com\/#website","url":"https:\/\/agradocosmetic.com\/","name":"Mi piace","description":"cosmetico","publisher":{"@id":"https:\/\/agradocosmetic.com\/#organization"},"potentialAction":[{"@type":"SearchAction","target":{"@type":"EntryPoint","urlTemplate":"https:\/\/agradocosmetic.com\/?s={search_term_string}"},"query-input":{"@type":"PropertyValueSpecification","valueRequired":true,"valueName":"search_term_string"}}],"inLanguage":"it-IT"},{"@type":"Organization","@id":"https:\/\/agradocosmetic.com\/#organization","name":"Mi piace","url":"https:\/\/agradocosmetic.com\/","logo":{"@type":"ImageObject","inLanguage":"it-IT","@id":"https:\/\/agradocosmetic.com\/#\/schema\/logo\/image\/","url":"https:\/\/agradocosmetic.com\/wp-content\/uploads\/2023\/07\/LOGO-AGRADO-WEB-01.png","contentUrl":"https:\/\/agradocosmetic.com\/wp-content\/uploads\/2023\/07\/LOGO-AGRADO-WEB-01.png","width":1632,"height":300,"caption":"Agrado"},"image":{"@id":"https:\/\/agradocosmetic.com\/#\/schema\/logo\/image\/"}},{"@type":"Person","@id":"https:\/\/agradocosmetic.com\/#\/schema\/person\/732e8d396022e25f9340196f83d6789d","name":"agradocosmetico","image":{"@type":"ImageObject","inLanguage":"it-IT","@id":"https:\/\/secure.gravatar.com\/avatar\/c6003e45301182b7e125463fcbec403b1980909c12edf09098526b9a15e779c0?s=96&d=mm&r=g","url":"https:\/\/secure.gravatar.com\/avatar\/c6003e45301182b7e125463fcbec403b1980909c12edf09098526b9a15e779c0?s=96&d=mm&r=g","contentUrl":"https:\/\/secure.gravatar.com\/avatar\/c6003e45301182b7e125463fcbec403b1980909c12edf09098526b9a15e779c0?s=96&d=mm&r=g","caption":"agradocosmetic"}}]}},"_links":{"self":[{"href":"https:\/\/agradocosmetic.com\/it\/wp-json\/wp\/v2\/posts\/3483","targetHints":{"allow":["GET"]}}],"collection":[{"href":"https:\/\/agradocosmetic.com\/it\/wp-json\/wp\/v2\/posts"}],"about":[{"href":"https:\/\/agradocosmetic.com\/it\/wp-json\/wp\/v2\/types\/post"}],"author":[{"embeddable":true,"href":"https:\/\/agradocosmetic.com\/it\/wp-json\/wp\/v2\/users\/9"}],"replies":[{"embeddable":true,"href":"https:\/\/agradocosmetic.com\/it\/wp-json\/wp\/v2\/comments?post=3483"}],"version-history":[{"count":1,"href":"https:\/\/agradocosmetic.com\/it\/wp-json\/wp\/v2\/posts\/3483\/revisions"}],"predecessor-version":[{"id":21423,"href":"https:\/\/agradocosmetic.com\/it\/wp-json\/wp\/v2\/posts\/3483\/revisions\/21423"}],"wp:featuredmedia":[{"embeddable":true,"href":"https:\/\/agradocosmetic.com\/it\/wp-json\/wp\/v2\/media\/21422"}],"wp:attachment":[{"href":"https:\/\/agradocosmetic.com\/it\/wp-json\/wp\/v2\/media?parent=3483"}],"wp:term":[{"taxonomy":"category","embeddable":true,"href":"https:\/\/agradocosmetic.com\/it\/wp-json\/wp\/v2\/categories?post=3483"},{"taxonomy":"post_tag","embeddable":true,"href":"https:\/\/agradocosmetic.com\/it\/wp-json\/wp\/v2\/tags?post=3483"}],"curies":[{"name":"parola chiave","href":"https:\/\/api.w.org\/{rel}","templated":true}]}}