{"id":35066,"date":"2026-01-10T10:03:12","date_gmt":"2026-01-10T09:03:12","guid":{"rendered":"https:\/\/agradocosmetic.com\/?p=35066"},"modified":"2026-03-04T10:15:18","modified_gmt":"2026-03-04T09:15:18","slug":"como-recuperar-la-hidratacion-en-invierno","status":"publish","type":"post","link":"https:\/\/agradocosmetic.com\/it\/como-recuperar-la-hidratacion-en-invierno\/","title":{"rendered":"Come recuperare l&#039;idratazione in inverno"},"content":{"rendered":"<h2><b>Come recuperare l&#039;idratazione in inverno<\/b><\/h2>\n<p><span style=\"font-weight: 400\">Il freddo, il caldo e gli sbalzi di temperatura influiscono sulla nostra pelle. <\/span><\/p>\n<p><span style=\"font-weight: 400\">Potresti sentirla pi\u00f9 tesa, pi\u00f9 opaca o con imperfezioni che prima non avevi.\u00a0 <\/span><span style=\"font-weight: 400\">Ma non preoccuparti, la soluzione esiste ed \u00e8 pi\u00f9 semplice di quanto sembri se sai come prenderti cura della tua pelle. <\/span><\/p>\n<p><span style=\"font-weight: 400\">Questi consigli ti aiuteranno ad avere una pelle idratata e luminosa durante l&#039;inverno.<\/span><\/p>\n<p><span style=\"font-weight: 400\">Innanzitutto, la barriera cutanea \u00e8 pi\u00f9 debole in questo periodo e perde acqua pi\u00f9 facilmente. Ecco perch\u00e9 \u00e8 importante scegliere detergenti che rispettino l&#039;equilibrio naturale della pelle. <\/span><a href=\"https:\/\/agradocosmetic.com\/it\/producto\/gel-limpiador-facial-purify\/\"><b>Gel detergente viso purificante<\/b><\/a><span style=\"font-weight: 400\"> \u00c8 l&#039;alleato perfetto, deterge senza seccare e contiene principi attivi che si prendono cura del microbiota cutaneo.<\/span><\/p>\n<p><span style=\"font-weight: 400\">Una volta terminata la routine di cura della pelle, \u00e8 importante non dimenticare di sigillare l&#039;idratazione con una crema per il viso, come la <\/span><a href=\"https:\/\/agradocosmetic.com\/it\/producto\/crema-gel-hyaluronic-hidra-glow\/\"><b>Crema gel all&#039;acido ialuronico Hydra+Glow<\/b><\/a><span style=\"font-weight: 400\">, che idrata intensamente e dona luminosit\u00e0 alla pelle.<\/span><\/p>\n<p><span style=\"font-weight: 400\">E non tralasciare il resto del corpo. <\/span><a href=\"https:\/\/agradocosmetic.com\/it\/categoria-de-producto\/body-milks\/\"><b>Body Milk <\/b><\/a><span style=\"font-weight: 400\">Aiutano a mantenere la pelle di tutto il corpo idratata e luminosa. Un consiglio per risultati ancora migliori: applica il Latte Corpo sulla pelle leggermente umida per trattenere l&#039;idratazione e potenziarne l&#039;effetto.<\/span><\/p>\n<p><span style=\"font-weight: 400\">Ma ricorda, l&#039;idratazione viene da dentro. Bere abbastanza acqua \u00e8 uno degli elementi chiave per una pelle naturalmente radiosa.<\/span><\/p>\n<p><span style=\"font-weight: 400\">Quest&#039;inverno, fai della cura della pelle un momento di cura di s\u00e9. Con i prodotti giusti e un po&#039; di costanza, la tua pelle pu\u00f2 ritrovare l&#039;elasticit\u00e0, la luminosit\u00e0 e la levigatezza che tutti amiamo. Quando la tua pelle \u00e8 ben idratata, si vede... e si sente.<\/span><\/p>","protected":false},"excerpt":{"rendered":"<p>C\u00f3mo recuperar la hidrataci\u00f3n en invierno El fr\u00edo, la calefacci\u00f3n y los cambios bruscos de temperatura afectan nuestra piel. Puede que la sientas m\u00e1s tirante, apagada o con imperfecciones que antes no ten\u00edas.\u00a0 Pero tranquila que tiene soluci\u00f3n, y es m\u00e1s sencillo de lo que parece si sabes c\u00f3mo cuidar de tu piel. Estos consejos [&hellip;]<\/p>\n","protected":false},"author":11,"featured_media":35067,"comment_status":"closed","ping_status":"closed","sticky":false,"template":"","format":"standard","meta":{"footnotes":"","_wp_rev_ctl_limit":""},"categories":[149,122,119,1],"tags":[210,180,205,157,158,235],"class_list":["post-35066","post","type-post","status-publish","format-standard","has-post-thumbnail","hentry","category-corporal","category-facial-en","category-facial","category-todos","tag-bodycare","tag-cuidado","tag-hidratacion","tag-invierno","tag-piel","tag-skincare"],"yoast_head":"<!-- This site is optimized with the Yoast SEO plugin v27.4 - https:\/\/yoast.com\/product\/yoast-seo-wordpress\/ -->\n<title>C\u00f3mo recuperar la hidrataci\u00f3n en invierno - Agrado<\/title>\n<meta name=\"description\" content=\"El fr\u00edo, la calefacci\u00f3n y los cambios bruscos de temperatura afectan nuestra piel. Puede ser que la sientas m\u00e1s tirante. Pero tranquila que tiene soluci\u00f3n, y es m\u00e1s sencillo de lo que parece si sabes c\u00f3mo cuidar de tu piel. Con estos tips sabr\u00e1s como hidratar tu piel en invierno.\" \/>\n<meta name=\"robots\" content=\"index, follow, max-snippet:-1, max-image-preview:large, max-video-preview:-1\" \/>\n<link rel=\"canonical\" href=\"https:\/\/agradocosmetic.com\/it\/como-recuperar-la-hidratacion-en-invierno\/\" \/>\n<meta property=\"og:locale\" content=\"it_IT\" \/>\n<meta property=\"og:type\" content=\"article\" \/>\n<meta property=\"og:title\" content=\"C\u00f3mo recuperar la hidrataci\u00f3n en invierno - Agrado\" \/>\n<meta property=\"og:description\" content=\"El fr\u00edo, la calefacci\u00f3n y los cambios bruscos de temperatura afectan nuestra piel. Puede ser que la sientas m\u00e1s tirante. Pero tranquila que tiene soluci\u00f3n, y es m\u00e1s sencillo de lo que parece si sabes c\u00f3mo cuidar de tu piel. Con estos tips sabr\u00e1s como hidratar tu piel en invierno.\" \/>\n<meta property=\"og:url\" content=\"https:\/\/agradocosmetic.com\/it\/como-recuperar-la-hidratacion-en-invierno\/\" \/>\n<meta property=\"og:site_name\" content=\"Agrado\" \/>\n<meta property=\"article:published_time\" content=\"2026-01-10T09:03:12+00:00\" \/>\n<meta property=\"article:modified_time\" content=\"2026-03-04T09:15:18+00:00\" \/>\n<meta property=\"og:image\" content=\"https:\/\/agradocosmetic.com\/wp-content\/uploads\/2026\/03\/ENERO-1.png\" \/>\n\t<meta property=\"og:image:width\" content=\"1140\" \/>\n\t<meta property=\"og:image:height\" content=\"600\" \/>\n\t<meta property=\"og:image:type\" content=\"image\/png\" \/>\n<meta name=\"author\" content=\"carmen\" \/>\n<meta name=\"twitter:card\" content=\"summary_large_image\" \/>\n<meta name=\"twitter:label1\" content=\"Scritto da\" \/>\n\t<meta name=\"twitter:data1\" content=\"carmen\" \/>\n\t<meta name=\"twitter:label2\" content=\"Tempo di lettura stimato\" \/>\n\t<meta name=\"twitter:data2\" content=\"2 minuti\" \/>\n<script type=\"application\/ld+json\" class=\"yoast-schema-graph\">{\"@context\":\"https:\\\/\\\/schema.org\",\"@graph\":[{\"@type\":\"Article\",\"@id\":\"https:\\\/\\\/agradocosmetic.com\\\/como-recuperar-la-hidratacion-en-invierno\\\/#article\",\"isPartOf\":{\"@id\":\"https:\\\/\\\/agradocosmetic.com\\\/como-recuperar-la-hidratacion-en-invierno\\\/\"},\"author\":{\"name\":\"carmen\",\"@id\":\"https:\\\/\\\/agradocosmetic.com\\\/#\\\/schema\\\/person\\\/59124921013b50f80959d84fc7219096\"},\"headline\":\"C\u00f3mo recuperar la hidrataci\u00f3n en invierno\",\"datePublished\":\"2026-01-10T09:03:12+00:00\",\"dateModified\":\"2026-03-04T09:15:18+00:00\",\"mainEntityOfPage\":{\"@id\":\"https:\\\/\\\/agradocosmetic.com\\\/como-recuperar-la-hidratacion-en-invierno\\\/\"},\"wordCount\":298,\"publisher\":{\"@id\":\"https:\\\/\\\/agradocosmetic.com\\\/#organization\"},\"image\":{\"@id\":\"https:\\\/\\\/agradocosmetic.com\\\/como-recuperar-la-hidratacion-en-invierno\\\/#primaryimage\"},\"thumbnailUrl\":\"https:\\\/\\\/agradocosmetic.com\\\/wp-content\\\/uploads\\\/2026\\\/03\\\/ENERO-1.png\",\"keywords\":[\"bodycare\",\"cuidado\",\"hidrataci\u00f3n\",\"invierno\",\"piel\",\"skincare\"],\"articleSection\":[\"Corporal\",\"Facial\",\"Facial\",\"Todos\"],\"inLanguage\":\"it-IT\"},{\"@type\":\"WebPage\",\"@id\":\"https:\\\/\\\/agradocosmetic.com\\\/como-recuperar-la-hidratacion-en-invierno\\\/\",\"url\":\"https:\\\/\\\/agradocosmetic.com\\\/como-recuperar-la-hidratacion-en-invierno\\\/\",\"name\":\"C\u00f3mo recuperar la hidrataci\u00f3n en invierno - Agrado\",\"isPartOf\":{\"@id\":\"https:\\\/\\\/agradocosmetic.com\\\/#website\"},\"primaryImageOfPage\":{\"@id\":\"https:\\\/\\\/agradocosmetic.com\\\/como-recuperar-la-hidratacion-en-invierno\\\/#primaryimage\"},\"image\":{\"@id\":\"https:\\\/\\\/agradocosmetic.com\\\/como-recuperar-la-hidratacion-en-invierno\\\/#primaryimage\"},\"thumbnailUrl\":\"https:\\\/\\\/agradocosmetic.com\\\/wp-content\\\/uploads\\\/2026\\\/03\\\/ENERO-1.png\",\"datePublished\":\"2026-01-10T09:03:12+00:00\",\"dateModified\":\"2026-03-04T09:15:18+00:00\",\"description\":\"El fr\u00edo, la calefacci\u00f3n y los cambios bruscos de temperatura afectan nuestra piel. Puede ser que la sientas m\u00e1s tirante. Pero tranquila que tiene soluci\u00f3n, y es m\u00e1s sencillo de lo que parece si sabes c\u00f3mo cuidar de tu piel. Con estos tips sabr\u00e1s como hidratar tu piel en invierno.\",\"breadcrumb\":{\"@id\":\"https:\\\/\\\/agradocosmetic.com\\\/como-recuperar-la-hidratacion-en-invierno\\\/#breadcrumb\"},\"inLanguage\":\"it-IT\",\"potentialAction\":[{\"@type\":\"ReadAction\",\"target\":[\"https:\\\/\\\/agradocosmetic.com\\\/como-recuperar-la-hidratacion-en-invierno\\\/\"]}]},{\"@type\":\"ImageObject\",\"inLanguage\":\"it-IT\",\"@id\":\"https:\\\/\\\/agradocosmetic.com\\\/como-recuperar-la-hidratacion-en-invierno\\\/#primaryimage\",\"url\":\"https:\\\/\\\/agradocosmetic.com\\\/wp-content\\\/uploads\\\/2026\\\/03\\\/ENERO-1.png\",\"contentUrl\":\"https:\\\/\\\/agradocosmetic.com\\\/wp-content\\\/uploads\\\/2026\\\/03\\\/ENERO-1.png\",\"width\":1140,\"height\":600,\"caption\":\"Hidrataci\u00f3n en invierno\"},{\"@type\":\"BreadcrumbList\",\"@id\":\"https:\\\/\\\/agradocosmetic.com\\\/como-recuperar-la-hidratacion-en-invierno\\\/#breadcrumb\",\"itemListElement\":[{\"@type\":\"ListItem\",\"position\":1,\"name\":\"Portada\",\"item\":\"https:\\\/\\\/agradocosmetic.com\\\/\"},{\"@type\":\"ListItem\",\"position\":2,\"name\":\"C\u00f3mo recuperar la hidrataci\u00f3n en invierno\"}]},{\"@type\":\"WebSite\",\"@id\":\"https:\\\/\\\/agradocosmetic.com\\\/#website\",\"url\":\"https:\\\/\\\/agradocosmetic.com\\\/\",\"name\":\"Agrado\",\"description\":\"Cosmetic\",\"publisher\":{\"@id\":\"https:\\\/\\\/agradocosmetic.com\\\/#organization\"},\"potentialAction\":[{\"@type\":\"SearchAction\",\"target\":{\"@type\":\"EntryPoint\",\"urlTemplate\":\"https:\\\/\\\/agradocosmetic.com\\\/?s={search_term_string}\"},\"query-input\":{\"@type\":\"PropertyValueSpecification\",\"valueRequired\":true,\"valueName\":\"search_term_string\"}}],\"inLanguage\":\"it-IT\"},{\"@type\":\"Organization\",\"@id\":\"https:\\\/\\\/agradocosmetic.com\\\/#organization\",\"name\":\"Agrado\",\"url\":\"https:\\\/\\\/agradocosmetic.com\\\/\",\"logo\":{\"@type\":\"ImageObject\",\"inLanguage\":\"it-IT\",\"@id\":\"https:\\\/\\\/agradocosmetic.com\\\/#\\\/schema\\\/logo\\\/image\\\/\",\"url\":\"https:\\\/\\\/agradocosmetic.com\\\/wp-content\\\/uploads\\\/2023\\\/07\\\/LOGO-AGRADO-WEB-01.png\",\"contentUrl\":\"https:\\\/\\\/agradocosmetic.com\\\/wp-content\\\/uploads\\\/2023\\\/07\\\/LOGO-AGRADO-WEB-01.png\",\"width\":1632,\"height\":300,\"caption\":\"Agrado\"},\"image\":{\"@id\":\"https:\\\/\\\/agradocosmetic.com\\\/#\\\/schema\\\/logo\\\/image\\\/\"}},{\"@type\":\"Person\",\"@id\":\"https:\\\/\\\/agradocosmetic.com\\\/#\\\/schema\\\/person\\\/59124921013b50f80959d84fc7219096\",\"name\":\"carmen\",\"image\":{\"@type\":\"ImageObject\",\"inLanguage\":\"it-IT\",\"@id\":\"https:\\\/\\\/secure.gravatar.com\\\/avatar\\\/2036bf58c019bb0a3f94937a2ed7cab76ae6ebe239f705f7c62ea5c48f93531f?s=96&d=mm&r=g\",\"url\":\"https:\\\/\\\/secure.gravatar.com\\\/avatar\\\/2036bf58c019bb0a3f94937a2ed7cab76ae6ebe239f705f7c62ea5c48f93531f?s=96&d=mm&r=g\",\"contentUrl\":\"https:\\\/\\\/secure.gravatar.com\\\/avatar\\\/2036bf58c019bb0a3f94937a2ed7cab76ae6ebe239f705f7c62ea5c48f93531f?s=96&d=mm&r=g\",\"caption\":\"carmen\"}}]}<\/script>\n<!-- \/ Yoast SEO plugin. -->","yoast_head_json":{"title":"C\u00f3mo recuperar la hidrataci\u00f3n en invierno - Agrado","description":"El fr\u00edo, la calefacci\u00f3n y los cambios bruscos de temperatura afectan nuestra piel. Puede ser que la sientas m\u00e1s tirante. Pero tranquila que tiene soluci\u00f3n, y es m\u00e1s sencillo de lo que parece si sabes c\u00f3mo cuidar de tu piel. Con estos tips sabr\u00e1s como hidratar tu piel en invierno.","robots":{"index":"index","follow":"follow","max-snippet":"max-snippet:-1","max-image-preview":"max-image-preview:large","max-video-preview":"max-video-preview:-1"},"canonical":"https:\/\/agradocosmetic.com\/it\/como-recuperar-la-hidratacion-en-invierno\/","og_locale":"it_IT","og_type":"article","og_title":"C\u00f3mo recuperar la hidrataci\u00f3n en invierno - Agrado","og_description":"El fr\u00edo, la calefacci\u00f3n y los cambios bruscos de temperatura afectan nuestra piel. Puede ser que la sientas m\u00e1s tirante. Pero tranquila que tiene soluci\u00f3n, y es m\u00e1s sencillo de lo que parece si sabes c\u00f3mo cuidar de tu piel. Con estos tips sabr\u00e1s como hidratar tu piel en invierno.","og_url":"https:\/\/agradocosmetic.com\/it\/como-recuperar-la-hidratacion-en-invierno\/","og_site_name":"Agrado","article_published_time":"2026-01-10T09:03:12+00:00","article_modified_time":"2026-03-04T09:15:18+00:00","og_image":[{"width":1140,"height":600,"url":"https:\/\/agradocosmetic.com\/wp-content\/uploads\/2026\/03\/ENERO-1.png","type":"image\/png"}],"author":"carmen","twitter_card":"summary_large_image","twitter_misc":{"Scritto da":"carmen","Tempo di lettura stimato":"2 minuti"},"schema":{"@context":"https:\/\/schema.org","@graph":[{"@type":"Article","@id":"https:\/\/agradocosmetic.com\/como-recuperar-la-hidratacion-en-invierno\/#article","isPartOf":{"@id":"https:\/\/agradocosmetic.com\/como-recuperar-la-hidratacion-en-invierno\/"},"author":{"name":"carmen","@id":"https:\/\/agradocosmetic.com\/#\/schema\/person\/59124921013b50f80959d84fc7219096"},"headline":"C\u00f3mo recuperar la hidrataci\u00f3n en invierno","datePublished":"2026-01-10T09:03:12+00:00","dateModified":"2026-03-04T09:15:18+00:00","mainEntityOfPage":{"@id":"https:\/\/agradocosmetic.com\/como-recuperar-la-hidratacion-en-invierno\/"},"wordCount":298,"publisher":{"@id":"https:\/\/agradocosmetic.com\/#organization"},"image":{"@id":"https:\/\/agradocosmetic.com\/como-recuperar-la-hidratacion-en-invierno\/#primaryimage"},"thumbnailUrl":"https:\/\/agradocosmetic.com\/wp-content\/uploads\/2026\/03\/ENERO-1.png","keywords":["bodycare","cuidado","hidrataci\u00f3n","invierno","piel","skincare"],"articleSection":["Corporal","Facial","Facial","Todos"],"inLanguage":"it-IT"},{"@type":"WebPage","@id":"https:\/\/agradocosmetic.com\/como-recuperar-la-hidratacion-en-invierno\/","url":"https:\/\/agradocosmetic.com\/como-recuperar-la-hidratacion-en-invierno\/","name":"C\u00f3mo recuperar la hidrataci\u00f3n en invierno - Agrado","isPartOf":{"@id":"https:\/\/agradocosmetic.com\/#website"},"primaryImageOfPage":{"@id":"https:\/\/agradocosmetic.com\/como-recuperar-la-hidratacion-en-invierno\/#primaryimage"},"image":{"@id":"https:\/\/agradocosmetic.com\/como-recuperar-la-hidratacion-en-invierno\/#primaryimage"},"thumbnailUrl":"https:\/\/agradocosmetic.com\/wp-content\/uploads\/2026\/03\/ENERO-1.png","datePublished":"2026-01-10T09:03:12+00:00","dateModified":"2026-03-04T09:15:18+00:00","description":"El fr\u00edo, la calefacci\u00f3n y los cambios bruscos de temperatura afectan nuestra piel. Puede ser que la sientas m\u00e1s tirante. Pero tranquila que tiene soluci\u00f3n, y es m\u00e1s sencillo de lo que parece si sabes c\u00f3mo cuidar de tu piel. Con estos tips sabr\u00e1s como hidratar tu piel en invierno.","breadcrumb":{"@id":"https:\/\/agradocosmetic.com\/como-recuperar-la-hidratacion-en-invierno\/#breadcrumb"},"inLanguage":"it-IT","potentialAction":[{"@type":"ReadAction","target":["https:\/\/agradocosmetic.com\/como-recuperar-la-hidratacion-en-invierno\/"]}]},{"@type":"ImageObject","inLanguage":"it-IT","@id":"https:\/\/agradocosmetic.com\/como-recuperar-la-hidratacion-en-invierno\/#primaryimage","url":"https:\/\/agradocosmetic.com\/wp-content\/uploads\/2026\/03\/ENERO-1.png","contentUrl":"https:\/\/agradocosmetic.com\/wp-content\/uploads\/2026\/03\/ENERO-1.png","width":1140,"height":600,"caption":"Hidrataci\u00f3n en invierno"},{"@type":"BreadcrumbList","@id":"https:\/\/agradocosmetic.com\/como-recuperar-la-hidratacion-en-invierno\/#breadcrumb","itemListElement":[{"@type":"ListItem","position":1,"name":"Portada","item":"https:\/\/agradocosmetic.com\/"},{"@type":"ListItem","position":2,"name":"C\u00f3mo recuperar la hidrataci\u00f3n en invierno"}]},{"@type":"WebSite","@id":"https:\/\/agradocosmetic.com\/#website","url":"https:\/\/agradocosmetic.com\/","name":"Mi piace","description":"cosmetico","publisher":{"@id":"https:\/\/agradocosmetic.com\/#organization"},"potentialAction":[{"@type":"SearchAction","target":{"@type":"EntryPoint","urlTemplate":"https:\/\/agradocosmetic.com\/?s={search_term_string}"},"query-input":{"@type":"PropertyValueSpecification","valueRequired":true,"valueName":"search_term_string"}}],"inLanguage":"it-IT"},{"@type":"Organization","@id":"https:\/\/agradocosmetic.com\/#organization","name":"Mi piace","url":"https:\/\/agradocosmetic.com\/","logo":{"@type":"ImageObject","inLanguage":"it-IT","@id":"https:\/\/agradocosmetic.com\/#\/schema\/logo\/image\/","url":"https:\/\/agradocosmetic.com\/wp-content\/uploads\/2023\/07\/LOGO-AGRADO-WEB-01.png","contentUrl":"https:\/\/agradocosmetic.com\/wp-content\/uploads\/2023\/07\/LOGO-AGRADO-WEB-01.png","width":1632,"height":300,"caption":"Agrado"},"image":{"@id":"https:\/\/agradocosmetic.com\/#\/schema\/logo\/image\/"}},{"@type":"Person","@id":"https:\/\/agradocosmetic.com\/#\/schema\/person\/59124921013b50f80959d84fc7219096","name":"Carmen","image":{"@type":"ImageObject","inLanguage":"it-IT","@id":"https:\/\/secure.gravatar.com\/avatar\/2036bf58c019bb0a3f94937a2ed7cab76ae6ebe239f705f7c62ea5c48f93531f?s=96&d=mm&r=g","url":"https:\/\/secure.gravatar.com\/avatar\/2036bf58c019bb0a3f94937a2ed7cab76ae6ebe239f705f7c62ea5c48f93531f?s=96&d=mm&r=g","contentUrl":"https:\/\/secure.gravatar.com\/avatar\/2036bf58c019bb0a3f94937a2ed7cab76ae6ebe239f705f7c62ea5c48f93531f?s=96&d=mm&r=g","caption":"carmen"}}]}},"_links":{"self":[{"href":"https:\/\/agradocosmetic.com\/it\/wp-json\/wp\/v2\/posts\/35066","targetHints":{"allow":["GET"]}}],"collection":[{"href":"https:\/\/agradocosmetic.com\/it\/wp-json\/wp\/v2\/posts"}],"about":[{"href":"https:\/\/agradocosmetic.com\/it\/wp-json\/wp\/v2\/types\/post"}],"author":[{"embeddable":true,"href":"https:\/\/agradocosmetic.com\/it\/wp-json\/wp\/v2\/users\/11"}],"replies":[{"embeddable":true,"href":"https:\/\/agradocosmetic.com\/it\/wp-json\/wp\/v2\/comments?post=35066"}],"version-history":[{"count":1,"href":"https:\/\/agradocosmetic.com\/it\/wp-json\/wp\/v2\/posts\/35066\/revisions"}],"predecessor-version":[{"id":35068,"href":"https:\/\/agradocosmetic.com\/it\/wp-json\/wp\/v2\/posts\/35066\/revisions\/35068"}],"wp:featuredmedia":[{"embeddable":true,"href":"https:\/\/agradocosmetic.com\/it\/wp-json\/wp\/v2\/media\/35067"}],"wp:attachment":[{"href":"https:\/\/agradocosmetic.com\/it\/wp-json\/wp\/v2\/media?parent=35066"}],"wp:term":[{"taxonomy":"category","embeddable":true,"href":"https:\/\/agradocosmetic.com\/it\/wp-json\/wp\/v2\/categories?post=35066"},{"taxonomy":"post_tag","embeddable":true,"href":"https:\/\/agradocosmetic.com\/it\/wp-json\/wp\/v2\/tags?post=35066"}],"curies":[{"name":"parola chiave","href":"https:\/\/api.w.org\/{rel}","templated":true}]}}