{"id":35080,"date":"2026-03-06T10:41:20","date_gmt":"2026-03-06T09:41:20","guid":{"rendered":"https:\/\/agradocosmetic.com\/?p=35080"},"modified":"2026-03-09T10:48:33","modified_gmt":"2026-03-09T09:48:33","slug":"cambio-de-estacion-como-adaptar-tu-rutina-facial-a-la-primavera","status":"publish","type":"post","link":"https:\/\/agradocosmetic.com\/it\/cambio-de-estacion-como-adaptar-tu-rutina-facial-a-la-primavera\/","title":{"rendered":"Cambio di stagione: come adattare la routine viso alla primavera"},"content":{"rendered":"<h1><b>Cambio di stagione: come adattare la routine viso alla primavera<\/b><\/h1>\n<p><span style=\"font-weight: 400\">Con il cambio di stagione, anche la pelle ha bisogno di un cambiamento. Dopo l&#039;inverno, \u00e8 normale che la pelle sia pi\u00f9 secca o spenta. Ecco perch\u00e9 adattare la propria routine di cura della pelle alla primavera \u00e8 fondamentale per restituirle luminosit\u00e0, freschezza ed equilibrio.\u00a0<\/span><\/p>\n<p><span style=\"font-weight: 400\">Ma niente stress, con pochi passaggi e i prodotti giusti puoi ottenere una pelle radiosa, pronta per le giornate di sole.<\/span><\/p>\n<h2><b>Inizia con una pulizia delicata<\/b><\/h2>\n<p><span style=\"font-weight: 400\">Il primo passo di qualsiasi routine per il viso, compresa quella primaverile, \u00e8 una corretta detersione.\u00a0<\/span><\/p>\n<p><span style=\"font-weight: 400\">Un&#039;opzione ideale \u00e8 la <\/span><a href=\"https:\/\/agradocosmetic.com\/it\/producto\/agua-micelar-desmaquillante-400ml\/\"><b>Acqua micellare detergente Hydra+<\/b><\/a><span style=\"font-weight: 400\">, Questo detergente deterge, strucca e tonifica il viso senza risciacquare. La sua formula con camomilla e aloe vera aiuta a lenire la pelle, anche quella sensibile.<\/span><\/p>\n<p><span style=\"font-weight: 400\">IL <\/span><a href=\"https:\/\/agradocosmetic.com\/it\/producto\/leche-limpiadora\/\"><b>Latte Detergente Viso<\/b><\/a><span style=\"font-weight: 400\"> \u00c8 un&#039;altra opzione perfetta per questa stagione: deterge in profondit\u00e0 e idrata.<\/span><\/p>\n<h2><b>Esfoliare per rinnovare la pelle<\/b><\/h2>\n<p><span style=\"font-weight: 400\">La primavera \u00e8 il momento ideale per rimuovere dalla pelle le impurit\u00e0 accumulate durante i mesi pi\u00f9 freddi. <\/span><a href=\"https:\/\/agradocosmetic.com\/it\/producto\/gel-exfoliante-facial-purify\/\"><b>Gel esfoliante viso purificante<\/b><\/a><span style=\"font-weight: 400\"> Deterge, rimuove le impurit\u00e0 e purifica la pelle, riducendo la lucidit\u00e0 e l&#039;eccesso di sebo senza seccarla. Le sue particelle biodegradabili lo rendono possibile, rispettando il pH naturale della pelle.<\/span><\/p>\n<h2><b>Aggiungi luminosit\u00e0 con un siero<\/b><\/h2>\n<p><span style=\"font-weight: 400\">Dopo la detersione, un siero pu\u00f2 fare la differenza. <\/span><a href=\"https:\/\/agradocosmetic.com\/it\/producto\/serum-facial-vit-c-d-lighted\/\"><b>Siero viso Vit C D-Lighted <\/b><\/a><span style=\"font-weight: 400\">Dona luminosit\u00e0, uniforma il tono e ha un effetto antiossidante che aiuta la pelle ad apparire pi\u00f9 fresca e rivitalizzata.<\/span><\/p>\n<h2><b>Idrata e rinfresca\u00a0<\/b><\/h2>\n<p><span style=\"font-weight: 400\">Il tocco finale alla tua routine primaverile per il viso dovrebbe essere l&#039;idratazione e la freschezza.<\/span><\/p>\n<p><span style=\"font-weight: 400\">Le texture leggere che idratano senza appesantire sono l&#039;opzione migliore per questo passaggio. In particolare, <\/span><a href=\"https:\/\/agradocosmetic.com\/it\/producto\/crema-gel-hyaluronic-hidra-glow\/\"><b>Crema gel idratante Hyaluronic Hydra+ Glow <\/b><\/a><span style=\"font-weight: 400\">Fornisce un&#039;idratazione intensa e dona alla pelle un effetto luminoso naturale.<\/span><\/p>\n<p><span style=\"font-weight: 400\">Durante il giorno puoi anche rinfrescare il tuo viso con il <\/span><a href=\"https:\/\/agradocosmetic.com\/it\/producto\/facial-mist-vit-c-d-lighted\/\"><b>Spray viso Vit C D-Lighted<\/b><\/a><span style=\"font-weight: 400\">, che idrata, illumina e rivitalizza la pelle quando ne hai bisogno.<\/span><\/p>\n<p><span style=\"font-weight: 400\">Piccoli cambiamenti alla tua routine possono trasformare l&#039;aspetto e la sensazione della tua pelle. Questa primavera, concediti qualche minuto di cura quotidiana e goditi un incarnato pi\u00f9 luminoso, idratato e radioso.<\/span><\/p>","protected":false},"excerpt":{"rendered":"<p>Cambio de estaci\u00f3n: c\u00f3mo adaptar tu rutina facial a la primavera Con el cambio de estaci\u00f3n la piel tambi\u00e9n pide cambio. Despu\u00e9s del invierno es normal que la piel est\u00e9 m\u00e1s seca o m\u00e1s apagada. Por eso, adaptar tu rutina facial a la primavera es clave para devolver la luminosidad, frescura y equilibrio a tu [&hellip;]<\/p>\n","protected":false},"author":11,"featured_media":34876,"comment_status":"closed","ping_status":"closed","sticky":false,"template":"","format":"standard","meta":{"footnotes":"","_wp_rev_ctl_limit":""},"categories":[122,119,118,1],"tags":[947,948,297,448,384],"class_list":["post-35080","post","type-post","status-publish","format-standard","has-post-thumbnail","hentry","category-facial-en","category-facial","category-lifestyle","category-todos","tag-cambios","tag-glow-natural","tag-facial","tag-primavera","tag-rutina-facial"],"yoast_head":"<!-- This site is optimized with the Yoast SEO plugin v27.4 - https:\/\/yoast.com\/product\/yoast-seo-wordpress\/ -->\n<title>Cambio de estaci\u00f3n: c\u00f3mo adaptar tu rutina facial a la primavera - Agrado<\/title>\n<meta name=\"description\" content=\"Con el cambio de estaci\u00f3n la piel tambi\u00e9n pide cambio. Despu\u00e9s del invierno es normal que la piel est\u00e9 m\u00e1s seca o m\u00e1s apagada. Por eso, adaptar tu rutina facial a la primavera es clave para devolver la luminosidad, frescura y equilibrio a tu piel.\u00a0Pero no te estreses, con unos pocos pasos y los productos adecuados puedes conseguir una piel radiante y preparada para los d\u00edas soleados.\" \/>\n<meta name=\"robots\" content=\"index, follow, max-snippet:-1, max-image-preview:large, max-video-preview:-1\" \/>\n<link rel=\"canonical\" href=\"https:\/\/agradocosmetic.com\/it\/cambio-de-estacion-como-adaptar-tu-rutina-facial-a-la-primavera\/\" \/>\n<meta property=\"og:locale\" content=\"it_IT\" \/>\n<meta property=\"og:type\" content=\"article\" \/>\n<meta property=\"og:title\" content=\"Cambio de estaci\u00f3n: c\u00f3mo adaptar tu rutina facial a la primavera - Agrado\" \/>\n<meta property=\"og:description\" content=\"Con el cambio de estaci\u00f3n la piel tambi\u00e9n pide cambio. Despu\u00e9s del invierno es normal que la piel est\u00e9 m\u00e1s seca o m\u00e1s apagada. Por eso, adaptar tu rutina facial a la primavera es clave para devolver la luminosidad, frescura y equilibrio a tu piel.\u00a0Pero no te estreses, con unos pocos pasos y los productos adecuados puedes conseguir una piel radiante y preparada para los d\u00edas soleados.\" \/>\n<meta property=\"og:url\" content=\"https:\/\/agradocosmetic.com\/it\/cambio-de-estacion-como-adaptar-tu-rutina-facial-a-la-primavera\/\" \/>\n<meta property=\"og:site_name\" content=\"Agrado\" \/>\n<meta property=\"article:published_time\" content=\"2026-03-06T09:41:20+00:00\" \/>\n<meta property=\"article:modified_time\" content=\"2026-03-09T09:48:33+00:00\" \/>\n<meta property=\"og:image\" content=\"https:\/\/agradocosmetic.com\/wp-content\/uploads\/2025\/12\/DICIEMBRE-1.jpg\" \/>\n\t<meta property=\"og:image:width\" content=\"1140\" \/>\n\t<meta property=\"og:image:height\" content=\"600\" \/>\n\t<meta property=\"og:image:type\" content=\"image\/jpeg\" \/>\n<meta name=\"author\" content=\"carmen\" \/>\n<meta name=\"twitter:card\" content=\"summary_large_image\" \/>\n<meta name=\"twitter:label1\" content=\"Scritto da\" \/>\n\t<meta name=\"twitter:data1\" content=\"carmen\" \/>\n\t<meta name=\"twitter:label2\" content=\"Tempo di lettura stimato\" \/>\n\t<meta name=\"twitter:data2\" content=\"2 minuti\" \/>\n<script type=\"application\/ld+json\" class=\"yoast-schema-graph\">{\"@context\":\"https:\\\/\\\/schema.org\",\"@graph\":[{\"@type\":\"Article\",\"@id\":\"https:\\\/\\\/agradocosmetic.com\\\/cambio-de-estacion-como-adaptar-tu-rutina-facial-a-la-primavera\\\/#article\",\"isPartOf\":{\"@id\":\"https:\\\/\\\/agradocosmetic.com\\\/cambio-de-estacion-como-adaptar-tu-rutina-facial-a-la-primavera\\\/\"},\"author\":{\"name\":\"carmen\",\"@id\":\"https:\\\/\\\/agradocosmetic.com\\\/#\\\/schema\\\/person\\\/59124921013b50f80959d84fc7219096\"},\"headline\":\"Cambio de estaci\u00f3n: c\u00f3mo adaptar tu rutina facial a la primavera\",\"datePublished\":\"2026-03-06T09:41:20+00:00\",\"dateModified\":\"2026-03-09T09:48:33+00:00\",\"mainEntityOfPage\":{\"@id\":\"https:\\\/\\\/agradocosmetic.com\\\/cambio-de-estacion-como-adaptar-tu-rutina-facial-a-la-primavera\\\/\"},\"wordCount\":409,\"publisher\":{\"@id\":\"https:\\\/\\\/agradocosmetic.com\\\/#organization\"},\"image\":{\"@id\":\"https:\\\/\\\/agradocosmetic.com\\\/cambio-de-estacion-como-adaptar-tu-rutina-facial-a-la-primavera\\\/#primaryimage\"},\"thumbnailUrl\":\"https:\\\/\\\/agradocosmetic.com\\\/wp-content\\\/uploads\\\/2025\\\/12\\\/DICIEMBRE-1.jpg\",\"keywords\":[\"cambios\",\"glow natural\",\"facial\",\"primavera\",\"rutina facial\"],\"articleSection\":[\"Facial\",\"Facial\",\"Lifestyle\",\"Todos\"],\"inLanguage\":\"it-IT\"},{\"@type\":\"WebPage\",\"@id\":\"https:\\\/\\\/agradocosmetic.com\\\/cambio-de-estacion-como-adaptar-tu-rutina-facial-a-la-primavera\\\/\",\"url\":\"https:\\\/\\\/agradocosmetic.com\\\/cambio-de-estacion-como-adaptar-tu-rutina-facial-a-la-primavera\\\/\",\"name\":\"Cambio de estaci\u00f3n: c\u00f3mo adaptar tu rutina facial a la primavera - Agrado\",\"isPartOf\":{\"@id\":\"https:\\\/\\\/agradocosmetic.com\\\/#website\"},\"primaryImageOfPage\":{\"@id\":\"https:\\\/\\\/agradocosmetic.com\\\/cambio-de-estacion-como-adaptar-tu-rutina-facial-a-la-primavera\\\/#primaryimage\"},\"image\":{\"@id\":\"https:\\\/\\\/agradocosmetic.com\\\/cambio-de-estacion-como-adaptar-tu-rutina-facial-a-la-primavera\\\/#primaryimage\"},\"thumbnailUrl\":\"https:\\\/\\\/agradocosmetic.com\\\/wp-content\\\/uploads\\\/2025\\\/12\\\/DICIEMBRE-1.jpg\",\"datePublished\":\"2026-03-06T09:41:20+00:00\",\"dateModified\":\"2026-03-09T09:48:33+00:00\",\"description\":\"Con el cambio de estaci\u00f3n la piel tambi\u00e9n pide cambio. Despu\u00e9s del invierno es normal que la piel est\u00e9 m\u00e1s seca o m\u00e1s apagada. Por eso, adaptar tu rutina facial a la primavera es clave para devolver la luminosidad, frescura y equilibrio a tu piel.\u00a0Pero no te estreses, con unos pocos pasos y los productos adecuados puedes conseguir una piel radiante y preparada para los d\u00edas soleados.\",\"breadcrumb\":{\"@id\":\"https:\\\/\\\/agradocosmetic.com\\\/cambio-de-estacion-como-adaptar-tu-rutina-facial-a-la-primavera\\\/#breadcrumb\"},\"inLanguage\":\"it-IT\",\"potentialAction\":[{\"@type\":\"ReadAction\",\"target\":[\"https:\\\/\\\/agradocosmetic.com\\\/cambio-de-estacion-como-adaptar-tu-rutina-facial-a-la-primavera\\\/\"]}]},{\"@type\":\"ImageObject\",\"inLanguage\":\"it-IT\",\"@id\":\"https:\\\/\\\/agradocosmetic.com\\\/cambio-de-estacion-como-adaptar-tu-rutina-facial-a-la-primavera\\\/#primaryimage\",\"url\":\"https:\\\/\\\/agradocosmetic.com\\\/wp-content\\\/uploads\\\/2025\\\/12\\\/DICIEMBRE-1.jpg\",\"contentUrl\":\"https:\\\/\\\/agradocosmetic.com\\\/wp-content\\\/uploads\\\/2025\\\/12\\\/DICIEMBRE-1.jpg\",\"width\":1140,\"height\":600,\"caption\":\"rutina facial primavera\"},{\"@type\":\"BreadcrumbList\",\"@id\":\"https:\\\/\\\/agradocosmetic.com\\\/cambio-de-estacion-como-adaptar-tu-rutina-facial-a-la-primavera\\\/#breadcrumb\",\"itemListElement\":[{\"@type\":\"ListItem\",\"position\":1,\"name\":\"Portada\",\"item\":\"https:\\\/\\\/agradocosmetic.com\\\/\"},{\"@type\":\"ListItem\",\"position\":2,\"name\":\"Cambio de estaci\u00f3n: c\u00f3mo adaptar tu rutina facial a la primavera\"}]},{\"@type\":\"WebSite\",\"@id\":\"https:\\\/\\\/agradocosmetic.com\\\/#website\",\"url\":\"https:\\\/\\\/agradocosmetic.com\\\/\",\"name\":\"Agrado\",\"description\":\"Cosmetic\",\"publisher\":{\"@id\":\"https:\\\/\\\/agradocosmetic.com\\\/#organization\"},\"potentialAction\":[{\"@type\":\"SearchAction\",\"target\":{\"@type\":\"EntryPoint\",\"urlTemplate\":\"https:\\\/\\\/agradocosmetic.com\\\/?s={search_term_string}\"},\"query-input\":{\"@type\":\"PropertyValueSpecification\",\"valueRequired\":true,\"valueName\":\"search_term_string\"}}],\"inLanguage\":\"it-IT\"},{\"@type\":\"Organization\",\"@id\":\"https:\\\/\\\/agradocosmetic.com\\\/#organization\",\"name\":\"Agrado\",\"url\":\"https:\\\/\\\/agradocosmetic.com\\\/\",\"logo\":{\"@type\":\"ImageObject\",\"inLanguage\":\"it-IT\",\"@id\":\"https:\\\/\\\/agradocosmetic.com\\\/#\\\/schema\\\/logo\\\/image\\\/\",\"url\":\"https:\\\/\\\/agradocosmetic.com\\\/wp-content\\\/uploads\\\/2023\\\/07\\\/LOGO-AGRADO-WEB-01.png\",\"contentUrl\":\"https:\\\/\\\/agradocosmetic.com\\\/wp-content\\\/uploads\\\/2023\\\/07\\\/LOGO-AGRADO-WEB-01.png\",\"width\":1632,\"height\":300,\"caption\":\"Agrado\"},\"image\":{\"@id\":\"https:\\\/\\\/agradocosmetic.com\\\/#\\\/schema\\\/logo\\\/image\\\/\"}},{\"@type\":\"Person\",\"@id\":\"https:\\\/\\\/agradocosmetic.com\\\/#\\\/schema\\\/person\\\/59124921013b50f80959d84fc7219096\",\"name\":\"carmen\",\"image\":{\"@type\":\"ImageObject\",\"inLanguage\":\"it-IT\",\"@id\":\"https:\\\/\\\/secure.gravatar.com\\\/avatar\\\/2036bf58c019bb0a3f94937a2ed7cab76ae6ebe239f705f7c62ea5c48f93531f?s=96&d=mm&r=g\",\"url\":\"https:\\\/\\\/secure.gravatar.com\\\/avatar\\\/2036bf58c019bb0a3f94937a2ed7cab76ae6ebe239f705f7c62ea5c48f93531f?s=96&d=mm&r=g\",\"contentUrl\":\"https:\\\/\\\/secure.gravatar.com\\\/avatar\\\/2036bf58c019bb0a3f94937a2ed7cab76ae6ebe239f705f7c62ea5c48f93531f?s=96&d=mm&r=g\",\"caption\":\"carmen\"}}]}<\/script>\n<!-- \/ Yoast SEO plugin. -->","yoast_head_json":{"title":"Cambio de estaci\u00f3n: c\u00f3mo adaptar tu rutina facial a la primavera - Agrado","description":"Con el cambio de estaci\u00f3n la piel tambi\u00e9n pide cambio. Despu\u00e9s del invierno es normal que la piel est\u00e9 m\u00e1s seca o m\u00e1s apagada. Por eso, adaptar tu rutina facial a la primavera es clave para devolver la luminosidad, frescura y equilibrio a tu piel.\u00a0Pero no te estreses, con unos pocos pasos y los productos adecuados puedes conseguir una piel radiante y preparada para los d\u00edas soleados.","robots":{"index":"index","follow":"follow","max-snippet":"max-snippet:-1","max-image-preview":"max-image-preview:large","max-video-preview":"max-video-preview:-1"},"canonical":"https:\/\/agradocosmetic.com\/it\/cambio-de-estacion-como-adaptar-tu-rutina-facial-a-la-primavera\/","og_locale":"it_IT","og_type":"article","og_title":"Cambio de estaci\u00f3n: c\u00f3mo adaptar tu rutina facial a la primavera - Agrado","og_description":"Con el cambio de estaci\u00f3n la piel tambi\u00e9n pide cambio. Despu\u00e9s del invierno es normal que la piel est\u00e9 m\u00e1s seca o m\u00e1s apagada. Por eso, adaptar tu rutina facial a la primavera es clave para devolver la luminosidad, frescura y equilibrio a tu piel.\u00a0Pero no te estreses, con unos pocos pasos y los productos adecuados puedes conseguir una piel radiante y preparada para los d\u00edas soleados.","og_url":"https:\/\/agradocosmetic.com\/it\/cambio-de-estacion-como-adaptar-tu-rutina-facial-a-la-primavera\/","og_site_name":"Agrado","article_published_time":"2026-03-06T09:41:20+00:00","article_modified_time":"2026-03-09T09:48:33+00:00","og_image":[{"width":1140,"height":600,"url":"https:\/\/agradocosmetic.com\/wp-content\/uploads\/2025\/12\/DICIEMBRE-1.jpg","type":"image\/jpeg"}],"author":"carmen","twitter_card":"summary_large_image","twitter_misc":{"Scritto da":"carmen","Tempo di lettura stimato":"2 minuti"},"schema":{"@context":"https:\/\/schema.org","@graph":[{"@type":"Article","@id":"https:\/\/agradocosmetic.com\/cambio-de-estacion-como-adaptar-tu-rutina-facial-a-la-primavera\/#article","isPartOf":{"@id":"https:\/\/agradocosmetic.com\/cambio-de-estacion-como-adaptar-tu-rutina-facial-a-la-primavera\/"},"author":{"name":"carmen","@id":"https:\/\/agradocosmetic.com\/#\/schema\/person\/59124921013b50f80959d84fc7219096"},"headline":"Cambio de estaci\u00f3n: c\u00f3mo adaptar tu rutina facial a la primavera","datePublished":"2026-03-06T09:41:20+00:00","dateModified":"2026-03-09T09:48:33+00:00","mainEntityOfPage":{"@id":"https:\/\/agradocosmetic.com\/cambio-de-estacion-como-adaptar-tu-rutina-facial-a-la-primavera\/"},"wordCount":409,"publisher":{"@id":"https:\/\/agradocosmetic.com\/#organization"},"image":{"@id":"https:\/\/agradocosmetic.com\/cambio-de-estacion-como-adaptar-tu-rutina-facial-a-la-primavera\/#primaryimage"},"thumbnailUrl":"https:\/\/agradocosmetic.com\/wp-content\/uploads\/2025\/12\/DICIEMBRE-1.jpg","keywords":["cambios","glow natural","facial","primavera","rutina facial"],"articleSection":["Facial","Facial","Lifestyle","Todos"],"inLanguage":"it-IT"},{"@type":"WebPage","@id":"https:\/\/agradocosmetic.com\/cambio-de-estacion-como-adaptar-tu-rutina-facial-a-la-primavera\/","url":"https:\/\/agradocosmetic.com\/cambio-de-estacion-como-adaptar-tu-rutina-facial-a-la-primavera\/","name":"Cambio de estaci\u00f3n: c\u00f3mo adaptar tu rutina facial a la primavera - Agrado","isPartOf":{"@id":"https:\/\/agradocosmetic.com\/#website"},"primaryImageOfPage":{"@id":"https:\/\/agradocosmetic.com\/cambio-de-estacion-como-adaptar-tu-rutina-facial-a-la-primavera\/#primaryimage"},"image":{"@id":"https:\/\/agradocosmetic.com\/cambio-de-estacion-como-adaptar-tu-rutina-facial-a-la-primavera\/#primaryimage"},"thumbnailUrl":"https:\/\/agradocosmetic.com\/wp-content\/uploads\/2025\/12\/DICIEMBRE-1.jpg","datePublished":"2026-03-06T09:41:20+00:00","dateModified":"2026-03-09T09:48:33+00:00","description":"Con el cambio de estaci\u00f3n la piel tambi\u00e9n pide cambio. Despu\u00e9s del invierno es normal que la piel est\u00e9 m\u00e1s seca o m\u00e1s apagada. Por eso, adaptar tu rutina facial a la primavera es clave para devolver la luminosidad, frescura y equilibrio a tu piel.\u00a0Pero no te estreses, con unos pocos pasos y los productos adecuados puedes conseguir una piel radiante y preparada para los d\u00edas soleados.","breadcrumb":{"@id":"https:\/\/agradocosmetic.com\/cambio-de-estacion-como-adaptar-tu-rutina-facial-a-la-primavera\/#breadcrumb"},"inLanguage":"it-IT","potentialAction":[{"@type":"ReadAction","target":["https:\/\/agradocosmetic.com\/cambio-de-estacion-como-adaptar-tu-rutina-facial-a-la-primavera\/"]}]},{"@type":"ImageObject","inLanguage":"it-IT","@id":"https:\/\/agradocosmetic.com\/cambio-de-estacion-como-adaptar-tu-rutina-facial-a-la-primavera\/#primaryimage","url":"https:\/\/agradocosmetic.com\/wp-content\/uploads\/2025\/12\/DICIEMBRE-1.jpg","contentUrl":"https:\/\/agradocosmetic.com\/wp-content\/uploads\/2025\/12\/DICIEMBRE-1.jpg","width":1140,"height":600,"caption":"rutina facial primavera"},{"@type":"BreadcrumbList","@id":"https:\/\/agradocosmetic.com\/cambio-de-estacion-como-adaptar-tu-rutina-facial-a-la-primavera\/#breadcrumb","itemListElement":[{"@type":"ListItem","position":1,"name":"Portada","item":"https:\/\/agradocosmetic.com\/"},{"@type":"ListItem","position":2,"name":"Cambio de estaci\u00f3n: c\u00f3mo adaptar tu rutina facial a la primavera"}]},{"@type":"WebSite","@id":"https:\/\/agradocosmetic.com\/#website","url":"https:\/\/agradocosmetic.com\/","name":"Mi piace","description":"cosmetico","publisher":{"@id":"https:\/\/agradocosmetic.com\/#organization"},"potentialAction":[{"@type":"SearchAction","target":{"@type":"EntryPoint","urlTemplate":"https:\/\/agradocosmetic.com\/?s={search_term_string}"},"query-input":{"@type":"PropertyValueSpecification","valueRequired":true,"valueName":"search_term_string"}}],"inLanguage":"it-IT"},{"@type":"Organization","@id":"https:\/\/agradocosmetic.com\/#organization","name":"Mi piace","url":"https:\/\/agradocosmetic.com\/","logo":{"@type":"ImageObject","inLanguage":"it-IT","@id":"https:\/\/agradocosmetic.com\/#\/schema\/logo\/image\/","url":"https:\/\/agradocosmetic.com\/wp-content\/uploads\/2023\/07\/LOGO-AGRADO-WEB-01.png","contentUrl":"https:\/\/agradocosmetic.com\/wp-content\/uploads\/2023\/07\/LOGO-AGRADO-WEB-01.png","width":1632,"height":300,"caption":"Agrado"},"image":{"@id":"https:\/\/agradocosmetic.com\/#\/schema\/logo\/image\/"}},{"@type":"Person","@id":"https:\/\/agradocosmetic.com\/#\/schema\/person\/59124921013b50f80959d84fc7219096","name":"Carmen","image":{"@type":"ImageObject","inLanguage":"it-IT","@id":"https:\/\/secure.gravatar.com\/avatar\/2036bf58c019bb0a3f94937a2ed7cab76ae6ebe239f705f7c62ea5c48f93531f?s=96&d=mm&r=g","url":"https:\/\/secure.gravatar.com\/avatar\/2036bf58c019bb0a3f94937a2ed7cab76ae6ebe239f705f7c62ea5c48f93531f?s=96&d=mm&r=g","contentUrl":"https:\/\/secure.gravatar.com\/avatar\/2036bf58c019bb0a3f94937a2ed7cab76ae6ebe239f705f7c62ea5c48f93531f?s=96&d=mm&r=g","caption":"carmen"}}]}},"_links":{"self":[{"href":"https:\/\/agradocosmetic.com\/it\/wp-json\/wp\/v2\/posts\/35080","targetHints":{"allow":["GET"]}}],"collection":[{"href":"https:\/\/agradocosmetic.com\/it\/wp-json\/wp\/v2\/posts"}],"about":[{"href":"https:\/\/agradocosmetic.com\/it\/wp-json\/wp\/v2\/types\/post"}],"author":[{"embeddable":true,"href":"https:\/\/agradocosmetic.com\/it\/wp-json\/wp\/v2\/users\/11"}],"replies":[{"embeddable":true,"href":"https:\/\/agradocosmetic.com\/it\/wp-json\/wp\/v2\/comments?post=35080"}],"version-history":[{"count":1,"href":"https:\/\/agradocosmetic.com\/it\/wp-json\/wp\/v2\/posts\/35080\/revisions"}],"predecessor-version":[{"id":35081,"href":"https:\/\/agradocosmetic.com\/it\/wp-json\/wp\/v2\/posts\/35080\/revisions\/35081"}],"wp:featuredmedia":[{"embeddable":true,"href":"https:\/\/agradocosmetic.com\/it\/wp-json\/wp\/v2\/media\/34876"}],"wp:attachment":[{"href":"https:\/\/agradocosmetic.com\/it\/wp-json\/wp\/v2\/media?parent=35080"}],"wp:term":[{"taxonomy":"category","embeddable":true,"href":"https:\/\/agradocosmetic.com\/it\/wp-json\/wp\/v2\/categories?post=35080"},{"taxonomy":"post_tag","embeddable":true,"href":"https:\/\/agradocosmetic.com\/it\/wp-json\/wp\/v2\/tags?post=35080"}],"curies":[{"name":"parola chiave","href":"https:\/\/api.w.org\/{rel}","templated":true}]}}