{"id":35082,"date":"2026-03-26T11:21:21","date_gmt":"2026-03-26T10:21:21","guid":{"rendered":"https:\/\/agradocosmetic.com\/?p=35082"},"modified":"2026-03-09T11:40:14","modified_gmt":"2026-03-09T10:40:14","slug":"repara-tu-cabello-despues-del-invierno-y-preparalo-para-la-primavera","status":"publish","type":"post","link":"https:\/\/agradocosmetic.com\/it\/repara-tu-cabello-despues-del-invierno-y-preparalo-para-la-primavera\/","title":{"rendered":"Ripara i tuoi capelli dopo l&#039;inverno e preparali per la primavera."},"content":{"rendered":"<h1><b>Ripara i tuoi capelli dopo l&#039;inverno e preparali per la primavera.<\/b><\/h1>\n<p><span style=\"font-weight: 400\">L&#039;inverno pu\u00f2 essere un periodo difficile per i nostri capelli. Tra freddo, vento, riscaldamento e l&#039;uso frequente di strumenti come phon e piastre, i capelli perdono idratazione, lucentezza ed elasticit\u00e0. I primi segni di sole e tepore indicano che \u00e8 il momento ideale per riparare i capelli e restituire loro un aspetto sano in vista della primavera.<\/span><\/p>\n<p><span style=\"font-weight: 400\">L&#039;importante \u00e8 stabilire una routine per la cura dei capelli che combini detersione, nutrimento e riparazione profonda.<\/span><\/p>\n<h2><b>Inizia con uno shampoo riparatore\u00a0<\/b><\/h2>\n<p><span style=\"font-weight: 400\">Il primo passo \u00e8 scegliere uno shampoo che si prenda cura della fibra capillare fin dal primo lavaggio. <\/span><a href=\"https:\/\/agradocosmetic.com\/it\/producto\/champu-professional-reparador-nutritivo-2\/\"><b>Shampoo Professionale Riparatore Nutriente <\/b><\/a><span style=\"font-weight: 400\">\u00c8 particolarmente indicato per capelli secchi e danneggiati, grazie alla sua formula contenente proteine del grano che idratano e rivitalizzano dalle radici. La cheratina contribuisce a rinforzare i capelli e a ridurne la rottura.<\/span><\/p>\n<p><span style=\"font-weight: 400\">Se noti che i tuoi capelli sono opachi dopo l&#039;inverno, <\/span><a href=\"https:\/\/agradocosmetic.com\/it\/producto\/champu-profesional-brillo-intenso\/\"><b>Shampoo Professionale Lucentezza Intensa <\/b><\/a><span style=\"font-weight: 400\">\u00c8 un&#039;ottima opzione per te. Le proteine della seta e il collagene aiutano a riparare la cuticola del capello, restituendogli morbidezza e lucentezza.\u00a0<\/span><\/p>\n<h2><b>Applicare una maschera per il viso<\/b><\/h2>\n<p><span style=\"font-weight: 400\">Dopo il lavaggio, i tuoi capelli necessitano di un trattamento di condizionamento profondo. <\/span><a href=\"http:\/\/agradocosmetic.com\/it\/producto\/mascarilla-nutritiva\/\"><b>Maschera Capelli Nutriente<\/b><\/a><span style=\"font-weight: 400\"> \u00c8 ideale per capelli secchi e fragili, ammorbidisce, nutre e ripara, donando lucentezza e vitalit\u00e0, grazie a ingredienti come il germe di grano e la cheratina.<\/span><\/p>\n<p><span style=\"font-weight: 400\">Se noti che i tuoi capelli sono crespi o difficili da gestire, <\/span><a href=\"https:\/\/agradocosmetic.com\/it\/producto\/mascarilla-keratina\/\"><b>Maschera Capelli con Cheratina <\/b><\/a><span style=\"font-weight: 400\">Aiuta a riparare la fibra capillare, rendendo i capelli pi\u00f9 forti, lucenti e facili da pettinare.<\/span><\/p>\n<p><span style=\"font-weight: 400\">Applicare una o due volte a settimana per ridare vitalit\u00e0 ai capelli.<\/span><\/p>\n<h2><b>Un piccolo rituale per capelli rinnovati<\/b><\/h2>\n<p><span style=\"font-weight: 400\">Dedicare qualche minuto in pi\u00f9 alla cura dei capelli pu\u00f2 trasformarne completamente l&#039;aspetto. Con una routine mirata alla riparazione dei capelli, la chioma ritrover\u00e0 morbidezza, lucentezza e forza, giusto in tempo per godersi la primavera con un look fresco e sano.\u00a0<\/span><\/p>\n<p><span style=\"font-weight: 400\">Perch\u00e9 quando i tuoi capelli sono ben curati... si vede anche come ti senti.<\/span><\/p>","protected":false},"excerpt":{"rendered":"<p>Repara tu cabello despu\u00e9s del invierno y prep\u00e1ralo para la primavera El invierno puede ser duro para nuestra melena. Entre el fr\u00edo, el viento, la calefacci\u00f3n y el uso frecuente de herramientas como secadores o planchas hacen que el cabello pierda hidrataci\u00f3n, brillo y elasticidad. Las primeras apariciones de sol y calor indican que es [&hellip;]<\/p>\n","protected":false},"author":11,"featured_media":35083,"comment_status":"closed","ping_status":"closed","sticky":false,"template":"","format":"standard","meta":{"footnotes":"","_wp_rev_ctl_limit":""},"categories":[509,128,1],"tags":[951,952,245,448],"class_list":["post-35082","post","type-post","status-publish","format-standard","has-post-thumbnail","hentry","category-capilar-en","category-capilar","category-todos","tag-repara","tag-repara-cabello","tag-cabello","tag-primavera"],"yoast_head":"<!-- This site is optimized with the Yoast SEO plugin v27.4 - https:\/\/yoast.com\/product\/yoast-seo-wordpress\/ -->\n<title>Repara tu cabello despu\u00e9s del invierno y prep\u00e1ralo para la primavera - Agrado<\/title>\n<meta name=\"description\" content=\"El invierno puede ser duro para nuestra melena. Entre el fr\u00edo, el viento, la calefacci\u00f3n y el uso frecuente de herramientas como secadores o planchas hacen que el cabello pierda hidrataci\u00f3n, brillo y elasticidad. Las primeras apariciones de sol y calor indican que es el momento ideal para reparar el cabello y devolverle su aspecto saludable en sinton\u00eda con la primavera.\" \/>\n<meta name=\"robots\" content=\"index, follow, max-snippet:-1, max-image-preview:large, max-video-preview:-1\" \/>\n<link rel=\"canonical\" href=\"https:\/\/agradocosmetic.com\/it\/repara-tu-cabello-despues-del-invierno-y-preparalo-para-la-primavera\/\" \/>\n<meta property=\"og:locale\" content=\"it_IT\" \/>\n<meta property=\"og:type\" content=\"article\" \/>\n<meta property=\"og:title\" content=\"Repara tu cabello despu\u00e9s del invierno y prep\u00e1ralo para la primavera - Agrado\" \/>\n<meta property=\"og:description\" content=\"El invierno puede ser duro para nuestra melena. Entre el fr\u00edo, el viento, la calefacci\u00f3n y el uso frecuente de herramientas como secadores o planchas hacen que el cabello pierda hidrataci\u00f3n, brillo y elasticidad. Las primeras apariciones de sol y calor indican que es el momento ideal para reparar el cabello y devolverle su aspecto saludable en sinton\u00eda con la primavera.\" \/>\n<meta property=\"og:url\" content=\"https:\/\/agradocosmetic.com\/it\/repara-tu-cabello-despues-del-invierno-y-preparalo-para-la-primavera\/\" \/>\n<meta property=\"og:site_name\" content=\"Agrado\" \/>\n<meta property=\"article:published_time\" content=\"2026-03-26T10:21:21+00:00\" \/>\n<meta property=\"og:image\" content=\"https:\/\/agradocosmetic.com\/wp-content\/uploads\/2026\/03\/OCTUBRE-1.png\" \/>\n\t<meta property=\"og:image:width\" content=\"1140\" \/>\n\t<meta property=\"og:image:height\" content=\"600\" \/>\n\t<meta property=\"og:image:type\" content=\"image\/png\" \/>\n<meta name=\"author\" content=\"carmen\" \/>\n<meta name=\"twitter:card\" content=\"summary_large_image\" \/>\n<meta name=\"twitter:label1\" content=\"Scritto da\" \/>\n\t<meta name=\"twitter:data1\" content=\"carmen\" \/>\n\t<meta name=\"twitter:label2\" content=\"Tempo di lettura stimato\" \/>\n\t<meta name=\"twitter:data2\" content=\"2 minuti\" \/>\n<script type=\"application\/ld+json\" class=\"yoast-schema-graph\">{\"@context\":\"https:\\\/\\\/schema.org\",\"@graph\":[{\"@type\":\"Article\",\"@id\":\"https:\\\/\\\/agradocosmetic.com\\\/repara-tu-cabello-despues-del-invierno-y-preparalo-para-la-primavera\\\/#article\",\"isPartOf\":{\"@id\":\"https:\\\/\\\/agradocosmetic.com\\\/repara-tu-cabello-despues-del-invierno-y-preparalo-para-la-primavera\\\/\"},\"author\":{\"name\":\"carmen\",\"@id\":\"https:\\\/\\\/agradocosmetic.com\\\/#\\\/schema\\\/person\\\/59124921013b50f80959d84fc7219096\"},\"headline\":\"Repara tu cabello despu\u00e9s del invierno y prep\u00e1ralo para la primavera\",\"datePublished\":\"2026-03-26T10:21:21+00:00\",\"mainEntityOfPage\":{\"@id\":\"https:\\\/\\\/agradocosmetic.com\\\/repara-tu-cabello-despues-del-invierno-y-preparalo-para-la-primavera\\\/\"},\"wordCount\":368,\"publisher\":{\"@id\":\"https:\\\/\\\/agradocosmetic.com\\\/#organization\"},\"image\":{\"@id\":\"https:\\\/\\\/agradocosmetic.com\\\/repara-tu-cabello-despues-del-invierno-y-preparalo-para-la-primavera\\\/#primaryimage\"},\"thumbnailUrl\":\"https:\\\/\\\/agradocosmetic.com\\\/wp-content\\\/uploads\\\/2026\\\/03\\\/OCTUBRE-1.png\",\"keywords\":[\"repara\",\"repara cabello\",\"cabello\",\"primavera\"],\"articleSection\":[\"Capilar\",\"Capilar\",\"Todos\"],\"inLanguage\":\"it-IT\"},{\"@type\":\"WebPage\",\"@id\":\"https:\\\/\\\/agradocosmetic.com\\\/repara-tu-cabello-despues-del-invierno-y-preparalo-para-la-primavera\\\/\",\"url\":\"https:\\\/\\\/agradocosmetic.com\\\/repara-tu-cabello-despues-del-invierno-y-preparalo-para-la-primavera\\\/\",\"name\":\"Repara tu cabello despu\u00e9s del invierno y prep\u00e1ralo para la primavera - Agrado\",\"isPartOf\":{\"@id\":\"https:\\\/\\\/agradocosmetic.com\\\/#website\"},\"primaryImageOfPage\":{\"@id\":\"https:\\\/\\\/agradocosmetic.com\\\/repara-tu-cabello-despues-del-invierno-y-preparalo-para-la-primavera\\\/#primaryimage\"},\"image\":{\"@id\":\"https:\\\/\\\/agradocosmetic.com\\\/repara-tu-cabello-despues-del-invierno-y-preparalo-para-la-primavera\\\/#primaryimage\"},\"thumbnailUrl\":\"https:\\\/\\\/agradocosmetic.com\\\/wp-content\\\/uploads\\\/2026\\\/03\\\/OCTUBRE-1.png\",\"datePublished\":\"2026-03-26T10:21:21+00:00\",\"description\":\"El invierno puede ser duro para nuestra melena. Entre el fr\u00edo, el viento, la calefacci\u00f3n y el uso frecuente de herramientas como secadores o planchas hacen que el cabello pierda hidrataci\u00f3n, brillo y elasticidad. Las primeras apariciones de sol y calor indican que es el momento ideal para reparar el cabello y devolverle su aspecto saludable en sinton\u00eda con la primavera.\",\"breadcrumb\":{\"@id\":\"https:\\\/\\\/agradocosmetic.com\\\/repara-tu-cabello-despues-del-invierno-y-preparalo-para-la-primavera\\\/#breadcrumb\"},\"inLanguage\":\"it-IT\",\"potentialAction\":[{\"@type\":\"ReadAction\",\"target\":[\"https:\\\/\\\/agradocosmetic.com\\\/repara-tu-cabello-despues-del-invierno-y-preparalo-para-la-primavera\\\/\"]}]},{\"@type\":\"ImageObject\",\"inLanguage\":\"it-IT\",\"@id\":\"https:\\\/\\\/agradocosmetic.com\\\/repara-tu-cabello-despues-del-invierno-y-preparalo-para-la-primavera\\\/#primaryimage\",\"url\":\"https:\\\/\\\/agradocosmetic.com\\\/wp-content\\\/uploads\\\/2026\\\/03\\\/OCTUBRE-1.png\",\"contentUrl\":\"https:\\\/\\\/agradocosmetic.com\\\/wp-content\\\/uploads\\\/2026\\\/03\\\/OCTUBRE-1.png\",\"width\":1140,\"height\":600,\"caption\":\"reparar cabello\"},{\"@type\":\"BreadcrumbList\",\"@id\":\"https:\\\/\\\/agradocosmetic.com\\\/repara-tu-cabello-despues-del-invierno-y-preparalo-para-la-primavera\\\/#breadcrumb\",\"itemListElement\":[{\"@type\":\"ListItem\",\"position\":1,\"name\":\"Portada\",\"item\":\"https:\\\/\\\/agradocosmetic.com\\\/\"},{\"@type\":\"ListItem\",\"position\":2,\"name\":\"Repara tu cabello despu\u00e9s del invierno y prep\u00e1ralo para la primavera\"}]},{\"@type\":\"WebSite\",\"@id\":\"https:\\\/\\\/agradocosmetic.com\\\/#website\",\"url\":\"https:\\\/\\\/agradocosmetic.com\\\/\",\"name\":\"Agrado\",\"description\":\"Cosmetic\",\"publisher\":{\"@id\":\"https:\\\/\\\/agradocosmetic.com\\\/#organization\"},\"potentialAction\":[{\"@type\":\"SearchAction\",\"target\":{\"@type\":\"EntryPoint\",\"urlTemplate\":\"https:\\\/\\\/agradocosmetic.com\\\/?s={search_term_string}\"},\"query-input\":{\"@type\":\"PropertyValueSpecification\",\"valueRequired\":true,\"valueName\":\"search_term_string\"}}],\"inLanguage\":\"it-IT\"},{\"@type\":\"Organization\",\"@id\":\"https:\\\/\\\/agradocosmetic.com\\\/#organization\",\"name\":\"Agrado\",\"url\":\"https:\\\/\\\/agradocosmetic.com\\\/\",\"logo\":{\"@type\":\"ImageObject\",\"inLanguage\":\"it-IT\",\"@id\":\"https:\\\/\\\/agradocosmetic.com\\\/#\\\/schema\\\/logo\\\/image\\\/\",\"url\":\"https:\\\/\\\/agradocosmetic.com\\\/wp-content\\\/uploads\\\/2023\\\/07\\\/LOGO-AGRADO-WEB-01.png\",\"contentUrl\":\"https:\\\/\\\/agradocosmetic.com\\\/wp-content\\\/uploads\\\/2023\\\/07\\\/LOGO-AGRADO-WEB-01.png\",\"width\":1632,\"height\":300,\"caption\":\"Agrado\"},\"image\":{\"@id\":\"https:\\\/\\\/agradocosmetic.com\\\/#\\\/schema\\\/logo\\\/image\\\/\"}},{\"@type\":\"Person\",\"@id\":\"https:\\\/\\\/agradocosmetic.com\\\/#\\\/schema\\\/person\\\/59124921013b50f80959d84fc7219096\",\"name\":\"carmen\",\"image\":{\"@type\":\"ImageObject\",\"inLanguage\":\"it-IT\",\"@id\":\"https:\\\/\\\/secure.gravatar.com\\\/avatar\\\/2036bf58c019bb0a3f94937a2ed7cab76ae6ebe239f705f7c62ea5c48f93531f?s=96&d=mm&r=g\",\"url\":\"https:\\\/\\\/secure.gravatar.com\\\/avatar\\\/2036bf58c019bb0a3f94937a2ed7cab76ae6ebe239f705f7c62ea5c48f93531f?s=96&d=mm&r=g\",\"contentUrl\":\"https:\\\/\\\/secure.gravatar.com\\\/avatar\\\/2036bf58c019bb0a3f94937a2ed7cab76ae6ebe239f705f7c62ea5c48f93531f?s=96&d=mm&r=g\",\"caption\":\"carmen\"}}]}<\/script>\n<!-- \/ Yoast SEO plugin. -->","yoast_head_json":{"title":"Repara tu cabello despu\u00e9s del invierno y prep\u00e1ralo para la primavera - Agrado","description":"L&#039;inverno pu\u00f2 essere un periodo difficile per i nostri capelli. Tra freddo, vento, riscaldamento e l&#039;uso frequente di strumenti come phon e piastre, i capelli perdono idratazione, lucentezza ed elasticit\u00e0. I primi segni di sole e tepore indicano che \u00e8 il momento ideale per riparare i capelli e restituire loro un aspetto sano in vista della primavera.","robots":{"index":"index","follow":"follow","max-snippet":"max-snippet:-1","max-image-preview":"max-image-preview:large","max-video-preview":"max-video-preview:-1"},"canonical":"https:\/\/agradocosmetic.com\/it\/repara-tu-cabello-despues-del-invierno-y-preparalo-para-la-primavera\/","og_locale":"it_IT","og_type":"article","og_title":"Repara tu cabello despu\u00e9s del invierno y prep\u00e1ralo para la primavera - Agrado","og_description":"El invierno puede ser duro para nuestra melena. Entre el fr\u00edo, el viento, la calefacci\u00f3n y el uso frecuente de herramientas como secadores o planchas hacen que el cabello pierda hidrataci\u00f3n, brillo y elasticidad. Las primeras apariciones de sol y calor indican que es el momento ideal para reparar el cabello y devolverle su aspecto saludable en sinton\u00eda con la primavera.","og_url":"https:\/\/agradocosmetic.com\/it\/repara-tu-cabello-despues-del-invierno-y-preparalo-para-la-primavera\/","og_site_name":"Agrado","article_published_time":"2026-03-26T10:21:21+00:00","og_image":[{"width":1140,"height":600,"url":"https:\/\/agradocosmetic.com\/wp-content\/uploads\/2026\/03\/OCTUBRE-1.png","type":"image\/png"}],"author":"carmen","twitter_card":"summary_large_image","twitter_misc":{"Scritto da":"carmen","Tempo di lettura stimato":"2 minuti"},"schema":{"@context":"https:\/\/schema.org","@graph":[{"@type":"Article","@id":"https:\/\/agradocosmetic.com\/repara-tu-cabello-despues-del-invierno-y-preparalo-para-la-primavera\/#article","isPartOf":{"@id":"https:\/\/agradocosmetic.com\/repara-tu-cabello-despues-del-invierno-y-preparalo-para-la-primavera\/"},"author":{"name":"carmen","@id":"https:\/\/agradocosmetic.com\/#\/schema\/person\/59124921013b50f80959d84fc7219096"},"headline":"Repara tu cabello despu\u00e9s del invierno y prep\u00e1ralo para la primavera","datePublished":"2026-03-26T10:21:21+00:00","mainEntityOfPage":{"@id":"https:\/\/agradocosmetic.com\/repara-tu-cabello-despues-del-invierno-y-preparalo-para-la-primavera\/"},"wordCount":368,"publisher":{"@id":"https:\/\/agradocosmetic.com\/#organization"},"image":{"@id":"https:\/\/agradocosmetic.com\/repara-tu-cabello-despues-del-invierno-y-preparalo-para-la-primavera\/#primaryimage"},"thumbnailUrl":"https:\/\/agradocosmetic.com\/wp-content\/uploads\/2026\/03\/OCTUBRE-1.png","keywords":["repara","repara cabello","cabello","primavera"],"articleSection":["Capilar","Capilar","Todos"],"inLanguage":"it-IT"},{"@type":"WebPage","@id":"https:\/\/agradocosmetic.com\/repara-tu-cabello-despues-del-invierno-y-preparalo-para-la-primavera\/","url":"https:\/\/agradocosmetic.com\/repara-tu-cabello-despues-del-invierno-y-preparalo-para-la-primavera\/","name":"Repara tu cabello despu\u00e9s del invierno y prep\u00e1ralo para la primavera - Agrado","isPartOf":{"@id":"https:\/\/agradocosmetic.com\/#website"},"primaryImageOfPage":{"@id":"https:\/\/agradocosmetic.com\/repara-tu-cabello-despues-del-invierno-y-preparalo-para-la-primavera\/#primaryimage"},"image":{"@id":"https:\/\/agradocosmetic.com\/repara-tu-cabello-despues-del-invierno-y-preparalo-para-la-primavera\/#primaryimage"},"thumbnailUrl":"https:\/\/agradocosmetic.com\/wp-content\/uploads\/2026\/03\/OCTUBRE-1.png","datePublished":"2026-03-26T10:21:21+00:00","description":"L&#039;inverno pu\u00f2 essere un periodo difficile per i nostri capelli. Tra freddo, vento, riscaldamento e l&#039;uso frequente di strumenti come phon e piastre, i capelli perdono idratazione, lucentezza ed elasticit\u00e0. I primi segni di sole e tepore indicano che \u00e8 il momento ideale per riparare i capelli e restituire loro un aspetto sano in vista della primavera.","breadcrumb":{"@id":"https:\/\/agradocosmetic.com\/repara-tu-cabello-despues-del-invierno-y-preparalo-para-la-primavera\/#breadcrumb"},"inLanguage":"it-IT","potentialAction":[{"@type":"ReadAction","target":["https:\/\/agradocosmetic.com\/repara-tu-cabello-despues-del-invierno-y-preparalo-para-la-primavera\/"]}]},{"@type":"ImageObject","inLanguage":"it-IT","@id":"https:\/\/agradocosmetic.com\/repara-tu-cabello-despues-del-invierno-y-preparalo-para-la-primavera\/#primaryimage","url":"https:\/\/agradocosmetic.com\/wp-content\/uploads\/2026\/03\/OCTUBRE-1.png","contentUrl":"https:\/\/agradocosmetic.com\/wp-content\/uploads\/2026\/03\/OCTUBRE-1.png","width":1140,"height":600,"caption":"reparar cabello"},{"@type":"BreadcrumbList","@id":"https:\/\/agradocosmetic.com\/repara-tu-cabello-despues-del-invierno-y-preparalo-para-la-primavera\/#breadcrumb","itemListElement":[{"@type":"ListItem","position":1,"name":"Portada","item":"https:\/\/agradocosmetic.com\/"},{"@type":"ListItem","position":2,"name":"Repara tu cabello despu\u00e9s del invierno y prep\u00e1ralo para la primavera"}]},{"@type":"WebSite","@id":"https:\/\/agradocosmetic.com\/#website","url":"https:\/\/agradocosmetic.com\/","name":"Mi piace","description":"cosmetico","publisher":{"@id":"https:\/\/agradocosmetic.com\/#organization"},"potentialAction":[{"@type":"SearchAction","target":{"@type":"EntryPoint","urlTemplate":"https:\/\/agradocosmetic.com\/?s={search_term_string}"},"query-input":{"@type":"PropertyValueSpecification","valueRequired":true,"valueName":"search_term_string"}}],"inLanguage":"it-IT"},{"@type":"Organization","@id":"https:\/\/agradocosmetic.com\/#organization","name":"Mi piace","url":"https:\/\/agradocosmetic.com\/","logo":{"@type":"ImageObject","inLanguage":"it-IT","@id":"https:\/\/agradocosmetic.com\/#\/schema\/logo\/image\/","url":"https:\/\/agradocosmetic.com\/wp-content\/uploads\/2023\/07\/LOGO-AGRADO-WEB-01.png","contentUrl":"https:\/\/agradocosmetic.com\/wp-content\/uploads\/2023\/07\/LOGO-AGRADO-WEB-01.png","width":1632,"height":300,"caption":"Agrado"},"image":{"@id":"https:\/\/agradocosmetic.com\/#\/schema\/logo\/image\/"}},{"@type":"Person","@id":"https:\/\/agradocosmetic.com\/#\/schema\/person\/59124921013b50f80959d84fc7219096","name":"Carmen","image":{"@type":"ImageObject","inLanguage":"it-IT","@id":"https:\/\/secure.gravatar.com\/avatar\/2036bf58c019bb0a3f94937a2ed7cab76ae6ebe239f705f7c62ea5c48f93531f?s=96&d=mm&r=g","url":"https:\/\/secure.gravatar.com\/avatar\/2036bf58c019bb0a3f94937a2ed7cab76ae6ebe239f705f7c62ea5c48f93531f?s=96&d=mm&r=g","contentUrl":"https:\/\/secure.gravatar.com\/avatar\/2036bf58c019bb0a3f94937a2ed7cab76ae6ebe239f705f7c62ea5c48f93531f?s=96&d=mm&r=g","caption":"carmen"}}]}},"_links":{"self":[{"href":"https:\/\/agradocosmetic.com\/it\/wp-json\/wp\/v2\/posts\/35082","targetHints":{"allow":["GET"]}}],"collection":[{"href":"https:\/\/agradocosmetic.com\/it\/wp-json\/wp\/v2\/posts"}],"about":[{"href":"https:\/\/agradocosmetic.com\/it\/wp-json\/wp\/v2\/types\/post"}],"author":[{"embeddable":true,"href":"https:\/\/agradocosmetic.com\/it\/wp-json\/wp\/v2\/users\/11"}],"replies":[{"embeddable":true,"href":"https:\/\/agradocosmetic.com\/it\/wp-json\/wp\/v2\/comments?post=35082"}],"version-history":[{"count":2,"href":"https:\/\/agradocosmetic.com\/it\/wp-json\/wp\/v2\/posts\/35082\/revisions"}],"predecessor-version":[{"id":35085,"href":"https:\/\/agradocosmetic.com\/it\/wp-json\/wp\/v2\/posts\/35082\/revisions\/35085"}],"wp:featuredmedia":[{"embeddable":true,"href":"https:\/\/agradocosmetic.com\/it\/wp-json\/wp\/v2\/media\/35083"}],"wp:attachment":[{"href":"https:\/\/agradocosmetic.com\/it\/wp-json\/wp\/v2\/media?parent=35082"}],"wp:term":[{"taxonomy":"category","embeddable":true,"href":"https:\/\/agradocosmetic.com\/it\/wp-json\/wp\/v2\/categories?post=35082"},{"taxonomy":"post_tag","embeddable":true,"href":"https:\/\/agradocosmetic.com\/it\/wp-json\/wp\/v2\/tags?post=35082"}],"curies":[{"name":"parola chiave","href":"https:\/\/api.w.org\/{rel}","templated":true}]}}