{"id":36026,"date":"2026-06-05T09:49:45","date_gmt":"2026-06-05T08:49:45","guid":{"rendered":"https:\/\/agradocosmetic.com\/?p=36026"},"modified":"2026-08-31T19:49:59","modified_gmt":"2026-08-31T18:49:59","slug":"como-aplicar-correctamente-tu-protector-solar-para-una-proteccion-eficaz","status":"publish","type":"post","link":"https:\/\/agradocosmetic.com\/it\/como-aplicar-correctamente-tu-protector-solar-para-una-proteccion-eficaz\/","title":{"rendered":"C\u00f3mo aplicar correctamente tu protector solar para una protecci\u00f3n eficaz"},"content":{"rendered":"<p><span style=\"font-weight: 400\">Usare la protezione solare \u00e8 fondamentale. Ma \u00e8 usarla correttamente che fa davvero la differenza.<\/span><\/p>\n<p><span style=\"font-weight: 400\">Uno degli errori pi\u00f9 comuni \u00e8 applicarne troppo poco. Per il viso, l&#039;ideale \u00e8 una quantit\u00e0 generosa (circa due linee di prodotto sulla punta delle dita). E una volta non basta: \u00e8 necessario riapplicarlo ogni due ore, soprattutto se si \u00e8 all&#039;aperto.<\/span><\/p>\n<p><span style=\"font-weight: 400\">Un altro punto fondamentale \u00e8 non dimenticare zone come orecchie, collo e d\u00e9collet\u00e9. Si tratta di aree particolarmente sensibili che spesso vengono trascurate.<\/span><\/p>\n<p><span style=\"font-weight: 400\">IL <a href=\"https:\/\/agradocosmetic.com\/it\/agrado-sun-care\/\" target=\"_blank\" rel=\"noopener\">Creme solari Agrado<\/a> Sono pensati per semplificare il processo: texture leggere, assorbimento rapido e formati pratici che favoriscono riapplicazioni senza sforzo. Perch\u00e9 pi\u00f9 \u00e8 facile, pi\u00f9 \u00e8 probabile che lo si faccia.<\/span><\/p>\n<p><span style=\"font-weight: 400\">Integrare questa abitudine nella tua routine quotidiana \u00e8 uno dei regali migliori che puoi fare alla tua pelle.<\/span><\/p>\n<p><span style=\"font-weight: 400\">Piccoli gesti, grandi risultati.<\/span><\/p>","protected":false},"excerpt":{"rendered":"<p>Usar protector solar es imprescindible. Pero usarlo bien es lo que realmente marca la diferencia. Uno de los errores m\u00e1s comunes es aplicar poca cantidad. Para el rostro, lo ideal es una cantidad generosa (aproximadamente dos l\u00edneas de producto en los dedos). Y no basta con una sola vez: hay que reaplicar cada dos horas, [&hellip;]<\/p>\n","protected":false},"author":11,"featured_media":36014,"comment_status":"closed","ping_status":"closed","sticky":false,"template":"","format":"standard","meta":{"footnotes":"","_wp_rev_ctl_limit":""},"categories":[531],"tags":[963,964,740,126,410,230,321],"class_list":["post-36026","post","type-post","status-publish","format-standard","has-post-thumbnail","hentry","category-solar-en","tag-como-aplicar-protector-solar","tag-como-aplicar","tag-agrado-sun-care","tag-agrado","tag-protector-solar","tag-spf","tag-verano"],"yoast_head":"<!-- This site is optimized with the Yoast SEO plugin v28.3 - https:\/\/yoast.com\/product\/yoast-seo-wordpress\/ -->\n<title>C\u00f3mo aplicar correctamente tu protector solar para una protecci\u00f3n eficaz - Agrado<\/title>\n<meta name=\"description\" content=\"Usar protector solar es imprescindible. Pero usarlo bien es lo que realmente marca la diferencia. \u00a1Desc\u00fabrelo!\" \/>\n<meta name=\"robots\" content=\"index, follow, max-snippet:-1, max-image-preview:large, max-video-preview:-1\" \/>\n<link rel=\"canonical\" href=\"https:\/\/agradocosmetic.com\/it\/como-aplicar-correctamente-tu-protector-solar-para-una-proteccion-eficaz\/\" \/>\n<meta property=\"og:locale\" content=\"it_IT\" \/>\n<meta property=\"og:type\" content=\"article\" \/>\n<meta property=\"og:title\" content=\"C\u00f3mo aplicar correctamente tu protector solar para una protecci\u00f3n eficaz - Agrado\" \/>\n<meta property=\"og:description\" content=\"Usar protector solar es imprescindible. Pero usarlo bien es lo que realmente marca la diferencia. \u00a1Desc\u00fabrelo!\" \/>\n<meta property=\"og:url\" content=\"https:\/\/agradocosmetic.com\/it\/como-aplicar-correctamente-tu-protector-solar-para-una-proteccion-eficaz\/\" \/>\n<meta property=\"og:site_name\" content=\"Agrado\" \/>\n<meta property=\"article:published_time\" content=\"2026-06-05T08:49:45+00:00\" \/>\n<meta property=\"article:modified_time\" content=\"2026-08-31T18:49:59+00:00\" \/>\n<meta property=\"og:image\" content=\"https:\/\/agradocosmetic.com\/wp-content\/uploads\/2026\/08\/JUNIO-26-1.jpg\" \/>\n\t<meta property=\"og:image:width\" content=\"1140\" \/>\n\t<meta property=\"og:image:height\" content=\"600\" \/>\n\t<meta property=\"og:image:type\" content=\"image\/jpeg\" \/>\n<meta name=\"author\" content=\"carmen\" \/>\n<meta name=\"twitter:card\" content=\"summary_large_image\" \/>\n<meta name=\"twitter:label1\" content=\"Scritto da\" \/>\n\t<meta name=\"twitter:data1\" content=\"carmen\" \/>\n\t<meta name=\"twitter:label2\" content=\"Tempo di lettura stimato\" \/>\n\t<meta name=\"twitter:data2\" content=\"1 minuto\" \/>\n<script type=\"application\/ld+json\" class=\"yoast-schema-graph\">{\"@context\":\"https:\\\/\\\/schema.org\",\"@graph\":[{\"@type\":\"Article\",\"@id\":\"https:\\\/\\\/agradocosmetic.com\\\/como-aplicar-correctamente-tu-protector-solar-para-una-proteccion-eficaz\\\/#article\",\"isPartOf\":{\"@id\":\"https:\\\/\\\/agradocosmetic.com\\\/como-aplicar-correctamente-tu-protector-solar-para-una-proteccion-eficaz\\\/\"},\"author\":{\"name\":\"carmen\",\"@id\":\"https:\\\/\\\/agradocosmetic.com\\\/#\\\/schema\\\/person\\\/59124921013b50f80959d84fc7219096\"},\"headline\":\"C\u00f3mo aplicar correctamente tu protector solar para una protecci\u00f3n eficaz\",\"datePublished\":\"2026-06-05T08:49:45+00:00\",\"dateModified\":\"2026-08-31T18:49:59+00:00\",\"mainEntityOfPage\":{\"@id\":\"https:\\\/\\\/agradocosmetic.com\\\/como-aplicar-correctamente-tu-protector-solar-para-una-proteccion-eficaz\\\/\"},\"wordCount\":163,\"publisher\":{\"@id\":\"https:\\\/\\\/agradocosmetic.com\\\/#organization\"},\"image\":{\"@id\":\"https:\\\/\\\/agradocosmetic.com\\\/como-aplicar-correctamente-tu-protector-solar-para-una-proteccion-eficaz\\\/#primaryimage\"},\"thumbnailUrl\":\"https:\\\/\\\/agradocosmetic.com\\\/wp-content\\\/uploads\\\/2026\\\/08\\\/JUNIO-26-1.jpg\",\"keywords\":[\"c\u00f3mo aplicar protector solar\",\"como aplicar\",\"agrado sun care\",\"agrado\",\"protector solar\",\"spf\",\"verano\"],\"articleSection\":[\"Solar\"],\"inLanguage\":\"it-IT\"},{\"@type\":\"WebPage\",\"@id\":\"https:\\\/\\\/agradocosmetic.com\\\/como-aplicar-correctamente-tu-protector-solar-para-una-proteccion-eficaz\\\/\",\"url\":\"https:\\\/\\\/agradocosmetic.com\\\/como-aplicar-correctamente-tu-protector-solar-para-una-proteccion-eficaz\\\/\",\"name\":\"C\u00f3mo aplicar correctamente tu protector solar para una protecci\u00f3n eficaz - Agrado\",\"isPartOf\":{\"@id\":\"https:\\\/\\\/agradocosmetic.com\\\/#website\"},\"primaryImageOfPage\":{\"@id\":\"https:\\\/\\\/agradocosmetic.com\\\/como-aplicar-correctamente-tu-protector-solar-para-una-proteccion-eficaz\\\/#primaryimage\"},\"image\":{\"@id\":\"https:\\\/\\\/agradocosmetic.com\\\/como-aplicar-correctamente-tu-protector-solar-para-una-proteccion-eficaz\\\/#primaryimage\"},\"thumbnailUrl\":\"https:\\\/\\\/agradocosmetic.com\\\/wp-content\\\/uploads\\\/2026\\\/08\\\/JUNIO-26-1.jpg\",\"datePublished\":\"2026-06-05T08:49:45+00:00\",\"dateModified\":\"2026-08-31T18:49:59+00:00\",\"description\":\"Usar protector solar es imprescindible. Pero usarlo bien es lo que realmente marca la diferencia. \u00a1Desc\u00fabrelo!\",\"breadcrumb\":{\"@id\":\"https:\\\/\\\/agradocosmetic.com\\\/como-aplicar-correctamente-tu-protector-solar-para-una-proteccion-eficaz\\\/#breadcrumb\"},\"inLanguage\":\"it-IT\",\"potentialAction\":[{\"@type\":\"ReadAction\",\"target\":[\"https:\\\/\\\/agradocosmetic.com\\\/como-aplicar-correctamente-tu-protector-solar-para-una-proteccion-eficaz\\\/\"]}]},{\"@type\":\"ImageObject\",\"inLanguage\":\"it-IT\",\"@id\":\"https:\\\/\\\/agradocosmetic.com\\\/como-aplicar-correctamente-tu-protector-solar-para-una-proteccion-eficaz\\\/#primaryimage\",\"url\":\"https:\\\/\\\/agradocosmetic.com\\\/wp-content\\\/uploads\\\/2026\\\/08\\\/JUNIO-26-1.jpg\",\"contentUrl\":\"https:\\\/\\\/agradocosmetic.com\\\/wp-content\\\/uploads\\\/2026\\\/08\\\/JUNIO-26-1.jpg\",\"width\":1140,\"height\":600,\"caption\":\"c\u00f3mo aplicar protector solar\"},{\"@type\":\"BreadcrumbList\",\"@id\":\"https:\\\/\\\/agradocosmetic.com\\\/como-aplicar-correctamente-tu-protector-solar-para-una-proteccion-eficaz\\\/#breadcrumb\",\"itemListElement\":[{\"@type\":\"ListItem\",\"position\":1,\"name\":\"Portada\",\"item\":\"https:\\\/\\\/agradocosmetic.com\\\/\"},{\"@type\":\"ListItem\",\"position\":2,\"name\":\"C\u00f3mo aplicar correctamente tu protector solar para una protecci\u00f3n eficaz\"}]},{\"@type\":\"WebSite\",\"@id\":\"https:\\\/\\\/agradocosmetic.com\\\/#website\",\"url\":\"https:\\\/\\\/agradocosmetic.com\\\/\",\"name\":\"Agrado\",\"description\":\"Cosmetic\",\"publisher\":{\"@id\":\"https:\\\/\\\/agradocosmetic.com\\\/#organization\"},\"potentialAction\":[{\"@type\":\"SearchAction\",\"target\":{\"@type\":\"EntryPoint\",\"urlTemplate\":\"https:\\\/\\\/agradocosmetic.com\\\/?s={search_term_string}\"},\"query-input\":{\"@type\":\"PropertyValueSpecification\",\"valueRequired\":true,\"valueName\":\"search_term_string\"}}],\"inLanguage\":\"it-IT\"},{\"@type\":\"Organization\",\"@id\":\"https:\\\/\\\/agradocosmetic.com\\\/#organization\",\"name\":\"Agrado\",\"url\":\"https:\\\/\\\/agradocosmetic.com\\\/\",\"logo\":{\"@type\":\"ImageObject\",\"inLanguage\":\"it-IT\",\"@id\":\"https:\\\/\\\/agradocosmetic.com\\\/#\\\/schema\\\/logo\\\/image\\\/\",\"url\":\"https:\\\/\\\/agradocosmetic.com\\\/wp-content\\\/uploads\\\/2023\\\/07\\\/LOGO-AGRADO-WEB-01.png\",\"contentUrl\":\"https:\\\/\\\/agradocosmetic.com\\\/wp-content\\\/uploads\\\/2023\\\/07\\\/LOGO-AGRADO-WEB-01.png\",\"width\":1632,\"height\":300,\"caption\":\"Agrado\"},\"image\":{\"@id\":\"https:\\\/\\\/agradocosmetic.com\\\/#\\\/schema\\\/logo\\\/image\\\/\"}},{\"@type\":\"Person\",\"@id\":\"https:\\\/\\\/agradocosmetic.com\\\/#\\\/schema\\\/person\\\/59124921013b50f80959d84fc7219096\",\"name\":\"carmen\",\"image\":{\"@type\":\"ImageObject\",\"inLanguage\":\"it-IT\",\"@id\":\"https:\\\/\\\/secure.gravatar.com\\\/avatar\\\/2036bf58c019bb0a3f94937a2ed7cab76ae6ebe239f705f7c62ea5c48f93531f?s=96&d=mm&r=g\",\"url\":\"https:\\\/\\\/secure.gravatar.com\\\/avatar\\\/2036bf58c019bb0a3f94937a2ed7cab76ae6ebe239f705f7c62ea5c48f93531f?s=96&d=mm&r=g\",\"contentUrl\":\"https:\\\/\\\/secure.gravatar.com\\\/avatar\\\/2036bf58c019bb0a3f94937a2ed7cab76ae6ebe239f705f7c62ea5c48f93531f?s=96&d=mm&r=g\",\"caption\":\"carmen\"}}]}<\/script>\n<!-- \/ Yoast SEO plugin. -->","yoast_head_json":{"title":"C\u00f3mo aplicar correctamente tu protector solar para una protecci\u00f3n eficaz - Agrado","description":"Usar protector solar es imprescindible. Pero usarlo bien es lo que realmente marca la diferencia. \u00a1Desc\u00fabrelo!","robots":{"index":"index","follow":"follow","max-snippet":"max-snippet:-1","max-image-preview":"max-image-preview:large","max-video-preview":"max-video-preview:-1"},"canonical":"https:\/\/agradocosmetic.com\/it\/como-aplicar-correctamente-tu-protector-solar-para-una-proteccion-eficaz\/","og_locale":"it_IT","og_type":"article","og_title":"C\u00f3mo aplicar correctamente tu protector solar para una protecci\u00f3n eficaz - Agrado","og_description":"Usar protector solar es imprescindible. Pero usarlo bien es lo que realmente marca la diferencia. \u00a1Desc\u00fabrelo!","og_url":"https:\/\/agradocosmetic.com\/it\/como-aplicar-correctamente-tu-protector-solar-para-una-proteccion-eficaz\/","og_site_name":"Agrado","article_published_time":"2026-06-05T08:49:45+00:00","article_modified_time":"2026-08-31T18:49:59+00:00","og_image":[{"width":1140,"height":600,"url":"https:\/\/agradocosmetic.com\/wp-content\/uploads\/2026\/08\/JUNIO-26-1.jpg","type":"image\/jpeg"}],"author":"carmen","twitter_card":"summary_large_image","twitter_misc":{"Scritto da":"carmen","Tempo di lettura stimato":"1 minuto"},"schema":{"@context":"https:\/\/schema.org","@graph":[{"@type":"Article","@id":"https:\/\/agradocosmetic.com\/como-aplicar-correctamente-tu-protector-solar-para-una-proteccion-eficaz\/#article","isPartOf":{"@id":"https:\/\/agradocosmetic.com\/como-aplicar-correctamente-tu-protector-solar-para-una-proteccion-eficaz\/"},"author":{"name":"carmen","@id":"https:\/\/agradocosmetic.com\/#\/schema\/person\/59124921013b50f80959d84fc7219096"},"headline":"C\u00f3mo aplicar correctamente tu protector solar para una protecci\u00f3n eficaz","datePublished":"2026-06-05T08:49:45+00:00","dateModified":"2026-08-31T18:49:59+00:00","mainEntityOfPage":{"@id":"https:\/\/agradocosmetic.com\/como-aplicar-correctamente-tu-protector-solar-para-una-proteccion-eficaz\/"},"wordCount":163,"publisher":{"@id":"https:\/\/agradocosmetic.com\/#organization"},"image":{"@id":"https:\/\/agradocosmetic.com\/como-aplicar-correctamente-tu-protector-solar-para-una-proteccion-eficaz\/#primaryimage"},"thumbnailUrl":"https:\/\/agradocosmetic.com\/wp-content\/uploads\/2026\/08\/JUNIO-26-1.jpg","keywords":["c\u00f3mo aplicar protector solar","como aplicar","agrado sun care","agrado","protector solar","spf","verano"],"articleSection":["Solar"],"inLanguage":"it-IT"},{"@type":"WebPage","@id":"https:\/\/agradocosmetic.com\/como-aplicar-correctamente-tu-protector-solar-para-una-proteccion-eficaz\/","url":"https:\/\/agradocosmetic.com\/como-aplicar-correctamente-tu-protector-solar-para-una-proteccion-eficaz\/","name":"C\u00f3mo aplicar correctamente tu protector solar para una protecci\u00f3n eficaz - Agrado","isPartOf":{"@id":"https:\/\/agradocosmetic.com\/#website"},"primaryImageOfPage":{"@id":"https:\/\/agradocosmetic.com\/como-aplicar-correctamente-tu-protector-solar-para-una-proteccion-eficaz\/#primaryimage"},"image":{"@id":"https:\/\/agradocosmetic.com\/como-aplicar-correctamente-tu-protector-solar-para-una-proteccion-eficaz\/#primaryimage"},"thumbnailUrl":"https:\/\/agradocosmetic.com\/wp-content\/uploads\/2026\/08\/JUNIO-26-1.jpg","datePublished":"2026-06-05T08:49:45+00:00","dateModified":"2026-08-31T18:49:59+00:00","description":"Usar protector solar es imprescindible. Pero usarlo bien es lo que realmente marca la diferencia. \u00a1Desc\u00fabrelo!","breadcrumb":{"@id":"https:\/\/agradocosmetic.com\/como-aplicar-correctamente-tu-protector-solar-para-una-proteccion-eficaz\/#breadcrumb"},"inLanguage":"it-IT","potentialAction":[{"@type":"ReadAction","target":["https:\/\/agradocosmetic.com\/como-aplicar-correctamente-tu-protector-solar-para-una-proteccion-eficaz\/"]}]},{"@type":"ImageObject","inLanguage":"it-IT","@id":"https:\/\/agradocosmetic.com\/como-aplicar-correctamente-tu-protector-solar-para-una-proteccion-eficaz\/#primaryimage","url":"https:\/\/agradocosmetic.com\/wp-content\/uploads\/2026\/08\/JUNIO-26-1.jpg","contentUrl":"https:\/\/agradocosmetic.com\/wp-content\/uploads\/2026\/08\/JUNIO-26-1.jpg","width":1140,"height":600,"caption":"c\u00f3mo aplicar protector solar"},{"@type":"BreadcrumbList","@id":"https:\/\/agradocosmetic.com\/como-aplicar-correctamente-tu-protector-solar-para-una-proteccion-eficaz\/#breadcrumb","itemListElement":[{"@type":"ListItem","position":1,"name":"Portada","item":"https:\/\/agradocosmetic.com\/"},{"@type":"ListItem","position":2,"name":"C\u00f3mo aplicar correctamente tu protector solar para una protecci\u00f3n eficaz"}]},{"@type":"WebSite","@id":"https:\/\/agradocosmetic.com\/#website","url":"https:\/\/agradocosmetic.com\/","name":"Mi piace","description":"cosmetico","publisher":{"@id":"https:\/\/agradocosmetic.com\/#organization"},"potentialAction":[{"@type":"SearchAction","target":{"@type":"EntryPoint","urlTemplate":"https:\/\/agradocosmetic.com\/?s={search_term_string}"},"query-input":{"@type":"PropertyValueSpecification","valueRequired":true,"valueName":"search_term_string"}}],"inLanguage":"it-IT"},{"@type":"Organization","@id":"https:\/\/agradocosmetic.com\/#organization","name":"Mi piace","url":"https:\/\/agradocosmetic.com\/","logo":{"@type":"ImageObject","inLanguage":"it-IT","@id":"https:\/\/agradocosmetic.com\/#\/schema\/logo\/image\/","url":"https:\/\/agradocosmetic.com\/wp-content\/uploads\/2023\/07\/LOGO-AGRADO-WEB-01.png","contentUrl":"https:\/\/agradocosmetic.com\/wp-content\/uploads\/2023\/07\/LOGO-AGRADO-WEB-01.png","width":1632,"height":300,"caption":"Agrado"},"image":{"@id":"https:\/\/agradocosmetic.com\/#\/schema\/logo\/image\/"}},{"@type":"Person","@id":"https:\/\/agradocosmetic.com\/#\/schema\/person\/59124921013b50f80959d84fc7219096","name":"Carmen","image":{"@type":"ImageObject","inLanguage":"it-IT","@id":"https:\/\/secure.gravatar.com\/avatar\/2036bf58c019bb0a3f94937a2ed7cab76ae6ebe239f705f7c62ea5c48f93531f?s=96&d=mm&r=g","url":"https:\/\/secure.gravatar.com\/avatar\/2036bf58c019bb0a3f94937a2ed7cab76ae6ebe239f705f7c62ea5c48f93531f?s=96&d=mm&r=g","contentUrl":"https:\/\/secure.gravatar.com\/avatar\/2036bf58c019bb0a3f94937a2ed7cab76ae6ebe239f705f7c62ea5c48f93531f?s=96&d=mm&r=g","caption":"carmen"}}]}},"_links":{"self":[{"href":"https:\/\/agradocosmetic.com\/it\/wp-json\/wp\/v2\/posts\/36026","targetHints":{"allow":["GET"]}}],"collection":[{"href":"https:\/\/agradocosmetic.com\/it\/wp-json\/wp\/v2\/posts"}],"about":[{"href":"https:\/\/agradocosmetic.com\/it\/wp-json\/wp\/v2\/types\/post"}],"author":[{"embeddable":true,"href":"https:\/\/agradocosmetic.com\/it\/wp-json\/wp\/v2\/users\/11"}],"replies":[{"embeddable":true,"href":"https:\/\/agradocosmetic.com\/it\/wp-json\/wp\/v2\/comments?post=36026"}],"version-history":[{"count":1,"href":"https:\/\/agradocosmetic.com\/it\/wp-json\/wp\/v2\/posts\/36026\/revisions"}],"predecessor-version":[{"id":36027,"href":"https:\/\/agradocosmetic.com\/it\/wp-json\/wp\/v2\/posts\/36026\/revisions\/36027"}],"wp:featuredmedia":[{"embeddable":true,"href":"https:\/\/agradocosmetic.com\/it\/wp-json\/wp\/v2\/media\/36014"}],"wp:attachment":[{"href":"https:\/\/agradocosmetic.com\/it\/wp-json\/wp\/v2\/media?parent=36026"}],"wp:term":[{"taxonomy":"category","embeddable":true,"href":"https:\/\/agradocosmetic.com\/it\/wp-json\/wp\/v2\/categories?post=36026"},{"taxonomy":"post_tag","embeddable":true,"href":"https:\/\/agradocosmetic.com\/it\/wp-json\/wp\/v2\/tags?post=36026"}],"curies":[{"name":"parola chiave","href":"https:\/\/api.w.org\/{rel}","templated":true}]}}