{"id":36028,"date":"2026-06-20T14:00:15","date_gmt":"2026-06-20T13:00:15","guid":{"rendered":"https:\/\/agradocosmetic.com\/?p=36028"},"modified":"2026-08-31T19:51:55","modified_gmt":"2026-08-31T18:51:55","slug":"proteccion-solar-para-toda-la-familia-consejos-clave-para-cuidar-la-piel-en-verano","status":"publish","type":"post","link":"https:\/\/agradocosmetic.com\/it\/proteccion-solar-para-toda-la-familia-consejos-clave-para-cuidar-la-piel-en-verano\/","title":{"rendered":"Protecci\u00f3n solar para toda la familia: consejos clave para cuidar la piel en verano"},"content":{"rendered":"<p><span style=\"font-weight: 400\">L&#039;estate \u00e8 fatta per divertirsi\u2026 ma sempre con la dovuta protezione. E quando si parla di famiglia, prendersi cura della pelle di tutti \u00e8 fondamentale.<\/span><\/p>\n<p><span style=\"font-weight: 400\">I bambini piccoli, ad esempio, hanno bisogno di formule specifiche. Agrado offre opzioni come... <a href=\"https:\/\/agradocosmetic.com\/it\/agrado-sun-care\/\" target=\"_blank\" rel=\"noopener\">crema solare per bambini<\/a> SPF 50, studiato per pelli sensibili, facile da applicare e resistente all&#039;acqua. Perfetto per accompagnarle in ogni avventura al sole. .<\/span><\/p>\n<p><span style=\"font-weight: 400\">Per gli adulti, l&#039;ideale \u00e8 scegliere prodotti adatti al proprio stile di vita: texture leggere per l&#039;uso quotidiano o formule pi\u00f9 resistenti per la spiaggia e lo sport.<\/span><\/p>\n<p><span style=\"font-weight: 400\">Il segreto \u00e8 creare una routine semplice: applicare il trucco prima di uscire, riapplicarlo frequentemente e completare il look con un cappello, occhiali da sole e ombretto.<\/span><\/p>\n<p><span style=\"font-weight: 400\">Perch\u00e9 prendersi cura della propria pelle oggi significa proteggere la propria salute domani.<\/span><\/p>\n<p><span style=\"font-weight: 400\">Quest&#039;estate, assicuratevi che l&#039;unica cosa che porterete con voi siano i bei ricordi... e mai i danni causati dal sole.<\/span><\/p>","protected":false},"excerpt":{"rendered":"<p>El verano es para disfrutarlo\u2026 pero siempre con protecci\u00f3n. Y cuando hablamos de familia, cuidar la piel de todos es fundamental. Los m\u00e1s peque\u00f1os, por ejemplo, necesitan f\u00f3rmulas espec\u00edficas. Agrado cuenta con opciones como el protector solar infantil SPF 50, dise\u00f1ado para pieles sensibles, f\u00e1cil de aplicar y resistente al agua. Perfecto para acompa\u00f1arles en [&hellip;]<\/p>\n","protected":false},"author":11,"featured_media":36015,"comment_status":"closed","ping_status":"closed","sticky":false,"template":"","format":"standard","meta":{"footnotes":"","_wp_rev_ctl_limit":""},"categories":[531],"tags":[965,966,967,740,126,314,230,321],"class_list":["post-36028","post","type-post","status-publish","format-standard","has-post-thumbnail","hentry","category-solar-en","tag-proteccion-solar-familiar","tag-familia","tag-proteccion-solar-infantil","tag-agrado-sun-care","tag-agrado","tag-piel-sensible","tag-spf","tag-verano"],"yoast_head":"<!-- This site is optimized with the Yoast SEO plugin v28.3 - https:\/\/yoast.com\/product\/yoast-seo-wordpress\/ -->\n<title>Protecci\u00f3n solar para toda la familia: consejos clave para cuidar la piel en verano - Agrado<\/title>\n<meta name=\"description\" content=\"El verano es para disfrutarlo\u2026 pero siempre con protecci\u00f3n. Y cuando hablamos de familia, cuidar la piel de todos es fundamental.\" \/>\n<meta name=\"robots\" content=\"index, follow, max-snippet:-1, max-image-preview:large, max-video-preview:-1\" \/>\n<link rel=\"canonical\" href=\"https:\/\/agradocosmetic.com\/it\/proteccion-solar-para-toda-la-familia-consejos-clave-para-cuidar-la-piel-en-verano\/\" \/>\n<meta property=\"og:locale\" content=\"it_IT\" \/>\n<meta property=\"og:type\" content=\"article\" \/>\n<meta property=\"og:title\" content=\"Protecci\u00f3n solar para toda la familia: consejos clave para cuidar la piel en verano - Agrado\" \/>\n<meta property=\"og:description\" content=\"El verano es para disfrutarlo\u2026 pero siempre con protecci\u00f3n. Y cuando hablamos de familia, cuidar la piel de todos es fundamental.\" \/>\n<meta property=\"og:url\" content=\"https:\/\/agradocosmetic.com\/it\/proteccion-solar-para-toda-la-familia-consejos-clave-para-cuidar-la-piel-en-verano\/\" \/>\n<meta property=\"og:site_name\" content=\"Agrado\" \/>\n<meta property=\"article:published_time\" content=\"2026-06-20T13:00:15+00:00\" \/>\n<meta property=\"article:modified_time\" content=\"2026-08-31T18:51:55+00:00\" \/>\n<meta property=\"og:image\" content=\"https:\/\/agradocosmetic.com\/wp-content\/uploads\/2026\/08\/JUNIO-26-2.jpg\" \/>\n\t<meta property=\"og:image:width\" content=\"1140\" \/>\n\t<meta property=\"og:image:height\" content=\"600\" \/>\n\t<meta property=\"og:image:type\" content=\"image\/jpeg\" \/>\n<meta name=\"author\" content=\"carmen\" \/>\n<meta name=\"twitter:card\" content=\"summary_large_image\" \/>\n<meta name=\"twitter:label1\" content=\"Scritto da\" \/>\n\t<meta name=\"twitter:data1\" content=\"carmen\" \/>\n\t<meta name=\"twitter:label2\" content=\"Tempo di lettura stimato\" \/>\n\t<meta name=\"twitter:data2\" content=\"1 minuto\" \/>\n<script type=\"application\/ld+json\" class=\"yoast-schema-graph\">{\"@context\":\"https:\\\/\\\/schema.org\",\"@graph\":[{\"@type\":\"Article\",\"@id\":\"https:\\\/\\\/agradocosmetic.com\\\/proteccion-solar-para-toda-la-familia-consejos-clave-para-cuidar-la-piel-en-verano\\\/#article\",\"isPartOf\":{\"@id\":\"https:\\\/\\\/agradocosmetic.com\\\/proteccion-solar-para-toda-la-familia-consejos-clave-para-cuidar-la-piel-en-verano\\\/\"},\"author\":{\"name\":\"carmen\",\"@id\":\"https:\\\/\\\/agradocosmetic.com\\\/#\\\/schema\\\/person\\\/59124921013b50f80959d84fc7219096\"},\"headline\":\"Protecci\u00f3n solar para toda la familia: consejos clave para cuidar la piel en verano\",\"datePublished\":\"2026-06-20T13:00:15+00:00\",\"dateModified\":\"2026-08-31T18:51:55+00:00\",\"mainEntityOfPage\":{\"@id\":\"https:\\\/\\\/agradocosmetic.com\\\/proteccion-solar-para-toda-la-familia-consejos-clave-para-cuidar-la-piel-en-verano\\\/\"},\"wordCount\":164,\"publisher\":{\"@id\":\"https:\\\/\\\/agradocosmetic.com\\\/#organization\"},\"image\":{\"@id\":\"https:\\\/\\\/agradocosmetic.com\\\/proteccion-solar-para-toda-la-familia-consejos-clave-para-cuidar-la-piel-en-verano\\\/#primaryimage\"},\"thumbnailUrl\":\"https:\\\/\\\/agradocosmetic.com\\\/wp-content\\\/uploads\\\/2026\\\/08\\\/JUNIO-26-2.jpg\",\"keywords\":[\"protecci\u00f3n solar familiar\",\"familia\",\"proteccion solar infantil\",\"agrado sun care\",\"agrado\",\"piel sensible\",\"spf\",\"verano\"],\"articleSection\":[\"Solar\"],\"inLanguage\":\"it-IT\"},{\"@type\":\"WebPage\",\"@id\":\"https:\\\/\\\/agradocosmetic.com\\\/proteccion-solar-para-toda-la-familia-consejos-clave-para-cuidar-la-piel-en-verano\\\/\",\"url\":\"https:\\\/\\\/agradocosmetic.com\\\/proteccion-solar-para-toda-la-familia-consejos-clave-para-cuidar-la-piel-en-verano\\\/\",\"name\":\"Protecci\u00f3n solar para toda la familia: consejos clave para cuidar la piel en verano - Agrado\",\"isPartOf\":{\"@id\":\"https:\\\/\\\/agradocosmetic.com\\\/#website\"},\"primaryImageOfPage\":{\"@id\":\"https:\\\/\\\/agradocosmetic.com\\\/proteccion-solar-para-toda-la-familia-consejos-clave-para-cuidar-la-piel-en-verano\\\/#primaryimage\"},\"image\":{\"@id\":\"https:\\\/\\\/agradocosmetic.com\\\/proteccion-solar-para-toda-la-familia-consejos-clave-para-cuidar-la-piel-en-verano\\\/#primaryimage\"},\"thumbnailUrl\":\"https:\\\/\\\/agradocosmetic.com\\\/wp-content\\\/uploads\\\/2026\\\/08\\\/JUNIO-26-2.jpg\",\"datePublished\":\"2026-06-20T13:00:15+00:00\",\"dateModified\":\"2026-08-31T18:51:55+00:00\",\"description\":\"El verano es para disfrutarlo\u2026 pero siempre con protecci\u00f3n. Y cuando hablamos de familia, cuidar la piel de todos es fundamental.\",\"breadcrumb\":{\"@id\":\"https:\\\/\\\/agradocosmetic.com\\\/proteccion-solar-para-toda-la-familia-consejos-clave-para-cuidar-la-piel-en-verano\\\/#breadcrumb\"},\"inLanguage\":\"it-IT\",\"potentialAction\":[{\"@type\":\"ReadAction\",\"target\":[\"https:\\\/\\\/agradocosmetic.com\\\/proteccion-solar-para-toda-la-familia-consejos-clave-para-cuidar-la-piel-en-verano\\\/\"]}]},{\"@type\":\"ImageObject\",\"inLanguage\":\"it-IT\",\"@id\":\"https:\\\/\\\/agradocosmetic.com\\\/proteccion-solar-para-toda-la-familia-consejos-clave-para-cuidar-la-piel-en-verano\\\/#primaryimage\",\"url\":\"https:\\\/\\\/agradocosmetic.com\\\/wp-content\\\/uploads\\\/2026\\\/08\\\/JUNIO-26-2.jpg\",\"contentUrl\":\"https:\\\/\\\/agradocosmetic.com\\\/wp-content\\\/uploads\\\/2026\\\/08\\\/JUNIO-26-2.jpg\",\"width\":1140,\"height\":600,\"caption\":\"protecci\u00f3n solar familiar\"},{\"@type\":\"BreadcrumbList\",\"@id\":\"https:\\\/\\\/agradocosmetic.com\\\/proteccion-solar-para-toda-la-familia-consejos-clave-para-cuidar-la-piel-en-verano\\\/#breadcrumb\",\"itemListElement\":[{\"@type\":\"ListItem\",\"position\":1,\"name\":\"Portada\",\"item\":\"https:\\\/\\\/agradocosmetic.com\\\/\"},{\"@type\":\"ListItem\",\"position\":2,\"name\":\"Protecci\u00f3n solar para toda la familia: consejos clave para cuidar la piel en verano\"}]},{\"@type\":\"WebSite\",\"@id\":\"https:\\\/\\\/agradocosmetic.com\\\/#website\",\"url\":\"https:\\\/\\\/agradocosmetic.com\\\/\",\"name\":\"Agrado\",\"description\":\"Cosmetic\",\"publisher\":{\"@id\":\"https:\\\/\\\/agradocosmetic.com\\\/#organization\"},\"potentialAction\":[{\"@type\":\"SearchAction\",\"target\":{\"@type\":\"EntryPoint\",\"urlTemplate\":\"https:\\\/\\\/agradocosmetic.com\\\/?s={search_term_string}\"},\"query-input\":{\"@type\":\"PropertyValueSpecification\",\"valueRequired\":true,\"valueName\":\"search_term_string\"}}],\"inLanguage\":\"it-IT\"},{\"@type\":\"Organization\",\"@id\":\"https:\\\/\\\/agradocosmetic.com\\\/#organization\",\"name\":\"Agrado\",\"url\":\"https:\\\/\\\/agradocosmetic.com\\\/\",\"logo\":{\"@type\":\"ImageObject\",\"inLanguage\":\"it-IT\",\"@id\":\"https:\\\/\\\/agradocosmetic.com\\\/#\\\/schema\\\/logo\\\/image\\\/\",\"url\":\"https:\\\/\\\/agradocosmetic.com\\\/wp-content\\\/uploads\\\/2023\\\/07\\\/LOGO-AGRADO-WEB-01.png\",\"contentUrl\":\"https:\\\/\\\/agradocosmetic.com\\\/wp-content\\\/uploads\\\/2023\\\/07\\\/LOGO-AGRADO-WEB-01.png\",\"width\":1632,\"height\":300,\"caption\":\"Agrado\"},\"image\":{\"@id\":\"https:\\\/\\\/agradocosmetic.com\\\/#\\\/schema\\\/logo\\\/image\\\/\"}},{\"@type\":\"Person\",\"@id\":\"https:\\\/\\\/agradocosmetic.com\\\/#\\\/schema\\\/person\\\/59124921013b50f80959d84fc7219096\",\"name\":\"carmen\",\"image\":{\"@type\":\"ImageObject\",\"inLanguage\":\"it-IT\",\"@id\":\"https:\\\/\\\/secure.gravatar.com\\\/avatar\\\/2036bf58c019bb0a3f94937a2ed7cab76ae6ebe239f705f7c62ea5c48f93531f?s=96&d=mm&r=g\",\"url\":\"https:\\\/\\\/secure.gravatar.com\\\/avatar\\\/2036bf58c019bb0a3f94937a2ed7cab76ae6ebe239f705f7c62ea5c48f93531f?s=96&d=mm&r=g\",\"contentUrl\":\"https:\\\/\\\/secure.gravatar.com\\\/avatar\\\/2036bf58c019bb0a3f94937a2ed7cab76ae6ebe239f705f7c62ea5c48f93531f?s=96&d=mm&r=g\",\"caption\":\"carmen\"}}]}<\/script>\n<!-- \/ Yoast SEO plugin. -->","yoast_head_json":{"title":"Protecci\u00f3n solar para toda la familia: consejos clave para cuidar la piel en verano - Agrado","description":"L&#039;estate \u00e8 fatta per divertirsi\u2026 ma sempre con la dovuta protezione. E quando si parla di famiglia, prendersi cura della pelle di tutti \u00e8 fondamentale.","robots":{"index":"index","follow":"follow","max-snippet":"max-snippet:-1","max-image-preview":"max-image-preview:large","max-video-preview":"max-video-preview:-1"},"canonical":"https:\/\/agradocosmetic.com\/it\/proteccion-solar-para-toda-la-familia-consejos-clave-para-cuidar-la-piel-en-verano\/","og_locale":"it_IT","og_type":"article","og_title":"Protecci\u00f3n solar para toda la familia: consejos clave para cuidar la piel en verano - Agrado","og_description":"El verano es para disfrutarlo\u2026 pero siempre con protecci\u00f3n. Y cuando hablamos de familia, cuidar la piel de todos es fundamental.","og_url":"https:\/\/agradocosmetic.com\/it\/proteccion-solar-para-toda-la-familia-consejos-clave-para-cuidar-la-piel-en-verano\/","og_site_name":"Agrado","article_published_time":"2026-06-20T13:00:15+00:00","article_modified_time":"2026-08-31T18:51:55+00:00","og_image":[{"width":1140,"height":600,"url":"https:\/\/agradocosmetic.com\/wp-content\/uploads\/2026\/08\/JUNIO-26-2.jpg","type":"image\/jpeg"}],"author":"carmen","twitter_card":"summary_large_image","twitter_misc":{"Scritto da":"carmen","Tempo di lettura stimato":"1 minuto"},"schema":{"@context":"https:\/\/schema.org","@graph":[{"@type":"Article","@id":"https:\/\/agradocosmetic.com\/proteccion-solar-para-toda-la-familia-consejos-clave-para-cuidar-la-piel-en-verano\/#article","isPartOf":{"@id":"https:\/\/agradocosmetic.com\/proteccion-solar-para-toda-la-familia-consejos-clave-para-cuidar-la-piel-en-verano\/"},"author":{"name":"carmen","@id":"https:\/\/agradocosmetic.com\/#\/schema\/person\/59124921013b50f80959d84fc7219096"},"headline":"Protecci\u00f3n solar para toda la familia: consejos clave para cuidar la piel en verano","datePublished":"2026-06-20T13:00:15+00:00","dateModified":"2026-08-31T18:51:55+00:00","mainEntityOfPage":{"@id":"https:\/\/agradocosmetic.com\/proteccion-solar-para-toda-la-familia-consejos-clave-para-cuidar-la-piel-en-verano\/"},"wordCount":164,"publisher":{"@id":"https:\/\/agradocosmetic.com\/#organization"},"image":{"@id":"https:\/\/agradocosmetic.com\/proteccion-solar-para-toda-la-familia-consejos-clave-para-cuidar-la-piel-en-verano\/#primaryimage"},"thumbnailUrl":"https:\/\/agradocosmetic.com\/wp-content\/uploads\/2026\/08\/JUNIO-26-2.jpg","keywords":["protecci\u00f3n solar familiar","familia","proteccion solar infantil","agrado sun care","agrado","piel sensible","spf","verano"],"articleSection":["Solar"],"inLanguage":"it-IT"},{"@type":"WebPage","@id":"https:\/\/agradocosmetic.com\/proteccion-solar-para-toda-la-familia-consejos-clave-para-cuidar-la-piel-en-verano\/","url":"https:\/\/agradocosmetic.com\/proteccion-solar-para-toda-la-familia-consejos-clave-para-cuidar-la-piel-en-verano\/","name":"Protecci\u00f3n solar para toda la familia: consejos clave para cuidar la piel en verano - Agrado","isPartOf":{"@id":"https:\/\/agradocosmetic.com\/#website"},"primaryImageOfPage":{"@id":"https:\/\/agradocosmetic.com\/proteccion-solar-para-toda-la-familia-consejos-clave-para-cuidar-la-piel-en-verano\/#primaryimage"},"image":{"@id":"https:\/\/agradocosmetic.com\/proteccion-solar-para-toda-la-familia-consejos-clave-para-cuidar-la-piel-en-verano\/#primaryimage"},"thumbnailUrl":"https:\/\/agradocosmetic.com\/wp-content\/uploads\/2026\/08\/JUNIO-26-2.jpg","datePublished":"2026-06-20T13:00:15+00:00","dateModified":"2026-08-31T18:51:55+00:00","description":"L&#039;estate \u00e8 fatta per divertirsi\u2026 ma sempre con la dovuta protezione. E quando si parla di famiglia, prendersi cura della pelle di tutti \u00e8 fondamentale.","breadcrumb":{"@id":"https:\/\/agradocosmetic.com\/proteccion-solar-para-toda-la-familia-consejos-clave-para-cuidar-la-piel-en-verano\/#breadcrumb"},"inLanguage":"it-IT","potentialAction":[{"@type":"ReadAction","target":["https:\/\/agradocosmetic.com\/proteccion-solar-para-toda-la-familia-consejos-clave-para-cuidar-la-piel-en-verano\/"]}]},{"@type":"ImageObject","inLanguage":"it-IT","@id":"https:\/\/agradocosmetic.com\/proteccion-solar-para-toda-la-familia-consejos-clave-para-cuidar-la-piel-en-verano\/#primaryimage","url":"https:\/\/agradocosmetic.com\/wp-content\/uploads\/2026\/08\/JUNIO-26-2.jpg","contentUrl":"https:\/\/agradocosmetic.com\/wp-content\/uploads\/2026\/08\/JUNIO-26-2.jpg","width":1140,"height":600,"caption":"protecci\u00f3n solar familiar"},{"@type":"BreadcrumbList","@id":"https:\/\/agradocosmetic.com\/proteccion-solar-para-toda-la-familia-consejos-clave-para-cuidar-la-piel-en-verano\/#breadcrumb","itemListElement":[{"@type":"ListItem","position":1,"name":"Portada","item":"https:\/\/agradocosmetic.com\/"},{"@type":"ListItem","position":2,"name":"Protecci\u00f3n solar para toda la familia: consejos clave para cuidar la piel en verano"}]},{"@type":"WebSite","@id":"https:\/\/agradocosmetic.com\/#website","url":"https:\/\/agradocosmetic.com\/","name":"Mi piace","description":"cosmetico","publisher":{"@id":"https:\/\/agradocosmetic.com\/#organization"},"potentialAction":[{"@type":"SearchAction","target":{"@type":"EntryPoint","urlTemplate":"https:\/\/agradocosmetic.com\/?s={search_term_string}"},"query-input":{"@type":"PropertyValueSpecification","valueRequired":true,"valueName":"search_term_string"}}],"inLanguage":"it-IT"},{"@type":"Organization","@id":"https:\/\/agradocosmetic.com\/#organization","name":"Mi piace","url":"https:\/\/agradocosmetic.com\/","logo":{"@type":"ImageObject","inLanguage":"it-IT","@id":"https:\/\/agradocosmetic.com\/#\/schema\/logo\/image\/","url":"https:\/\/agradocosmetic.com\/wp-content\/uploads\/2023\/07\/LOGO-AGRADO-WEB-01.png","contentUrl":"https:\/\/agradocosmetic.com\/wp-content\/uploads\/2023\/07\/LOGO-AGRADO-WEB-01.png","width":1632,"height":300,"caption":"Agrado"},"image":{"@id":"https:\/\/agradocosmetic.com\/#\/schema\/logo\/image\/"}},{"@type":"Person","@id":"https:\/\/agradocosmetic.com\/#\/schema\/person\/59124921013b50f80959d84fc7219096","name":"Carmen","image":{"@type":"ImageObject","inLanguage":"it-IT","@id":"https:\/\/secure.gravatar.com\/avatar\/2036bf58c019bb0a3f94937a2ed7cab76ae6ebe239f705f7c62ea5c48f93531f?s=96&d=mm&r=g","url":"https:\/\/secure.gravatar.com\/avatar\/2036bf58c019bb0a3f94937a2ed7cab76ae6ebe239f705f7c62ea5c48f93531f?s=96&d=mm&r=g","contentUrl":"https:\/\/secure.gravatar.com\/avatar\/2036bf58c019bb0a3f94937a2ed7cab76ae6ebe239f705f7c62ea5c48f93531f?s=96&d=mm&r=g","caption":"carmen"}}]}},"_links":{"self":[{"href":"https:\/\/agradocosmetic.com\/it\/wp-json\/wp\/v2\/posts\/36028","targetHints":{"allow":["GET"]}}],"collection":[{"href":"https:\/\/agradocosmetic.com\/it\/wp-json\/wp\/v2\/posts"}],"about":[{"href":"https:\/\/agradocosmetic.com\/it\/wp-json\/wp\/v2\/types\/post"}],"author":[{"embeddable":true,"href":"https:\/\/agradocosmetic.com\/it\/wp-json\/wp\/v2\/users\/11"}],"replies":[{"embeddable":true,"href":"https:\/\/agradocosmetic.com\/it\/wp-json\/wp\/v2\/comments?post=36028"}],"version-history":[{"count":2,"href":"https:\/\/agradocosmetic.com\/it\/wp-json\/wp\/v2\/posts\/36028\/revisions"}],"predecessor-version":[{"id":36030,"href":"https:\/\/agradocosmetic.com\/it\/wp-json\/wp\/v2\/posts\/36028\/revisions\/36030"}],"wp:featuredmedia":[{"embeddable":true,"href":"https:\/\/agradocosmetic.com\/it\/wp-json\/wp\/v2\/media\/36015"}],"wp:attachment":[{"href":"https:\/\/agradocosmetic.com\/it\/wp-json\/wp\/v2\/media?parent=36028"}],"wp:term":[{"taxonomy":"category","embeddable":true,"href":"https:\/\/agradocosmetic.com\/it\/wp-json\/wp\/v2\/categories?post=36028"},{"taxonomy":"post_tag","embeddable":true,"href":"https:\/\/agradocosmetic.com\/it\/wp-json\/wp\/v2\/tags?post=36028"}],"curies":[{"name":"parola chiave","href":"https:\/\/api.w.org\/{rel}","templated":true}]}}