{"id":36035,"date":"2026-08-04T19:59:11","date_gmt":"2026-08-04T18:59:11","guid":{"rendered":"https:\/\/agradocosmetic.com\/?p=36035"},"modified":"2026-08-31T19:59:24","modified_gmt":"2026-08-31T18:59:24","slug":"cada-cuanto-debes-reaplicar-el-protector-solar-guia-practica","status":"publish","type":"post","link":"https:\/\/agradocosmetic.com\/it\/cada-cuanto-debes-reaplicar-el-protector-solar-guia-practica\/","title":{"rendered":"Con quale frequenza bisogna riapplicare la crema solare? Una guida pratica"},"content":{"rendered":"<p><span style=\"font-weight: 400\">Se c&#039;\u00e8 una domanda fondamentale in estate, \u00e8 questa: con quale frequenza devo riapplicare la crema solare?<\/span><\/p>\n<p><span style=\"font-weight: 400\">La risposta \u00e8 chiara: ogni due ore. E sempre dopo la doccia, dopo aver sudato o essersi asciugati con l&#039;asciugamano.<\/span><\/p>\n<p><span style=\"font-weight: 400\">Anche se il prodotto \u00e8 resistente all&#039;acqua, \u00e8 comunque essenziale riapplicarlo per mantenere la protezione. Ecco perch\u00e9 scegliere formati pratici come quelli di <a href=\"https:\/\/agradocosmetic.com\/it\/agrado-sun-care\/\" target=\"_blank\" rel=\"noopener\">Mi piace<\/a> Pu\u00f2 fare la differenza: pratico, facile da usare e perfetto da portare sempre con s\u00e9. .<\/span><\/p>\n<p><span style=\"font-weight: 400\">Trasformare questa pratica in un&#039;abitudine \u00e8 pi\u00f9 facile di quanto sembri. Basta essere costanti... e utilizzare un prodotto che vi piaccia.<\/span><\/p>\n<p><span style=\"font-weight: 400\">La tua pelle non ha tregua dal sole. E nemmeno la tua protezione solare dovrebbe averne.<\/span><\/p>","protected":false},"excerpt":{"rendered":"<p>Si hay una pregunta clave en verano, es esta: \u00bfcada cu\u00e1nto debo reaplicar el protector solar? La respuesta es clara: cada dos horas. Y siempre despu\u00e9s de ba\u00f1arte, sudar o secarte con la toalla. Aunque el producto sea resistente al agua, la reaplicaci\u00f3n sigue siendo esencial para mantener la protecci\u00f3n. Por eso, elegir formatos c\u00f3modos [&hellip;]<\/p>\n","protected":false},"author":11,"featured_media":36010,"comment_status":"closed","ping_status":"closed","sticky":false,"template":"","format":"standard","meta":{"footnotes":"","_wp_rev_ctl_limit":""},"categories":[531],"tags":[969,970,971,740,126,317,410,227,229,321],"class_list":["post-36035","post","type-post","status-publish","format-standard","has-post-thumbnail","hentry","category-solar-en","tag-guia-practica","tag-sun-care","tag-eaplicar-el-protector-solar","tag-agrado-sun-care","tag-agrado","tag-proteccion-solar","tag-protector-solar","tag-sol","tag-solares","tag-verano"],"yoast_head":"<!-- This site is optimized with the Yoast SEO plugin v28.3 - https:\/\/yoast.com\/product\/yoast-seo-wordpress\/ -->\n<title>\u00bfCada cu\u00e1nto debes reaplicar el protector solar? Gu\u00eda pr\u00e1ctica - Agrado<\/title>\n<meta name=\"description\" content=\"Si hay una pregunta clave en verano, es esta: \u00bfcada cu\u00e1nto debo reaplicar el protector solar? \u00a1Te lo contamos paso a paso!\" \/>\n<meta name=\"robots\" content=\"index, follow, max-snippet:-1, max-image-preview:large, max-video-preview:-1\" \/>\n<link rel=\"canonical\" href=\"https:\/\/agradocosmetic.com\/it\/cada-cuanto-debes-reaplicar-el-protector-solar-guia-practica\/\" \/>\n<meta property=\"og:locale\" content=\"it_IT\" \/>\n<meta property=\"og:type\" content=\"article\" \/>\n<meta property=\"og:title\" content=\"\u00bfCada cu\u00e1nto debes reaplicar el protector solar? Gu\u00eda pr\u00e1ctica - Agrado\" \/>\n<meta property=\"og:description\" content=\"Si hay una pregunta clave en verano, es esta: \u00bfcada cu\u00e1nto debo reaplicar el protector solar? \u00a1Te lo contamos paso a paso!\" \/>\n<meta property=\"og:url\" content=\"https:\/\/agradocosmetic.com\/it\/cada-cuanto-debes-reaplicar-el-protector-solar-guia-practica\/\" \/>\n<meta property=\"og:site_name\" content=\"Agrado\" \/>\n<meta property=\"article:published_time\" content=\"2026-08-04T18:59:11+00:00\" \/>\n<meta property=\"article:modified_time\" content=\"2026-08-31T18:59:24+00:00\" \/>\n<meta property=\"og:image\" content=\"https:\/\/agradocosmetic.com\/wp-content\/uploads\/2026\/08\/AGOSTO-26-1.jpg\" \/>\n\t<meta property=\"og:image:width\" content=\"1140\" \/>\n\t<meta property=\"og:image:height\" content=\"600\" \/>\n\t<meta property=\"og:image:type\" content=\"image\/jpeg\" \/>\n<meta name=\"author\" content=\"carmen\" \/>\n<meta name=\"twitter:card\" content=\"summary_large_image\" \/>\n<meta name=\"twitter:label1\" content=\"Scritto da\" \/>\n\t<meta name=\"twitter:data1\" content=\"carmen\" \/>\n\t<meta name=\"twitter:label2\" content=\"Tempo di lettura stimato\" \/>\n\t<meta name=\"twitter:data2\" content=\"1 minuto\" \/>\n<script type=\"application\/ld+json\" class=\"yoast-schema-graph\">{\"@context\":\"https:\\\/\\\/schema.org\",\"@graph\":[{\"@type\":\"Article\",\"@id\":\"https:\\\/\\\/agradocosmetic.com\\\/cada-cuanto-debes-reaplicar-el-protector-solar-guia-practica\\\/#article\",\"isPartOf\":{\"@id\":\"https:\\\/\\\/agradocosmetic.com\\\/cada-cuanto-debes-reaplicar-el-protector-solar-guia-practica\\\/\"},\"author\":{\"name\":\"carmen\",\"@id\":\"https:\\\/\\\/agradocosmetic.com\\\/#\\\/schema\\\/person\\\/59124921013b50f80959d84fc7219096\"},\"headline\":\"\u00bfCada cu\u00e1nto debes reaplicar el protector solar? Gu\u00eda pr\u00e1ctica\",\"datePublished\":\"2026-08-04T18:59:11+00:00\",\"dateModified\":\"2026-08-31T18:59:24+00:00\",\"mainEntityOfPage\":{\"@id\":\"https:\\\/\\\/agradocosmetic.com\\\/cada-cuanto-debes-reaplicar-el-protector-solar-guia-practica\\\/\"},\"wordCount\":132,\"publisher\":{\"@id\":\"https:\\\/\\\/agradocosmetic.com\\\/#organization\"},\"image\":{\"@id\":\"https:\\\/\\\/agradocosmetic.com\\\/cada-cuanto-debes-reaplicar-el-protector-solar-guia-practica\\\/#primaryimage\"},\"thumbnailUrl\":\"https:\\\/\\\/agradocosmetic.com\\\/wp-content\\\/uploads\\\/2026\\\/08\\\/AGOSTO-26-1.jpg\",\"keywords\":[\"guia practica\",\"sun care\",\"eaplicar el protector solar\",\"agrado sun care\",\"agrado\",\"proteccion solar\",\"protector solar\",\"sol\",\"solares\",\"verano\"],\"articleSection\":[\"Solar\"],\"inLanguage\":\"it-IT\"},{\"@type\":\"WebPage\",\"@id\":\"https:\\\/\\\/agradocosmetic.com\\\/cada-cuanto-debes-reaplicar-el-protector-solar-guia-practica\\\/\",\"url\":\"https:\\\/\\\/agradocosmetic.com\\\/cada-cuanto-debes-reaplicar-el-protector-solar-guia-practica\\\/\",\"name\":\"\u00bfCada cu\u00e1nto debes reaplicar el protector solar? Gu\u00eda pr\u00e1ctica - Agrado\",\"isPartOf\":{\"@id\":\"https:\\\/\\\/agradocosmetic.com\\\/#website\"},\"primaryImageOfPage\":{\"@id\":\"https:\\\/\\\/agradocosmetic.com\\\/cada-cuanto-debes-reaplicar-el-protector-solar-guia-practica\\\/#primaryimage\"},\"image\":{\"@id\":\"https:\\\/\\\/agradocosmetic.com\\\/cada-cuanto-debes-reaplicar-el-protector-solar-guia-practica\\\/#primaryimage\"},\"thumbnailUrl\":\"https:\\\/\\\/agradocosmetic.com\\\/wp-content\\\/uploads\\\/2026\\\/08\\\/AGOSTO-26-1.jpg\",\"datePublished\":\"2026-08-04T18:59:11+00:00\",\"dateModified\":\"2026-08-31T18:59:24+00:00\",\"description\":\"Si hay una pregunta clave en verano, es esta: \u00bfcada cu\u00e1nto debo reaplicar el protector solar? \u00a1Te lo contamos paso a paso!\",\"breadcrumb\":{\"@id\":\"https:\\\/\\\/agradocosmetic.com\\\/cada-cuanto-debes-reaplicar-el-protector-solar-guia-practica\\\/#breadcrumb\"},\"inLanguage\":\"it-IT\",\"potentialAction\":[{\"@type\":\"ReadAction\",\"target\":[\"https:\\\/\\\/agradocosmetic.com\\\/cada-cuanto-debes-reaplicar-el-protector-solar-guia-practica\\\/\"]}]},{\"@type\":\"ImageObject\",\"inLanguage\":\"it-IT\",\"@id\":\"https:\\\/\\\/agradocosmetic.com\\\/cada-cuanto-debes-reaplicar-el-protector-solar-guia-practica\\\/#primaryimage\",\"url\":\"https:\\\/\\\/agradocosmetic.com\\\/wp-content\\\/uploads\\\/2026\\\/08\\\/AGOSTO-26-1.jpg\",\"contentUrl\":\"https:\\\/\\\/agradocosmetic.com\\\/wp-content\\\/uploads\\\/2026\\\/08\\\/AGOSTO-26-1.jpg\",\"width\":1140,\"height\":600,\"caption\":\"eaplicar el protector solar\"},{\"@type\":\"BreadcrumbList\",\"@id\":\"https:\\\/\\\/agradocosmetic.com\\\/cada-cuanto-debes-reaplicar-el-protector-solar-guia-practica\\\/#breadcrumb\",\"itemListElement\":[{\"@type\":\"ListItem\",\"position\":1,\"name\":\"Portada\",\"item\":\"https:\\\/\\\/agradocosmetic.com\\\/\"},{\"@type\":\"ListItem\",\"position\":2,\"name\":\"\u00bfCada cu\u00e1nto debes reaplicar el protector solar? Gu\u00eda pr\u00e1ctica\"}]},{\"@type\":\"WebSite\",\"@id\":\"https:\\\/\\\/agradocosmetic.com\\\/#website\",\"url\":\"https:\\\/\\\/agradocosmetic.com\\\/\",\"name\":\"Agrado\",\"description\":\"Cosmetic\",\"publisher\":{\"@id\":\"https:\\\/\\\/agradocosmetic.com\\\/#organization\"},\"potentialAction\":[{\"@type\":\"SearchAction\",\"target\":{\"@type\":\"EntryPoint\",\"urlTemplate\":\"https:\\\/\\\/agradocosmetic.com\\\/?s={search_term_string}\"},\"query-input\":{\"@type\":\"PropertyValueSpecification\",\"valueRequired\":true,\"valueName\":\"search_term_string\"}}],\"inLanguage\":\"it-IT\"},{\"@type\":\"Organization\",\"@id\":\"https:\\\/\\\/agradocosmetic.com\\\/#organization\",\"name\":\"Agrado\",\"url\":\"https:\\\/\\\/agradocosmetic.com\\\/\",\"logo\":{\"@type\":\"ImageObject\",\"inLanguage\":\"it-IT\",\"@id\":\"https:\\\/\\\/agradocosmetic.com\\\/#\\\/schema\\\/logo\\\/image\\\/\",\"url\":\"https:\\\/\\\/agradocosmetic.com\\\/wp-content\\\/uploads\\\/2023\\\/07\\\/LOGO-AGRADO-WEB-01.png\",\"contentUrl\":\"https:\\\/\\\/agradocosmetic.com\\\/wp-content\\\/uploads\\\/2023\\\/07\\\/LOGO-AGRADO-WEB-01.png\",\"width\":1632,\"height\":300,\"caption\":\"Agrado\"},\"image\":{\"@id\":\"https:\\\/\\\/agradocosmetic.com\\\/#\\\/schema\\\/logo\\\/image\\\/\"}},{\"@type\":\"Person\",\"@id\":\"https:\\\/\\\/agradocosmetic.com\\\/#\\\/schema\\\/person\\\/59124921013b50f80959d84fc7219096\",\"name\":\"carmen\",\"image\":{\"@type\":\"ImageObject\",\"inLanguage\":\"it-IT\",\"@id\":\"https:\\\/\\\/secure.gravatar.com\\\/avatar\\\/2036bf58c019bb0a3f94937a2ed7cab76ae6ebe239f705f7c62ea5c48f93531f?s=96&d=mm&r=g\",\"url\":\"https:\\\/\\\/secure.gravatar.com\\\/avatar\\\/2036bf58c019bb0a3f94937a2ed7cab76ae6ebe239f705f7c62ea5c48f93531f?s=96&d=mm&r=g\",\"contentUrl\":\"https:\\\/\\\/secure.gravatar.com\\\/avatar\\\/2036bf58c019bb0a3f94937a2ed7cab76ae6ebe239f705f7c62ea5c48f93531f?s=96&d=mm&r=g\",\"caption\":\"carmen\"}}]}<\/script>\n<!-- \/ Yoast SEO plugin. -->","yoast_head_json":{"title":"\u00bfCada cu\u00e1nto debes reaplicar el protector solar? Gu\u00eda pr\u00e1ctica - Agrado","description":"Si hay una pregunta clave en verano, es esta: \u00bfcada cu\u00e1nto debo reaplicar el protector solar? \u00a1Te lo contamos paso a paso!","robots":{"index":"index","follow":"follow","max-snippet":"max-snippet:-1","max-image-preview":"max-image-preview:large","max-video-preview":"max-video-preview:-1"},"canonical":"https:\/\/agradocosmetic.com\/it\/cada-cuanto-debes-reaplicar-el-protector-solar-guia-practica\/","og_locale":"it_IT","og_type":"article","og_title":"\u00bfCada cu\u00e1nto debes reaplicar el protector solar? Gu\u00eda pr\u00e1ctica - Agrado","og_description":"Si hay una pregunta clave en verano, es esta: \u00bfcada cu\u00e1nto debo reaplicar el protector solar? \u00a1Te lo contamos paso a paso!","og_url":"https:\/\/agradocosmetic.com\/it\/cada-cuanto-debes-reaplicar-el-protector-solar-guia-practica\/","og_site_name":"Agrado","article_published_time":"2026-08-04T18:59:11+00:00","article_modified_time":"2026-08-31T18:59:24+00:00","og_image":[{"width":1140,"height":600,"url":"https:\/\/agradocosmetic.com\/wp-content\/uploads\/2026\/08\/AGOSTO-26-1.jpg","type":"image\/jpeg"}],"author":"carmen","twitter_card":"summary_large_image","twitter_misc":{"Scritto da":"carmen","Tempo di lettura stimato":"1 minuto"},"schema":{"@context":"https:\/\/schema.org","@graph":[{"@type":"Article","@id":"https:\/\/agradocosmetic.com\/cada-cuanto-debes-reaplicar-el-protector-solar-guia-practica\/#article","isPartOf":{"@id":"https:\/\/agradocosmetic.com\/cada-cuanto-debes-reaplicar-el-protector-solar-guia-practica\/"},"author":{"name":"carmen","@id":"https:\/\/agradocosmetic.com\/#\/schema\/person\/59124921013b50f80959d84fc7219096"},"headline":"\u00bfCada cu\u00e1nto debes reaplicar el protector solar? Gu\u00eda pr\u00e1ctica","datePublished":"2026-08-04T18:59:11+00:00","dateModified":"2026-08-31T18:59:24+00:00","mainEntityOfPage":{"@id":"https:\/\/agradocosmetic.com\/cada-cuanto-debes-reaplicar-el-protector-solar-guia-practica\/"},"wordCount":132,"publisher":{"@id":"https:\/\/agradocosmetic.com\/#organization"},"image":{"@id":"https:\/\/agradocosmetic.com\/cada-cuanto-debes-reaplicar-el-protector-solar-guia-practica\/#primaryimage"},"thumbnailUrl":"https:\/\/agradocosmetic.com\/wp-content\/uploads\/2026\/08\/AGOSTO-26-1.jpg","keywords":["guia practica","sun care","eaplicar el protector solar","agrado sun care","agrado","proteccion solar","protector solar","sol","solares","verano"],"articleSection":["Solar"],"inLanguage":"it-IT"},{"@type":"WebPage","@id":"https:\/\/agradocosmetic.com\/cada-cuanto-debes-reaplicar-el-protector-solar-guia-practica\/","url":"https:\/\/agradocosmetic.com\/cada-cuanto-debes-reaplicar-el-protector-solar-guia-practica\/","name":"\u00bfCada cu\u00e1nto debes reaplicar el protector solar? Gu\u00eda pr\u00e1ctica - Agrado","isPartOf":{"@id":"https:\/\/agradocosmetic.com\/#website"},"primaryImageOfPage":{"@id":"https:\/\/agradocosmetic.com\/cada-cuanto-debes-reaplicar-el-protector-solar-guia-practica\/#primaryimage"},"image":{"@id":"https:\/\/agradocosmetic.com\/cada-cuanto-debes-reaplicar-el-protector-solar-guia-practica\/#primaryimage"},"thumbnailUrl":"https:\/\/agradocosmetic.com\/wp-content\/uploads\/2026\/08\/AGOSTO-26-1.jpg","datePublished":"2026-08-04T18:59:11+00:00","dateModified":"2026-08-31T18:59:24+00:00","description":"Si hay una pregunta clave en verano, es esta: \u00bfcada cu\u00e1nto debo reaplicar el protector solar? \u00a1Te lo contamos paso a paso!","breadcrumb":{"@id":"https:\/\/agradocosmetic.com\/cada-cuanto-debes-reaplicar-el-protector-solar-guia-practica\/#breadcrumb"},"inLanguage":"it-IT","potentialAction":[{"@type":"ReadAction","target":["https:\/\/agradocosmetic.com\/cada-cuanto-debes-reaplicar-el-protector-solar-guia-practica\/"]}]},{"@type":"ImageObject","inLanguage":"it-IT","@id":"https:\/\/agradocosmetic.com\/cada-cuanto-debes-reaplicar-el-protector-solar-guia-practica\/#primaryimage","url":"https:\/\/agradocosmetic.com\/wp-content\/uploads\/2026\/08\/AGOSTO-26-1.jpg","contentUrl":"https:\/\/agradocosmetic.com\/wp-content\/uploads\/2026\/08\/AGOSTO-26-1.jpg","width":1140,"height":600,"caption":"eaplicar el protector solar"},{"@type":"BreadcrumbList","@id":"https:\/\/agradocosmetic.com\/cada-cuanto-debes-reaplicar-el-protector-solar-guia-practica\/#breadcrumb","itemListElement":[{"@type":"ListItem","position":1,"name":"Portada","item":"https:\/\/agradocosmetic.com\/"},{"@type":"ListItem","position":2,"name":"\u00bfCada cu\u00e1nto debes reaplicar el protector solar? Gu\u00eda pr\u00e1ctica"}]},{"@type":"WebSite","@id":"https:\/\/agradocosmetic.com\/#website","url":"https:\/\/agradocosmetic.com\/","name":"Mi piace","description":"cosmetico","publisher":{"@id":"https:\/\/agradocosmetic.com\/#organization"},"potentialAction":[{"@type":"SearchAction","target":{"@type":"EntryPoint","urlTemplate":"https:\/\/agradocosmetic.com\/?s={search_term_string}"},"query-input":{"@type":"PropertyValueSpecification","valueRequired":true,"valueName":"search_term_string"}}],"inLanguage":"it-IT"},{"@type":"Organization","@id":"https:\/\/agradocosmetic.com\/#organization","name":"Mi piace","url":"https:\/\/agradocosmetic.com\/","logo":{"@type":"ImageObject","inLanguage":"it-IT","@id":"https:\/\/agradocosmetic.com\/#\/schema\/logo\/image\/","url":"https:\/\/agradocosmetic.com\/wp-content\/uploads\/2023\/07\/LOGO-AGRADO-WEB-01.png","contentUrl":"https:\/\/agradocosmetic.com\/wp-content\/uploads\/2023\/07\/LOGO-AGRADO-WEB-01.png","width":1632,"height":300,"caption":"Agrado"},"image":{"@id":"https:\/\/agradocosmetic.com\/#\/schema\/logo\/image\/"}},{"@type":"Person","@id":"https:\/\/agradocosmetic.com\/#\/schema\/person\/59124921013b50f80959d84fc7219096","name":"Carmen","image":{"@type":"ImageObject","inLanguage":"it-IT","@id":"https:\/\/secure.gravatar.com\/avatar\/2036bf58c019bb0a3f94937a2ed7cab76ae6ebe239f705f7c62ea5c48f93531f?s=96&d=mm&r=g","url":"https:\/\/secure.gravatar.com\/avatar\/2036bf58c019bb0a3f94937a2ed7cab76ae6ebe239f705f7c62ea5c48f93531f?s=96&d=mm&r=g","contentUrl":"https:\/\/secure.gravatar.com\/avatar\/2036bf58c019bb0a3f94937a2ed7cab76ae6ebe239f705f7c62ea5c48f93531f?s=96&d=mm&r=g","caption":"carmen"}}]}},"_links":{"self":[{"href":"https:\/\/agradocosmetic.com\/it\/wp-json\/wp\/v2\/posts\/36035","targetHints":{"allow":["GET"]}}],"collection":[{"href":"https:\/\/agradocosmetic.com\/it\/wp-json\/wp\/v2\/posts"}],"about":[{"href":"https:\/\/agradocosmetic.com\/it\/wp-json\/wp\/v2\/types\/post"}],"author":[{"embeddable":true,"href":"https:\/\/agradocosmetic.com\/it\/wp-json\/wp\/v2\/users\/11"}],"replies":[{"embeddable":true,"href":"https:\/\/agradocosmetic.com\/it\/wp-json\/wp\/v2\/comments?post=36035"}],"version-history":[{"count":1,"href":"https:\/\/agradocosmetic.com\/it\/wp-json\/wp\/v2\/posts\/36035\/revisions"}],"predecessor-version":[{"id":36036,"href":"https:\/\/agradocosmetic.com\/it\/wp-json\/wp\/v2\/posts\/36035\/revisions\/36036"}],"wp:featuredmedia":[{"embeddable":true,"href":"https:\/\/agradocosmetic.com\/it\/wp-json\/wp\/v2\/media\/36010"}],"wp:attachment":[{"href":"https:\/\/agradocosmetic.com\/it\/wp-json\/wp\/v2\/media?parent=36035"}],"wp:term":[{"taxonomy":"category","embeddable":true,"href":"https:\/\/agradocosmetic.com\/it\/wp-json\/wp\/v2\/categories?post=36035"},{"taxonomy":"post_tag","embeddable":true,"href":"https:\/\/agradocosmetic.com\/it\/wp-json\/wp\/v2\/tags?post=36035"}],"curies":[{"name":"parola chiave","href":"https:\/\/api.w.org\/{rel}","templated":true}]}}