{"id":4216,"date":"2019-07-01T08:24:35","date_gmt":"2019-07-01T07:24:35","guid":{"rendered":"https:\/\/www.agradocosmetic.com\/?p=4216"},"modified":"2023-11-18T16:58:55","modified_gmt":"2023-11-18T16:58:55","slug":"bronceador-solar","status":"publish","type":"post","link":"https:\/\/agradocosmetic.com\/it\/bronceador-solar\/","title":{"rendered":"3 consigli quando si utilizza una lozione abbronzante"},"content":{"rendered":"<p>Scegliere una lozione abbronzante pu\u00f2 essere una buona idea per ottenere quell&#039;abbronzatura che tanto desideri. Inoltre, un buon acceleratore dell&#039;abbronzatura pu\u00f2 aiutarti a ottenere un buon tono pi\u00f9 velocemente, ma anche a mantenerlo <em>poco colore<\/em> che avevi gi\u00e0 raggiunto.<\/p>\r\n\r\n\r\n\r\n<p>Inoltre, oltre a proteggere la pelle dai raggi solari, \u00e8 ideale anche per i suoi principi attivi idratanti.<\/p>\r\n\r\n\r\n\r\n<p>Ma potresti avere dei dubbi sugli acceleratori di abbronzatura solare, quindi ti diamo alcuni consigli. Continua a leggere!<\/p>\r\n\r\n\r\n\r\n<h4 class=\"wp-block-heading\">Consigli per applicare la lozione abbronzante<\/h4>\r\n\r\n\r\n\r\n<p><strong>1.Crema, gel, nebbia, mousse, olio... Qual \u00e8 la differenza?<\/strong><\/p>\r\n\r\n\r\n\r\n<p>La verit\u00e0 \u00e8 che, indipendentemente dalla struttura del tuo prodotto solare, i suoi vantaggi sono generalmente molto simili, poich\u00e9 il suo funzionamento e la sua protezione non variano. <strong>Un olio, una crema o un gel ti proteggeranno allo stesso modo se hanno lo stesso SPF.<\/strong> Pertanto le raccomandazioni sono le stesse: va applicato circa 20 minuti prima dell&#039;esposizione al sole e dopo ogni bagno o asciugatura.<\/p>\r\n\r\n\r\n\r\n<p><strong>2. Dura lo stesso?<\/strong><\/p>\r\n\r\n\r\n\r\n<p>Poich\u00e9 si tratta di olio, non \u00e8 necessario applicare il prodotto pi\u00f9 volte, \u00e8 necessario seguire le stesse raccomandazioni per ripetere l&#039;applicazione di qualsiasi altro prodotto solare che abbia lo stesso SPF.<\/p>\r\n\r\n\r\n\r\n<p><strong>3. Perch\u00e9 scegliere una lozione abbronzante?<\/strong><\/p>\r\n\r\n\r\n\r\n<p>Se ti piace sentire la sensazione di finitura e idratazione che lascia una texture oleosa quando usi prodotti per il corpo, questa \u00e8 l&#039;opzione migliore quando scegli un abbronzante.<\/p>\r\n\r\n\r\n\r\n<p>Quella finitura setosa sulla pelle lasciata dagli oli \u00e8 unica e capiamo che alcuni di voi lo adorano! Inoltre, le sue qualit\u00e0 per potenziare l&#039;abbronzatura lo rendono un prodotto molto completo. Puoi anche usarlo come olio complementare con altri protettori con SPF pi\u00f9 alto o texture diverse.<\/p>\r\n\r\n\r\n\r\n<h4 class=\"wp-block-heading\">I nostri oli abbronzanti<\/h4>\r\n\r\n\r\n\r\n<p>Sei pronta a scegliere il tuo bronzer? Ad Agrado ti presentiamo il nostro <a href=\"\/it\/?p=3567\">Olio solare<\/a>, Quello <strong>aiuta a mantenere e intensificare l&#039;abbronzatura grazie ai suoi principi attivi idratanti e acceleratori dell&#039;abbronzatura<\/strong>. \u00c8 resistente all&#039;acqua e realizzato con <strong>olio di t\u00e8 ed estratto di carota<\/strong>, due ingredienti molto utili per mantenere l&#039;abbronzatura e la pelle idratata. Vuoi sapere perch\u00e9? Continua a leggere!<\/p>\r\n\r\n\r\n\r\n<p>Lui <strong>olio di t\u00e8<\/strong> \u00c8 un ottimo complemento per esaltare l&#039;abbronzatura grazie alle sue propriet\u00e0. Proprio come le carote, che non fanno bene solo alla vista, ma anche alla pelle. Il suo alto contenuto di vitamina A aiuta ad accelerare l&#039;abbronzatura in modo che la nostra pelle ottenga un colore uniforme, pi\u00f9 intenso, dorato e molto pi\u00f9 duraturo.<\/p>\r\n\r\n\r\n\r\n<h4 class=\"wp-block-heading\">I lotti per ragazze intelligenti di Agrado<\/h4>\r\n\r\n\r\n\r\n<p>IL <a href=\"\/it\/?page_id=3481\">Gamma di filtri solari Agrado<\/a> \u00c8 progettato per proteggere la pelle dalle radiazioni solari fin dal primo giorno di esposizione. I nostri prodotti solari sono preparati per proteggere la tua pelle dal sole con una vasta gamma di prodotti. Dal petrolio <a href=\"\/it\/?p=3567\">Protezione solare 8SPF, 10SPF e 20SPF.<\/a><\/p>\r\n\r\n\r\n\r\n<p>Da 15SPF, 30SPF o 50SPF, alle pi\u00f9 nuove formule per proteggere il viso come <a href=\"\/it\/?p=3560\">Mousse viso<\/a> onda <a href=\"\/it\/?p=3558\">Nebbia facciale<\/a>. Se invece quello che cerchi \u00e8 idratare e recuperare la pelle dopo aver preso il sole, non puoi perderti <a href=\"\/it\/?p=1837\">After Sun Idratante<\/a> E <a href=\"\/it\/?p=3570\">Aloe Vera<\/a>.<\/p>\r\n\r\n\r\n\r\n<p>Ad Agrado abbiamo pensato anche ai pi\u00f9 piccoli e per loro troverai anche il protettore <a href=\"\/it\/?p=3578\">Spray solare secco 50+SPF per pelli sensibili. <\/a><\/p>\r\n\r\n\r\n\r\n<p>Inoltre, i solari Agrado hanno una formula specifica di protezione ad ampio spettro, proteggendo la pelle dai raggi UVA ma anche dai raggi UVB, i pi\u00f9 dannosi per la pelle.\u00a0<\/p>\r\n\r\n\r\n\r\n<p>Quest&#039;estate lascia andare i tuoi capelli, non preoccuparti di tutto tranne che della tua pelle. Segui tutti i nostri consigli su #solaresparachicaslistas.\u00a0<\/p>\r\n\r\n\r\n\r\n<p>Entra <a href=\"\/it\/?page_id=3481\">www.solaresparachicaslistas.com<\/a>, scopri la nostra gamma di trame 2019 e scopri tante sorprese che abbiamo preparato.\u00a0<\/p>","protected":false},"excerpt":{"rendered":"<p>Escoger un bronceador solar puede ser una buena idea para conseguir ese bronceado que tanto deseas. Es m\u00e1s, un buen acelerador del bronceado puede ayudarte a conseguir un buen tono m\u00e1s r\u00e1pido, pero tambi\u00e9n a mantener el colorcito que ya hab\u00edas conseguido. Adem\u00e1s, aparte de proteger tu piel de los rayos del sol tambi\u00e9n es [&hellip;]<\/p>\n","protected":false},"author":9,"featured_media":21410,"comment_status":"open","ping_status":"closed","sticky":false,"template":"","format":"standard","meta":{"footnotes":"","_wp_rev_ctl_limit":""},"categories":[116,1],"tags":[],"class_list":["post-4216","post","type-post","status-publish","format-standard","has-post-thumbnail","hentry","category-solar","category-todos"],"yoast_head":"<!-- This site is optimized with the Yoast SEO plugin v27.4 - https:\/\/yoast.com\/product\/yoast-seo-wordpress\/ -->\n<title>3 recomendaciones a la hora de usar bronceador solar | Agrado Cosmetic<\/title>\n<meta name=\"description\" content=\"Si no te decides a la hora de escoger un bronceador solar, aqu\u00ed te damos algunos consejos cuando tengas que decidirte por uno este verano.\" \/>\n<meta name=\"robots\" content=\"index, follow, max-snippet:-1, max-image-preview:large, max-video-preview:-1\" \/>\n<link rel=\"canonical\" href=\"https:\/\/agradocosmetic.com\/it\/bronceador-solar\/\" \/>\n<meta property=\"og:locale\" content=\"it_IT\" \/>\n<meta property=\"og:type\" content=\"article\" \/>\n<meta property=\"og:title\" content=\"3 recomendaciones a la hora de usar bronceador solar | Agrado Cosmetic\" \/>\n<meta property=\"og:description\" content=\"Si no te decides a la hora de escoger un bronceador solar, aqu\u00ed te damos algunos consejos cuando tengas que decidirte por uno este verano.\" \/>\n<meta property=\"og:url\" content=\"https:\/\/agradocosmetic.com\/it\/bronceador-solar\/\" \/>\n<meta property=\"og:site_name\" content=\"Agrado\" \/>\n<meta property=\"article:published_time\" content=\"2019-07-01T07:24:35+00:00\" \/>\n<meta property=\"article:modified_time\" content=\"2023-11-18T16:58:55+00:00\" \/>\n<meta property=\"og:image\" content=\"https:\/\/agradocosmetic.com\/wp-content\/uploads\/2019\/07\/consejos-bronceador-solar-agrado.jpg\" \/>\n\t<meta property=\"og:image:width\" content=\"1200\" \/>\n\t<meta property=\"og:image:height\" content=\"800\" \/>\n\t<meta property=\"og:image:type\" content=\"image\/jpeg\" \/>\n<meta name=\"author\" content=\"agradocosmetic\" \/>\n<meta name=\"twitter:card\" content=\"summary_large_image\" \/>\n<meta name=\"twitter:label1\" content=\"Scritto da\" \/>\n\t<meta name=\"twitter:data1\" content=\"agradocosmetic\" \/>\n\t<meta name=\"twitter:label2\" content=\"Tempo di lettura stimato\" \/>\n\t<meta name=\"twitter:data2\" content=\"3 minuti\" \/>\n<script type=\"application\/ld+json\" class=\"yoast-schema-graph\">{\"@context\":\"https:\\\/\\\/schema.org\",\"@graph\":[{\"@type\":\"Article\",\"@id\":\"https:\\\/\\\/agradocosmetic.com\\\/bronceador-solar\\\/#article\",\"isPartOf\":{\"@id\":\"https:\\\/\\\/agradocosmetic.com\\\/bronceador-solar\\\/\"},\"author\":{\"name\":\"agradocosmetic\",\"@id\":\"https:\\\/\\\/agradocosmetic.com\\\/#\\\/schema\\\/person\\\/732e8d396022e25f9340196f83d6789d\"},\"headline\":\"3 consejos a la hora de usar un bronceador solar\",\"datePublished\":\"2019-07-01T07:24:35+00:00\",\"dateModified\":\"2023-11-18T16:58:55+00:00\",\"mainEntityOfPage\":{\"@id\":\"https:\\\/\\\/agradocosmetic.com\\\/bronceador-solar\\\/\"},\"wordCount\":671,\"commentCount\":0,\"publisher\":{\"@id\":\"https:\\\/\\\/agradocosmetic.com\\\/#organization\"},\"image\":{\"@id\":\"https:\\\/\\\/agradocosmetic.com\\\/bronceador-solar\\\/#primaryimage\"},\"thumbnailUrl\":\"https:\\\/\\\/agradocosmetic.com\\\/wp-content\\\/uploads\\\/2019\\\/07\\\/consejos-bronceador-solar-agrado.jpg\",\"articleSection\":[\"Solar\",\"Todos\"],\"inLanguage\":\"it-IT\",\"potentialAction\":[{\"@type\":\"CommentAction\",\"name\":\"Comment\",\"target\":[\"https:\\\/\\\/agradocosmetic.com\\\/bronceador-solar\\\/#respond\"]}]},{\"@type\":\"WebPage\",\"@id\":\"https:\\\/\\\/agradocosmetic.com\\\/bronceador-solar\\\/\",\"url\":\"https:\\\/\\\/agradocosmetic.com\\\/bronceador-solar\\\/\",\"name\":\"3 recomendaciones a la hora de usar bronceador solar | Agrado Cosmetic\",\"isPartOf\":{\"@id\":\"https:\\\/\\\/agradocosmetic.com\\\/#website\"},\"primaryImageOfPage\":{\"@id\":\"https:\\\/\\\/agradocosmetic.com\\\/bronceador-solar\\\/#primaryimage\"},\"image\":{\"@id\":\"https:\\\/\\\/agradocosmetic.com\\\/bronceador-solar\\\/#primaryimage\"},\"thumbnailUrl\":\"https:\\\/\\\/agradocosmetic.com\\\/wp-content\\\/uploads\\\/2019\\\/07\\\/consejos-bronceador-solar-agrado.jpg\",\"datePublished\":\"2019-07-01T07:24:35+00:00\",\"dateModified\":\"2023-11-18T16:58:55+00:00\",\"description\":\"Si no te decides a la hora de escoger un bronceador solar, aqu\u00ed te damos algunos consejos cuando tengas que decidirte por uno este verano.\",\"breadcrumb\":{\"@id\":\"https:\\\/\\\/agradocosmetic.com\\\/bronceador-solar\\\/#breadcrumb\"},\"inLanguage\":\"it-IT\",\"potentialAction\":[{\"@type\":\"ReadAction\",\"target\":[\"https:\\\/\\\/agradocosmetic.com\\\/bronceador-solar\\\/\"]}]},{\"@type\":\"ImageObject\",\"inLanguage\":\"it-IT\",\"@id\":\"https:\\\/\\\/agradocosmetic.com\\\/bronceador-solar\\\/#primaryimage\",\"url\":\"https:\\\/\\\/agradocosmetic.com\\\/wp-content\\\/uploads\\\/2019\\\/07\\\/consejos-bronceador-solar-agrado.jpg\",\"contentUrl\":\"https:\\\/\\\/agradocosmetic.com\\\/wp-content\\\/uploads\\\/2019\\\/07\\\/consejos-bronceador-solar-agrado.jpg\",\"width\":1200,\"height\":800},{\"@type\":\"BreadcrumbList\",\"@id\":\"https:\\\/\\\/agradocosmetic.com\\\/bronceador-solar\\\/#breadcrumb\",\"itemListElement\":[{\"@type\":\"ListItem\",\"position\":1,\"name\":\"Portada\",\"item\":\"https:\\\/\\\/agradocosmetic.com\\\/\"},{\"@type\":\"ListItem\",\"position\":2,\"name\":\"3 consejos a la hora de usar un bronceador solar\"}]},{\"@type\":\"WebSite\",\"@id\":\"https:\\\/\\\/agradocosmetic.com\\\/#website\",\"url\":\"https:\\\/\\\/agradocosmetic.com\\\/\",\"name\":\"Agrado\",\"description\":\"Cosmetic\",\"publisher\":{\"@id\":\"https:\\\/\\\/agradocosmetic.com\\\/#organization\"},\"potentialAction\":[{\"@type\":\"SearchAction\",\"target\":{\"@type\":\"EntryPoint\",\"urlTemplate\":\"https:\\\/\\\/agradocosmetic.com\\\/?s={search_term_string}\"},\"query-input\":{\"@type\":\"PropertyValueSpecification\",\"valueRequired\":true,\"valueName\":\"search_term_string\"}}],\"inLanguage\":\"it-IT\"},{\"@type\":\"Organization\",\"@id\":\"https:\\\/\\\/agradocosmetic.com\\\/#organization\",\"name\":\"Agrado\",\"url\":\"https:\\\/\\\/agradocosmetic.com\\\/\",\"logo\":{\"@type\":\"ImageObject\",\"inLanguage\":\"it-IT\",\"@id\":\"https:\\\/\\\/agradocosmetic.com\\\/#\\\/schema\\\/logo\\\/image\\\/\",\"url\":\"https:\\\/\\\/agradocosmetic.com\\\/wp-content\\\/uploads\\\/2023\\\/07\\\/LOGO-AGRADO-WEB-01.png\",\"contentUrl\":\"https:\\\/\\\/agradocosmetic.com\\\/wp-content\\\/uploads\\\/2023\\\/07\\\/LOGO-AGRADO-WEB-01.png\",\"width\":1632,\"height\":300,\"caption\":\"Agrado\"},\"image\":{\"@id\":\"https:\\\/\\\/agradocosmetic.com\\\/#\\\/schema\\\/logo\\\/image\\\/\"}},{\"@type\":\"Person\",\"@id\":\"https:\\\/\\\/agradocosmetic.com\\\/#\\\/schema\\\/person\\\/732e8d396022e25f9340196f83d6789d\",\"name\":\"agradocosmetic\",\"image\":{\"@type\":\"ImageObject\",\"inLanguage\":\"it-IT\",\"@id\":\"https:\\\/\\\/secure.gravatar.com\\\/avatar\\\/c6003e45301182b7e125463fcbec403b1980909c12edf09098526b9a15e779c0?s=96&d=mm&r=g\",\"url\":\"https:\\\/\\\/secure.gravatar.com\\\/avatar\\\/c6003e45301182b7e125463fcbec403b1980909c12edf09098526b9a15e779c0?s=96&d=mm&r=g\",\"contentUrl\":\"https:\\\/\\\/secure.gravatar.com\\\/avatar\\\/c6003e45301182b7e125463fcbec403b1980909c12edf09098526b9a15e779c0?s=96&d=mm&r=g\",\"caption\":\"agradocosmetic\"}}]}<\/script>\n<!-- \/ Yoast SEO plugin. -->","yoast_head_json":{"title":"3 recomendaciones a la hora de usar bronceador solar | Agrado Cosmetic","description":"Si no te decides a la hora de escoger un bronceador solar, aqu\u00ed te damos algunos consejos cuando tengas que decidirte por uno este verano.","robots":{"index":"index","follow":"follow","max-snippet":"max-snippet:-1","max-image-preview":"max-image-preview:large","max-video-preview":"max-video-preview:-1"},"canonical":"https:\/\/agradocosmetic.com\/it\/bronceador-solar\/","og_locale":"it_IT","og_type":"article","og_title":"3 recomendaciones a la hora de usar bronceador solar | Agrado Cosmetic","og_description":"Si no te decides a la hora de escoger un bronceador solar, aqu\u00ed te damos algunos consejos cuando tengas que decidirte por uno este verano.","og_url":"https:\/\/agradocosmetic.com\/it\/bronceador-solar\/","og_site_name":"Agrado","article_published_time":"2019-07-01T07:24:35+00:00","article_modified_time":"2023-11-18T16:58:55+00:00","og_image":[{"width":1200,"height":800,"url":"https:\/\/agradocosmetic.com\/wp-content\/uploads\/2019\/07\/consejos-bronceador-solar-agrado.jpg","type":"image\/jpeg"}],"author":"agradocosmetic","twitter_card":"summary_large_image","twitter_misc":{"Scritto da":"agradocosmetic","Tempo di lettura stimato":"3 minuti"},"schema":{"@context":"https:\/\/schema.org","@graph":[{"@type":"Article","@id":"https:\/\/agradocosmetic.com\/bronceador-solar\/#article","isPartOf":{"@id":"https:\/\/agradocosmetic.com\/bronceador-solar\/"},"author":{"name":"agradocosmetic","@id":"https:\/\/agradocosmetic.com\/#\/schema\/person\/732e8d396022e25f9340196f83d6789d"},"headline":"3 consejos a la hora de usar un bronceador solar","datePublished":"2019-07-01T07:24:35+00:00","dateModified":"2023-11-18T16:58:55+00:00","mainEntityOfPage":{"@id":"https:\/\/agradocosmetic.com\/bronceador-solar\/"},"wordCount":671,"commentCount":0,"publisher":{"@id":"https:\/\/agradocosmetic.com\/#organization"},"image":{"@id":"https:\/\/agradocosmetic.com\/bronceador-solar\/#primaryimage"},"thumbnailUrl":"https:\/\/agradocosmetic.com\/wp-content\/uploads\/2019\/07\/consejos-bronceador-solar-agrado.jpg","articleSection":["Solar","Todos"],"inLanguage":"it-IT","potentialAction":[{"@type":"CommentAction","name":"Comment","target":["https:\/\/agradocosmetic.com\/bronceador-solar\/#respond"]}]},{"@type":"WebPage","@id":"https:\/\/agradocosmetic.com\/bronceador-solar\/","url":"https:\/\/agradocosmetic.com\/bronceador-solar\/","name":"3 recomendaciones a la hora de usar bronceador solar | Agrado Cosmetic","isPartOf":{"@id":"https:\/\/agradocosmetic.com\/#website"},"primaryImageOfPage":{"@id":"https:\/\/agradocosmetic.com\/bronceador-solar\/#primaryimage"},"image":{"@id":"https:\/\/agradocosmetic.com\/bronceador-solar\/#primaryimage"},"thumbnailUrl":"https:\/\/agradocosmetic.com\/wp-content\/uploads\/2019\/07\/consejos-bronceador-solar-agrado.jpg","datePublished":"2019-07-01T07:24:35+00:00","dateModified":"2023-11-18T16:58:55+00:00","description":"Si no te decides a la hora de escoger un bronceador solar, aqu\u00ed te damos algunos consejos cuando tengas que decidirte por uno este verano.","breadcrumb":{"@id":"https:\/\/agradocosmetic.com\/bronceador-solar\/#breadcrumb"},"inLanguage":"it-IT","potentialAction":[{"@type":"ReadAction","target":["https:\/\/agradocosmetic.com\/bronceador-solar\/"]}]},{"@type":"ImageObject","inLanguage":"it-IT","@id":"https:\/\/agradocosmetic.com\/bronceador-solar\/#primaryimage","url":"https:\/\/agradocosmetic.com\/wp-content\/uploads\/2019\/07\/consejos-bronceador-solar-agrado.jpg","contentUrl":"https:\/\/agradocosmetic.com\/wp-content\/uploads\/2019\/07\/consejos-bronceador-solar-agrado.jpg","width":1200,"height":800},{"@type":"BreadcrumbList","@id":"https:\/\/agradocosmetic.com\/bronceador-solar\/#breadcrumb","itemListElement":[{"@type":"ListItem","position":1,"name":"Portada","item":"https:\/\/agradocosmetic.com\/"},{"@type":"ListItem","position":2,"name":"3 consejos a la hora de usar un bronceador solar"}]},{"@type":"WebSite","@id":"https:\/\/agradocosmetic.com\/#website","url":"https:\/\/agradocosmetic.com\/","name":"Mi piace","description":"cosmetico","publisher":{"@id":"https:\/\/agradocosmetic.com\/#organization"},"potentialAction":[{"@type":"SearchAction","target":{"@type":"EntryPoint","urlTemplate":"https:\/\/agradocosmetic.com\/?s={search_term_string}"},"query-input":{"@type":"PropertyValueSpecification","valueRequired":true,"valueName":"search_term_string"}}],"inLanguage":"it-IT"},{"@type":"Organization","@id":"https:\/\/agradocosmetic.com\/#organization","name":"Mi piace","url":"https:\/\/agradocosmetic.com\/","logo":{"@type":"ImageObject","inLanguage":"it-IT","@id":"https:\/\/agradocosmetic.com\/#\/schema\/logo\/image\/","url":"https:\/\/agradocosmetic.com\/wp-content\/uploads\/2023\/07\/LOGO-AGRADO-WEB-01.png","contentUrl":"https:\/\/agradocosmetic.com\/wp-content\/uploads\/2023\/07\/LOGO-AGRADO-WEB-01.png","width":1632,"height":300,"caption":"Agrado"},"image":{"@id":"https:\/\/agradocosmetic.com\/#\/schema\/logo\/image\/"}},{"@type":"Person","@id":"https:\/\/agradocosmetic.com\/#\/schema\/person\/732e8d396022e25f9340196f83d6789d","name":"agradocosmetico","image":{"@type":"ImageObject","inLanguage":"it-IT","@id":"https:\/\/secure.gravatar.com\/avatar\/c6003e45301182b7e125463fcbec403b1980909c12edf09098526b9a15e779c0?s=96&d=mm&r=g","url":"https:\/\/secure.gravatar.com\/avatar\/c6003e45301182b7e125463fcbec403b1980909c12edf09098526b9a15e779c0?s=96&d=mm&r=g","contentUrl":"https:\/\/secure.gravatar.com\/avatar\/c6003e45301182b7e125463fcbec403b1980909c12edf09098526b9a15e779c0?s=96&d=mm&r=g","caption":"agradocosmetic"}}]}},"_links":{"self":[{"href":"https:\/\/agradocosmetic.com\/it\/wp-json\/wp\/v2\/posts\/4216","targetHints":{"allow":["GET"]}}],"collection":[{"href":"https:\/\/agradocosmetic.com\/it\/wp-json\/wp\/v2\/posts"}],"about":[{"href":"https:\/\/agradocosmetic.com\/it\/wp-json\/wp\/v2\/types\/post"}],"author":[{"embeddable":true,"href":"https:\/\/agradocosmetic.com\/it\/wp-json\/wp\/v2\/users\/9"}],"replies":[{"embeddable":true,"href":"https:\/\/agradocosmetic.com\/it\/wp-json\/wp\/v2\/comments?post=4216"}],"version-history":[{"count":1,"href":"https:\/\/agradocosmetic.com\/it\/wp-json\/wp\/v2\/posts\/4216\/revisions"}],"predecessor-version":[{"id":21411,"href":"https:\/\/agradocosmetic.com\/it\/wp-json\/wp\/v2\/posts\/4216\/revisions\/21411"}],"wp:featuredmedia":[{"embeddable":true,"href":"https:\/\/agradocosmetic.com\/it\/wp-json\/wp\/v2\/media\/21410"}],"wp:attachment":[{"href":"https:\/\/agradocosmetic.com\/it\/wp-json\/wp\/v2\/media?parent=4216"}],"wp:term":[{"taxonomy":"category","embeddable":true,"href":"https:\/\/agradocosmetic.com\/it\/wp-json\/wp\/v2\/categories?post=4216"},{"taxonomy":"post_tag","embeddable":true,"href":"https:\/\/agradocosmetic.com\/it\/wp-json\/wp\/v2\/tags?post=4216"}],"curies":[{"name":"parola chiave","href":"https:\/\/api.w.org\/{rel}","templated":true}]}}