{"id":4461,"date":"2019-09-24T09:24:01","date_gmt":"2019-09-24T08:24:01","guid":{"rendered":"https:\/\/www.agradocosmetic.com\/?p=4461"},"modified":"2023-11-18T16:58:55","modified_gmt":"2023-11-18T16:58:55","slug":"productos-de-keratina-de-agrado","status":"publish","type":"post","link":"https:\/\/agradocosmetic.com\/it\/productos-de-keratina-de-agrado\/","title":{"rendered":"Idrata i tuoi capelli questo autunno con la linea di prodotti alla cheratina Agrado"},"content":{"rendered":"<p>Il mese di settembre \u00e8 arrivato. Sono finiti i giorni della spiaggia, della piscina e dei tramonti con la sabbia alle caviglie. \u00c8 giunto il momento di tornare alla routine professionale e anche alla cura personale. I capelli sono una delle parti del corpo che soffre di pi\u00f9 gli eccessi del sole, quindi perch\u00e9 non dedicargli un po&#039; di tempo ogni giorno con la linea per la cura dei capelli Keratin di Agrado Cosmetic?<\/p>\r\n\r\n\r\n\r\n<figure class=\"wp-block-image\"><img decoding=\"async\" class=\"wp-image-4605\" src=\"https:\/\/www.agradocosmetic.com\/wp-content\/uploads\/2019\/08\/BLOG-Keratina_peq.png\" alt=\"\" \/><\/figure>\r\n\r\n\r\n\r\n<h3 class=\"wp-block-heading\">La gamma di prodotti per capelli alla cheratina Agrado ripristina forza e lucentezza ai tuoi capelli.<\/h3>\r\n\r\n\r\n\r\n<p>Sono molti i fattori che deteriorano la qualit\u00e0 dei nostri capelli durante l&#039;estate, come il sole, il cloro delle piscine o l&#039;uso abusivo di piastra o asciugatrice per evitare che l&#039;umidit\u00e0 si faccia sentire. Una volta finita l\u2019estate, i capelli soffrono e dobbiamo metterci al lavoro per ritrovare forza e lucentezza.<\/p>\r\n\r\n\r\n\r\n<p>La cheratina \u00e8 una proteina ricca di zolfo che contribuisce all&#039;indurimento dello strato superficiale della pelle e dei capelli, nutrendoli, riparandoli e prevenendone i danni. <em>crespo<\/em> O <em>crespo<\/em> questo, a volte, ci d\u00e0 cos\u00ec tanto fastidio.<\/p>\r\n\r\n\r\n\r\n<p>Noi di Agrado Cosmetic abbiamo sviluppato una linea di prodotti formulati per ottenere il massimo beneficio da questo principio attivo, che gode anche di ottime opinioni tra i suoi consumatori.<\/p>\r\n\r\n\r\n\r\n<p>La gamma Keratin \u00e8 composta da a <a href=\"\/it\/?p=616\">Shampoo professionale alla cheratina<\/a> per nutrire i capelli dalle radici alle punte e ritrovare la loro forza ad ogni lavaggio. Per dargli morbidezza, incoraggiare la spazzolatura ed evitare <em>crespo<\/em> abbiamo sviluppato il <a href=\"\/it\/?p=698\">Crema levigante condizionante alla cheratina<\/a>. Se hai i capelli molto crespi e poco corposi, il <a href=\"\/it\/?p=707\">Maschera per capelli alla cheratina<\/a> pu\u00f2 essere il tuo alleato perfetto. Applicatelo sui capelli lavati e umidi e lasciatelo in posa per 2-3 minuti. Noterai come i capelli vengono nutriti, acquistano lucentezza e riparati ad ogni lavaggio.<\/p>\r\n\r\n\r\n\r\n<p>Con il <a href=\"\/it\/?p=728\">Cheratina liquida <\/a>riesci a combattere il <em>crespo <\/em>quotidiano, poich\u00e9 \u00e8 il complemento perfetto per ogni lavaggio. La cheratina ti permette di trattare i tuoi capelli quotidianamente in modo rapido e confortevole. \u00c8 importante applicarlo sui capelli lavati e leggermente umidi. Prima di spazzolare i capelli, concedetevi un leggero massaggio rilassante sul cuoio capelluto. Te lo meriti anche tu!<\/p>\r\n\r\n\r\n\r\n<p>Ultimo ma non meno importante, con quale prodotto pettini i tuoi capelli? Ad Agrado abbiamo sviluppato a <a href=\"\/it\/?p=749\">Fissativo Extra Forte con Cheratina<\/a> e un <a href=\"\/it\/?p=758\">Fissativo estremo della cheratina<\/a> cos\u00ec potrai accentuare le tue acconciature ogni giorno senza indebolire i capelli.<\/p>\r\n\r\n\r\n\r\n<p>Inizia il ritorno alla tua routine e affronta l&#039;arrivo dell&#039;autunno con capelli forti, sani, idratati e acconciati come desideri. Tutto ci\u00f2 di cui hai bisogno \u00e8 ad Agrado.<\/p>","protected":false},"excerpt":{"rendered":"<p>Ha llegado el mes de septiembre. Atr\u00e1s quedan los d\u00edas de playa, piscina y atardeceres con la arena en los tobillos. Ha llegado el momento de volver a las rutinas profesionales y tambi\u00e9n de cuidado personal. El cabello es una de las partes del cuerpo que m\u00e1s sufren los excesos del sol, as\u00ed que \u00bfpor [&hellip;]<\/p>\n","protected":false},"author":9,"featured_media":21402,"comment_status":"open","ping_status":"closed","sticky":false,"template":"","format":"standard","meta":{"footnotes":"","_wp_rev_ctl_limit":""},"categories":[128,1],"tags":[126,137,279,280],"class_list":["post-4461","post","type-post","status-publish","format-standard","has-post-thumbnail","hentry","category-capilar","category-todos","tag-agrado","tag-agradocosmetic","tag-cuidado-del-cabello","tag-linea-keratina"],"yoast_head":"<!-- This site is optimized with the Yoast SEO plugin v27.4 - https:\/\/yoast.com\/product\/yoast-seo-wordpress\/ -->\n<title>Productos de keratina de Agrado para cuidar tu cabello - Agrado<\/title>\n<meta name=\"description\" content=\"Hidrata tu cabello con los productos de Keratina de Agrado Cosmetic: champ\u00fa, suavizante, mascarilla, gel fijador y keratina l\u00edquida.\" \/>\n<meta name=\"robots\" content=\"index, follow, max-snippet:-1, max-image-preview:large, max-video-preview:-1\" \/>\n<link rel=\"canonical\" href=\"https:\/\/agradocosmetic.com\/it\/productos-de-keratina-de-agrado\/\" \/>\n<meta property=\"og:locale\" content=\"it_IT\" \/>\n<meta property=\"og:type\" content=\"article\" \/>\n<meta property=\"og:title\" content=\"Productos de keratina de Agrado para cuidar tu cabello - Agrado\" \/>\n<meta property=\"og:description\" content=\"Hidrata tu cabello con los productos de Keratina de Agrado Cosmetic: champ\u00fa, suavizante, mascarilla, gel fijador y keratina l\u00edquida.\" \/>\n<meta property=\"og:url\" content=\"https:\/\/agradocosmetic.com\/it\/productos-de-keratina-de-agrado\/\" \/>\n<meta property=\"og:site_name\" content=\"Agrado\" \/>\n<meta property=\"article:published_time\" content=\"2019-09-24T08:24:01+00:00\" \/>\n<meta property=\"article:modified_time\" content=\"2023-11-18T16:58:55+00:00\" \/>\n<meta property=\"og:image\" content=\"https:\/\/agradocosmetic.com\/wp-content\/uploads\/2019\/09\/cabello-karatina-agrado.jpg\" \/>\n\t<meta property=\"og:image:width\" content=\"1200\" \/>\n\t<meta property=\"og:image:height\" content=\"800\" \/>\n\t<meta property=\"og:image:type\" content=\"image\/jpeg\" \/>\n<meta name=\"author\" content=\"agradocosmetic\" \/>\n<meta name=\"twitter:card\" content=\"summary_large_image\" \/>\n<meta name=\"twitter:label1\" content=\"Scritto da\" \/>\n\t<meta name=\"twitter:data1\" content=\"agradocosmetic\" \/>\n\t<meta name=\"twitter:label2\" content=\"Tempo di lettura stimato\" \/>\n\t<meta name=\"twitter:data2\" content=\"2 minuti\" \/>\n<script type=\"application\/ld+json\" class=\"yoast-schema-graph\">{\"@context\":\"https:\\\/\\\/schema.org\",\"@graph\":[{\"@type\":\"Article\",\"@id\":\"https:\\\/\\\/agradocosmetic.com\\\/productos-de-keratina-de-agrado\\\/#article\",\"isPartOf\":{\"@id\":\"https:\\\/\\\/agradocosmetic.com\\\/productos-de-keratina-de-agrado\\\/\"},\"author\":{\"name\":\"agradocosmetic\",\"@id\":\"https:\\\/\\\/agradocosmetic.com\\\/#\\\/schema\\\/person\\\/732e8d396022e25f9340196f83d6789d\"},\"headline\":\"Hidrata tu cabello este oto\u00f1o con la l\u00ednea de productos de keratina de Agrado\",\"datePublished\":\"2019-09-24T08:24:01+00:00\",\"dateModified\":\"2023-11-18T16:58:55+00:00\",\"mainEntityOfPage\":{\"@id\":\"https:\\\/\\\/agradocosmetic.com\\\/productos-de-keratina-de-agrado\\\/\"},\"wordCount\":479,\"commentCount\":0,\"publisher\":{\"@id\":\"https:\\\/\\\/agradocosmetic.com\\\/#organization\"},\"image\":{\"@id\":\"https:\\\/\\\/agradocosmetic.com\\\/productos-de-keratina-de-agrado\\\/#primaryimage\"},\"thumbnailUrl\":\"https:\\\/\\\/agradocosmetic.com\\\/wp-content\\\/uploads\\\/2019\\\/09\\\/cabello-karatina-agrado.jpg\",\"keywords\":[\"agrado\",\"agradocosmetic\",\"cuidado del cabello\",\"l\u00ednea keratina\"],\"articleSection\":[\"Capilar\",\"Todos\"],\"inLanguage\":\"it-IT\",\"potentialAction\":[{\"@type\":\"CommentAction\",\"name\":\"Comment\",\"target\":[\"https:\\\/\\\/agradocosmetic.com\\\/productos-de-keratina-de-agrado\\\/#respond\"]}]},{\"@type\":\"WebPage\",\"@id\":\"https:\\\/\\\/agradocosmetic.com\\\/productos-de-keratina-de-agrado\\\/\",\"url\":\"https:\\\/\\\/agradocosmetic.com\\\/productos-de-keratina-de-agrado\\\/\",\"name\":\"Productos de keratina de Agrado para cuidar tu cabello - Agrado\",\"isPartOf\":{\"@id\":\"https:\\\/\\\/agradocosmetic.com\\\/#website\"},\"primaryImageOfPage\":{\"@id\":\"https:\\\/\\\/agradocosmetic.com\\\/productos-de-keratina-de-agrado\\\/#primaryimage\"},\"image\":{\"@id\":\"https:\\\/\\\/agradocosmetic.com\\\/productos-de-keratina-de-agrado\\\/#primaryimage\"},\"thumbnailUrl\":\"https:\\\/\\\/agradocosmetic.com\\\/wp-content\\\/uploads\\\/2019\\\/09\\\/cabello-karatina-agrado.jpg\",\"datePublished\":\"2019-09-24T08:24:01+00:00\",\"dateModified\":\"2023-11-18T16:58:55+00:00\",\"description\":\"Hidrata tu cabello con los productos de Keratina de Agrado Cosmetic: champ\u00fa, suavizante, mascarilla, gel fijador y keratina l\u00edquida.\",\"breadcrumb\":{\"@id\":\"https:\\\/\\\/agradocosmetic.com\\\/productos-de-keratina-de-agrado\\\/#breadcrumb\"},\"inLanguage\":\"it-IT\",\"potentialAction\":[{\"@type\":\"ReadAction\",\"target\":[\"https:\\\/\\\/agradocosmetic.com\\\/productos-de-keratina-de-agrado\\\/\"]}]},{\"@type\":\"ImageObject\",\"inLanguage\":\"it-IT\",\"@id\":\"https:\\\/\\\/agradocosmetic.com\\\/productos-de-keratina-de-agrado\\\/#primaryimage\",\"url\":\"https:\\\/\\\/agradocosmetic.com\\\/wp-content\\\/uploads\\\/2019\\\/09\\\/cabello-karatina-agrado.jpg\",\"contentUrl\":\"https:\\\/\\\/agradocosmetic.com\\\/wp-content\\\/uploads\\\/2019\\\/09\\\/cabello-karatina-agrado.jpg\",\"width\":1200,\"height\":800},{\"@type\":\"BreadcrumbList\",\"@id\":\"https:\\\/\\\/agradocosmetic.com\\\/productos-de-keratina-de-agrado\\\/#breadcrumb\",\"itemListElement\":[{\"@type\":\"ListItem\",\"position\":1,\"name\":\"Portada\",\"item\":\"https:\\\/\\\/agradocosmetic.com\\\/\"},{\"@type\":\"ListItem\",\"position\":2,\"name\":\"Hidrata tu cabello este oto\u00f1o con la l\u00ednea de productos de keratina de Agrado\"}]},{\"@type\":\"WebSite\",\"@id\":\"https:\\\/\\\/agradocosmetic.com\\\/#website\",\"url\":\"https:\\\/\\\/agradocosmetic.com\\\/\",\"name\":\"Agrado\",\"description\":\"Cosmetic\",\"publisher\":{\"@id\":\"https:\\\/\\\/agradocosmetic.com\\\/#organization\"},\"potentialAction\":[{\"@type\":\"SearchAction\",\"target\":{\"@type\":\"EntryPoint\",\"urlTemplate\":\"https:\\\/\\\/agradocosmetic.com\\\/?s={search_term_string}\"},\"query-input\":{\"@type\":\"PropertyValueSpecification\",\"valueRequired\":true,\"valueName\":\"search_term_string\"}}],\"inLanguage\":\"it-IT\"},{\"@type\":\"Organization\",\"@id\":\"https:\\\/\\\/agradocosmetic.com\\\/#organization\",\"name\":\"Agrado\",\"url\":\"https:\\\/\\\/agradocosmetic.com\\\/\",\"logo\":{\"@type\":\"ImageObject\",\"inLanguage\":\"it-IT\",\"@id\":\"https:\\\/\\\/agradocosmetic.com\\\/#\\\/schema\\\/logo\\\/image\\\/\",\"url\":\"https:\\\/\\\/agradocosmetic.com\\\/wp-content\\\/uploads\\\/2023\\\/07\\\/LOGO-AGRADO-WEB-01.png\",\"contentUrl\":\"https:\\\/\\\/agradocosmetic.com\\\/wp-content\\\/uploads\\\/2023\\\/07\\\/LOGO-AGRADO-WEB-01.png\",\"width\":1632,\"height\":300,\"caption\":\"Agrado\"},\"image\":{\"@id\":\"https:\\\/\\\/agradocosmetic.com\\\/#\\\/schema\\\/logo\\\/image\\\/\"}},{\"@type\":\"Person\",\"@id\":\"https:\\\/\\\/agradocosmetic.com\\\/#\\\/schema\\\/person\\\/732e8d396022e25f9340196f83d6789d\",\"name\":\"agradocosmetic\",\"image\":{\"@type\":\"ImageObject\",\"inLanguage\":\"it-IT\",\"@id\":\"https:\\\/\\\/secure.gravatar.com\\\/avatar\\\/c6003e45301182b7e125463fcbec403b1980909c12edf09098526b9a15e779c0?s=96&d=mm&r=g\",\"url\":\"https:\\\/\\\/secure.gravatar.com\\\/avatar\\\/c6003e45301182b7e125463fcbec403b1980909c12edf09098526b9a15e779c0?s=96&d=mm&r=g\",\"contentUrl\":\"https:\\\/\\\/secure.gravatar.com\\\/avatar\\\/c6003e45301182b7e125463fcbec403b1980909c12edf09098526b9a15e779c0?s=96&d=mm&r=g\",\"caption\":\"agradocosmetic\"}}]}<\/script>\n<!-- \/ Yoast SEO plugin. -->","yoast_head_json":{"title":"Productos de keratina de Agrado para cuidar tu cabello - Agrado","description":"Hidrata tu cabello con los productos de Keratina de Agrado Cosmetic: champ\u00fa, suavizante, mascarilla, gel fijador y keratina l\u00edquida.","robots":{"index":"index","follow":"follow","max-snippet":"max-snippet:-1","max-image-preview":"max-image-preview:large","max-video-preview":"max-video-preview:-1"},"canonical":"https:\/\/agradocosmetic.com\/it\/productos-de-keratina-de-agrado\/","og_locale":"it_IT","og_type":"article","og_title":"Productos de keratina de Agrado para cuidar tu cabello - Agrado","og_description":"Hidrata tu cabello con los productos de Keratina de Agrado Cosmetic: champ\u00fa, suavizante, mascarilla, gel fijador y keratina l\u00edquida.","og_url":"https:\/\/agradocosmetic.com\/it\/productos-de-keratina-de-agrado\/","og_site_name":"Agrado","article_published_time":"2019-09-24T08:24:01+00:00","article_modified_time":"2023-11-18T16:58:55+00:00","og_image":[{"width":1200,"height":800,"url":"https:\/\/agradocosmetic.com\/wp-content\/uploads\/2019\/09\/cabello-karatina-agrado.jpg","type":"image\/jpeg"}],"author":"agradocosmetic","twitter_card":"summary_large_image","twitter_misc":{"Scritto da":"agradocosmetic","Tempo di lettura stimato":"2 minuti"},"schema":{"@context":"https:\/\/schema.org","@graph":[{"@type":"Article","@id":"https:\/\/agradocosmetic.com\/productos-de-keratina-de-agrado\/#article","isPartOf":{"@id":"https:\/\/agradocosmetic.com\/productos-de-keratina-de-agrado\/"},"author":{"name":"agradocosmetic","@id":"https:\/\/agradocosmetic.com\/#\/schema\/person\/732e8d396022e25f9340196f83d6789d"},"headline":"Hidrata tu cabello este oto\u00f1o con la l\u00ednea de productos de keratina de Agrado","datePublished":"2019-09-24T08:24:01+00:00","dateModified":"2023-11-18T16:58:55+00:00","mainEntityOfPage":{"@id":"https:\/\/agradocosmetic.com\/productos-de-keratina-de-agrado\/"},"wordCount":479,"commentCount":0,"publisher":{"@id":"https:\/\/agradocosmetic.com\/#organization"},"image":{"@id":"https:\/\/agradocosmetic.com\/productos-de-keratina-de-agrado\/#primaryimage"},"thumbnailUrl":"https:\/\/agradocosmetic.com\/wp-content\/uploads\/2019\/09\/cabello-karatina-agrado.jpg","keywords":["agrado","agradocosmetic","cuidado del cabello","l\u00ednea keratina"],"articleSection":["Capilar","Todos"],"inLanguage":"it-IT","potentialAction":[{"@type":"CommentAction","name":"Comment","target":["https:\/\/agradocosmetic.com\/productos-de-keratina-de-agrado\/#respond"]}]},{"@type":"WebPage","@id":"https:\/\/agradocosmetic.com\/productos-de-keratina-de-agrado\/","url":"https:\/\/agradocosmetic.com\/productos-de-keratina-de-agrado\/","name":"Productos de keratina de Agrado para cuidar tu cabello - Agrado","isPartOf":{"@id":"https:\/\/agradocosmetic.com\/#website"},"primaryImageOfPage":{"@id":"https:\/\/agradocosmetic.com\/productos-de-keratina-de-agrado\/#primaryimage"},"image":{"@id":"https:\/\/agradocosmetic.com\/productos-de-keratina-de-agrado\/#primaryimage"},"thumbnailUrl":"https:\/\/agradocosmetic.com\/wp-content\/uploads\/2019\/09\/cabello-karatina-agrado.jpg","datePublished":"2019-09-24T08:24:01+00:00","dateModified":"2023-11-18T16:58:55+00:00","description":"Hidrata tu cabello con los productos de Keratina de Agrado Cosmetic: champ\u00fa, suavizante, mascarilla, gel fijador y keratina l\u00edquida.","breadcrumb":{"@id":"https:\/\/agradocosmetic.com\/productos-de-keratina-de-agrado\/#breadcrumb"},"inLanguage":"it-IT","potentialAction":[{"@type":"ReadAction","target":["https:\/\/agradocosmetic.com\/productos-de-keratina-de-agrado\/"]}]},{"@type":"ImageObject","inLanguage":"it-IT","@id":"https:\/\/agradocosmetic.com\/productos-de-keratina-de-agrado\/#primaryimage","url":"https:\/\/agradocosmetic.com\/wp-content\/uploads\/2019\/09\/cabello-karatina-agrado.jpg","contentUrl":"https:\/\/agradocosmetic.com\/wp-content\/uploads\/2019\/09\/cabello-karatina-agrado.jpg","width":1200,"height":800},{"@type":"BreadcrumbList","@id":"https:\/\/agradocosmetic.com\/productos-de-keratina-de-agrado\/#breadcrumb","itemListElement":[{"@type":"ListItem","position":1,"name":"Portada","item":"https:\/\/agradocosmetic.com\/"},{"@type":"ListItem","position":2,"name":"Hidrata tu cabello este oto\u00f1o con la l\u00ednea de productos de keratina de Agrado"}]},{"@type":"WebSite","@id":"https:\/\/agradocosmetic.com\/#website","url":"https:\/\/agradocosmetic.com\/","name":"Mi piace","description":"cosmetico","publisher":{"@id":"https:\/\/agradocosmetic.com\/#organization"},"potentialAction":[{"@type":"SearchAction","target":{"@type":"EntryPoint","urlTemplate":"https:\/\/agradocosmetic.com\/?s={search_term_string}"},"query-input":{"@type":"PropertyValueSpecification","valueRequired":true,"valueName":"search_term_string"}}],"inLanguage":"it-IT"},{"@type":"Organization","@id":"https:\/\/agradocosmetic.com\/#organization","name":"Mi piace","url":"https:\/\/agradocosmetic.com\/","logo":{"@type":"ImageObject","inLanguage":"it-IT","@id":"https:\/\/agradocosmetic.com\/#\/schema\/logo\/image\/","url":"https:\/\/agradocosmetic.com\/wp-content\/uploads\/2023\/07\/LOGO-AGRADO-WEB-01.png","contentUrl":"https:\/\/agradocosmetic.com\/wp-content\/uploads\/2023\/07\/LOGO-AGRADO-WEB-01.png","width":1632,"height":300,"caption":"Agrado"},"image":{"@id":"https:\/\/agradocosmetic.com\/#\/schema\/logo\/image\/"}},{"@type":"Person","@id":"https:\/\/agradocosmetic.com\/#\/schema\/person\/732e8d396022e25f9340196f83d6789d","name":"agradocosmetico","image":{"@type":"ImageObject","inLanguage":"it-IT","@id":"https:\/\/secure.gravatar.com\/avatar\/c6003e45301182b7e125463fcbec403b1980909c12edf09098526b9a15e779c0?s=96&d=mm&r=g","url":"https:\/\/secure.gravatar.com\/avatar\/c6003e45301182b7e125463fcbec403b1980909c12edf09098526b9a15e779c0?s=96&d=mm&r=g","contentUrl":"https:\/\/secure.gravatar.com\/avatar\/c6003e45301182b7e125463fcbec403b1980909c12edf09098526b9a15e779c0?s=96&d=mm&r=g","caption":"agradocosmetic"}}]}},"_links":{"self":[{"href":"https:\/\/agradocosmetic.com\/it\/wp-json\/wp\/v2\/posts\/4461","targetHints":{"allow":["GET"]}}],"collection":[{"href":"https:\/\/agradocosmetic.com\/it\/wp-json\/wp\/v2\/posts"}],"about":[{"href":"https:\/\/agradocosmetic.com\/it\/wp-json\/wp\/v2\/types\/post"}],"author":[{"embeddable":true,"href":"https:\/\/agradocosmetic.com\/it\/wp-json\/wp\/v2\/users\/9"}],"replies":[{"embeddable":true,"href":"https:\/\/agradocosmetic.com\/it\/wp-json\/wp\/v2\/comments?post=4461"}],"version-history":[{"count":1,"href":"https:\/\/agradocosmetic.com\/it\/wp-json\/wp\/v2\/posts\/4461\/revisions"}],"predecessor-version":[{"id":21403,"href":"https:\/\/agradocosmetic.com\/it\/wp-json\/wp\/v2\/posts\/4461\/revisions\/21403"}],"wp:featuredmedia":[{"embeddable":true,"href":"https:\/\/agradocosmetic.com\/it\/wp-json\/wp\/v2\/media\/21402"}],"wp:attachment":[{"href":"https:\/\/agradocosmetic.com\/it\/wp-json\/wp\/v2\/media?parent=4461"}],"wp:term":[{"taxonomy":"category","embeddable":true,"href":"https:\/\/agradocosmetic.com\/it\/wp-json\/wp\/v2\/categories?post=4461"},{"taxonomy":"post_tag","embeddable":true,"href":"https:\/\/agradocosmetic.com\/it\/wp-json\/wp\/v2\/tags?post=4461"}],"curies":[{"name":"parola chiave","href":"https:\/\/api.w.org\/{rel}","templated":true}]}}