{"id":4539,"date":"2019-08-02T12:58:37","date_gmt":"2019-08-02T11:58:37","guid":{"rendered":"https:\/\/www.agradocosmetic.com\/?p=4539"},"modified":"2023-11-18T16:58:55","modified_gmt":"2023-11-18T16:58:55","slug":"14-cosas-que-puedes-hacer-para-proteger-la-piel-del-sol","status":"publish","type":"post","link":"https:\/\/agradocosmetic.com\/it\/14-cosas-que-puedes-hacer-para-proteger-la-piel-del-sol\/","title":{"rendered":"14 cose che puoi fare per proteggere la tua pelle dal sole"},"content":{"rendered":"<p>Proteggere la pelle dal sole \u00e8 un compito che pu\u00f2 risultare piuttosto noioso, ed \u00e8 possibile che, con la fretta e le distrazioni della vita quotidiana, si trascurino alcune precauzioni.\u00a0<\/p>\r\n\r\n\r\n\r\n<p>Ecco perch\u00e9 ti presentiamo a\u00a0<em>lista di controllo<\/em><em>\u00a0<\/em>di 15 cose da fare ed evitare per mantenere la pelle sana e sana. Sei pronto a mettere alla prova le tue conoscenze? Dai!\u00a0<\/p>\r\n\r\n\r\n\r\n<h3 class=\"wp-block-heading\"><em>Lista di controllo<\/em> per proteggere la pelle dal sole<\/h3>\r\n\r\n\r\n\r\n<h4 class=\"wp-block-heading\">1. Evitare di prendere il sole nelle ore di punta<\/h4>\r\n\r\n\r\n\r\n<p>Anno dopo anno i media ci bombardano sul pericolo di prendere il sole tra mezzogiorno e le 16. Questo perch\u00e9, in quelle ore, le radiazioni sono troppo forti per poter prendere il sole senza scottarsi. Organizzate quindi la vostra giornata in modo da evitare di esporvi direttamente al sole in queste ore.\u00a0<\/p>\r\n\r\n\r\n\r\n<h4 class=\"wp-block-heading\">2. Anche il sole insegue l&#039;ombra\u00a0<\/h4>\r\n\r\n\r\n\r\n<p>Lo sai che ci si pu\u00f2 scottare anche all&#039;ombra? Ecco com&#039;\u00e8! Sebbene le radiazioni ultraviolette siano protette solo dal 50%, questi raggi sono comunque in grado di bruciare la pelle.<\/p>\r\n\r\n\r\n\r\n<h4 class=\"wp-block-heading\">3. Sii proattivo!\u00a0\u00a0<\/h4>\r\n\r\n\r\n\r\n<p>Ricorda che, prima di esporti al sole, devi aver applicato la crema solare mezz&#039;ora prima affinch\u00e9 faccia effetto e ti protegga adeguatamente.\u00a0<\/p>\r\n\r\n\r\n\r\n<p>Inoltre, bisogna controllare anche il tempo che si trascorre esposti al sole; si consiglia di applicare la protezione solare ogni due ore. Quindi tieni d&#039;occhio l&#039;orologio!\u00a0<\/p>\r\n\r\n\r\n\r\n<h4 class=\"wp-block-heading\">4. Fattore solare adeguato<\/h4>\r\n\r\n\r\n\r\n<p>Ogni persona \u00e8 diversa, cos\u00ec come la sua pelle. Allo stesso modo in cui devi tenere conto del tempo di esposizione, devi sapere qual \u00e8 il prodotto migliore per la tua pelle. Non sei chiaro? Nella posta\u00a0<a href=\"\/it\/?p=3494\" target=\"_blank\" rel=\"noreferrer noopener\">&quot;Cos&#039;\u00e8 l&#039;SPF e di cosa ha bisogno la tua pelle?&quot;<\/a>\u00a0Te lo spieghiamo.\u00a0\u00a0<\/p>\r\n\r\n\r\n\r\n<h4 class=\"wp-block-heading\">5. L&#039;hai applicato correttamente?<\/h4>\r\n\r\n\r\n\r\n<p>Uno degli errori che di solito commettiamo \u00e8 non applicare abbastanza crema. La quantit\u00e0 ideale \u00e8 di 35 grammi per tutto il corpo, ovvero circa 6 cucchiaini di caff\u00e8.<\/p>\r\n\r\n\r\n\r\n<h4 class=\"wp-block-heading\">6. La protezione solare scade!<\/h4>\r\n\r\n\r\n\r\n<p>O quantomeno, perde la sua efficacia e, di conseguenza, il suo indice di protezione si riduce da un anno all&#039;altro. Ci\u00f2 accade a causa dell&#039;ossidazione, quindi se noti che la tua crema ha cambiato colore, odore o consistenza, \u00e8 ora di acquistarne una nuova.\u00a0\u00a0<\/p>\r\n\r\n\r\n\r\n<h4 class=\"wp-block-heading\">7. Se ti sei scottato, \u00e8 ora di riposare!<\/h4>\r\n\r\n\r\n\r\n<p>Esatto, se si \u00e8 stati troppo al sole, gli esperti consigliano di non esporsi al sole finch\u00e9 le ustioni non saranno guarite.\u00a0<\/p>\r\n\r\n\r\n\r\n<h4 class=\"wp-block-heading\">8. Ottieni un&#039;abbronzatura naturale<\/h4>\r\n\r\n\r\n\r\n<p>Non dimenticare di struccarti e di non mettere il profumo quando prendi il sole, perch\u00e9 potresti ritrovarti delle macchie sulla pelle.\u00a0<\/p>\r\n\r\n\r\n\r\n<h4 class=\"wp-block-heading\">9. Una pelle sana \u00e8 una pelle che si abbronza meglio<\/h4>\r\n\r\n\r\n\r\n<p>Mantieni la pelle idratata anche prima di esporti al sole.\u00a0<\/p>\r\n\r\n\r\n\r\n<h4 class=\"wp-block-heading\">10. Proteggiti dall&#039;interno<\/h4>\r\n\r\n\r\n\r\n<p>Proteggere la pelle non \u00e8 solo una questione di creme, \u00e8 anche una questione di alimentazione. Affinch\u00e9 la pelle sia sana, gli esperti consigliano di mangiare frutta fresca, verdura e cereali, poich\u00e9 sono alimenti ad alto contenuto di fibre e antiossidanti.\u00a0\u00a0<\/p>\r\n\r\n\r\n\r\n<h4 class=\"wp-block-heading\">11. Anche l\u2019abbigliamento protegge!<\/h4>\r\n\r\n\r\n\r\n<p>Attenzione per\u00f2, non tutti i tessuti sono ugualmente efficaci nel proteggere dai raggi solari. Il poliestere e il rayon sono tessuti adatti perch\u00e9 non lasciano passare tanti raggi quanto altri tessuti come la seta o il cotone. Inoltre, bisogna tenere conto anche del colore, della densit\u00e0 delle fibre e dello spessore.\u00a0\u00a0<\/p>\r\n\r\n\r\n\r\n<h4 class=\"wp-block-heading\">12. E la testa?<\/h4>\r\n\r\n\r\n\r\n<p>Spesso dimentichiamo che anche il cuoio capelluto \u00e8 pelle. Dobbiamo quindi proteggerci coprendo la testa con un cappello o un berretto.\u00a0\u00a0<\/p>\r\n\r\n\r\n\r\n<h4 class=\"wp-block-heading\">13. Ogni parte con la sua crema<\/h4>\r\n\r\n\r\n\r\n<p>Non tutta la pelle del nostro corpo \u00e8 uguale. La pelle del viso, ad esempio, \u00e8 pi\u00f9 sottile e porosa, e quindi pi\u00f9 sensibile. Ecco perch\u00e9 dobbiamo proteggerlo con creme appositamente create per questo. La stessa cosa accade con labbra, collo, d\u00e9collet\u00e9 e orecchie. Non trascurarli!\u00a0<\/p>\r\n\r\n\r\n\r\n<h4 class=\"wp-block-heading\">14. Aggiungi degli occhiali da sole al tuo <em>vestito<\/em>\u00a0<\/h4>\r\n\r\n\r\n\r\n<p>I danni alla cornea e alla retina si moltiplicano con l&#039;arrivo dell&#039;estate e trascorriamo pi\u00f9 tempo all&#039;aperto godendoci il bel tempo e il sole. Prendi degli occhiali da sole! Assicurati che siano approvati e blocchino tra 99 e 100% delle radiazioni ultraviolette.\u00a0\u00a0<\/p>\r\n\r\n\r\n\r\n<h4 class=\"wp-block-heading\"><strong>I lotti per ragazze intelligenti di Agrado<\/strong>\u202f\u00a0<\/h4>\r\n\r\n\r\n\r\n<p>La gamma di <a href=\"\/it\/?page_id=3481\">Creme solari Agrado<\/a> \u00c8 progettato per proteggere la pelle dalle radiazioni solari fin dal primo giorno di esposizione. I nostri filtri solari sono preparati per proteggere la tua pelle dal sole con a <strong>vasta gamma di prodotti<\/strong>. Dal <a href=\"\/it\/?p=3567\">Olio solare 8SPF, 10SPF e 20SPF<\/a>, che vi consigliamo di completare con la gamma di protezioni <a href=\"\/it\/?p=1814\">Nebbia secca solare 15SPF, 30SPF o 50SPF<\/a>, alle pi\u00f9 nuove formule per proteggere il tuo viso come <a href=\"\/it\/?p=3558\">Mousse viso o spray viso<\/a>. Se invece quello che cerchi \u00e8 idratare e recuperare la pelle dopo aver preso il sole, non puoi perderti <a href=\"\/it\/?p=1837\">Doposole Idrocalmante e Aloe Vera<\/a>.\u00a0<\/p>\r\n\r\n\r\n\r\n<p>Ad Agrado abbiamo pensato anche ai pi\u00f9 piccoli e per loro troverai anche il protettore <a href=\"\/it\/?p=3578\">Nebbia secca solare 50SPF e 50+SPF<\/a> per pelli sensibili.\u00a0<\/p>\r\n\r\n\r\n\r\n<p>Inoltre, i solari Agrado hanno una formula specifica di protezione ad ampio spettro, proteggendo la pelle dai raggi UVA e anche dai raggi UVB, i pi\u00f9 dannosi per la pelle.\u00a0<\/p>\r\n\r\n\r\n\r\n<p>Quest&#039;estate lascia andare i tuoi capelli, non preoccuparti di tutto tranne che della tua pelle. Segui tutti i nostri consigli su #solaresparachicaslistas.\u00a0<\/p>\r\n\r\n\r\n\r\n<p>Entra <a href=\"https:\/\/agradocosmetic.com\/it\/\">www.solaresparachicaslistas.com<\/a>, scopri la nostra gamma di trame 2019 e scopri tante sorprese che abbiamo preparato.\u00a0<\/p>","protected":false},"excerpt":{"rendered":"<p>Proteger la piel del sol es una tarea que puede llegar a ser bastante tediosa, y puede que, con las prisas y los despistes del d\u00eda a d\u00eda, se nos pase por alto alguna precauci\u00f3n.\u00a0 Por eso\u00a0te presentamos un\u00a0checklist\u00a0de\u00a015\u00a0cosas a hacer y a evitar para mantener tu piel sana y salva. \u00bfEst\u00e1s preparada para poner [&hellip;]<\/p>\n","protected":false},"author":9,"featured_media":21406,"comment_status":"open","ping_status":"closed","sticky":false,"template":"","format":"standard","meta":{"footnotes":"","_wp_rev_ctl_limit":""},"categories":[116,1],"tags":[126,137,276,277],"class_list":["post-4539","post","type-post","status-publish","format-standard","has-post-thumbnail","hentry","category-solar","category-todos","tag-agrado","tag-agradocosmetic","tag-protectores-solares","tag-solaresparachicaslistas"],"yoast_head":"<!-- This site is optimized with the Yoast SEO plugin v27.4 - https:\/\/yoast.com\/product\/yoast-seo-wordpress\/ -->\n<title>14 cosas que puedes hacer para proteger la piel del sol - Agrado<\/title>\n<meta name=\"robots\" content=\"index, follow, max-snippet:-1, max-image-preview:large, max-video-preview:-1\" \/>\n<link rel=\"canonical\" href=\"https:\/\/agradocosmetic.com\/it\/14-cosas-que-puedes-hacer-para-proteger-la-piel-del-sol\/\" \/>\n<meta property=\"og:locale\" content=\"it_IT\" \/>\n<meta property=\"og:type\" content=\"article\" \/>\n<meta property=\"og:title\" content=\"14 cosas que puedes hacer para proteger la piel del sol - Agrado\" \/>\n<meta property=\"og:description\" content=\"Proteger la piel del sol es una tarea que puede llegar a ser bastante tediosa, y puede que, con las prisas y los despistes del d\u00eda a d\u00eda, se nos pase por alto alguna precauci\u00f3n.\u00a0 Por eso\u00a0te presentamos un\u00a0checklist\u00a0de\u00a015\u00a0cosas a hacer y a evitar para mantener tu piel sana y salva. \u00bfEst\u00e1s preparada para poner [&hellip;]\" \/>\n<meta property=\"og:url\" content=\"https:\/\/agradocosmetic.com\/it\/14-cosas-que-puedes-hacer-para-proteger-la-piel-del-sol\/\" \/>\n<meta property=\"og:site_name\" content=\"Agrado\" \/>\n<meta property=\"article:published_time\" content=\"2019-08-02T11:58:37+00:00\" \/>\n<meta property=\"article:modified_time\" content=\"2023-11-18T16:58:55+00:00\" \/>\n<meta property=\"og:image\" content=\"https:\/\/agradocosmetic.com\/wp-content\/uploads\/2019\/08\/proteger-piel-sol-agrado.jpg\" \/>\n\t<meta property=\"og:image:width\" content=\"1200\" \/>\n\t<meta property=\"og:image:height\" content=\"800\" \/>\n\t<meta property=\"og:image:type\" content=\"image\/jpeg\" \/>\n<meta name=\"author\" content=\"agradocosmetic\" \/>\n<meta name=\"twitter:card\" content=\"summary_large_image\" \/>\n<meta name=\"twitter:label1\" content=\"Scritto da\" \/>\n\t<meta name=\"twitter:data1\" content=\"agradocosmetic\" \/>\n\t<meta name=\"twitter:label2\" content=\"Tempo di lettura stimato\" \/>\n\t<meta name=\"twitter:data2\" content=\"5 minuti\" \/>\n<script type=\"application\/ld+json\" class=\"yoast-schema-graph\">{\"@context\":\"https:\\\/\\\/schema.org\",\"@graph\":[{\"@type\":\"Article\",\"@id\":\"https:\\\/\\\/agradocosmetic.com\\\/14-cosas-que-puedes-hacer-para-proteger-la-piel-del-sol\\\/#article\",\"isPartOf\":{\"@id\":\"https:\\\/\\\/agradocosmetic.com\\\/14-cosas-que-puedes-hacer-para-proteger-la-piel-del-sol\\\/\"},\"author\":{\"name\":\"agradocosmetic\",\"@id\":\"https:\\\/\\\/agradocosmetic.com\\\/#\\\/schema\\\/person\\\/732e8d396022e25f9340196f83d6789d\"},\"headline\":\"14 cosas que puedes hacer para proteger la piel del sol\",\"datePublished\":\"2019-08-02T11:58:37+00:00\",\"dateModified\":\"2023-11-18T16:58:55+00:00\",\"mainEntityOfPage\":{\"@id\":\"https:\\\/\\\/agradocosmetic.com\\\/14-cosas-que-puedes-hacer-para-proteger-la-piel-del-sol\\\/\"},\"wordCount\":998,\"commentCount\":0,\"publisher\":{\"@id\":\"https:\\\/\\\/agradocosmetic.com\\\/#organization\"},\"image\":{\"@id\":\"https:\\\/\\\/agradocosmetic.com\\\/14-cosas-que-puedes-hacer-para-proteger-la-piel-del-sol\\\/#primaryimage\"},\"thumbnailUrl\":\"https:\\\/\\\/agradocosmetic.com\\\/wp-content\\\/uploads\\\/2019\\\/08\\\/proteger-piel-sol-agrado.jpg\",\"keywords\":[\"agrado\",\"agradocosmetic\",\"protectores solares\",\"solaresparachicaslistas\"],\"articleSection\":[\"Solar\",\"Todos\"],\"inLanguage\":\"it-IT\",\"potentialAction\":[{\"@type\":\"CommentAction\",\"name\":\"Comment\",\"target\":[\"https:\\\/\\\/agradocosmetic.com\\\/14-cosas-que-puedes-hacer-para-proteger-la-piel-del-sol\\\/#respond\"]}]},{\"@type\":\"WebPage\",\"@id\":\"https:\\\/\\\/agradocosmetic.com\\\/14-cosas-que-puedes-hacer-para-proteger-la-piel-del-sol\\\/\",\"url\":\"https:\\\/\\\/agradocosmetic.com\\\/14-cosas-que-puedes-hacer-para-proteger-la-piel-del-sol\\\/\",\"name\":\"14 cosas que puedes hacer para proteger la piel del sol - Agrado\",\"isPartOf\":{\"@id\":\"https:\\\/\\\/agradocosmetic.com\\\/#website\"},\"primaryImageOfPage\":{\"@id\":\"https:\\\/\\\/agradocosmetic.com\\\/14-cosas-que-puedes-hacer-para-proteger-la-piel-del-sol\\\/#primaryimage\"},\"image\":{\"@id\":\"https:\\\/\\\/agradocosmetic.com\\\/14-cosas-que-puedes-hacer-para-proteger-la-piel-del-sol\\\/#primaryimage\"},\"thumbnailUrl\":\"https:\\\/\\\/agradocosmetic.com\\\/wp-content\\\/uploads\\\/2019\\\/08\\\/proteger-piel-sol-agrado.jpg\",\"datePublished\":\"2019-08-02T11:58:37+00:00\",\"dateModified\":\"2023-11-18T16:58:55+00:00\",\"breadcrumb\":{\"@id\":\"https:\\\/\\\/agradocosmetic.com\\\/14-cosas-que-puedes-hacer-para-proteger-la-piel-del-sol\\\/#breadcrumb\"},\"inLanguage\":\"it-IT\",\"potentialAction\":[{\"@type\":\"ReadAction\",\"target\":[\"https:\\\/\\\/agradocosmetic.com\\\/14-cosas-que-puedes-hacer-para-proteger-la-piel-del-sol\\\/\"]}]},{\"@type\":\"ImageObject\",\"inLanguage\":\"it-IT\",\"@id\":\"https:\\\/\\\/agradocosmetic.com\\\/14-cosas-que-puedes-hacer-para-proteger-la-piel-del-sol\\\/#primaryimage\",\"url\":\"https:\\\/\\\/agradocosmetic.com\\\/wp-content\\\/uploads\\\/2019\\\/08\\\/proteger-piel-sol-agrado.jpg\",\"contentUrl\":\"https:\\\/\\\/agradocosmetic.com\\\/wp-content\\\/uploads\\\/2019\\\/08\\\/proteger-piel-sol-agrado.jpg\",\"width\":1200,\"height\":800},{\"@type\":\"BreadcrumbList\",\"@id\":\"https:\\\/\\\/agradocosmetic.com\\\/14-cosas-que-puedes-hacer-para-proteger-la-piel-del-sol\\\/#breadcrumb\",\"itemListElement\":[{\"@type\":\"ListItem\",\"position\":1,\"name\":\"Portada\",\"item\":\"https:\\\/\\\/agradocosmetic.com\\\/\"},{\"@type\":\"ListItem\",\"position\":2,\"name\":\"14 cosas que puedes hacer para proteger la piel del sol\"}]},{\"@type\":\"WebSite\",\"@id\":\"https:\\\/\\\/agradocosmetic.com\\\/#website\",\"url\":\"https:\\\/\\\/agradocosmetic.com\\\/\",\"name\":\"Agrado\",\"description\":\"Cosmetic\",\"publisher\":{\"@id\":\"https:\\\/\\\/agradocosmetic.com\\\/#organization\"},\"potentialAction\":[{\"@type\":\"SearchAction\",\"target\":{\"@type\":\"EntryPoint\",\"urlTemplate\":\"https:\\\/\\\/agradocosmetic.com\\\/?s={search_term_string}\"},\"query-input\":{\"@type\":\"PropertyValueSpecification\",\"valueRequired\":true,\"valueName\":\"search_term_string\"}}],\"inLanguage\":\"it-IT\"},{\"@type\":\"Organization\",\"@id\":\"https:\\\/\\\/agradocosmetic.com\\\/#organization\",\"name\":\"Agrado\",\"url\":\"https:\\\/\\\/agradocosmetic.com\\\/\",\"logo\":{\"@type\":\"ImageObject\",\"inLanguage\":\"it-IT\",\"@id\":\"https:\\\/\\\/agradocosmetic.com\\\/#\\\/schema\\\/logo\\\/image\\\/\",\"url\":\"https:\\\/\\\/agradocosmetic.com\\\/wp-content\\\/uploads\\\/2023\\\/07\\\/LOGO-AGRADO-WEB-01.png\",\"contentUrl\":\"https:\\\/\\\/agradocosmetic.com\\\/wp-content\\\/uploads\\\/2023\\\/07\\\/LOGO-AGRADO-WEB-01.png\",\"width\":1632,\"height\":300,\"caption\":\"Agrado\"},\"image\":{\"@id\":\"https:\\\/\\\/agradocosmetic.com\\\/#\\\/schema\\\/logo\\\/image\\\/\"}},{\"@type\":\"Person\",\"@id\":\"https:\\\/\\\/agradocosmetic.com\\\/#\\\/schema\\\/person\\\/732e8d396022e25f9340196f83d6789d\",\"name\":\"agradocosmetic\",\"image\":{\"@type\":\"ImageObject\",\"inLanguage\":\"it-IT\",\"@id\":\"https:\\\/\\\/secure.gravatar.com\\\/avatar\\\/c6003e45301182b7e125463fcbec403b1980909c12edf09098526b9a15e779c0?s=96&d=mm&r=g\",\"url\":\"https:\\\/\\\/secure.gravatar.com\\\/avatar\\\/c6003e45301182b7e125463fcbec403b1980909c12edf09098526b9a15e779c0?s=96&d=mm&r=g\",\"contentUrl\":\"https:\\\/\\\/secure.gravatar.com\\\/avatar\\\/c6003e45301182b7e125463fcbec403b1980909c12edf09098526b9a15e779c0?s=96&d=mm&r=g\",\"caption\":\"agradocosmetic\"}}]}<\/script>\n<!-- \/ Yoast SEO plugin. -->","yoast_head_json":{"title":"14 cosas que puedes hacer para proteger la piel del sol - Agrado","robots":{"index":"index","follow":"follow","max-snippet":"max-snippet:-1","max-image-preview":"max-image-preview:large","max-video-preview":"max-video-preview:-1"},"canonical":"https:\/\/agradocosmetic.com\/it\/14-cosas-que-puedes-hacer-para-proteger-la-piel-del-sol\/","og_locale":"it_IT","og_type":"article","og_title":"14 cosas que puedes hacer para proteger la piel del sol - Agrado","og_description":"Proteger la piel del sol es una tarea que puede llegar a ser bastante tediosa, y puede que, con las prisas y los despistes del d\u00eda a d\u00eda, se nos pase por alto alguna precauci\u00f3n.\u00a0 Por eso\u00a0te presentamos un\u00a0checklist\u00a0de\u00a015\u00a0cosas a hacer y a evitar para mantener tu piel sana y salva. \u00bfEst\u00e1s preparada para poner [&hellip;]","og_url":"https:\/\/agradocosmetic.com\/it\/14-cosas-que-puedes-hacer-para-proteger-la-piel-del-sol\/","og_site_name":"Agrado","article_published_time":"2019-08-02T11:58:37+00:00","article_modified_time":"2023-11-18T16:58:55+00:00","og_image":[{"width":1200,"height":800,"url":"https:\/\/agradocosmetic.com\/wp-content\/uploads\/2019\/08\/proteger-piel-sol-agrado.jpg","type":"image\/jpeg"}],"author":"agradocosmetic","twitter_card":"summary_large_image","twitter_misc":{"Scritto da":"agradocosmetic","Tempo di lettura stimato":"5 minuti"},"schema":{"@context":"https:\/\/schema.org","@graph":[{"@type":"Article","@id":"https:\/\/agradocosmetic.com\/14-cosas-que-puedes-hacer-para-proteger-la-piel-del-sol\/#article","isPartOf":{"@id":"https:\/\/agradocosmetic.com\/14-cosas-que-puedes-hacer-para-proteger-la-piel-del-sol\/"},"author":{"name":"agradocosmetic","@id":"https:\/\/agradocosmetic.com\/#\/schema\/person\/732e8d396022e25f9340196f83d6789d"},"headline":"14 cosas que puedes hacer para proteger la piel del sol","datePublished":"2019-08-02T11:58:37+00:00","dateModified":"2023-11-18T16:58:55+00:00","mainEntityOfPage":{"@id":"https:\/\/agradocosmetic.com\/14-cosas-que-puedes-hacer-para-proteger-la-piel-del-sol\/"},"wordCount":998,"commentCount":0,"publisher":{"@id":"https:\/\/agradocosmetic.com\/#organization"},"image":{"@id":"https:\/\/agradocosmetic.com\/14-cosas-que-puedes-hacer-para-proteger-la-piel-del-sol\/#primaryimage"},"thumbnailUrl":"https:\/\/agradocosmetic.com\/wp-content\/uploads\/2019\/08\/proteger-piel-sol-agrado.jpg","keywords":["agrado","agradocosmetic","protectores solares","solaresparachicaslistas"],"articleSection":["Solar","Todos"],"inLanguage":"it-IT","potentialAction":[{"@type":"CommentAction","name":"Comment","target":["https:\/\/agradocosmetic.com\/14-cosas-que-puedes-hacer-para-proteger-la-piel-del-sol\/#respond"]}]},{"@type":"WebPage","@id":"https:\/\/agradocosmetic.com\/14-cosas-que-puedes-hacer-para-proteger-la-piel-del-sol\/","url":"https:\/\/agradocosmetic.com\/14-cosas-que-puedes-hacer-para-proteger-la-piel-del-sol\/","name":"14 cosas que puedes hacer para proteger la piel del sol - Agrado","isPartOf":{"@id":"https:\/\/agradocosmetic.com\/#website"},"primaryImageOfPage":{"@id":"https:\/\/agradocosmetic.com\/14-cosas-que-puedes-hacer-para-proteger-la-piel-del-sol\/#primaryimage"},"image":{"@id":"https:\/\/agradocosmetic.com\/14-cosas-que-puedes-hacer-para-proteger-la-piel-del-sol\/#primaryimage"},"thumbnailUrl":"https:\/\/agradocosmetic.com\/wp-content\/uploads\/2019\/08\/proteger-piel-sol-agrado.jpg","datePublished":"2019-08-02T11:58:37+00:00","dateModified":"2023-11-18T16:58:55+00:00","breadcrumb":{"@id":"https:\/\/agradocosmetic.com\/14-cosas-que-puedes-hacer-para-proteger-la-piel-del-sol\/#breadcrumb"},"inLanguage":"it-IT","potentialAction":[{"@type":"ReadAction","target":["https:\/\/agradocosmetic.com\/14-cosas-que-puedes-hacer-para-proteger-la-piel-del-sol\/"]}]},{"@type":"ImageObject","inLanguage":"it-IT","@id":"https:\/\/agradocosmetic.com\/14-cosas-que-puedes-hacer-para-proteger-la-piel-del-sol\/#primaryimage","url":"https:\/\/agradocosmetic.com\/wp-content\/uploads\/2019\/08\/proteger-piel-sol-agrado.jpg","contentUrl":"https:\/\/agradocosmetic.com\/wp-content\/uploads\/2019\/08\/proteger-piel-sol-agrado.jpg","width":1200,"height":800},{"@type":"BreadcrumbList","@id":"https:\/\/agradocosmetic.com\/14-cosas-que-puedes-hacer-para-proteger-la-piel-del-sol\/#breadcrumb","itemListElement":[{"@type":"ListItem","position":1,"name":"Portada","item":"https:\/\/agradocosmetic.com\/"},{"@type":"ListItem","position":2,"name":"14 cosas que puedes hacer para proteger la piel del sol"}]},{"@type":"WebSite","@id":"https:\/\/agradocosmetic.com\/#website","url":"https:\/\/agradocosmetic.com\/","name":"Mi piace","description":"cosmetico","publisher":{"@id":"https:\/\/agradocosmetic.com\/#organization"},"potentialAction":[{"@type":"SearchAction","target":{"@type":"EntryPoint","urlTemplate":"https:\/\/agradocosmetic.com\/?s={search_term_string}"},"query-input":{"@type":"PropertyValueSpecification","valueRequired":true,"valueName":"search_term_string"}}],"inLanguage":"it-IT"},{"@type":"Organization","@id":"https:\/\/agradocosmetic.com\/#organization","name":"Mi piace","url":"https:\/\/agradocosmetic.com\/","logo":{"@type":"ImageObject","inLanguage":"it-IT","@id":"https:\/\/agradocosmetic.com\/#\/schema\/logo\/image\/","url":"https:\/\/agradocosmetic.com\/wp-content\/uploads\/2023\/07\/LOGO-AGRADO-WEB-01.png","contentUrl":"https:\/\/agradocosmetic.com\/wp-content\/uploads\/2023\/07\/LOGO-AGRADO-WEB-01.png","width":1632,"height":300,"caption":"Agrado"},"image":{"@id":"https:\/\/agradocosmetic.com\/#\/schema\/logo\/image\/"}},{"@type":"Person","@id":"https:\/\/agradocosmetic.com\/#\/schema\/person\/732e8d396022e25f9340196f83d6789d","name":"agradocosmetico","image":{"@type":"ImageObject","inLanguage":"it-IT","@id":"https:\/\/secure.gravatar.com\/avatar\/c6003e45301182b7e125463fcbec403b1980909c12edf09098526b9a15e779c0?s=96&d=mm&r=g","url":"https:\/\/secure.gravatar.com\/avatar\/c6003e45301182b7e125463fcbec403b1980909c12edf09098526b9a15e779c0?s=96&d=mm&r=g","contentUrl":"https:\/\/secure.gravatar.com\/avatar\/c6003e45301182b7e125463fcbec403b1980909c12edf09098526b9a15e779c0?s=96&d=mm&r=g","caption":"agradocosmetic"}}]}},"_links":{"self":[{"href":"https:\/\/agradocosmetic.com\/it\/wp-json\/wp\/v2\/posts\/4539","targetHints":{"allow":["GET"]}}],"collection":[{"href":"https:\/\/agradocosmetic.com\/it\/wp-json\/wp\/v2\/posts"}],"about":[{"href":"https:\/\/agradocosmetic.com\/it\/wp-json\/wp\/v2\/types\/post"}],"author":[{"embeddable":true,"href":"https:\/\/agradocosmetic.com\/it\/wp-json\/wp\/v2\/users\/9"}],"replies":[{"embeddable":true,"href":"https:\/\/agradocosmetic.com\/it\/wp-json\/wp\/v2\/comments?post=4539"}],"version-history":[{"count":1,"href":"https:\/\/agradocosmetic.com\/it\/wp-json\/wp\/v2\/posts\/4539\/revisions"}],"predecessor-version":[{"id":21407,"href":"https:\/\/agradocosmetic.com\/it\/wp-json\/wp\/v2\/posts\/4539\/revisions\/21407"}],"wp:featuredmedia":[{"embeddable":true,"href":"https:\/\/agradocosmetic.com\/it\/wp-json\/wp\/v2\/media\/21406"}],"wp:attachment":[{"href":"https:\/\/agradocosmetic.com\/it\/wp-json\/wp\/v2\/media?parent=4539"}],"wp:term":[{"taxonomy":"category","embeddable":true,"href":"https:\/\/agradocosmetic.com\/it\/wp-json\/wp\/v2\/categories?post=4539"},{"taxonomy":"post_tag","embeddable":true,"href":"https:\/\/agradocosmetic.com\/it\/wp-json\/wp\/v2\/tags?post=4539"}],"curies":[{"name":"parola chiave","href":"https:\/\/api.w.org\/{rel}","templated":true}]}}