{"id":5731,"date":"2019-11-20T09:14:33","date_gmt":"2019-11-20T08:14:33","guid":{"rendered":"https:\/\/www.agradocosmetic.com\/?p=5731"},"modified":"2023-11-18T16:58:55","modified_gmt":"2023-11-18T16:58:55","slug":"tienes-la-piel-atopica-tenemos-un-gel-micelar-para-ti","status":"publish","type":"post","link":"https:\/\/agradocosmetic.com\/it\/tienes-la-piel-atopica-tenemos-un-gel-micelar-para-ti\/","title":{"rendered":"Hai la pelle atopica? Abbiamo un gel micellare per te"},"content":{"rendered":"<p>Esistono molti tipi di pelle: grassa, secca o mista. Ma ci sono anche pelli che soffrono di desquamazione, irritazione e prurito. Questo tipo di pelle \u00e8 conosciuta come pelle atopica. In generale, si tratta di una pelle secca che ha poca acqua e olio, e quindi si irrita pi\u00f9 facilmente.<\/p>\r\n\r\n\r\n\r\n<p><strong>Quali sono le cause che provocano questo tipo di pelle?<\/strong><\/p>\r\n\r\n\r\n\r\n<p>Ci sono molteplici fattori come l\u2019ambiente, le allergie, la dieta e anche i vestiti che indossiamo o i detersivi con cui ci laviamo, che possono causare la pelle atopica. Ma soprattutto \u00e8 una causa genetica.<\/p>\r\n\r\n\r\n\r\n<p>Nostro <strong>abitudini di vita<\/strong> Possono essere la causa della comparsa o del peso di questa condizione: mancanza di sonno e stress principalmente.<\/p>\r\n\r\n\r\n\r\n<p>La dermatite atopica \u00e8 una malattia che colpisce bambini e adulti, anche se \u00e8 vero che colpisce in misura maggiore neonati e bambini piccoli. Puoi vederlo in aree come gomiti, ginocchia, polsi, gambe, glutei e persino sul cuoio capelluto.<\/p>\r\n\r\n\r\n\r\n<p><strong>\u00c8 possibile prevenire la pelle atopica?<\/strong><\/p>\r\n\r\n\r\n\r\n<p>Poich\u00e9 ha un\u2019elevata componente genetica, non \u00e8 un disturbo che pu\u00f2 essere prevenuto. D\u2019altro canto possiamo controllarlo, minimizzarlo e alleviare i sintomi.<\/p>\r\n\r\n\r\n\r\n<p>Ad Agrado Cosmetic abbiamo a tua disposizione a <a href=\"\/it\/?p=143\" target=\"_blank\" rel=\"noreferrer noopener\" aria-label=\" (si apre in una nuova scheda)\">Sapone Micellare<\/a> Specifico per questo tipo di pelle, ti aiuter\u00e0 sicuramente ad alleviare i sintomi.<\/p>\r\n\r\n\r\n\r\n<p>Una corretta idratazione e acqua non troppo calda nella doccia sono buone idee per prendersi cura di questo tipo di pelle. Anche sotto la doccia puoi utilizzare il Sapone Micellare Agrado per detergere il tuo corpo senza danneggiare la pelle.<\/p>\r\n\r\n\r\n\r\n<p>Altre cose che puoi fare per controllare la dermatite atopica sono controllare lo stress, praticare sport quotidiani, riservarti momenti di tranquillit\u00e0, ecc.<\/p>\r\n\r\n\r\n\r\n<p>Prendi nota di questi suggerimenti di base:<\/p>\r\n\r\n\r\n\r\n<ul class=\"wp-block-list\">\r\n<li>Evitare temperature estreme sia in estate che in inverno.<\/li>\r\n<\/ul>\r\n\r\n\r\n\r\n<ul class=\"wp-block-list\">\r\n<li>Usa il cotone ed evita il nylon e la lana.<\/li>\r\n<\/ul>\r\n\r\n\r\n\r\n<ul class=\"wp-block-list\">\r\n<li>Cerca di lavare i vestiti nuovi prima di indossarli per evitare possibili allergie.<\/li>\r\n<\/ul>\r\n\r\n\r\n\r\n<ul class=\"wp-block-list\">\r\n<li>Evitare di strofinare la pelle dopo la doccia.<\/li>\r\n<\/ul>\r\n\r\n\r\n\r\n<ul class=\"wp-block-list\">\r\n<li>Segui una dieta equilibrata, evitando stimolanti come caffeina o teina.<\/li>\r\n<\/ul>\r\n\r\n\r\n\r\n<p>Da Agrado Cosmetic abbiamo prodotti per tutta la famiglia, indipendentemente dal tipo di pelle che hai. Fateci le vostre domande a <a href=\"https:\/\/www.facebook.com\/agradocosmetic\" target=\"_blank\" rel=\"noreferrer noopener\" aria-label=\" (si apre in una nuova scheda)\">social networks<\/a>, saremo felici di aiutarti.<\/p>","protected":false},"excerpt":{"rendered":"<p>Existen muchos tipos de pieles: grasas, secas o mixtas. Pero tambi\u00e9n existen pieles que sufren escamaci\u00f3n, irritaci\u00f3n y picores. Este tipo de pieles, son las conocidas como pieles at\u00f3picas. En general se trata de un cutis seco que presenta poca agua y grasa, y por lo tanto se irrita con mayor facilidad. \u00bfCu\u00e1les son las [&hellip;]<\/p>\n","protected":false},"author":9,"featured_media":21394,"comment_status":"open","ping_status":"closed","sticky":false,"template":"","format":"standard","meta":{"footnotes":"","_wp_rev_ctl_limit":""},"categories":[149,1],"tags":[289,156,158,290],"class_list":["post-5731","post","type-post","status-publish","format-standard","has-post-thumbnail","hentry","category-corporal","category-todos","tag-cuidado-de-la-piel","tag-gel","tag-piel","tag-pieles-atopicas"],"yoast_head":"<!-- This site is optimized with the Yoast SEO plugin v27.4 - https:\/\/yoast.com\/product\/yoast-seo-wordpress\/ -->\n<title>\u00bfTienes la piel at\u00f3pica? Tenemos un gel micelar para ti - Agrado<\/title>\n<meta name=\"robots\" content=\"index, follow, max-snippet:-1, max-image-preview:large, max-video-preview:-1\" \/>\n<link rel=\"canonical\" href=\"https:\/\/agradocosmetic.com\/it\/tienes-la-piel-atopica-tenemos-un-gel-micelar-para-ti\/\" \/>\n<meta property=\"og:locale\" content=\"it_IT\" \/>\n<meta property=\"og:type\" content=\"article\" \/>\n<meta property=\"og:title\" content=\"\u00bfTienes la piel at\u00f3pica? Tenemos un gel micelar para ti - Agrado\" \/>\n<meta property=\"og:description\" content=\"Existen muchos tipos de pieles: grasas, secas o mixtas. Pero tambi\u00e9n existen pieles que sufren escamaci\u00f3n, irritaci\u00f3n y picores. Este tipo de pieles, son las conocidas como pieles at\u00f3picas. En general se trata de un cutis seco que presenta poca agua y grasa, y por lo tanto se irrita con mayor facilidad. \u00bfCu\u00e1les son las [&hellip;]\" \/>\n<meta property=\"og:url\" content=\"https:\/\/agradocosmetic.com\/it\/tienes-la-piel-atopica-tenemos-un-gel-micelar-para-ti\/\" \/>\n<meta property=\"og:site_name\" content=\"Agrado\" \/>\n<meta property=\"article:published_time\" content=\"2019-11-20T08:14:33+00:00\" \/>\n<meta property=\"article:modified_time\" content=\"2023-11-18T16:58:55+00:00\" \/>\n<meta property=\"og:image\" content=\"https:\/\/agradocosmetic.com\/wp-content\/uploads\/2019\/11\/gel-micelar-agrado.jpg\" \/>\n\t<meta property=\"og:image:width\" content=\"1200\" \/>\n\t<meta property=\"og:image:height\" content=\"800\" \/>\n\t<meta property=\"og:image:type\" content=\"image\/jpeg\" \/>\n<meta name=\"author\" content=\"agradocosmetic\" \/>\n<meta name=\"twitter:card\" content=\"summary_large_image\" \/>\n<meta name=\"twitter:label1\" content=\"Scritto da\" \/>\n\t<meta name=\"twitter:data1\" content=\"agradocosmetic\" \/>\n\t<meta name=\"twitter:label2\" content=\"Tempo di lettura stimato\" \/>\n\t<meta name=\"twitter:data2\" content=\"2 minuti\" \/>\n<script type=\"application\/ld+json\" class=\"yoast-schema-graph\">{\"@context\":\"https:\\\/\\\/schema.org\",\"@graph\":[{\"@type\":\"Article\",\"@id\":\"https:\\\/\\\/agradocosmetic.com\\\/tienes-la-piel-atopica-tenemos-un-gel-micelar-para-ti\\\/#article\",\"isPartOf\":{\"@id\":\"https:\\\/\\\/agradocosmetic.com\\\/tienes-la-piel-atopica-tenemos-un-gel-micelar-para-ti\\\/\"},\"author\":{\"name\":\"agradocosmetic\",\"@id\":\"https:\\\/\\\/agradocosmetic.com\\\/#\\\/schema\\\/person\\\/732e8d396022e25f9340196f83d6789d\"},\"headline\":\"\u00bfTienes la piel at\u00f3pica? Tenemos un gel micelar para ti\",\"datePublished\":\"2019-11-20T08:14:33+00:00\",\"dateModified\":\"2023-11-18T16:58:55+00:00\",\"mainEntityOfPage\":{\"@id\":\"https:\\\/\\\/agradocosmetic.com\\\/tienes-la-piel-atopica-tenemos-un-gel-micelar-para-ti\\\/\"},\"wordCount\":416,\"commentCount\":0,\"publisher\":{\"@id\":\"https:\\\/\\\/agradocosmetic.com\\\/#organization\"},\"image\":{\"@id\":\"https:\\\/\\\/agradocosmetic.com\\\/tienes-la-piel-atopica-tenemos-un-gel-micelar-para-ti\\\/#primaryimage\"},\"thumbnailUrl\":\"https:\\\/\\\/agradocosmetic.com\\\/wp-content\\\/uploads\\\/2019\\\/11\\\/gel-micelar-agrado.jpg\",\"keywords\":[\"cuidado de la piel\",\"gel\",\"piel\",\"pieles at\u00f3picas\"],\"articleSection\":[\"Corporal\",\"Todos\"],\"inLanguage\":\"it-IT\",\"potentialAction\":[{\"@type\":\"CommentAction\",\"name\":\"Comment\",\"target\":[\"https:\\\/\\\/agradocosmetic.com\\\/tienes-la-piel-atopica-tenemos-un-gel-micelar-para-ti\\\/#respond\"]}]},{\"@type\":\"WebPage\",\"@id\":\"https:\\\/\\\/agradocosmetic.com\\\/tienes-la-piel-atopica-tenemos-un-gel-micelar-para-ti\\\/\",\"url\":\"https:\\\/\\\/agradocosmetic.com\\\/tienes-la-piel-atopica-tenemos-un-gel-micelar-para-ti\\\/\",\"name\":\"\u00bfTienes la piel at\u00f3pica? Tenemos un gel micelar para ti - Agrado\",\"isPartOf\":{\"@id\":\"https:\\\/\\\/agradocosmetic.com\\\/#website\"},\"primaryImageOfPage\":{\"@id\":\"https:\\\/\\\/agradocosmetic.com\\\/tienes-la-piel-atopica-tenemos-un-gel-micelar-para-ti\\\/#primaryimage\"},\"image\":{\"@id\":\"https:\\\/\\\/agradocosmetic.com\\\/tienes-la-piel-atopica-tenemos-un-gel-micelar-para-ti\\\/#primaryimage\"},\"thumbnailUrl\":\"https:\\\/\\\/agradocosmetic.com\\\/wp-content\\\/uploads\\\/2019\\\/11\\\/gel-micelar-agrado.jpg\",\"datePublished\":\"2019-11-20T08:14:33+00:00\",\"dateModified\":\"2023-11-18T16:58:55+00:00\",\"breadcrumb\":{\"@id\":\"https:\\\/\\\/agradocosmetic.com\\\/tienes-la-piel-atopica-tenemos-un-gel-micelar-para-ti\\\/#breadcrumb\"},\"inLanguage\":\"it-IT\",\"potentialAction\":[{\"@type\":\"ReadAction\",\"target\":[\"https:\\\/\\\/agradocosmetic.com\\\/tienes-la-piel-atopica-tenemos-un-gel-micelar-para-ti\\\/\"]}]},{\"@type\":\"ImageObject\",\"inLanguage\":\"it-IT\",\"@id\":\"https:\\\/\\\/agradocosmetic.com\\\/tienes-la-piel-atopica-tenemos-un-gel-micelar-para-ti\\\/#primaryimage\",\"url\":\"https:\\\/\\\/agradocosmetic.com\\\/wp-content\\\/uploads\\\/2019\\\/11\\\/gel-micelar-agrado.jpg\",\"contentUrl\":\"https:\\\/\\\/agradocosmetic.com\\\/wp-content\\\/uploads\\\/2019\\\/11\\\/gel-micelar-agrado.jpg\",\"width\":1200,\"height\":800},{\"@type\":\"BreadcrumbList\",\"@id\":\"https:\\\/\\\/agradocosmetic.com\\\/tienes-la-piel-atopica-tenemos-un-gel-micelar-para-ti\\\/#breadcrumb\",\"itemListElement\":[{\"@type\":\"ListItem\",\"position\":1,\"name\":\"Portada\",\"item\":\"https:\\\/\\\/agradocosmetic.com\\\/\"},{\"@type\":\"ListItem\",\"position\":2,\"name\":\"\u00bfTienes la piel at\u00f3pica? Tenemos un gel micelar para ti\"}]},{\"@type\":\"WebSite\",\"@id\":\"https:\\\/\\\/agradocosmetic.com\\\/#website\",\"url\":\"https:\\\/\\\/agradocosmetic.com\\\/\",\"name\":\"Agrado\",\"description\":\"Cosmetic\",\"publisher\":{\"@id\":\"https:\\\/\\\/agradocosmetic.com\\\/#organization\"},\"potentialAction\":[{\"@type\":\"SearchAction\",\"target\":{\"@type\":\"EntryPoint\",\"urlTemplate\":\"https:\\\/\\\/agradocosmetic.com\\\/?s={search_term_string}\"},\"query-input\":{\"@type\":\"PropertyValueSpecification\",\"valueRequired\":true,\"valueName\":\"search_term_string\"}}],\"inLanguage\":\"it-IT\"},{\"@type\":\"Organization\",\"@id\":\"https:\\\/\\\/agradocosmetic.com\\\/#organization\",\"name\":\"Agrado\",\"url\":\"https:\\\/\\\/agradocosmetic.com\\\/\",\"logo\":{\"@type\":\"ImageObject\",\"inLanguage\":\"it-IT\",\"@id\":\"https:\\\/\\\/agradocosmetic.com\\\/#\\\/schema\\\/logo\\\/image\\\/\",\"url\":\"https:\\\/\\\/agradocosmetic.com\\\/wp-content\\\/uploads\\\/2023\\\/07\\\/LOGO-AGRADO-WEB-01.png\",\"contentUrl\":\"https:\\\/\\\/agradocosmetic.com\\\/wp-content\\\/uploads\\\/2023\\\/07\\\/LOGO-AGRADO-WEB-01.png\",\"width\":1632,\"height\":300,\"caption\":\"Agrado\"},\"image\":{\"@id\":\"https:\\\/\\\/agradocosmetic.com\\\/#\\\/schema\\\/logo\\\/image\\\/\"}},{\"@type\":\"Person\",\"@id\":\"https:\\\/\\\/agradocosmetic.com\\\/#\\\/schema\\\/person\\\/732e8d396022e25f9340196f83d6789d\",\"name\":\"agradocosmetic\",\"image\":{\"@type\":\"ImageObject\",\"inLanguage\":\"it-IT\",\"@id\":\"https:\\\/\\\/secure.gravatar.com\\\/avatar\\\/c6003e45301182b7e125463fcbec403b1980909c12edf09098526b9a15e779c0?s=96&d=mm&r=g\",\"url\":\"https:\\\/\\\/secure.gravatar.com\\\/avatar\\\/c6003e45301182b7e125463fcbec403b1980909c12edf09098526b9a15e779c0?s=96&d=mm&r=g\",\"contentUrl\":\"https:\\\/\\\/secure.gravatar.com\\\/avatar\\\/c6003e45301182b7e125463fcbec403b1980909c12edf09098526b9a15e779c0?s=96&d=mm&r=g\",\"caption\":\"agradocosmetic\"}}]}<\/script>\n<!-- \/ Yoast SEO plugin. -->","yoast_head_json":{"title":"\u00bfTienes la piel at\u00f3pica? Tenemos un gel micelar para ti - Agrado","robots":{"index":"index","follow":"follow","max-snippet":"max-snippet:-1","max-image-preview":"max-image-preview:large","max-video-preview":"max-video-preview:-1"},"canonical":"https:\/\/agradocosmetic.com\/it\/tienes-la-piel-atopica-tenemos-un-gel-micelar-para-ti\/","og_locale":"it_IT","og_type":"article","og_title":"\u00bfTienes la piel at\u00f3pica? Tenemos un gel micelar para ti - Agrado","og_description":"Existen muchos tipos de pieles: grasas, secas o mixtas. Pero tambi\u00e9n existen pieles que sufren escamaci\u00f3n, irritaci\u00f3n y picores. Este tipo de pieles, son las conocidas como pieles at\u00f3picas. En general se trata de un cutis seco que presenta poca agua y grasa, y por lo tanto se irrita con mayor facilidad. \u00bfCu\u00e1les son las [&hellip;]","og_url":"https:\/\/agradocosmetic.com\/it\/tienes-la-piel-atopica-tenemos-un-gel-micelar-para-ti\/","og_site_name":"Agrado","article_published_time":"2019-11-20T08:14:33+00:00","article_modified_time":"2023-11-18T16:58:55+00:00","og_image":[{"width":1200,"height":800,"url":"https:\/\/agradocosmetic.com\/wp-content\/uploads\/2019\/11\/gel-micelar-agrado.jpg","type":"image\/jpeg"}],"author":"agradocosmetic","twitter_card":"summary_large_image","twitter_misc":{"Scritto da":"agradocosmetic","Tempo di lettura stimato":"2 minuti"},"schema":{"@context":"https:\/\/schema.org","@graph":[{"@type":"Article","@id":"https:\/\/agradocosmetic.com\/tienes-la-piel-atopica-tenemos-un-gel-micelar-para-ti\/#article","isPartOf":{"@id":"https:\/\/agradocosmetic.com\/tienes-la-piel-atopica-tenemos-un-gel-micelar-para-ti\/"},"author":{"name":"agradocosmetic","@id":"https:\/\/agradocosmetic.com\/#\/schema\/person\/732e8d396022e25f9340196f83d6789d"},"headline":"\u00bfTienes la piel at\u00f3pica? Tenemos un gel micelar para ti","datePublished":"2019-11-20T08:14:33+00:00","dateModified":"2023-11-18T16:58:55+00:00","mainEntityOfPage":{"@id":"https:\/\/agradocosmetic.com\/tienes-la-piel-atopica-tenemos-un-gel-micelar-para-ti\/"},"wordCount":416,"commentCount":0,"publisher":{"@id":"https:\/\/agradocosmetic.com\/#organization"},"image":{"@id":"https:\/\/agradocosmetic.com\/tienes-la-piel-atopica-tenemos-un-gel-micelar-para-ti\/#primaryimage"},"thumbnailUrl":"https:\/\/agradocosmetic.com\/wp-content\/uploads\/2019\/11\/gel-micelar-agrado.jpg","keywords":["cuidado de la piel","gel","piel","pieles at\u00f3picas"],"articleSection":["Corporal","Todos"],"inLanguage":"it-IT","potentialAction":[{"@type":"CommentAction","name":"Comment","target":["https:\/\/agradocosmetic.com\/tienes-la-piel-atopica-tenemos-un-gel-micelar-para-ti\/#respond"]}]},{"@type":"WebPage","@id":"https:\/\/agradocosmetic.com\/tienes-la-piel-atopica-tenemos-un-gel-micelar-para-ti\/","url":"https:\/\/agradocosmetic.com\/tienes-la-piel-atopica-tenemos-un-gel-micelar-para-ti\/","name":"\u00bfTienes la piel at\u00f3pica? Tenemos un gel micelar para ti - Agrado","isPartOf":{"@id":"https:\/\/agradocosmetic.com\/#website"},"primaryImageOfPage":{"@id":"https:\/\/agradocosmetic.com\/tienes-la-piel-atopica-tenemos-un-gel-micelar-para-ti\/#primaryimage"},"image":{"@id":"https:\/\/agradocosmetic.com\/tienes-la-piel-atopica-tenemos-un-gel-micelar-para-ti\/#primaryimage"},"thumbnailUrl":"https:\/\/agradocosmetic.com\/wp-content\/uploads\/2019\/11\/gel-micelar-agrado.jpg","datePublished":"2019-11-20T08:14:33+00:00","dateModified":"2023-11-18T16:58:55+00:00","breadcrumb":{"@id":"https:\/\/agradocosmetic.com\/tienes-la-piel-atopica-tenemos-un-gel-micelar-para-ti\/#breadcrumb"},"inLanguage":"it-IT","potentialAction":[{"@type":"ReadAction","target":["https:\/\/agradocosmetic.com\/tienes-la-piel-atopica-tenemos-un-gel-micelar-para-ti\/"]}]},{"@type":"ImageObject","inLanguage":"it-IT","@id":"https:\/\/agradocosmetic.com\/tienes-la-piel-atopica-tenemos-un-gel-micelar-para-ti\/#primaryimage","url":"https:\/\/agradocosmetic.com\/wp-content\/uploads\/2019\/11\/gel-micelar-agrado.jpg","contentUrl":"https:\/\/agradocosmetic.com\/wp-content\/uploads\/2019\/11\/gel-micelar-agrado.jpg","width":1200,"height":800},{"@type":"BreadcrumbList","@id":"https:\/\/agradocosmetic.com\/tienes-la-piel-atopica-tenemos-un-gel-micelar-para-ti\/#breadcrumb","itemListElement":[{"@type":"ListItem","position":1,"name":"Portada","item":"https:\/\/agradocosmetic.com\/"},{"@type":"ListItem","position":2,"name":"\u00bfTienes la piel at\u00f3pica? Tenemos un gel micelar para ti"}]},{"@type":"WebSite","@id":"https:\/\/agradocosmetic.com\/#website","url":"https:\/\/agradocosmetic.com\/","name":"Mi piace","description":"cosmetico","publisher":{"@id":"https:\/\/agradocosmetic.com\/#organization"},"potentialAction":[{"@type":"SearchAction","target":{"@type":"EntryPoint","urlTemplate":"https:\/\/agradocosmetic.com\/?s={search_term_string}"},"query-input":{"@type":"PropertyValueSpecification","valueRequired":true,"valueName":"search_term_string"}}],"inLanguage":"it-IT"},{"@type":"Organization","@id":"https:\/\/agradocosmetic.com\/#organization","name":"Mi piace","url":"https:\/\/agradocosmetic.com\/","logo":{"@type":"ImageObject","inLanguage":"it-IT","@id":"https:\/\/agradocosmetic.com\/#\/schema\/logo\/image\/","url":"https:\/\/agradocosmetic.com\/wp-content\/uploads\/2023\/07\/LOGO-AGRADO-WEB-01.png","contentUrl":"https:\/\/agradocosmetic.com\/wp-content\/uploads\/2023\/07\/LOGO-AGRADO-WEB-01.png","width":1632,"height":300,"caption":"Agrado"},"image":{"@id":"https:\/\/agradocosmetic.com\/#\/schema\/logo\/image\/"}},{"@type":"Person","@id":"https:\/\/agradocosmetic.com\/#\/schema\/person\/732e8d396022e25f9340196f83d6789d","name":"agradocosmetico","image":{"@type":"ImageObject","inLanguage":"it-IT","@id":"https:\/\/secure.gravatar.com\/avatar\/c6003e45301182b7e125463fcbec403b1980909c12edf09098526b9a15e779c0?s=96&d=mm&r=g","url":"https:\/\/secure.gravatar.com\/avatar\/c6003e45301182b7e125463fcbec403b1980909c12edf09098526b9a15e779c0?s=96&d=mm&r=g","contentUrl":"https:\/\/secure.gravatar.com\/avatar\/c6003e45301182b7e125463fcbec403b1980909c12edf09098526b9a15e779c0?s=96&d=mm&r=g","caption":"agradocosmetic"}}]}},"_links":{"self":[{"href":"https:\/\/agradocosmetic.com\/it\/wp-json\/wp\/v2\/posts\/5731","targetHints":{"allow":["GET"]}}],"collection":[{"href":"https:\/\/agradocosmetic.com\/it\/wp-json\/wp\/v2\/posts"}],"about":[{"href":"https:\/\/agradocosmetic.com\/it\/wp-json\/wp\/v2\/types\/post"}],"author":[{"embeddable":true,"href":"https:\/\/agradocosmetic.com\/it\/wp-json\/wp\/v2\/users\/9"}],"replies":[{"embeddable":true,"href":"https:\/\/agradocosmetic.com\/it\/wp-json\/wp\/v2\/comments?post=5731"}],"version-history":[{"count":1,"href":"https:\/\/agradocosmetic.com\/it\/wp-json\/wp\/v2\/posts\/5731\/revisions"}],"predecessor-version":[{"id":21395,"href":"https:\/\/agradocosmetic.com\/it\/wp-json\/wp\/v2\/posts\/5731\/revisions\/21395"}],"wp:featuredmedia":[{"embeddable":true,"href":"https:\/\/agradocosmetic.com\/it\/wp-json\/wp\/v2\/media\/21394"}],"wp:attachment":[{"href":"https:\/\/agradocosmetic.com\/it\/wp-json\/wp\/v2\/media?parent=5731"}],"wp:term":[{"taxonomy":"category","embeddable":true,"href":"https:\/\/agradocosmetic.com\/it\/wp-json\/wp\/v2\/categories?post=5731"},{"taxonomy":"post_tag","embeddable":true,"href":"https:\/\/agradocosmetic.com\/it\/wp-json\/wp\/v2\/tags?post=5731"}],"curies":[{"name":"parola chiave","href":"https:\/\/api.w.org\/{rel}","templated":true}]}}