{"id":6116,"date":"2019-12-18T09:15:20","date_gmt":"2019-12-18T08:15:20","guid":{"rendered":"https:\/\/www.agradocosmetic.com\/?p=6116"},"modified":"2023-11-18T16:58:55","modified_gmt":"2023-11-18T16:58:55","slug":"bebes-cuidados-bebes-felices-con-agrado-baby","status":"publish","type":"post","link":"https:\/\/agradocosmetic.com\/it\/bebes-cuidados-bebes-felices-con-agrado-baby\/","title":{"rendered":"Bambini curati, bambini felici con Agrado Baby"},"content":{"rendered":"<p>Non c&#039;\u00e8 niente di pi\u00f9 morbido e sensibile della pelle di un bambino, funge da barriera per prevenire la perdita d&#039;acqua, protegge dagli sbalzi di temperatura e matura gradualmente fin dai primi mesi. Ecco perch\u00e9 per loro bisogna averne la massima cura, prestando estrema attenzione, soprattutto nella routine del bagno.<\/p>\r\n\r\n\r\n\r\n<p>La nuova linea per neonati <strong>Mi piace il bambino<\/strong> \u00e8 una selezione completa di prodotti che coprono tutte le esigenze quotidiane di cura e igiene del bambino, garantendone il benessere. Con formule dermatologicamente testate e sotto controllo pediatrico, antistrappo e con comodi erogatori a doppia altezza, perfetti per essere maneggiati con una mano durante la toelettatura. Facilit\u00e0 per i pap\u00e0!<\/p>\r\n\r\n\r\n\r\n<div class=\"wp-block-image\">\r\n<figure class=\"aligncenter is-resized\"><img fetchpriority=\"high\" decoding=\"async\" class=\"wp-image-6132\" src=\"https:\/\/www.agradocosmetic.com\/wp-content\/uploads\/2019\/11\/6353_SET-DE-BAN\u0303O-AGRADO-BABY_CARA-JABON-Y-CHAMPU-819x1024.jpg\" alt=\"\" width=\"364\" height=\"454\" \/><\/figure>\r\n<\/div>\r\n\r\n\r\n\r\n<p><strong>Shampoo delicato alla camomilla.<\/strong><\/p>\r\n\r\n\r\n\r\n<p>Grazie alla camomilla e alle sue naturali propriet\u00e0 rilassanti e antinfiammatorie, farai s\u00ec che il cuoio capelluto dei pi\u00f9 piccoli sia a prova di irritabilit\u00e0, oltre ad ottenere pi\u00f9 lucentezza e luminosit\u00e0. Una bella vittoria. \u00a0\u00a0<\/p>\r\n\r\n\r\n\r\n<p><strong>Sapone liquido all&#039;aloe vera.<\/strong><\/p>\r\n\r\n\r\n\r\n<p><strong>Lozione per il corpo all&#039;aloe vera e altri agenti delicati sulla pelle del bambino.<\/strong><\/p>\r\n\r\n\r\n\r\n<p>Entrambi i prodotti sono costituiti da un componente che li rende protagonisti, l&#039;aloe vera. Una pianta medicinale con nutrienti essenziali per la pelle e soprattutto quella dei bambini per le sue capacit\u00e0 cicatrizzanti e aiuta nella rigenerazione cellulare, in caso di desquamazione o pelle facilmente secca grazie al suo elevato potere idratante.<\/p>\r\n\r\n\r\n\r\n<p><strong>Acqua di colonia fresca per una sensazione di freschezza. <\/strong><\/p>\r\n\r\n\r\n\r\n<p>Il potere dell&#039;olfatto influisce sulla memoria e non c&#039;\u00e8 modo migliore per iniziare a creare questa memoria olfattiva che dall&#039;inizio con le gocce d&#039;acqua Agrado Baby.<\/p>\r\n\r\n\r\n\r\n<ul class=\"wp-block-gallery columns-2 is-cropped wp-block-gallery-1 is-layout-flex wp-block-gallery-is-layout-flex\">\r\n<li class=\"blocks-gallery-item\">\r\n<figure><img decoding=\"async\" class=\"wp-image-6135\" src=\"https:\/\/www.agradocosmetic.com\/wp-content\/uploads\/2019\/11\/locion-hidratante-y-colonia-01-01-603x1024.png\" alt=\"\" data-id=\"6135\" data-link=\"https:\/\/www.agradocosmetic.com\/?attachment_id=6135\" \/><\/figure>\r\n<\/li>\r\n<li class=\"blocks-gallery-item\">\r\n<figure><img decoding=\"async\" class=\"wp-image-6138\" src=\"https:\/\/www.agradocosmetic.com\/wp-content\/uploads\/2019\/11\/jabon-y-champu-01-603x1024.png\" alt=\"\" data-id=\"6138\" data-link=\"https:\/\/www.agradocosmetic.com\/?attachment_id=6138\" \/><\/figure>\r\n<\/li>\r\n<\/ul>\r\n\r\n\r\n\r\n<p>IL <strong>cura migliore<\/strong> per il tuo bambino sono dentro <strong>Mi piace<\/strong>.<\/p>\r\n\r\n\r\n\r\n<p>Fai il test e raccontaci la tua esperienza, ti leggeremo <a href=\"https:\/\/www.facebook.com\/agradocosmetic\">reti<\/a> <a href=\"https:\/\/instagram.com\/agradocosmetic\">sociale<\/a>.<\/p>","protected":false},"excerpt":{"rendered":"<p>No hay nada m\u00e1s suave y sensible que la piel de un beb\u00e9, act\u00faa como barrera para evitar p\u00e9rdida de agua, protege contra los cambios de temperatura y madura de forma gradual desde los primeros meses. Es por eso que hay que cuidarla al m\u00e1ximo por ellos extremando los cuidados, sobre todo en la rutina [&hellip;]<\/p>\n","protected":false},"author":9,"featured_media":21390,"comment_status":"open","ping_status":"closed","sticky":false,"template":"","format":"standard","meta":{"footnotes":"","_wp_rev_ctl_limit":""},"categories":[128,149,1],"tags":[],"class_list":["post-6116","post","type-post","status-publish","format-standard","has-post-thumbnail","hentry","category-capilar","category-corporal","category-todos"],"yoast_head":"<!-- This site is optimized with the Yoast SEO plugin v27.4 - https:\/\/yoast.com\/product\/yoast-seo-wordpress\/ -->\n<title>Beb\u00e9s cuidados, beb\u00e9s felices con Agrado Baby - Agrado<\/title>\n<meta name=\"robots\" content=\"index, follow, max-snippet:-1, max-image-preview:large, max-video-preview:-1\" \/>\n<link rel=\"canonical\" href=\"https:\/\/agradocosmetic.com\/it\/bebes-cuidados-bebes-felices-con-agrado-baby\/\" \/>\n<meta property=\"og:locale\" content=\"it_IT\" \/>\n<meta property=\"og:type\" content=\"article\" \/>\n<meta property=\"og:title\" content=\"Beb\u00e9s cuidados, beb\u00e9s felices con Agrado Baby - Agrado\" \/>\n<meta property=\"og:description\" content=\"No hay nada m\u00e1s suave y sensible que la piel de un beb\u00e9, act\u00faa como barrera para evitar p\u00e9rdida de agua, protege contra los cambios de temperatura y madura de forma gradual desde los primeros meses. Es por eso que hay que cuidarla al m\u00e1ximo por ellos extremando los cuidados, sobre todo en la rutina [&hellip;]\" \/>\n<meta property=\"og:url\" content=\"https:\/\/agradocosmetic.com\/it\/bebes-cuidados-bebes-felices-con-agrado-baby\/\" \/>\n<meta property=\"og:site_name\" content=\"Agrado\" \/>\n<meta property=\"article:published_time\" content=\"2019-12-18T08:15:20+00:00\" \/>\n<meta property=\"article:modified_time\" content=\"2023-11-18T16:58:55+00:00\" \/>\n<meta property=\"og:image\" content=\"https:\/\/agradocosmetic.com\/wp-content\/uploads\/2019\/12\/cuidados-bebes-agrado.jpg\" \/>\n\t<meta property=\"og:image:width\" content=\"1200\" \/>\n\t<meta property=\"og:image:height\" content=\"800\" \/>\n\t<meta property=\"og:image:type\" content=\"image\/jpeg\" \/>\n<meta name=\"author\" content=\"agradocosmetic\" \/>\n<meta name=\"twitter:card\" content=\"summary_large_image\" \/>\n<meta name=\"twitter:label1\" content=\"Scritto da\" \/>\n\t<meta name=\"twitter:data1\" content=\"agradocosmetic\" \/>\n\t<meta name=\"twitter:label2\" content=\"Tempo di lettura stimato\" \/>\n\t<meta name=\"twitter:data2\" content=\"2 minuti\" \/>\n<script type=\"application\/ld+json\" class=\"yoast-schema-graph\">{\"@context\":\"https:\\\/\\\/schema.org\",\"@graph\":[{\"@type\":\"Article\",\"@id\":\"https:\\\/\\\/agradocosmetic.com\\\/bebes-cuidados-bebes-felices-con-agrado-baby\\\/#article\",\"isPartOf\":{\"@id\":\"https:\\\/\\\/agradocosmetic.com\\\/bebes-cuidados-bebes-felices-con-agrado-baby\\\/\"},\"author\":{\"name\":\"agradocosmetic\",\"@id\":\"https:\\\/\\\/agradocosmetic.com\\\/#\\\/schema\\\/person\\\/732e8d396022e25f9340196f83d6789d\"},\"headline\":\"Beb\u00e9s cuidados, beb\u00e9s felices con Agrado Baby\",\"datePublished\":\"2019-12-18T08:15:20+00:00\",\"dateModified\":\"2023-11-18T16:58:55+00:00\",\"mainEntityOfPage\":{\"@id\":\"https:\\\/\\\/agradocosmetic.com\\\/bebes-cuidados-bebes-felices-con-agrado-baby\\\/\"},\"wordCount\":334,\"commentCount\":0,\"publisher\":{\"@id\":\"https:\\\/\\\/agradocosmetic.com\\\/#organization\"},\"image\":{\"@id\":\"https:\\\/\\\/agradocosmetic.com\\\/bebes-cuidados-bebes-felices-con-agrado-baby\\\/#primaryimage\"},\"thumbnailUrl\":\"https:\\\/\\\/agradocosmetic.com\\\/wp-content\\\/uploads\\\/2019\\\/12\\\/cuidados-bebes-agrado.jpg\",\"articleSection\":[\"Capilar\",\"Corporal\",\"Todos\"],\"inLanguage\":\"it-IT\",\"potentialAction\":[{\"@type\":\"CommentAction\",\"name\":\"Comment\",\"target\":[\"https:\\\/\\\/agradocosmetic.com\\\/bebes-cuidados-bebes-felices-con-agrado-baby\\\/#respond\"]}]},{\"@type\":\"WebPage\",\"@id\":\"https:\\\/\\\/agradocosmetic.com\\\/bebes-cuidados-bebes-felices-con-agrado-baby\\\/\",\"url\":\"https:\\\/\\\/agradocosmetic.com\\\/bebes-cuidados-bebes-felices-con-agrado-baby\\\/\",\"name\":\"Beb\u00e9s cuidados, beb\u00e9s felices con Agrado Baby - Agrado\",\"isPartOf\":{\"@id\":\"https:\\\/\\\/agradocosmetic.com\\\/#website\"},\"primaryImageOfPage\":{\"@id\":\"https:\\\/\\\/agradocosmetic.com\\\/bebes-cuidados-bebes-felices-con-agrado-baby\\\/#primaryimage\"},\"image\":{\"@id\":\"https:\\\/\\\/agradocosmetic.com\\\/bebes-cuidados-bebes-felices-con-agrado-baby\\\/#primaryimage\"},\"thumbnailUrl\":\"https:\\\/\\\/agradocosmetic.com\\\/wp-content\\\/uploads\\\/2019\\\/12\\\/cuidados-bebes-agrado.jpg\",\"datePublished\":\"2019-12-18T08:15:20+00:00\",\"dateModified\":\"2023-11-18T16:58:55+00:00\",\"breadcrumb\":{\"@id\":\"https:\\\/\\\/agradocosmetic.com\\\/bebes-cuidados-bebes-felices-con-agrado-baby\\\/#breadcrumb\"},\"inLanguage\":\"it-IT\",\"potentialAction\":[{\"@type\":\"ReadAction\",\"target\":[\"https:\\\/\\\/agradocosmetic.com\\\/bebes-cuidados-bebes-felices-con-agrado-baby\\\/\"]}]},{\"@type\":\"ImageObject\",\"inLanguage\":\"it-IT\",\"@id\":\"https:\\\/\\\/agradocosmetic.com\\\/bebes-cuidados-bebes-felices-con-agrado-baby\\\/#primaryimage\",\"url\":\"https:\\\/\\\/agradocosmetic.com\\\/wp-content\\\/uploads\\\/2019\\\/12\\\/cuidados-bebes-agrado.jpg\",\"contentUrl\":\"https:\\\/\\\/agradocosmetic.com\\\/wp-content\\\/uploads\\\/2019\\\/12\\\/cuidados-bebes-agrado.jpg\",\"width\":1200,\"height\":800},{\"@type\":\"BreadcrumbList\",\"@id\":\"https:\\\/\\\/agradocosmetic.com\\\/bebes-cuidados-bebes-felices-con-agrado-baby\\\/#breadcrumb\",\"itemListElement\":[{\"@type\":\"ListItem\",\"position\":1,\"name\":\"Portada\",\"item\":\"https:\\\/\\\/agradocosmetic.com\\\/\"},{\"@type\":\"ListItem\",\"position\":2,\"name\":\"Beb\u00e9s cuidados, beb\u00e9s felices con Agrado Baby\"}]},{\"@type\":\"WebSite\",\"@id\":\"https:\\\/\\\/agradocosmetic.com\\\/#website\",\"url\":\"https:\\\/\\\/agradocosmetic.com\\\/\",\"name\":\"Agrado\",\"description\":\"Cosmetic\",\"publisher\":{\"@id\":\"https:\\\/\\\/agradocosmetic.com\\\/#organization\"},\"potentialAction\":[{\"@type\":\"SearchAction\",\"target\":{\"@type\":\"EntryPoint\",\"urlTemplate\":\"https:\\\/\\\/agradocosmetic.com\\\/?s={search_term_string}\"},\"query-input\":{\"@type\":\"PropertyValueSpecification\",\"valueRequired\":true,\"valueName\":\"search_term_string\"}}],\"inLanguage\":\"it-IT\"},{\"@type\":\"Organization\",\"@id\":\"https:\\\/\\\/agradocosmetic.com\\\/#organization\",\"name\":\"Agrado\",\"url\":\"https:\\\/\\\/agradocosmetic.com\\\/\",\"logo\":{\"@type\":\"ImageObject\",\"inLanguage\":\"it-IT\",\"@id\":\"https:\\\/\\\/agradocosmetic.com\\\/#\\\/schema\\\/logo\\\/image\\\/\",\"url\":\"https:\\\/\\\/agradocosmetic.com\\\/wp-content\\\/uploads\\\/2023\\\/07\\\/LOGO-AGRADO-WEB-01.png\",\"contentUrl\":\"https:\\\/\\\/agradocosmetic.com\\\/wp-content\\\/uploads\\\/2023\\\/07\\\/LOGO-AGRADO-WEB-01.png\",\"width\":1632,\"height\":300,\"caption\":\"Agrado\"},\"image\":{\"@id\":\"https:\\\/\\\/agradocosmetic.com\\\/#\\\/schema\\\/logo\\\/image\\\/\"}},{\"@type\":\"Person\",\"@id\":\"https:\\\/\\\/agradocosmetic.com\\\/#\\\/schema\\\/person\\\/732e8d396022e25f9340196f83d6789d\",\"name\":\"agradocosmetic\",\"image\":{\"@type\":\"ImageObject\",\"inLanguage\":\"it-IT\",\"@id\":\"https:\\\/\\\/secure.gravatar.com\\\/avatar\\\/c6003e45301182b7e125463fcbec403b1980909c12edf09098526b9a15e779c0?s=96&d=mm&r=g\",\"url\":\"https:\\\/\\\/secure.gravatar.com\\\/avatar\\\/c6003e45301182b7e125463fcbec403b1980909c12edf09098526b9a15e779c0?s=96&d=mm&r=g\",\"contentUrl\":\"https:\\\/\\\/secure.gravatar.com\\\/avatar\\\/c6003e45301182b7e125463fcbec403b1980909c12edf09098526b9a15e779c0?s=96&d=mm&r=g\",\"caption\":\"agradocosmetic\"}}]}<\/script>\n<!-- \/ Yoast SEO plugin. -->","yoast_head_json":{"title":"Beb\u00e9s cuidados, beb\u00e9s felices con Agrado Baby - Agrado","robots":{"index":"index","follow":"follow","max-snippet":"max-snippet:-1","max-image-preview":"max-image-preview:large","max-video-preview":"max-video-preview:-1"},"canonical":"https:\/\/agradocosmetic.com\/it\/bebes-cuidados-bebes-felices-con-agrado-baby\/","og_locale":"it_IT","og_type":"article","og_title":"Beb\u00e9s cuidados, beb\u00e9s felices con Agrado Baby - Agrado","og_description":"No hay nada m\u00e1s suave y sensible que la piel de un beb\u00e9, act\u00faa como barrera para evitar p\u00e9rdida de agua, protege contra los cambios de temperatura y madura de forma gradual desde los primeros meses. Es por eso que hay que cuidarla al m\u00e1ximo por ellos extremando los cuidados, sobre todo en la rutina [&hellip;]","og_url":"https:\/\/agradocosmetic.com\/it\/bebes-cuidados-bebes-felices-con-agrado-baby\/","og_site_name":"Agrado","article_published_time":"2019-12-18T08:15:20+00:00","article_modified_time":"2023-11-18T16:58:55+00:00","og_image":[{"width":1200,"height":800,"url":"https:\/\/agradocosmetic.com\/wp-content\/uploads\/2019\/12\/cuidados-bebes-agrado.jpg","type":"image\/jpeg"}],"author":"agradocosmetic","twitter_card":"summary_large_image","twitter_misc":{"Scritto da":"agradocosmetic","Tempo di lettura stimato":"2 minuti"},"schema":{"@context":"https:\/\/schema.org","@graph":[{"@type":"Article","@id":"https:\/\/agradocosmetic.com\/bebes-cuidados-bebes-felices-con-agrado-baby\/#article","isPartOf":{"@id":"https:\/\/agradocosmetic.com\/bebes-cuidados-bebes-felices-con-agrado-baby\/"},"author":{"name":"agradocosmetic","@id":"https:\/\/agradocosmetic.com\/#\/schema\/person\/732e8d396022e25f9340196f83d6789d"},"headline":"Beb\u00e9s cuidados, beb\u00e9s felices con Agrado Baby","datePublished":"2019-12-18T08:15:20+00:00","dateModified":"2023-11-18T16:58:55+00:00","mainEntityOfPage":{"@id":"https:\/\/agradocosmetic.com\/bebes-cuidados-bebes-felices-con-agrado-baby\/"},"wordCount":334,"commentCount":0,"publisher":{"@id":"https:\/\/agradocosmetic.com\/#organization"},"image":{"@id":"https:\/\/agradocosmetic.com\/bebes-cuidados-bebes-felices-con-agrado-baby\/#primaryimage"},"thumbnailUrl":"https:\/\/agradocosmetic.com\/wp-content\/uploads\/2019\/12\/cuidados-bebes-agrado.jpg","articleSection":["Capilar","Corporal","Todos"],"inLanguage":"it-IT","potentialAction":[{"@type":"CommentAction","name":"Comment","target":["https:\/\/agradocosmetic.com\/bebes-cuidados-bebes-felices-con-agrado-baby\/#respond"]}]},{"@type":"WebPage","@id":"https:\/\/agradocosmetic.com\/bebes-cuidados-bebes-felices-con-agrado-baby\/","url":"https:\/\/agradocosmetic.com\/bebes-cuidados-bebes-felices-con-agrado-baby\/","name":"Beb\u00e9s cuidados, beb\u00e9s felices con Agrado Baby - Agrado","isPartOf":{"@id":"https:\/\/agradocosmetic.com\/#website"},"primaryImageOfPage":{"@id":"https:\/\/agradocosmetic.com\/bebes-cuidados-bebes-felices-con-agrado-baby\/#primaryimage"},"image":{"@id":"https:\/\/agradocosmetic.com\/bebes-cuidados-bebes-felices-con-agrado-baby\/#primaryimage"},"thumbnailUrl":"https:\/\/agradocosmetic.com\/wp-content\/uploads\/2019\/12\/cuidados-bebes-agrado.jpg","datePublished":"2019-12-18T08:15:20+00:00","dateModified":"2023-11-18T16:58:55+00:00","breadcrumb":{"@id":"https:\/\/agradocosmetic.com\/bebes-cuidados-bebes-felices-con-agrado-baby\/#breadcrumb"},"inLanguage":"it-IT","potentialAction":[{"@type":"ReadAction","target":["https:\/\/agradocosmetic.com\/bebes-cuidados-bebes-felices-con-agrado-baby\/"]}]},{"@type":"ImageObject","inLanguage":"it-IT","@id":"https:\/\/agradocosmetic.com\/bebes-cuidados-bebes-felices-con-agrado-baby\/#primaryimage","url":"https:\/\/agradocosmetic.com\/wp-content\/uploads\/2019\/12\/cuidados-bebes-agrado.jpg","contentUrl":"https:\/\/agradocosmetic.com\/wp-content\/uploads\/2019\/12\/cuidados-bebes-agrado.jpg","width":1200,"height":800},{"@type":"BreadcrumbList","@id":"https:\/\/agradocosmetic.com\/bebes-cuidados-bebes-felices-con-agrado-baby\/#breadcrumb","itemListElement":[{"@type":"ListItem","position":1,"name":"Portada","item":"https:\/\/agradocosmetic.com\/"},{"@type":"ListItem","position":2,"name":"Beb\u00e9s cuidados, beb\u00e9s felices con Agrado Baby"}]},{"@type":"WebSite","@id":"https:\/\/agradocosmetic.com\/#website","url":"https:\/\/agradocosmetic.com\/","name":"Mi piace","description":"cosmetico","publisher":{"@id":"https:\/\/agradocosmetic.com\/#organization"},"potentialAction":[{"@type":"SearchAction","target":{"@type":"EntryPoint","urlTemplate":"https:\/\/agradocosmetic.com\/?s={search_term_string}"},"query-input":{"@type":"PropertyValueSpecification","valueRequired":true,"valueName":"search_term_string"}}],"inLanguage":"it-IT"},{"@type":"Organization","@id":"https:\/\/agradocosmetic.com\/#organization","name":"Mi piace","url":"https:\/\/agradocosmetic.com\/","logo":{"@type":"ImageObject","inLanguage":"it-IT","@id":"https:\/\/agradocosmetic.com\/#\/schema\/logo\/image\/","url":"https:\/\/agradocosmetic.com\/wp-content\/uploads\/2023\/07\/LOGO-AGRADO-WEB-01.png","contentUrl":"https:\/\/agradocosmetic.com\/wp-content\/uploads\/2023\/07\/LOGO-AGRADO-WEB-01.png","width":1632,"height":300,"caption":"Agrado"},"image":{"@id":"https:\/\/agradocosmetic.com\/#\/schema\/logo\/image\/"}},{"@type":"Person","@id":"https:\/\/agradocosmetic.com\/#\/schema\/person\/732e8d396022e25f9340196f83d6789d","name":"agradocosmetico","image":{"@type":"ImageObject","inLanguage":"it-IT","@id":"https:\/\/secure.gravatar.com\/avatar\/c6003e45301182b7e125463fcbec403b1980909c12edf09098526b9a15e779c0?s=96&d=mm&r=g","url":"https:\/\/secure.gravatar.com\/avatar\/c6003e45301182b7e125463fcbec403b1980909c12edf09098526b9a15e779c0?s=96&d=mm&r=g","contentUrl":"https:\/\/secure.gravatar.com\/avatar\/c6003e45301182b7e125463fcbec403b1980909c12edf09098526b9a15e779c0?s=96&d=mm&r=g","caption":"agradocosmetic"}}]}},"_links":{"self":[{"href":"https:\/\/agradocosmetic.com\/it\/wp-json\/wp\/v2\/posts\/6116","targetHints":{"allow":["GET"]}}],"collection":[{"href":"https:\/\/agradocosmetic.com\/it\/wp-json\/wp\/v2\/posts"}],"about":[{"href":"https:\/\/agradocosmetic.com\/it\/wp-json\/wp\/v2\/types\/post"}],"author":[{"embeddable":true,"href":"https:\/\/agradocosmetic.com\/it\/wp-json\/wp\/v2\/users\/9"}],"replies":[{"embeddable":true,"href":"https:\/\/agradocosmetic.com\/it\/wp-json\/wp\/v2\/comments?post=6116"}],"version-history":[{"count":1,"href":"https:\/\/agradocosmetic.com\/it\/wp-json\/wp\/v2\/posts\/6116\/revisions"}],"predecessor-version":[{"id":21391,"href":"https:\/\/agradocosmetic.com\/it\/wp-json\/wp\/v2\/posts\/6116\/revisions\/21391"}],"wp:featuredmedia":[{"embeddable":true,"href":"https:\/\/agradocosmetic.com\/it\/wp-json\/wp\/v2\/media\/21390"}],"wp:attachment":[{"href":"https:\/\/agradocosmetic.com\/it\/wp-json\/wp\/v2\/media?parent=6116"}],"wp:term":[{"taxonomy":"category","embeddable":true,"href":"https:\/\/agradocosmetic.com\/it\/wp-json\/wp\/v2\/categories?post=6116"},{"taxonomy":"post_tag","embeddable":true,"href":"https:\/\/agradocosmetic.com\/it\/wp-json\/wp\/v2\/tags?post=6116"}],"curies":[{"name":"parola chiave","href":"https:\/\/api.w.org\/{rel}","templated":true}]}}