{"id":6927,"date":"2020-01-16T09:39:37","date_gmt":"2020-01-16T08:39:37","guid":{"rendered":"https:\/\/www.agradocosmetic.com\/?p=6927"},"modified":"2023-11-18T16:58:55","modified_gmt":"2023-11-18T16:58:55","slug":"errores-higiene-facial","status":"publish","type":"post","link":"https:\/\/agradocosmetic.com\/it\/errores-higiene-facial\/","title":{"rendered":"5 errori nell&#039;igiene del viso"},"content":{"rendered":"<p>Dietro ogni pelle giovane e luminosa si nasconde un segreto che va ben oltre tutti quei \u201cprodotti miracolosi\u201d e i prodotti pi\u00f9 \u201ctop\u201d presenti sul mercato, questo segreto \u00e8 saper adottare quotidianamente una buona routine di igiene del viso. Tuttavia, a volte si commettono inconsciamente alcuni errori nell&#039;igiene del viso che minano la nostra pelle. Prendi nota e inizia subito a migliorare le condizioni della tua pelle. Noterai la differenza!<\/p>\r\n\r\n\r\n\r\n<p><strong>1.Temperatura dell&#039;acqua <\/strong><\/p>\r\n\r\n\r\n\r\n<p>Lavarsi il viso con acqua calda \u00e8 una cosa molto tipica e che molti di noi fanno perch\u00e9 \u00e8 piacevole, soprattutto in questo periodo dell&#039;anno. Ma usare acqua molto calda \u00e8 uno dei principali errori di igiene del viso, poich\u00e9 eliminerebbe solo gli oli naturali della pelle, causando disidratazione e screpolature. Inoltre non \u00e8 vero che l\u2019acqua molto fredda chiude i pori. Il migliore? Una via di mezzo.\u00a0<\/p>\r\n\r\n\r\n\r\n<p><strong> 2. Applica molti prodotti<\/strong><\/p>\r\n\r\n\r\n\r\n<p>Utilizzando pi\u00f9 prodotti non si ottengono risultati migliori o immediati. Inoltre, la pelle sar\u00e0 solo sovralimentata da una serie di ingredienti mescolati insieme. Ricorda che meno \u00e8 meglio e che la qualit\u00e0 \u00e8 migliore della quantit\u00e0.\u00a0<\/p>\r\n\r\n\r\n\r\n<p><strong>3. Cambiare troppo la crema<\/strong><\/p>\r\n\r\n\r\n\r\n<p>Se la tua pelle \u00e8 abituata a una crema e funziona bene per te, non cambiarla! \u00c8 bene che una volta che la pelle si abitua ad una crema e soddisfa le sue esigenze, la manteniamo in modo che i risultati siano migliori e durino pi\u00f9 a lungo nel tempo. Ogni pelle \u00e8 diversa, quindi \u00e8 importante trovare la crema pi\u00f9 adatta al nostro tipo di pelle.\u00a0<\/p>\r\n\r\n\r\n\r\n<p><strong> 4. Salviette monouso\u00a0<\/strong><\/p>\r\n\r\n\r\n\r\n<p>\u00c8 vero che quando vogliamo struccarci e siamo stanche, il nostro miglior alleato sono le salviettine struccanti, ma non tutto \u00e8 cos\u00ec bello come sembra. Le salviette sono prodotti igienici di base, non trattamenti, e tutto ci\u00f2 che fanno \u00e8 pulire superficialmente il trucco senza trattare la pelle in profondit\u00e0. Il suo utilizzo \u00e8 uno degli errori pi\u00f9 frequenti nell&#039;igiene del viso.<\/p>\r\n\r\n\r\n\r\n<p>Per detergere delicatamente tutti i tipi di pelle, ti consigliamo di includere nella tua routine di pulizia del viso la nostra Acqua Micellare Struccante AGRADO, che pulisce, rimuove il trucco e tonifica la pelle in un solo gesto. 100% consigliato dai nostri clienti!<\/p>\r\n\r\n\r\n\r\n<p><strong> 5. L&#039;ordine dei fattori altera il prodotto<\/strong><\/p>\r\n\r\n\r\n\r\n<p>Se hai gi\u00e0 selezionato i prodotti ideali per l&#039;igiene e l&#039;idratazione del viso, \u00e8 il momento di parlare dell&#039;ordine. Se l&#039;applicazione non \u00e8 corretta, i principi attivi potrebbero disperdersi e non penetrare nella pelle come dovrebbero. Usando il buon senso, dovremmo sempre applicare i prodotti dalla densit\u00e0 pi\u00f9 bassa a quella pi\u00f9 alta delle loro texture.\u00a0<\/p>\r\n\r\n\r\n\r\n<p>Non c&#039;\u00e8 dubbio che il primo passo sia la pulizia, sia con <a href=\"\/it\/?p=469\">acqua micellare<\/a> O <a href=\"\/it\/?p=457\">latte struccante<\/a>. Seguirebbe l&#039;esfoliazione, ma fai attenzione! Questo passaggio viene eseguito solo una o due volte a settimana.\u00a0<\/p>\r\n\r\n\r\n\r\n<p>Il tonico \u00e8 quel prodotto che molte di noi ignorano, ma dobbiamo sapere che \u00e8 un passaggio molto importante per riequilibrare il pH della pelle e chiudere i pori. Ti invitiamo a provare il nostro <a href=\"\/it\/?p=463\">Tonico viso AGRADO<\/a>.\u00a0<\/p>\r\n\r\n\r\n\r\n<p>Ora \u00e8 il turno del siero e del contorno occhi, con formule pi\u00f9 concentrate e specifiche. E infine la crema idratante, sia essa antirughe, nutriente o rassodante. Scegline uno con protezione solare per saltare l&#039;ultimo passaggio, che sarebbe la protezione solare.\u00a0<\/p>\r\n\r\n\r\n\r\n<p>Se hai commesso uno di questi 5 errori nell&#039;igiene del viso, speriamo di averti aiutato a correggerlo. Vedrai che con piccoli cambiamenti nella tua routine otterrai grandi miglioramenti nella tua pelle. Raccontaci se eri consapevole di questi errori e come ti prendi cura della tua pelle.\u00a0\u00a0<\/p>","protected":false},"excerpt":{"rendered":"<p>Detr\u00e1s de toda piel joven y radiante, hay un secreto que va mucho m\u00e1s all\u00e1 de todos esos\u00a0 \u201cproductos milagro\u201d y m\u00e1s \u201ctop\u201d del mercado, este secreto es saber adoptar una buena rutina de higiene facial diariamente. A\u00fan as\u00ed, en ocasiones cometes ciertos errores en tu higiene facial de forma inconsciente que boicotean nuestra piel. [&hellip;]<\/p>\n","protected":false},"author":9,"featured_media":21388,"comment_status":"open","ping_status":"closed","sticky":false,"template":"","format":"standard","meta":{"footnotes":"","_wp_rev_ctl_limit":""},"categories":[119,1],"tags":[152,297,298,158],"class_list":["post-6927","post","type-post","status-publish","format-standard","has-post-thumbnail","hentry","category-facial","category-todos","tag-cuidados","tag-facial","tag-higiene","tag-piel"],"yoast_head":"<!-- This site is optimized with the Yoast SEO plugin v27.4 - https:\/\/yoast.com\/product\/yoast-seo-wordpress\/ -->\n<title>5 errores en tu higiene facial, \u00a1corrigelos! - Agrado Cosmetic<\/title>\n<meta name=\"description\" content=\"Muchas veces comentes errores en tu higiene facial sin ser consciente de ello. \u00a1Ponle remedio ya y empieza a ver un cambio en tu piel!\" \/>\n<meta name=\"robots\" content=\"index, follow, max-snippet:-1, max-image-preview:large, max-video-preview:-1\" \/>\n<link rel=\"canonical\" href=\"https:\/\/agradocosmetic.com\/it\/errores-higiene-facial\/\" \/>\n<meta property=\"og:locale\" content=\"it_IT\" \/>\n<meta property=\"og:type\" content=\"article\" \/>\n<meta property=\"og:title\" content=\"5 errores en tu higiene facial, \u00a1corrigelos! - Agrado Cosmetic\" \/>\n<meta property=\"og:description\" content=\"Muchas veces comentes errores en tu higiene facial sin ser consciente de ello. \u00a1Ponle remedio ya y empieza a ver un cambio en tu piel!\" \/>\n<meta property=\"og:url\" content=\"https:\/\/agradocosmetic.com\/it\/errores-higiene-facial\/\" \/>\n<meta property=\"og:site_name\" content=\"Agrado\" \/>\n<meta property=\"article:published_time\" content=\"2020-01-16T08:39:37+00:00\" \/>\n<meta property=\"article:modified_time\" content=\"2023-11-18T16:58:55+00:00\" \/>\n<meta property=\"og:image\" content=\"https:\/\/agradocosmetic.com\/wp-content\/uploads\/2020\/01\/errores-higiene-facial-agrado.jpg\" \/>\n\t<meta property=\"og:image:width\" content=\"1200\" \/>\n\t<meta property=\"og:image:height\" content=\"800\" \/>\n\t<meta property=\"og:image:type\" content=\"image\/jpeg\" \/>\n<meta name=\"author\" content=\"agradocosmetic\" \/>\n<meta name=\"twitter:card\" content=\"summary_large_image\" \/>\n<meta name=\"twitter:label1\" content=\"Scritto da\" \/>\n\t<meta name=\"twitter:data1\" content=\"agradocosmetic\" \/>\n\t<meta name=\"twitter:label2\" content=\"Tempo di lettura stimato\" \/>\n\t<meta name=\"twitter:data2\" content=\"3 minuti\" \/>\n<script type=\"application\/ld+json\" class=\"yoast-schema-graph\">{\"@context\":\"https:\\\/\\\/schema.org\",\"@graph\":[{\"@type\":\"Article\",\"@id\":\"https:\\\/\\\/agradocosmetic.com\\\/errores-higiene-facial\\\/#article\",\"isPartOf\":{\"@id\":\"https:\\\/\\\/agradocosmetic.com\\\/errores-higiene-facial\\\/\"},\"author\":{\"name\":\"agradocosmetic\",\"@id\":\"https:\\\/\\\/agradocosmetic.com\\\/#\\\/schema\\\/person\\\/732e8d396022e25f9340196f83d6789d\"},\"headline\":\"5 errores en tu higiene facial\",\"datePublished\":\"2020-01-16T08:39:37+00:00\",\"dateModified\":\"2023-11-18T16:58:55+00:00\",\"mainEntityOfPage\":{\"@id\":\"https:\\\/\\\/agradocosmetic.com\\\/errores-higiene-facial\\\/\"},\"wordCount\":635,\"commentCount\":0,\"publisher\":{\"@id\":\"https:\\\/\\\/agradocosmetic.com\\\/#organization\"},\"image\":{\"@id\":\"https:\\\/\\\/agradocosmetic.com\\\/errores-higiene-facial\\\/#primaryimage\"},\"thumbnailUrl\":\"https:\\\/\\\/agradocosmetic.com\\\/wp-content\\\/uploads\\\/2020\\\/01\\\/errores-higiene-facial-agrado.jpg\",\"keywords\":[\"cuidados\",\"facial\",\"higiene\",\"piel\"],\"articleSection\":[\"Facial\",\"Todos\"],\"inLanguage\":\"it-IT\",\"potentialAction\":[{\"@type\":\"CommentAction\",\"name\":\"Comment\",\"target\":[\"https:\\\/\\\/agradocosmetic.com\\\/errores-higiene-facial\\\/#respond\"]}]},{\"@type\":\"WebPage\",\"@id\":\"https:\\\/\\\/agradocosmetic.com\\\/errores-higiene-facial\\\/\",\"url\":\"https:\\\/\\\/agradocosmetic.com\\\/errores-higiene-facial\\\/\",\"name\":\"5 errores en tu higiene facial, \u00a1corrigelos! - Agrado Cosmetic\",\"isPartOf\":{\"@id\":\"https:\\\/\\\/agradocosmetic.com\\\/#website\"},\"primaryImageOfPage\":{\"@id\":\"https:\\\/\\\/agradocosmetic.com\\\/errores-higiene-facial\\\/#primaryimage\"},\"image\":{\"@id\":\"https:\\\/\\\/agradocosmetic.com\\\/errores-higiene-facial\\\/#primaryimage\"},\"thumbnailUrl\":\"https:\\\/\\\/agradocosmetic.com\\\/wp-content\\\/uploads\\\/2020\\\/01\\\/errores-higiene-facial-agrado.jpg\",\"datePublished\":\"2020-01-16T08:39:37+00:00\",\"dateModified\":\"2023-11-18T16:58:55+00:00\",\"description\":\"Muchas veces comentes errores en tu higiene facial sin ser consciente de ello. \u00a1Ponle remedio ya y empieza a ver un cambio en tu piel!\",\"breadcrumb\":{\"@id\":\"https:\\\/\\\/agradocosmetic.com\\\/errores-higiene-facial\\\/#breadcrumb\"},\"inLanguage\":\"it-IT\",\"potentialAction\":[{\"@type\":\"ReadAction\",\"target\":[\"https:\\\/\\\/agradocosmetic.com\\\/errores-higiene-facial\\\/\"]}]},{\"@type\":\"ImageObject\",\"inLanguage\":\"it-IT\",\"@id\":\"https:\\\/\\\/agradocosmetic.com\\\/errores-higiene-facial\\\/#primaryimage\",\"url\":\"https:\\\/\\\/agradocosmetic.com\\\/wp-content\\\/uploads\\\/2020\\\/01\\\/errores-higiene-facial-agrado.jpg\",\"contentUrl\":\"https:\\\/\\\/agradocosmetic.com\\\/wp-content\\\/uploads\\\/2020\\\/01\\\/errores-higiene-facial-agrado.jpg\",\"width\":1200,\"height\":800},{\"@type\":\"BreadcrumbList\",\"@id\":\"https:\\\/\\\/agradocosmetic.com\\\/errores-higiene-facial\\\/#breadcrumb\",\"itemListElement\":[{\"@type\":\"ListItem\",\"position\":1,\"name\":\"Portada\",\"item\":\"https:\\\/\\\/agradocosmetic.com\\\/\"},{\"@type\":\"ListItem\",\"position\":2,\"name\":\"5 errores en tu higiene facial\"}]},{\"@type\":\"WebSite\",\"@id\":\"https:\\\/\\\/agradocosmetic.com\\\/#website\",\"url\":\"https:\\\/\\\/agradocosmetic.com\\\/\",\"name\":\"Agrado\",\"description\":\"Cosmetic\",\"publisher\":{\"@id\":\"https:\\\/\\\/agradocosmetic.com\\\/#organization\"},\"potentialAction\":[{\"@type\":\"SearchAction\",\"target\":{\"@type\":\"EntryPoint\",\"urlTemplate\":\"https:\\\/\\\/agradocosmetic.com\\\/?s={search_term_string}\"},\"query-input\":{\"@type\":\"PropertyValueSpecification\",\"valueRequired\":true,\"valueName\":\"search_term_string\"}}],\"inLanguage\":\"it-IT\"},{\"@type\":\"Organization\",\"@id\":\"https:\\\/\\\/agradocosmetic.com\\\/#organization\",\"name\":\"Agrado\",\"url\":\"https:\\\/\\\/agradocosmetic.com\\\/\",\"logo\":{\"@type\":\"ImageObject\",\"inLanguage\":\"it-IT\",\"@id\":\"https:\\\/\\\/agradocosmetic.com\\\/#\\\/schema\\\/logo\\\/image\\\/\",\"url\":\"https:\\\/\\\/agradocosmetic.com\\\/wp-content\\\/uploads\\\/2023\\\/07\\\/LOGO-AGRADO-WEB-01.png\",\"contentUrl\":\"https:\\\/\\\/agradocosmetic.com\\\/wp-content\\\/uploads\\\/2023\\\/07\\\/LOGO-AGRADO-WEB-01.png\",\"width\":1632,\"height\":300,\"caption\":\"Agrado\"},\"image\":{\"@id\":\"https:\\\/\\\/agradocosmetic.com\\\/#\\\/schema\\\/logo\\\/image\\\/\"}},{\"@type\":\"Person\",\"@id\":\"https:\\\/\\\/agradocosmetic.com\\\/#\\\/schema\\\/person\\\/732e8d396022e25f9340196f83d6789d\",\"name\":\"agradocosmetic\",\"image\":{\"@type\":\"ImageObject\",\"inLanguage\":\"it-IT\",\"@id\":\"https:\\\/\\\/secure.gravatar.com\\\/avatar\\\/c6003e45301182b7e125463fcbec403b1980909c12edf09098526b9a15e779c0?s=96&d=mm&r=g\",\"url\":\"https:\\\/\\\/secure.gravatar.com\\\/avatar\\\/c6003e45301182b7e125463fcbec403b1980909c12edf09098526b9a15e779c0?s=96&d=mm&r=g\",\"contentUrl\":\"https:\\\/\\\/secure.gravatar.com\\\/avatar\\\/c6003e45301182b7e125463fcbec403b1980909c12edf09098526b9a15e779c0?s=96&d=mm&r=g\",\"caption\":\"agradocosmetic\"}}]}<\/script>\n<!-- \/ Yoast SEO plugin. -->","yoast_head_json":{"title":"5 errores en tu higiene facial, \u00a1corrigelos! - Agrado Cosmetic","description":"Muchas veces comentes errores en tu higiene facial sin ser consciente de ello. \u00a1Ponle remedio ya y empieza a ver un cambio en tu piel!","robots":{"index":"index","follow":"follow","max-snippet":"max-snippet:-1","max-image-preview":"max-image-preview:large","max-video-preview":"max-video-preview:-1"},"canonical":"https:\/\/agradocosmetic.com\/it\/errores-higiene-facial\/","og_locale":"it_IT","og_type":"article","og_title":"5 errores en tu higiene facial, \u00a1corrigelos! - Agrado Cosmetic","og_description":"Muchas veces comentes errores en tu higiene facial sin ser consciente de ello. \u00a1Ponle remedio ya y empieza a ver un cambio en tu piel!","og_url":"https:\/\/agradocosmetic.com\/it\/errores-higiene-facial\/","og_site_name":"Agrado","article_published_time":"2020-01-16T08:39:37+00:00","article_modified_time":"2023-11-18T16:58:55+00:00","og_image":[{"width":1200,"height":800,"url":"https:\/\/agradocosmetic.com\/wp-content\/uploads\/2020\/01\/errores-higiene-facial-agrado.jpg","type":"image\/jpeg"}],"author":"agradocosmetic","twitter_card":"summary_large_image","twitter_misc":{"Scritto da":"agradocosmetic","Tempo di lettura stimato":"3 minuti"},"schema":{"@context":"https:\/\/schema.org","@graph":[{"@type":"Article","@id":"https:\/\/agradocosmetic.com\/errores-higiene-facial\/#article","isPartOf":{"@id":"https:\/\/agradocosmetic.com\/errores-higiene-facial\/"},"author":{"name":"agradocosmetic","@id":"https:\/\/agradocosmetic.com\/#\/schema\/person\/732e8d396022e25f9340196f83d6789d"},"headline":"5 errores en tu higiene facial","datePublished":"2020-01-16T08:39:37+00:00","dateModified":"2023-11-18T16:58:55+00:00","mainEntityOfPage":{"@id":"https:\/\/agradocosmetic.com\/errores-higiene-facial\/"},"wordCount":635,"commentCount":0,"publisher":{"@id":"https:\/\/agradocosmetic.com\/#organization"},"image":{"@id":"https:\/\/agradocosmetic.com\/errores-higiene-facial\/#primaryimage"},"thumbnailUrl":"https:\/\/agradocosmetic.com\/wp-content\/uploads\/2020\/01\/errores-higiene-facial-agrado.jpg","keywords":["cuidados","facial","higiene","piel"],"articleSection":["Facial","Todos"],"inLanguage":"it-IT","potentialAction":[{"@type":"CommentAction","name":"Comment","target":["https:\/\/agradocosmetic.com\/errores-higiene-facial\/#respond"]}]},{"@type":"WebPage","@id":"https:\/\/agradocosmetic.com\/errores-higiene-facial\/","url":"https:\/\/agradocosmetic.com\/errores-higiene-facial\/","name":"5 errores en tu higiene facial, \u00a1corrigelos! - Agrado Cosmetic","isPartOf":{"@id":"https:\/\/agradocosmetic.com\/#website"},"primaryImageOfPage":{"@id":"https:\/\/agradocosmetic.com\/errores-higiene-facial\/#primaryimage"},"image":{"@id":"https:\/\/agradocosmetic.com\/errores-higiene-facial\/#primaryimage"},"thumbnailUrl":"https:\/\/agradocosmetic.com\/wp-content\/uploads\/2020\/01\/errores-higiene-facial-agrado.jpg","datePublished":"2020-01-16T08:39:37+00:00","dateModified":"2023-11-18T16:58:55+00:00","description":"Muchas veces comentes errores en tu higiene facial sin ser consciente de ello. \u00a1Ponle remedio ya y empieza a ver un cambio en tu piel!","breadcrumb":{"@id":"https:\/\/agradocosmetic.com\/errores-higiene-facial\/#breadcrumb"},"inLanguage":"it-IT","potentialAction":[{"@type":"ReadAction","target":["https:\/\/agradocosmetic.com\/errores-higiene-facial\/"]}]},{"@type":"ImageObject","inLanguage":"it-IT","@id":"https:\/\/agradocosmetic.com\/errores-higiene-facial\/#primaryimage","url":"https:\/\/agradocosmetic.com\/wp-content\/uploads\/2020\/01\/errores-higiene-facial-agrado.jpg","contentUrl":"https:\/\/agradocosmetic.com\/wp-content\/uploads\/2020\/01\/errores-higiene-facial-agrado.jpg","width":1200,"height":800},{"@type":"BreadcrumbList","@id":"https:\/\/agradocosmetic.com\/errores-higiene-facial\/#breadcrumb","itemListElement":[{"@type":"ListItem","position":1,"name":"Portada","item":"https:\/\/agradocosmetic.com\/"},{"@type":"ListItem","position":2,"name":"5 errores en tu higiene facial"}]},{"@type":"WebSite","@id":"https:\/\/agradocosmetic.com\/#website","url":"https:\/\/agradocosmetic.com\/","name":"Mi piace","description":"cosmetico","publisher":{"@id":"https:\/\/agradocosmetic.com\/#organization"},"potentialAction":[{"@type":"SearchAction","target":{"@type":"EntryPoint","urlTemplate":"https:\/\/agradocosmetic.com\/?s={search_term_string}"},"query-input":{"@type":"PropertyValueSpecification","valueRequired":true,"valueName":"search_term_string"}}],"inLanguage":"it-IT"},{"@type":"Organization","@id":"https:\/\/agradocosmetic.com\/#organization","name":"Mi piace","url":"https:\/\/agradocosmetic.com\/","logo":{"@type":"ImageObject","inLanguage":"it-IT","@id":"https:\/\/agradocosmetic.com\/#\/schema\/logo\/image\/","url":"https:\/\/agradocosmetic.com\/wp-content\/uploads\/2023\/07\/LOGO-AGRADO-WEB-01.png","contentUrl":"https:\/\/agradocosmetic.com\/wp-content\/uploads\/2023\/07\/LOGO-AGRADO-WEB-01.png","width":1632,"height":300,"caption":"Agrado"},"image":{"@id":"https:\/\/agradocosmetic.com\/#\/schema\/logo\/image\/"}},{"@type":"Person","@id":"https:\/\/agradocosmetic.com\/#\/schema\/person\/732e8d396022e25f9340196f83d6789d","name":"agradocosmetico","image":{"@type":"ImageObject","inLanguage":"it-IT","@id":"https:\/\/secure.gravatar.com\/avatar\/c6003e45301182b7e125463fcbec403b1980909c12edf09098526b9a15e779c0?s=96&d=mm&r=g","url":"https:\/\/secure.gravatar.com\/avatar\/c6003e45301182b7e125463fcbec403b1980909c12edf09098526b9a15e779c0?s=96&d=mm&r=g","contentUrl":"https:\/\/secure.gravatar.com\/avatar\/c6003e45301182b7e125463fcbec403b1980909c12edf09098526b9a15e779c0?s=96&d=mm&r=g","caption":"agradocosmetic"}}]}},"_links":{"self":[{"href":"https:\/\/agradocosmetic.com\/it\/wp-json\/wp\/v2\/posts\/6927","targetHints":{"allow":["GET"]}}],"collection":[{"href":"https:\/\/agradocosmetic.com\/it\/wp-json\/wp\/v2\/posts"}],"about":[{"href":"https:\/\/agradocosmetic.com\/it\/wp-json\/wp\/v2\/types\/post"}],"author":[{"embeddable":true,"href":"https:\/\/agradocosmetic.com\/it\/wp-json\/wp\/v2\/users\/9"}],"replies":[{"embeddable":true,"href":"https:\/\/agradocosmetic.com\/it\/wp-json\/wp\/v2\/comments?post=6927"}],"version-history":[{"count":1,"href":"https:\/\/agradocosmetic.com\/it\/wp-json\/wp\/v2\/posts\/6927\/revisions"}],"predecessor-version":[{"id":21389,"href":"https:\/\/agradocosmetic.com\/it\/wp-json\/wp\/v2\/posts\/6927\/revisions\/21389"}],"wp:featuredmedia":[{"embeddable":true,"href":"https:\/\/agradocosmetic.com\/it\/wp-json\/wp\/v2\/media\/21388"}],"wp:attachment":[{"href":"https:\/\/agradocosmetic.com\/it\/wp-json\/wp\/v2\/media?parent=6927"}],"wp:term":[{"taxonomy":"category","embeddable":true,"href":"https:\/\/agradocosmetic.com\/it\/wp-json\/wp\/v2\/categories?post=6927"},{"taxonomy":"post_tag","embeddable":true,"href":"https:\/\/agradocosmetic.com\/it\/wp-json\/wp\/v2\/tags?post=6927"}],"curies":[{"name":"parola chiave","href":"https:\/\/api.w.org\/{rel}","templated":true}]}}