{"id":970,"date":"2017-12-28T13:37:00","date_gmt":"2017-12-28T12:37:00","guid":{"rendered":"https:\/\/www.agradocosmetic.com\/?p=970"},"modified":"2023-11-18T16:58:58","modified_gmt":"2023-11-18T16:58:58","slug":"tonico-facial-gran-olvidado-la-limpieza-diaria","status":"publish","type":"post","link":"https:\/\/agradocosmetic.com\/it\/tonico-facial-gran-olvidado-la-limpieza-diaria\/","title":{"rendered":"Il tonico per il viso. Il grande dimenticato della pulizia quotidiana"},"content":{"rendered":"<p>A estas alturas todos sabemos de la importancia de limpiar nuestra piel tras una jornada de \u201cataques\u201d propios y ajenos: la poluci\u00f3n, el maquillaje, nuestras propias manos\u2026<\/p>\n<p>Tener disciplina cada noche con la rutina de limpieza no s\u00f3lo permitir\u00e1 que nuestra piel luzca sana durante m\u00e1s tiempo, si no que ayudar\u00e1 enormemente a prevenir un envejecimiento est\u00e9tico prematuro o, por ejemplo, que aparezca el temido acn\u00e9.<\/p>\n<p>Dicho esto, y ahora que todas estamos asintiendo y pensando que de un tiempo a esta parte (algunas desde hace m\u00e1s) nos hemos puesto las pilas y cumplimos a raja tabla con esto de \u201cdesmaquillarnos\u201d a diario, nos gustar\u00eda hablar del t\u00f3nico facial.<\/p>\n<p>S\u00ed, el t\u00f3nico. Ese paso tan desconocido para algunas como importante para otras. Y es que, aunque puede que no sea tu caso, a\u00fan hay muchas dudas sobre la utilidad de este cosm\u00e9tico. Intentemos resolverlas en cuatro cuestiones b\u00e1sicas.<\/p>\n<p><img fetchpriority=\"high\" decoding=\"async\" class=\"alignnone wp-image-984 size-full\" src=\"https:\/\/www.agradocosmetic.com\/wp-content\/uploads\/2017\/12\/tonico-2.jpg\" alt=\"tonico\" width=\"1280\" height=\"1280\" \/><\/p>\n<p>&nbsp;<\/p>\n<h2>\u00bfCu\u00e1ndo se aplica un t\u00f3nico facial?<\/h2>\n<p>El t\u00f3nico es el paso que va tras haber limpiado tu piel, por ejemplo con leche limpiadora, y antes de la aplicaci\u00f3n de la crema hidratante. Recuerda que antes de pasar a la crema, deberemos dejar que el t\u00f3nico se haya absorbido o eliminado por completo.<\/p>\n<p>[wpv-view name=\u00bbproducts-3&#8243; ids=\u00bb457,463,425&#8243;]<\/p>\n<h2>\u00bfPor qu\u00e9 es tan importante el t\u00f3nico facial?<\/h2>\n<p>Porque se encarga de eliminar ese \u00faltimo resto de suciedad en nuestra piel, junto con los restos del producto anterior que hayamos utilizado para la limpieza. Adem\u00e1s, el t\u00f3nico facial hidrata, contribuye a cerrar los poros y prepara as\u00ed la piel para el siguiente producto que vayamos a aplicar.<\/p>\n<h2>\u00bfEl t\u00f3nico es un producto s\u00f3lo para mujeres?<\/h2>\n<p>No, por supuesto que no. El t\u00f3nico facial es altamente recomendable para cualquier limpieza facial, incluida la masculina. De hecho, tambi\u00e9n es un sustituto magn\u00edfico si no os gusta utilizar after-shave.<\/p>\n<h2>\u00bfY si no tengo tiempo? \u00bfNo hay alternativa al t\u00f3nico facial?<\/h2>\n<p>Siempre hay una alternativa, porque los productos tienen que estar para hacernos la vida m\u00e1s f\u00e1cil y adaptarse a nuestras circunstancias, y no al rev\u00e9s.<\/p>\n<p>Una buena opci\u00f3n si no ten\u00e9is tiempo, es utilizar Agua Micelar. Este tipo de productos, desmaquillan y limpian la piel sin necesidad de aclarado. C\u00f3modo, \u00bfverdad? Pero es que adem\u00e1s el Agua Micelar posee un efecto tonificante que puede suplir al t\u00f3nico las veces que no quer\u00e1is o pod\u00e1is llegar a este paso.<\/p>\n<p>En otro post hablaremos de todo lo relacionado con el Agua Micelar y lo que rodea a este tipo de producto, ya que es algo como para rellenar una entrada completa.<\/p>\n<p>En resumen, pon un t\u00f3nico facial en tu vida. Notar\u00e1s la diferencia. \u00a1Y luego ven a cont\u00e1rnoslo al blog!<\/p>\n<p>Hasta la pr\u00f3xima entrada. No olvid\u00e9is dejar vuestros comentarios.<\/p>\n","protected":false},"excerpt":{"rendered":"<p>Ormai tutti conosciamo l&#039;importanza di detergere la nostra pelle dopo una giornata di &quot;attacchi&quot; da parte nostra e degli altri: inquinamento, trucco, le nostre stesse mani...<\/p>","protected":false},"author":9,"featured_media":21459,"comment_status":"open","ping_status":"closed","sticky":false,"template":"","format":"standard","meta":{"footnotes":"","_wp_rev_ctl_limit":""},"categories":[119,1],"tags":[],"class_list":["post-970","post","type-post","status-publish","format-standard","has-post-thumbnail","hentry","category-facial","category-todos"],"yoast_head":"<!-- This site is optimized with the Yoast SEO plugin v27.4 - https:\/\/yoast.com\/product\/yoast-seo-wordpress\/ -->\n<title>El t\u00f3nico facial. El gran olvidado de la limpieza diaria - Agrado<\/title>\n<meta name=\"robots\" content=\"index, follow, max-snippet:-1, max-image-preview:large, max-video-preview:-1\" \/>\n<link rel=\"canonical\" href=\"https:\/\/agradocosmetic.com\/it\/tonico-facial-gran-olvidado-la-limpieza-diaria\/\" \/>\n<meta property=\"og:locale\" content=\"it_IT\" \/>\n<meta property=\"og:type\" content=\"article\" \/>\n<meta property=\"og:title\" content=\"El t\u00f3nico facial. El gran olvidado de la limpieza diaria - Agrado\" \/>\n<meta property=\"og:description\" content=\"A estas alturas todos sabemos de la importancia de limpiar nuestra piel tras una jornada de \u201cataques\u201d propios y ajenos: la poluci\u00f3n, el maquillaje, nuestras propias manos\u2026\" \/>\n<meta property=\"og:url\" content=\"https:\/\/agradocosmetic.com\/it\/tonico-facial-gran-olvidado-la-limpieza-diaria\/\" \/>\n<meta property=\"og:site_name\" content=\"Agrado\" \/>\n<meta property=\"article:published_time\" content=\"2017-12-28T12:37:00+00:00\" \/>\n<meta property=\"article:modified_time\" content=\"2023-11-18T16:58:58+00:00\" \/>\n<meta property=\"og:image\" content=\"https:\/\/agradocosmetic.com\/wp-content\/uploads\/2017\/12\/tonico-facial-agrado.jpg\" \/>\n\t<meta property=\"og:image:width\" content=\"1200\" \/>\n\t<meta property=\"og:image:height\" content=\"800\" \/>\n\t<meta property=\"og:image:type\" content=\"image\/jpeg\" \/>\n<meta name=\"author\" content=\"agradocosmetic\" \/>\n<meta name=\"twitter:card\" content=\"summary_large_image\" \/>\n<meta name=\"twitter:label1\" content=\"Scritto da\" \/>\n\t<meta name=\"twitter:data1\" content=\"agradocosmetic\" \/>\n\t<meta name=\"twitter:label2\" content=\"Tempo di lettura stimato\" \/>\n\t<meta name=\"twitter:data2\" content=\"2 minuti\" \/>\n<script type=\"application\/ld+json\" class=\"yoast-schema-graph\">{\"@context\":\"https:\\\/\\\/schema.org\",\"@graph\":[{\"@type\":\"Article\",\"@id\":\"https:\\\/\\\/agradocosmetic.com\\\/tonico-facial-gran-olvidado-la-limpieza-diaria\\\/#article\",\"isPartOf\":{\"@id\":\"https:\\\/\\\/agradocosmetic.com\\\/tonico-facial-gran-olvidado-la-limpieza-diaria\\\/\"},\"author\":{\"name\":\"agradocosmetic\",\"@id\":\"https:\\\/\\\/agradocosmetic.com\\\/#\\\/schema\\\/person\\\/732e8d396022e25f9340196f83d6789d\"},\"headline\":\"El t\u00f3nico facial. El gran olvidado de la limpieza diaria\",\"datePublished\":\"2017-12-28T12:37:00+00:00\",\"dateModified\":\"2023-11-18T16:58:58+00:00\",\"mainEntityOfPage\":{\"@id\":\"https:\\\/\\\/agradocosmetic.com\\\/tonico-facial-gran-olvidado-la-limpieza-diaria\\\/\"},\"wordCount\":500,\"commentCount\":0,\"publisher\":{\"@id\":\"https:\\\/\\\/agradocosmetic.com\\\/#organization\"},\"image\":{\"@id\":\"https:\\\/\\\/agradocosmetic.com\\\/tonico-facial-gran-olvidado-la-limpieza-diaria\\\/#primaryimage\"},\"thumbnailUrl\":\"https:\\\/\\\/agradocosmetic.com\\\/wp-content\\\/uploads\\\/2017\\\/12\\\/tonico-facial-agrado.jpg\",\"articleSection\":[\"Facial\",\"Todos\"],\"inLanguage\":\"it-IT\",\"potentialAction\":[{\"@type\":\"CommentAction\",\"name\":\"Comment\",\"target\":[\"https:\\\/\\\/agradocosmetic.com\\\/tonico-facial-gran-olvidado-la-limpieza-diaria\\\/#respond\"]}]},{\"@type\":\"WebPage\",\"@id\":\"https:\\\/\\\/agradocosmetic.com\\\/tonico-facial-gran-olvidado-la-limpieza-diaria\\\/\",\"url\":\"https:\\\/\\\/agradocosmetic.com\\\/tonico-facial-gran-olvidado-la-limpieza-diaria\\\/\",\"name\":\"El t\u00f3nico facial. El gran olvidado de la limpieza diaria - Agrado\",\"isPartOf\":{\"@id\":\"https:\\\/\\\/agradocosmetic.com\\\/#website\"},\"primaryImageOfPage\":{\"@id\":\"https:\\\/\\\/agradocosmetic.com\\\/tonico-facial-gran-olvidado-la-limpieza-diaria\\\/#primaryimage\"},\"image\":{\"@id\":\"https:\\\/\\\/agradocosmetic.com\\\/tonico-facial-gran-olvidado-la-limpieza-diaria\\\/#primaryimage\"},\"thumbnailUrl\":\"https:\\\/\\\/agradocosmetic.com\\\/wp-content\\\/uploads\\\/2017\\\/12\\\/tonico-facial-agrado.jpg\",\"datePublished\":\"2017-12-28T12:37:00+00:00\",\"dateModified\":\"2023-11-18T16:58:58+00:00\",\"breadcrumb\":{\"@id\":\"https:\\\/\\\/agradocosmetic.com\\\/tonico-facial-gran-olvidado-la-limpieza-diaria\\\/#breadcrumb\"},\"inLanguage\":\"it-IT\",\"potentialAction\":[{\"@type\":\"ReadAction\",\"target\":[\"https:\\\/\\\/agradocosmetic.com\\\/tonico-facial-gran-olvidado-la-limpieza-diaria\\\/\"]}]},{\"@type\":\"ImageObject\",\"inLanguage\":\"it-IT\",\"@id\":\"https:\\\/\\\/agradocosmetic.com\\\/tonico-facial-gran-olvidado-la-limpieza-diaria\\\/#primaryimage\",\"url\":\"https:\\\/\\\/agradocosmetic.com\\\/wp-content\\\/uploads\\\/2017\\\/12\\\/tonico-facial-agrado.jpg\",\"contentUrl\":\"https:\\\/\\\/agradocosmetic.com\\\/wp-content\\\/uploads\\\/2017\\\/12\\\/tonico-facial-agrado.jpg\",\"width\":1200,\"height\":800},{\"@type\":\"BreadcrumbList\",\"@id\":\"https:\\\/\\\/agradocosmetic.com\\\/tonico-facial-gran-olvidado-la-limpieza-diaria\\\/#breadcrumb\",\"itemListElement\":[{\"@type\":\"ListItem\",\"position\":1,\"name\":\"Portada\",\"item\":\"https:\\\/\\\/agradocosmetic.com\\\/\"},{\"@type\":\"ListItem\",\"position\":2,\"name\":\"El t\u00f3nico facial. El gran olvidado de la limpieza diaria\"}]},{\"@type\":\"WebSite\",\"@id\":\"https:\\\/\\\/agradocosmetic.com\\\/#website\",\"url\":\"https:\\\/\\\/agradocosmetic.com\\\/\",\"name\":\"Agrado\",\"description\":\"Cosmetic\",\"publisher\":{\"@id\":\"https:\\\/\\\/agradocosmetic.com\\\/#organization\"},\"potentialAction\":[{\"@type\":\"SearchAction\",\"target\":{\"@type\":\"EntryPoint\",\"urlTemplate\":\"https:\\\/\\\/agradocosmetic.com\\\/?s={search_term_string}\"},\"query-input\":{\"@type\":\"PropertyValueSpecification\",\"valueRequired\":true,\"valueName\":\"search_term_string\"}}],\"inLanguage\":\"it-IT\"},{\"@type\":\"Organization\",\"@id\":\"https:\\\/\\\/agradocosmetic.com\\\/#organization\",\"name\":\"Agrado\",\"url\":\"https:\\\/\\\/agradocosmetic.com\\\/\",\"logo\":{\"@type\":\"ImageObject\",\"inLanguage\":\"it-IT\",\"@id\":\"https:\\\/\\\/agradocosmetic.com\\\/#\\\/schema\\\/logo\\\/image\\\/\",\"url\":\"https:\\\/\\\/agradocosmetic.com\\\/wp-content\\\/uploads\\\/2023\\\/07\\\/LOGO-AGRADO-WEB-01.png\",\"contentUrl\":\"https:\\\/\\\/agradocosmetic.com\\\/wp-content\\\/uploads\\\/2023\\\/07\\\/LOGO-AGRADO-WEB-01.png\",\"width\":1632,\"height\":300,\"caption\":\"Agrado\"},\"image\":{\"@id\":\"https:\\\/\\\/agradocosmetic.com\\\/#\\\/schema\\\/logo\\\/image\\\/\"}},{\"@type\":\"Person\",\"@id\":\"https:\\\/\\\/agradocosmetic.com\\\/#\\\/schema\\\/person\\\/732e8d396022e25f9340196f83d6789d\",\"name\":\"agradocosmetic\",\"image\":{\"@type\":\"ImageObject\",\"inLanguage\":\"it-IT\",\"@id\":\"https:\\\/\\\/secure.gravatar.com\\\/avatar\\\/c6003e45301182b7e125463fcbec403b1980909c12edf09098526b9a15e779c0?s=96&d=mm&r=g\",\"url\":\"https:\\\/\\\/secure.gravatar.com\\\/avatar\\\/c6003e45301182b7e125463fcbec403b1980909c12edf09098526b9a15e779c0?s=96&d=mm&r=g\",\"contentUrl\":\"https:\\\/\\\/secure.gravatar.com\\\/avatar\\\/c6003e45301182b7e125463fcbec403b1980909c12edf09098526b9a15e779c0?s=96&d=mm&r=g\",\"caption\":\"agradocosmetic\"}}]}<\/script>\n<!-- \/ Yoast SEO plugin. -->","yoast_head_json":{"title":"El t\u00f3nico facial. El gran olvidado de la limpieza diaria - Agrado","robots":{"index":"index","follow":"follow","max-snippet":"max-snippet:-1","max-image-preview":"max-image-preview:large","max-video-preview":"max-video-preview:-1"},"canonical":"https:\/\/agradocosmetic.com\/it\/tonico-facial-gran-olvidado-la-limpieza-diaria\/","og_locale":"it_IT","og_type":"article","og_title":"El t\u00f3nico facial. El gran olvidado de la limpieza diaria - Agrado","og_description":"A estas alturas todos sabemos de la importancia de limpiar nuestra piel tras una jornada de \u201cataques\u201d propios y ajenos: la poluci\u00f3n, el maquillaje, nuestras propias manos\u2026","og_url":"https:\/\/agradocosmetic.com\/it\/tonico-facial-gran-olvidado-la-limpieza-diaria\/","og_site_name":"Agrado","article_published_time":"2017-12-28T12:37:00+00:00","article_modified_time":"2023-11-18T16:58:58+00:00","og_image":[{"width":1200,"height":800,"url":"https:\/\/agradocosmetic.com\/wp-content\/uploads\/2017\/12\/tonico-facial-agrado.jpg","type":"image\/jpeg"}],"author":"agradocosmetic","twitter_card":"summary_large_image","twitter_misc":{"Scritto da":"agradocosmetic","Tempo di lettura stimato":"2 minuti"},"schema":{"@context":"https:\/\/schema.org","@graph":[{"@type":"Article","@id":"https:\/\/agradocosmetic.com\/tonico-facial-gran-olvidado-la-limpieza-diaria\/#article","isPartOf":{"@id":"https:\/\/agradocosmetic.com\/tonico-facial-gran-olvidado-la-limpieza-diaria\/"},"author":{"name":"agradocosmetic","@id":"https:\/\/agradocosmetic.com\/#\/schema\/person\/732e8d396022e25f9340196f83d6789d"},"headline":"El t\u00f3nico facial. El gran olvidado de la limpieza diaria","datePublished":"2017-12-28T12:37:00+00:00","dateModified":"2023-11-18T16:58:58+00:00","mainEntityOfPage":{"@id":"https:\/\/agradocosmetic.com\/tonico-facial-gran-olvidado-la-limpieza-diaria\/"},"wordCount":500,"commentCount":0,"publisher":{"@id":"https:\/\/agradocosmetic.com\/#organization"},"image":{"@id":"https:\/\/agradocosmetic.com\/tonico-facial-gran-olvidado-la-limpieza-diaria\/#primaryimage"},"thumbnailUrl":"https:\/\/agradocosmetic.com\/wp-content\/uploads\/2017\/12\/tonico-facial-agrado.jpg","articleSection":["Facial","Todos"],"inLanguage":"it-IT","potentialAction":[{"@type":"CommentAction","name":"Comment","target":["https:\/\/agradocosmetic.com\/tonico-facial-gran-olvidado-la-limpieza-diaria\/#respond"]}]},{"@type":"WebPage","@id":"https:\/\/agradocosmetic.com\/tonico-facial-gran-olvidado-la-limpieza-diaria\/","url":"https:\/\/agradocosmetic.com\/tonico-facial-gran-olvidado-la-limpieza-diaria\/","name":"El t\u00f3nico facial. El gran olvidado de la limpieza diaria - Agrado","isPartOf":{"@id":"https:\/\/agradocosmetic.com\/#website"},"primaryImageOfPage":{"@id":"https:\/\/agradocosmetic.com\/tonico-facial-gran-olvidado-la-limpieza-diaria\/#primaryimage"},"image":{"@id":"https:\/\/agradocosmetic.com\/tonico-facial-gran-olvidado-la-limpieza-diaria\/#primaryimage"},"thumbnailUrl":"https:\/\/agradocosmetic.com\/wp-content\/uploads\/2017\/12\/tonico-facial-agrado.jpg","datePublished":"2017-12-28T12:37:00+00:00","dateModified":"2023-11-18T16:58:58+00:00","breadcrumb":{"@id":"https:\/\/agradocosmetic.com\/tonico-facial-gran-olvidado-la-limpieza-diaria\/#breadcrumb"},"inLanguage":"it-IT","potentialAction":[{"@type":"ReadAction","target":["https:\/\/agradocosmetic.com\/tonico-facial-gran-olvidado-la-limpieza-diaria\/"]}]},{"@type":"ImageObject","inLanguage":"it-IT","@id":"https:\/\/agradocosmetic.com\/tonico-facial-gran-olvidado-la-limpieza-diaria\/#primaryimage","url":"https:\/\/agradocosmetic.com\/wp-content\/uploads\/2017\/12\/tonico-facial-agrado.jpg","contentUrl":"https:\/\/agradocosmetic.com\/wp-content\/uploads\/2017\/12\/tonico-facial-agrado.jpg","width":1200,"height":800},{"@type":"BreadcrumbList","@id":"https:\/\/agradocosmetic.com\/tonico-facial-gran-olvidado-la-limpieza-diaria\/#breadcrumb","itemListElement":[{"@type":"ListItem","position":1,"name":"Portada","item":"https:\/\/agradocosmetic.com\/"},{"@type":"ListItem","position":2,"name":"El t\u00f3nico facial. El gran olvidado de la limpieza diaria"}]},{"@type":"WebSite","@id":"https:\/\/agradocosmetic.com\/#website","url":"https:\/\/agradocosmetic.com\/","name":"Mi piace","description":"cosmetico","publisher":{"@id":"https:\/\/agradocosmetic.com\/#organization"},"potentialAction":[{"@type":"SearchAction","target":{"@type":"EntryPoint","urlTemplate":"https:\/\/agradocosmetic.com\/?s={search_term_string}"},"query-input":{"@type":"PropertyValueSpecification","valueRequired":true,"valueName":"search_term_string"}}],"inLanguage":"it-IT"},{"@type":"Organization","@id":"https:\/\/agradocosmetic.com\/#organization","name":"Mi piace","url":"https:\/\/agradocosmetic.com\/","logo":{"@type":"ImageObject","inLanguage":"it-IT","@id":"https:\/\/agradocosmetic.com\/#\/schema\/logo\/image\/","url":"https:\/\/agradocosmetic.com\/wp-content\/uploads\/2023\/07\/LOGO-AGRADO-WEB-01.png","contentUrl":"https:\/\/agradocosmetic.com\/wp-content\/uploads\/2023\/07\/LOGO-AGRADO-WEB-01.png","width":1632,"height":300,"caption":"Agrado"},"image":{"@id":"https:\/\/agradocosmetic.com\/#\/schema\/logo\/image\/"}},{"@type":"Person","@id":"https:\/\/agradocosmetic.com\/#\/schema\/person\/732e8d396022e25f9340196f83d6789d","name":"agradocosmetico","image":{"@type":"ImageObject","inLanguage":"it-IT","@id":"https:\/\/secure.gravatar.com\/avatar\/c6003e45301182b7e125463fcbec403b1980909c12edf09098526b9a15e779c0?s=96&d=mm&r=g","url":"https:\/\/secure.gravatar.com\/avatar\/c6003e45301182b7e125463fcbec403b1980909c12edf09098526b9a15e779c0?s=96&d=mm&r=g","contentUrl":"https:\/\/secure.gravatar.com\/avatar\/c6003e45301182b7e125463fcbec403b1980909c12edf09098526b9a15e779c0?s=96&d=mm&r=g","caption":"agradocosmetic"}}]}},"_links":{"self":[{"href":"https:\/\/agradocosmetic.com\/it\/wp-json\/wp\/v2\/posts\/970","targetHints":{"allow":["GET"]}}],"collection":[{"href":"https:\/\/agradocosmetic.com\/it\/wp-json\/wp\/v2\/posts"}],"about":[{"href":"https:\/\/agradocosmetic.com\/it\/wp-json\/wp\/v2\/types\/post"}],"author":[{"embeddable":true,"href":"https:\/\/agradocosmetic.com\/it\/wp-json\/wp\/v2\/users\/9"}],"replies":[{"embeddable":true,"href":"https:\/\/agradocosmetic.com\/it\/wp-json\/wp\/v2\/comments?post=970"}],"version-history":[{"count":1,"href":"https:\/\/agradocosmetic.com\/it\/wp-json\/wp\/v2\/posts\/970\/revisions"}],"predecessor-version":[{"id":21460,"href":"https:\/\/agradocosmetic.com\/it\/wp-json\/wp\/v2\/posts\/970\/revisions\/21460"}],"wp:featuredmedia":[{"embeddable":true,"href":"https:\/\/agradocosmetic.com\/it\/wp-json\/wp\/v2\/media\/21459"}],"wp:attachment":[{"href":"https:\/\/agradocosmetic.com\/it\/wp-json\/wp\/v2\/media?parent=970"}],"wp:term":[{"taxonomy":"category","embeddable":true,"href":"https:\/\/agradocosmetic.com\/it\/wp-json\/wp\/v2\/categories?post=970"},{"taxonomy":"post_tag","embeddable":true,"href":"https:\/\/agradocosmetic.com\/it\/wp-json\/wp\/v2\/tags?post=970"}],"curies":[{"name":"parola chiave","href":"https:\/\/api.w.org\/{rel}","templated":true}]}}