{"id":11291,"date":"2020-06-29T11:49:05","date_gmt":"2020-06-29T10:49:05","guid":{"rendered":"https:\/\/www.agradocosmetic.com\/?p=11291"},"modified":"2023-11-18T16:58:54","modified_gmt":"2023-11-18T16:58:54","slug":"5-tips-para-proteger-tu-piel-por-moderna-de-pueblo","status":"publish","type":"post","link":"https:\/\/agradocosmetic.com\/pt\/5-tips-para-proteger-tu-piel-por-moderna-de-pueblo\/","title":{"rendered":"5 dicas para proteger sua pele da Moderna de Pueblo"},"content":{"rendered":"<p>J\u00e1 h\u00e1 semanas que podemos ir \u00e0 praia e \u00e0s piscinas e o novo normal \u00e9 muito melhor! Temos tudo pronto para aproveitar o sol neste ver\u00e3o, com os nossos pain\u00e9is solares Agrado e o nosso super flutuador! Que voc\u00ea j\u00e1 sabe o que pode conseguir com suas compras online. S\u00f3 precisamos das dicas da Moderna de Pueblo para proteger a pele e esquecer tudo na praia ou na piscina!<\/p>\r\n\r\n\r\n\r\n<ol class=\"wp-block-list\">\r\n<li>Preste aten\u00e7\u00e3o \u00e0s suas manchas ou pintas. Se forem frequentes na sua pele, visite anualmente o seu dermatologista para verificar se permanecem iguais e n\u00e3o crescem ou adquirem formas estranhas. A preven\u00e7\u00e3o \u00e9 a chave para evitar o melanoma!<\/li>\r\n<li>Escolha um protetor solar \u00e0 prova d\u2019\u00e1gua. Com o calor que est\u00e1 ficando, \u00e9 melhor ficar de molho o dia todo! Para n\u00e3o ter que pausar os mergulhos, o <a href=\"\/pt\/?p=1829\">N\u00e9voa Solar Seca FPS 30<\/a> A prova d&#039;\u00e1gua ser\u00e1 seu melhor aliado. Tamb\u00e9m dispon\u00edvel em FPS 15 e 50.<\/li>\r\n<li>O p\u00f3s-sol \u00e9 essencial para um bronzeado bonito e uniforme. Hidratar a pele com um tratamento p\u00f3s-sol que acalme e refresque a pele \u00e9 essencial. No Agrado voc\u00ea os encontrar\u00e1 na vers\u00e3o <a href=\"\/pt\/?p=1837\">aerossol<\/a> qualquer <a href=\"\/pt\/?p=3570\">hidrogel<\/a>. E como diz Moderna de Pueblo em seus desenhos, n\u00e3o deixe que as marcas em seu lindo mai\u00f4 amarguem sua vida!<\/li>\r\n<li>Os pequenos precisam de prote\u00e7\u00e3o solar extra. \u00c9 fundamental repetir a aplica\u00e7\u00e3o para evitar queimaduras na pele delicada, por isso escolha o <a href=\"\/pt\/?p=3578\">N\u00e9voa solar KIDS para pele sens\u00edvel FPS50+<\/a> \u00c9 sempre um sucesso, devido \u00e0 sua r\u00e1pida aplica\u00e7\u00e3o apenas por pulveriza\u00e7\u00e3o, r\u00e1pida absor\u00e7\u00e3o e efic\u00e1cia contra os raios UVA e UVB. Al\u00e9m disso, tamb\u00e9m \u00e9 \u00e0 prova d&#039;\u00e1gua!<\/li>\r\n<li>Escolha um protetor solar facial com FPS muito alto. 50 \u00e9 recomendado para manter seu lindo rosto livre de manchas, irrita\u00e7\u00f5es e prevenir rugas. Lembre-se que o melhor antienvelhecimento \u00e9 um bom protetor solar! Escolha entre o formato <a href=\"\/pt\/?p=3560\">Mousse<\/a> qualquer <a href=\"\/pt\/?p=3558\">Confus\u00e3o<\/a> de prazer.<\/li>\r\n<\/ol>\r\n\r\n\r\n\r\n<p>Agora s\u00f3 falta aproveitar o ver\u00e3o! Com cautela e responsabilidade, mas vivendo ao m\u00e1ximo aquelas pequenas coisas que nos fazem felizes. E se voc\u00ea ainda n\u00e3o viu as vinhetas da Moderna de Pueblo que tantos sorrisos trouxeram, encorajamos voc\u00ea a v\u00ea-las! <a href=\"https:\/\/www.instagram.com\/p\/CBVP6fdg5VT\/\">AQUI<\/a>!<\/p>","protected":false},"excerpt":{"rendered":"<p>Ya hace semanas que podemos ir a la playa y a las piscinas, \u00a1y es que la nueva normalidad as\u00ed se lleva much\u00edsimo mejor! Tenemos todo listo para disfrutar del sol este verano, \u00a1con nuestros solares Agrado y nuestro s\u00faper flotador! Que ya sab\u00e9is que pod\u00e9is conseguir con vuestras compras online. \u00a1Solo nos faltan los [&hellip;]<\/p>\n","protected":false},"author":9,"featured_media":21366,"comment_status":"open","ping_status":"closed","sticky":false,"template":"","format":"standard","meta":{"footnotes":"","_wp_rev_ctl_limit":""},"categories":[118,116,1],"tags":[289,316,317,229,219],"class_list":["post-11291","post","type-post","status-publish","format-standard","has-post-thumbnail","hentry","category-lifestyle","category-solar","category-todos","tag-cuidado-de-la-piel","tag-moderna-de-pueblo","tag-proteccion-solar","tag-solares","tag-tips"],"yoast_head":"<!-- This site is optimized with the Yoast SEO plugin v27.4 - https:\/\/yoast.com\/product\/yoast-seo-wordpress\/ -->\n<title>5 tips para proteger tu piel por Moderna de Pueblo - Agrado<\/title>\n<meta name=\"description\" content=\"Toma nota de los consejos de Moderna de Pueblo y Agrado para cuidar tu piel en verano y disfrutar del sol con responsabilidad.\" \/>\n<meta name=\"robots\" content=\"index, follow, max-snippet:-1, max-image-preview:large, max-video-preview:-1\" \/>\n<link rel=\"canonical\" href=\"https:\/\/agradocosmetic.com\/pt\/5-tips-para-proteger-tu-piel-por-moderna-de-pueblo\/\" \/>\n<meta property=\"og:locale\" content=\"pt_PT\" \/>\n<meta property=\"og:type\" content=\"article\" \/>\n<meta property=\"og:title\" content=\"5 tips para proteger tu piel por Moderna de Pueblo - Agrado\" \/>\n<meta property=\"og:description\" content=\"Toma nota de los consejos de Moderna de Pueblo y Agrado para cuidar tu piel en verano y disfrutar del sol con responsabilidad.\" \/>\n<meta property=\"og:url\" content=\"https:\/\/agradocosmetic.com\/pt\/5-tips-para-proteger-tu-piel-por-moderna-de-pueblo\/\" \/>\n<meta property=\"og:site_name\" content=\"Agrado\" \/>\n<meta property=\"article:published_time\" content=\"2020-06-29T10:49:05+00:00\" \/>\n<meta property=\"article:modified_time\" content=\"2023-11-18T16:58:54+00:00\" \/>\n<meta property=\"og:image\" content=\"https:\/\/agradocosmetic.com\/wp-content\/uploads\/2020\/06\/tips-proteger-piel-agrado.jpg\" \/>\n\t<meta property=\"og:image:width\" content=\"1200\" \/>\n\t<meta property=\"og:image:height\" content=\"800\" \/>\n\t<meta property=\"og:image:type\" content=\"image\/jpeg\" \/>\n<meta name=\"author\" content=\"agradocosmetic\" \/>\n<meta name=\"twitter:card\" content=\"summary_large_image\" \/>\n<meta name=\"twitter:label1\" content=\"Escrito por\" \/>\n\t<meta name=\"twitter:data1\" content=\"agradocosmetic\" \/>\n\t<meta name=\"twitter:label2\" content=\"Tempo estimado de leitura\" \/>\n\t<meta name=\"twitter:data2\" content=\"2 minutos\" \/>\n<script type=\"application\/ld+json\" class=\"yoast-schema-graph\">{\"@context\":\"https:\\\/\\\/schema.org\",\"@graph\":[{\"@type\":\"Article\",\"@id\":\"https:\\\/\\\/agradocosmetic.com\\\/5-tips-para-proteger-tu-piel-por-moderna-de-pueblo\\\/#article\",\"isPartOf\":{\"@id\":\"https:\\\/\\\/agradocosmetic.com\\\/5-tips-para-proteger-tu-piel-por-moderna-de-pueblo\\\/\"},\"author\":{\"name\":\"agradocosmetic\",\"@id\":\"https:\\\/\\\/agradocosmetic.com\\\/#\\\/schema\\\/person\\\/732e8d396022e25f9340196f83d6789d\"},\"headline\":\"5 tips para proteger tu piel por Moderna de Pueblo\",\"datePublished\":\"2020-06-29T10:49:05+00:00\",\"dateModified\":\"2023-11-18T16:58:54+00:00\",\"mainEntityOfPage\":{\"@id\":\"https:\\\/\\\/agradocosmetic.com\\\/5-tips-para-proteger-tu-piel-por-moderna-de-pueblo\\\/\"},\"wordCount\":389,\"commentCount\":0,\"publisher\":{\"@id\":\"https:\\\/\\\/agradocosmetic.com\\\/#organization\"},\"image\":{\"@id\":\"https:\\\/\\\/agradocosmetic.com\\\/5-tips-para-proteger-tu-piel-por-moderna-de-pueblo\\\/#primaryimage\"},\"thumbnailUrl\":\"https:\\\/\\\/agradocosmetic.com\\\/wp-content\\\/uploads\\\/2020\\\/06\\\/tips-proteger-piel-agrado.jpg\",\"keywords\":[\"cuidado de la piel\",\"moderna de pueblo\",\"proteccion solar\",\"solares\",\"tips\"],\"articleSection\":[\"Lifestyle\",\"Solar\",\"Todos\"],\"inLanguage\":\"pt-PT\",\"potentialAction\":[{\"@type\":\"CommentAction\",\"name\":\"Comment\",\"target\":[\"https:\\\/\\\/agradocosmetic.com\\\/5-tips-para-proteger-tu-piel-por-moderna-de-pueblo\\\/#respond\"]}]},{\"@type\":\"WebPage\",\"@id\":\"https:\\\/\\\/agradocosmetic.com\\\/5-tips-para-proteger-tu-piel-por-moderna-de-pueblo\\\/\",\"url\":\"https:\\\/\\\/agradocosmetic.com\\\/5-tips-para-proteger-tu-piel-por-moderna-de-pueblo\\\/\",\"name\":\"5 tips para proteger tu piel por Moderna de Pueblo - Agrado\",\"isPartOf\":{\"@id\":\"https:\\\/\\\/agradocosmetic.com\\\/#website\"},\"primaryImageOfPage\":{\"@id\":\"https:\\\/\\\/agradocosmetic.com\\\/5-tips-para-proteger-tu-piel-por-moderna-de-pueblo\\\/#primaryimage\"},\"image\":{\"@id\":\"https:\\\/\\\/agradocosmetic.com\\\/5-tips-para-proteger-tu-piel-por-moderna-de-pueblo\\\/#primaryimage\"},\"thumbnailUrl\":\"https:\\\/\\\/agradocosmetic.com\\\/wp-content\\\/uploads\\\/2020\\\/06\\\/tips-proteger-piel-agrado.jpg\",\"datePublished\":\"2020-06-29T10:49:05+00:00\",\"dateModified\":\"2023-11-18T16:58:54+00:00\",\"description\":\"Toma nota de los consejos de Moderna de Pueblo y Agrado para cuidar tu piel en verano y disfrutar del sol con responsabilidad.\",\"breadcrumb\":{\"@id\":\"https:\\\/\\\/agradocosmetic.com\\\/5-tips-para-proteger-tu-piel-por-moderna-de-pueblo\\\/#breadcrumb\"},\"inLanguage\":\"pt-PT\",\"potentialAction\":[{\"@type\":\"ReadAction\",\"target\":[\"https:\\\/\\\/agradocosmetic.com\\\/5-tips-para-proteger-tu-piel-por-moderna-de-pueblo\\\/\"]}]},{\"@type\":\"ImageObject\",\"inLanguage\":\"pt-PT\",\"@id\":\"https:\\\/\\\/agradocosmetic.com\\\/5-tips-para-proteger-tu-piel-por-moderna-de-pueblo\\\/#primaryimage\",\"url\":\"https:\\\/\\\/agradocosmetic.com\\\/wp-content\\\/uploads\\\/2020\\\/06\\\/tips-proteger-piel-agrado.jpg\",\"contentUrl\":\"https:\\\/\\\/agradocosmetic.com\\\/wp-content\\\/uploads\\\/2020\\\/06\\\/tips-proteger-piel-agrado.jpg\",\"width\":1200,\"height\":800},{\"@type\":\"BreadcrumbList\",\"@id\":\"https:\\\/\\\/agradocosmetic.com\\\/5-tips-para-proteger-tu-piel-por-moderna-de-pueblo\\\/#breadcrumb\",\"itemListElement\":[{\"@type\":\"ListItem\",\"position\":1,\"name\":\"Portada\",\"item\":\"https:\\\/\\\/agradocosmetic.com\\\/\"},{\"@type\":\"ListItem\",\"position\":2,\"name\":\"5 tips para proteger tu piel por Moderna de Pueblo\"}]},{\"@type\":\"WebSite\",\"@id\":\"https:\\\/\\\/agradocosmetic.com\\\/#website\",\"url\":\"https:\\\/\\\/agradocosmetic.com\\\/\",\"name\":\"Agrado\",\"description\":\"Cosmetic\",\"publisher\":{\"@id\":\"https:\\\/\\\/agradocosmetic.com\\\/#organization\"},\"potentialAction\":[{\"@type\":\"SearchAction\",\"target\":{\"@type\":\"EntryPoint\",\"urlTemplate\":\"https:\\\/\\\/agradocosmetic.com\\\/?s={search_term_string}\"},\"query-input\":{\"@type\":\"PropertyValueSpecification\",\"valueRequired\":true,\"valueName\":\"search_term_string\"}}],\"inLanguage\":\"pt-PT\"},{\"@type\":\"Organization\",\"@id\":\"https:\\\/\\\/agradocosmetic.com\\\/#organization\",\"name\":\"Agrado\",\"url\":\"https:\\\/\\\/agradocosmetic.com\\\/\",\"logo\":{\"@type\":\"ImageObject\",\"inLanguage\":\"pt-PT\",\"@id\":\"https:\\\/\\\/agradocosmetic.com\\\/#\\\/schema\\\/logo\\\/image\\\/\",\"url\":\"https:\\\/\\\/agradocosmetic.com\\\/wp-content\\\/uploads\\\/2023\\\/07\\\/LOGO-AGRADO-WEB-01.png\",\"contentUrl\":\"https:\\\/\\\/agradocosmetic.com\\\/wp-content\\\/uploads\\\/2023\\\/07\\\/LOGO-AGRADO-WEB-01.png\",\"width\":1632,\"height\":300,\"caption\":\"Agrado\"},\"image\":{\"@id\":\"https:\\\/\\\/agradocosmetic.com\\\/#\\\/schema\\\/logo\\\/image\\\/\"}},{\"@type\":\"Person\",\"@id\":\"https:\\\/\\\/agradocosmetic.com\\\/#\\\/schema\\\/person\\\/732e8d396022e25f9340196f83d6789d\",\"name\":\"agradocosmetic\",\"image\":{\"@type\":\"ImageObject\",\"inLanguage\":\"pt-PT\",\"@id\":\"https:\\\/\\\/secure.gravatar.com\\\/avatar\\\/c6003e45301182b7e125463fcbec403b1980909c12edf09098526b9a15e779c0?s=96&d=mm&r=g\",\"url\":\"https:\\\/\\\/secure.gravatar.com\\\/avatar\\\/c6003e45301182b7e125463fcbec403b1980909c12edf09098526b9a15e779c0?s=96&d=mm&r=g\",\"contentUrl\":\"https:\\\/\\\/secure.gravatar.com\\\/avatar\\\/c6003e45301182b7e125463fcbec403b1980909c12edf09098526b9a15e779c0?s=96&d=mm&r=g\",\"caption\":\"agradocosmetic\"}}]}<\/script>\n<!-- \/ Yoast SEO plugin. -->","yoast_head_json":{"title":"5 tips para proteger tu piel por Moderna de Pueblo - Agrado","description":"Toma nota de los consejos de Moderna de Pueblo y Agrado para cuidar tu piel en verano y disfrutar del sol con responsabilidad.","robots":{"index":"index","follow":"follow","max-snippet":"max-snippet:-1","max-image-preview":"max-image-preview:large","max-video-preview":"max-video-preview:-1"},"canonical":"https:\/\/agradocosmetic.com\/pt\/5-tips-para-proteger-tu-piel-por-moderna-de-pueblo\/","og_locale":"pt_PT","og_type":"article","og_title":"5 tips para proteger tu piel por Moderna de Pueblo - Agrado","og_description":"Toma nota de los consejos de Moderna de Pueblo y Agrado para cuidar tu piel en verano y disfrutar del sol con responsabilidad.","og_url":"https:\/\/agradocosmetic.com\/pt\/5-tips-para-proteger-tu-piel-por-moderna-de-pueblo\/","og_site_name":"Agrado","article_published_time":"2020-06-29T10:49:05+00:00","article_modified_time":"2023-11-18T16:58:54+00:00","og_image":[{"width":1200,"height":800,"url":"https:\/\/agradocosmetic.com\/wp-content\/uploads\/2020\/06\/tips-proteger-piel-agrado.jpg","type":"image\/jpeg"}],"author":"agradocosmetic","twitter_card":"summary_large_image","twitter_misc":{"Escrito por":"agradocosmetic","Tempo estimado de leitura":"2 minutos"},"schema":{"@context":"https:\/\/schema.org","@graph":[{"@type":"Article","@id":"https:\/\/agradocosmetic.com\/5-tips-para-proteger-tu-piel-por-moderna-de-pueblo\/#article","isPartOf":{"@id":"https:\/\/agradocosmetic.com\/5-tips-para-proteger-tu-piel-por-moderna-de-pueblo\/"},"author":{"name":"agradocosmetic","@id":"https:\/\/agradocosmetic.com\/#\/schema\/person\/732e8d396022e25f9340196f83d6789d"},"headline":"5 tips para proteger tu piel por Moderna de Pueblo","datePublished":"2020-06-29T10:49:05+00:00","dateModified":"2023-11-18T16:58:54+00:00","mainEntityOfPage":{"@id":"https:\/\/agradocosmetic.com\/5-tips-para-proteger-tu-piel-por-moderna-de-pueblo\/"},"wordCount":389,"commentCount":0,"publisher":{"@id":"https:\/\/agradocosmetic.com\/#organization"},"image":{"@id":"https:\/\/agradocosmetic.com\/5-tips-para-proteger-tu-piel-por-moderna-de-pueblo\/#primaryimage"},"thumbnailUrl":"https:\/\/agradocosmetic.com\/wp-content\/uploads\/2020\/06\/tips-proteger-piel-agrado.jpg","keywords":["cuidado de la piel","moderna de pueblo","proteccion solar","solares","tips"],"articleSection":["Lifestyle","Solar","Todos"],"inLanguage":"pt-PT","potentialAction":[{"@type":"CommentAction","name":"Comment","target":["https:\/\/agradocosmetic.com\/5-tips-para-proteger-tu-piel-por-moderna-de-pueblo\/#respond"]}]},{"@type":"WebPage","@id":"https:\/\/agradocosmetic.com\/5-tips-para-proteger-tu-piel-por-moderna-de-pueblo\/","url":"https:\/\/agradocosmetic.com\/5-tips-para-proteger-tu-piel-por-moderna-de-pueblo\/","name":"5 tips para proteger tu piel por Moderna de Pueblo - Agrado","isPartOf":{"@id":"https:\/\/agradocosmetic.com\/#website"},"primaryImageOfPage":{"@id":"https:\/\/agradocosmetic.com\/5-tips-para-proteger-tu-piel-por-moderna-de-pueblo\/#primaryimage"},"image":{"@id":"https:\/\/agradocosmetic.com\/5-tips-para-proteger-tu-piel-por-moderna-de-pueblo\/#primaryimage"},"thumbnailUrl":"https:\/\/agradocosmetic.com\/wp-content\/uploads\/2020\/06\/tips-proteger-piel-agrado.jpg","datePublished":"2020-06-29T10:49:05+00:00","dateModified":"2023-11-18T16:58:54+00:00","description":"Toma nota de los consejos de Moderna de Pueblo y Agrado para cuidar tu piel en verano y disfrutar del sol con responsabilidad.","breadcrumb":{"@id":"https:\/\/agradocosmetic.com\/5-tips-para-proteger-tu-piel-por-moderna-de-pueblo\/#breadcrumb"},"inLanguage":"pt-PT","potentialAction":[{"@type":"ReadAction","target":["https:\/\/agradocosmetic.com\/5-tips-para-proteger-tu-piel-por-moderna-de-pueblo\/"]}]},{"@type":"ImageObject","inLanguage":"pt-PT","@id":"https:\/\/agradocosmetic.com\/5-tips-para-proteger-tu-piel-por-moderna-de-pueblo\/#primaryimage","url":"https:\/\/agradocosmetic.com\/wp-content\/uploads\/2020\/06\/tips-proteger-piel-agrado.jpg","contentUrl":"https:\/\/agradocosmetic.com\/wp-content\/uploads\/2020\/06\/tips-proteger-piel-agrado.jpg","width":1200,"height":800},{"@type":"BreadcrumbList","@id":"https:\/\/agradocosmetic.com\/5-tips-para-proteger-tu-piel-por-moderna-de-pueblo\/#breadcrumb","itemListElement":[{"@type":"ListItem","position":1,"name":"Portada","item":"https:\/\/agradocosmetic.com\/"},{"@type":"ListItem","position":2,"name":"5 tips para proteger tu piel por Moderna de Pueblo"}]},{"@type":"WebSite","@id":"https:\/\/agradocosmetic.com\/#website","url":"https:\/\/agradocosmetic.com\/","name":"Gosto","description":"Cosm\u00e9tico","publisher":{"@id":"https:\/\/agradocosmetic.com\/#organization"},"potentialAction":[{"@type":"SearchAction","target":{"@type":"EntryPoint","urlTemplate":"https:\/\/agradocosmetic.com\/?s={search_term_string}"},"query-input":{"@type":"PropertyValueSpecification","valueRequired":true,"valueName":"search_term_string"}}],"inLanguage":"pt-PT"},{"@type":"Organization","@id":"https:\/\/agradocosmetic.com\/#organization","name":"Gosto","url":"https:\/\/agradocosmetic.com\/","logo":{"@type":"ImageObject","inLanguage":"pt-PT","@id":"https:\/\/agradocosmetic.com\/#\/schema\/logo\/image\/","url":"https:\/\/agradocosmetic.com\/wp-content\/uploads\/2023\/07\/LOGO-AGRADO-WEB-01.png","contentUrl":"https:\/\/agradocosmetic.com\/wp-content\/uploads\/2023\/07\/LOGO-AGRADO-WEB-01.png","width":1632,"height":300,"caption":"Agrado"},"image":{"@id":"https:\/\/agradocosmetic.com\/#\/schema\/logo\/image\/"}},{"@type":"Person","@id":"https:\/\/agradocosmetic.com\/#\/schema\/person\/732e8d396022e25f9340196f83d6789d","name":"agradocosm\u00e9tico","image":{"@type":"ImageObject","inLanguage":"pt-PT","@id":"https:\/\/secure.gravatar.com\/avatar\/c6003e45301182b7e125463fcbec403b1980909c12edf09098526b9a15e779c0?s=96&d=mm&r=g","url":"https:\/\/secure.gravatar.com\/avatar\/c6003e45301182b7e125463fcbec403b1980909c12edf09098526b9a15e779c0?s=96&d=mm&r=g","contentUrl":"https:\/\/secure.gravatar.com\/avatar\/c6003e45301182b7e125463fcbec403b1980909c12edf09098526b9a15e779c0?s=96&d=mm&r=g","caption":"agradocosmetic"}}]}},"_links":{"self":[{"href":"https:\/\/agradocosmetic.com\/pt\/wp-json\/wp\/v2\/posts\/11291","targetHints":{"allow":["GET"]}}],"collection":[{"href":"https:\/\/agradocosmetic.com\/pt\/wp-json\/wp\/v2\/posts"}],"about":[{"href":"https:\/\/agradocosmetic.com\/pt\/wp-json\/wp\/v2\/types\/post"}],"author":[{"embeddable":true,"href":"https:\/\/agradocosmetic.com\/pt\/wp-json\/wp\/v2\/users\/9"}],"replies":[{"embeddable":true,"href":"https:\/\/agradocosmetic.com\/pt\/wp-json\/wp\/v2\/comments?post=11291"}],"version-history":[{"count":1,"href":"https:\/\/agradocosmetic.com\/pt\/wp-json\/wp\/v2\/posts\/11291\/revisions"}],"predecessor-version":[{"id":21367,"href":"https:\/\/agradocosmetic.com\/pt\/wp-json\/wp\/v2\/posts\/11291\/revisions\/21367"}],"wp:featuredmedia":[{"embeddable":true,"href":"https:\/\/agradocosmetic.com\/pt\/wp-json\/wp\/v2\/media\/21366"}],"wp:attachment":[{"href":"https:\/\/agradocosmetic.com\/pt\/wp-json\/wp\/v2\/media?parent=11291"}],"wp:term":[{"taxonomy":"category","embeddable":true,"href":"https:\/\/agradocosmetic.com\/pt\/wp-json\/wp\/v2\/categories?post=11291"},{"taxonomy":"post_tag","embeddable":true,"href":"https:\/\/agradocosmetic.com\/pt\/wp-json\/wp\/v2\/tags?post=11291"}],"curies":[{"name":"wp","href":"https:\/\/api.w.org\/{rel}","templated":true}]}}