{"id":11765,"date":"2020-07-14T10:21:44","date_gmt":"2020-07-14T09:21:44","guid":{"rendered":"https:\/\/www.agradocosmetic.com\/?p=11765"},"modified":"2023-11-18T16:58:54","modified_gmt":"2023-11-18T16:58:54","slug":"reto-tiktok-con-valeria-monerri","status":"publish","type":"post","link":"https:\/\/agradocosmetic.com\/pt\/reto-tiktok-con-valeria-monerri\/","title":{"rendered":"Desafio TikTok com Valeria Monerri"},"content":{"rendered":"<p>Voc\u00ea j\u00e1 ficou viciado no TikTok? A rede social de videoclipes e dublagens que faz sucesso entre os mais jovens est\u00e1 atraindo um grande n\u00famero de pessoas e marcas, inclusive n\u00f3s! Achamos t\u00e3o divertido e original que ca\u00edmos em tenta\u00e7\u00e3o. E como somos novos, Valeria Monerri, uma TikToker muito experiente, nos ajudou a criar v\u00eddeos bacanas de ver\u00e3o com nossa linha solar.<\/p>\r\n\r\n\r\n\r\n<p>Quer ganhar um kit de ver\u00e3o como o da Val\u00e9ria? Convidamos voc\u00ea a criar um <a href=\"https:\/\/www.tiktok.com\/@agradocosmetic?source=h5_t\" target=\"_blank\" rel=\"noreferrer noopener\" aria-label=\"indefinido (abre em uma nova guia)\">perfil no TikTok<\/a>Se ainda n\u00e3o o fez, experimente a sua criatividade com um v\u00eddeo de ver\u00e3o. Lembre-se de nos mencionar e adicionar nossa hashtag! #agradocrew @agradocosmetic No Instagram <a href=\"https:\/\/www.instagram.com\/valeriaamonerri\/\" target=\"_blank\" rel=\"noreferrer noopener\" aria-label=\"indefinido (abre em uma nova guia)\">@valeriaamonerri <\/a>Voc\u00ea pode seguir os passos para participar! E assista aos TikToks para inspirar voc\u00ea.<\/p>\r\n\r\n\r\n\r\n<p>O kit de ver\u00e3o inclui nossos <a href=\"\/pt\/?linea=solares\" target=\"_blank\" rel=\"noreferrer noopener\" aria-label=\"indefinido (abre em uma nova guia)\">linha completa de energia solar<\/a>, o melhor flutuador de flamingo com glitter do ver\u00e3o, uma ilustra\u00e7\u00e3o personalizada e o livro de Val\u00e9ria dedicado a ele. N\u00f3s deixamos para voc\u00ea o <a href=\"https:\/\/www.instagram.com\/p\/CCVwQe9gnoA\/\" target=\"_blank\" rel=\"noreferrer noopener\" aria-label=\"indefinido (abre em uma nova guia)\">link direto AQUI<\/a> para participar!<\/p>\r\n\r\n\r\n\r\n<p>Se voc\u00ea ainda n\u00e3o conhece nossos produtos solares, vai adorar! Eles absorvem rapidamente e protegem para evitar irrita\u00e7\u00f5es e queimaduras. Al\u00e9m disso, voc\u00ea encontrar\u00e1 diversos formatos para escolher o que mais combina com voc\u00ea. Bruma seca, creme, mousse... Voc\u00ea escolhe! Al\u00e9m disso, lembramos que, caso voc\u00ea n\u00e3o seja o sortudo, poder\u00e1 compr\u00e1-los nas principais perfumarias e supermercados. E se voc\u00ea j\u00e1 se apaixonou pelo nosso flutuador flamingo, n\u00f3s o oferecemos gratuitamente na compra de dois ou mais produtos solares Agrado nas principais perfumarias.<\/p>\r\n\r\n\r\n\r\n<p>Neste ver\u00e3o \u00e9 hora de aproveitar as pequenas coisas! E a \u00fanica coisa com que voc\u00ea se preocupa na praia ou na piscina \u00e9 proteger a pele. Que venha um ver\u00e3o sem filtros, sem complexos! Natural e agrad\u00e1vel. \ud83d\ude42 Voc\u00ea est\u00e1 dentro? Esque\u00e7a a foto perfeita e aproveite o momento!<\/p>\r\n\r\n\r\n\r\n<p>Vejo voc\u00eas no TikTok para nos divertirmos muito juntos.<\/p>","protected":false},"excerpt":{"rendered":"<p>\u00bfYa te has enganchado a TikTok? La red social de v\u00eddeos musicales y con doblajes que triunfa entre los m\u00e1s j\u00f3venes, est\u00e1 captando a un gran n\u00famero de personas y marcas, \u00a1entre las que nos incluimos! Nos parece tan divertida y original, que hemos ca\u00eddo en la tentaci\u00f3n. Y como somos nuevos, Valeria Monerri, TikToker [&hellip;]<\/p>\n","protected":false},"author":9,"featured_media":21364,"comment_status":"open","ping_status":"closed","sticky":false,"template":"","format":"standard","meta":{"footnotes":"","_wp_rev_ctl_limit":""},"categories":[116,1],"tags":[],"class_list":["post-11765","post","type-post","status-publish","format-standard","has-post-thumbnail","hentry","category-solar","category-todos"],"yoast_head":"<!-- This site is optimized with the Yoast SEO plugin v27.4 - https:\/\/yoast.com\/product\/yoast-seo-wordpress\/ -->\n<title>Reto en TikTok con Valeria Monerri - Agrado<\/title>\n<meta name=\"description\" content=\"\u00a1Te retamos en TikTok! Consigue un Summer Kit de Agrado muy especial participando en nuestro reto veraniego. \u00a1Saca tu cara m\u00e1s creativa!\" \/>\n<meta name=\"robots\" content=\"index, follow, max-snippet:-1, max-image-preview:large, max-video-preview:-1\" \/>\n<link rel=\"canonical\" href=\"https:\/\/agradocosmetic.com\/pt\/reto-tiktok-con-valeria-monerri\/\" \/>\n<meta property=\"og:locale\" content=\"pt_PT\" \/>\n<meta property=\"og:type\" content=\"article\" \/>\n<meta property=\"og:title\" content=\"Reto en TikTok con Valeria Monerri - Agrado\" \/>\n<meta property=\"og:description\" content=\"\u00a1Te retamos en TikTok! Consigue un Summer Kit de Agrado muy especial participando en nuestro reto veraniego. \u00a1Saca tu cara m\u00e1s creativa!\" \/>\n<meta property=\"og:url\" content=\"https:\/\/agradocosmetic.com\/pt\/reto-tiktok-con-valeria-monerri\/\" \/>\n<meta property=\"og:site_name\" content=\"Agrado\" \/>\n<meta property=\"article:published_time\" content=\"2020-07-14T09:21:44+00:00\" \/>\n<meta property=\"article:modified_time\" content=\"2023-11-18T16:58:54+00:00\" \/>\n<meta property=\"og:image\" content=\"https:\/\/agradocosmetic.com\/wp-content\/uploads\/2020\/07\/reto-tiktok-agrado.jpg\" \/>\n\t<meta property=\"og:image:width\" content=\"1200\" \/>\n\t<meta property=\"og:image:height\" content=\"800\" \/>\n\t<meta property=\"og:image:type\" content=\"image\/jpeg\" \/>\n<meta name=\"author\" content=\"agradocosmetic\" \/>\n<meta name=\"twitter:card\" content=\"summary_large_image\" \/>\n<meta name=\"twitter:label1\" content=\"Escrito por\" \/>\n\t<meta name=\"twitter:data1\" content=\"agradocosmetic\" \/>\n\t<meta name=\"twitter:label2\" content=\"Tempo estimado de leitura\" \/>\n\t<meta name=\"twitter:data2\" content=\"2 minutos\" \/>\n<script type=\"application\/ld+json\" class=\"yoast-schema-graph\">{\"@context\":\"https:\\\/\\\/schema.org\",\"@graph\":[{\"@type\":\"Article\",\"@id\":\"https:\\\/\\\/agradocosmetic.com\\\/reto-tiktok-con-valeria-monerri\\\/#article\",\"isPartOf\":{\"@id\":\"https:\\\/\\\/agradocosmetic.com\\\/reto-tiktok-con-valeria-monerri\\\/\"},\"author\":{\"name\":\"agradocosmetic\",\"@id\":\"https:\\\/\\\/agradocosmetic.com\\\/#\\\/schema\\\/person\\\/732e8d396022e25f9340196f83d6789d\"},\"headline\":\"Reto en TikTok con Valeria Monerri\",\"datePublished\":\"2020-07-14T09:21:44+00:00\",\"dateModified\":\"2023-11-18T16:58:54+00:00\",\"mainEntityOfPage\":{\"@id\":\"https:\\\/\\\/agradocosmetic.com\\\/reto-tiktok-con-valeria-monerri\\\/\"},\"wordCount\":337,\"commentCount\":0,\"publisher\":{\"@id\":\"https:\\\/\\\/agradocosmetic.com\\\/#organization\"},\"image\":{\"@id\":\"https:\\\/\\\/agradocosmetic.com\\\/reto-tiktok-con-valeria-monerri\\\/#primaryimage\"},\"thumbnailUrl\":\"https:\\\/\\\/agradocosmetic.com\\\/wp-content\\\/uploads\\\/2020\\\/07\\\/reto-tiktok-agrado.jpg\",\"articleSection\":[\"Solar\",\"Todos\"],\"inLanguage\":\"pt-PT\",\"potentialAction\":[{\"@type\":\"CommentAction\",\"name\":\"Comment\",\"target\":[\"https:\\\/\\\/agradocosmetic.com\\\/reto-tiktok-con-valeria-monerri\\\/#respond\"]}]},{\"@type\":\"WebPage\",\"@id\":\"https:\\\/\\\/agradocosmetic.com\\\/reto-tiktok-con-valeria-monerri\\\/\",\"url\":\"https:\\\/\\\/agradocosmetic.com\\\/reto-tiktok-con-valeria-monerri\\\/\",\"name\":\"Reto en TikTok con Valeria Monerri - Agrado\",\"isPartOf\":{\"@id\":\"https:\\\/\\\/agradocosmetic.com\\\/#website\"},\"primaryImageOfPage\":{\"@id\":\"https:\\\/\\\/agradocosmetic.com\\\/reto-tiktok-con-valeria-monerri\\\/#primaryimage\"},\"image\":{\"@id\":\"https:\\\/\\\/agradocosmetic.com\\\/reto-tiktok-con-valeria-monerri\\\/#primaryimage\"},\"thumbnailUrl\":\"https:\\\/\\\/agradocosmetic.com\\\/wp-content\\\/uploads\\\/2020\\\/07\\\/reto-tiktok-agrado.jpg\",\"datePublished\":\"2020-07-14T09:21:44+00:00\",\"dateModified\":\"2023-11-18T16:58:54+00:00\",\"description\":\"\u00a1Te retamos en TikTok! Consigue un Summer Kit de Agrado muy especial participando en nuestro reto veraniego. \u00a1Saca tu cara m\u00e1s creativa!\",\"breadcrumb\":{\"@id\":\"https:\\\/\\\/agradocosmetic.com\\\/reto-tiktok-con-valeria-monerri\\\/#breadcrumb\"},\"inLanguage\":\"pt-PT\",\"potentialAction\":[{\"@type\":\"ReadAction\",\"target\":[\"https:\\\/\\\/agradocosmetic.com\\\/reto-tiktok-con-valeria-monerri\\\/\"]}]},{\"@type\":\"ImageObject\",\"inLanguage\":\"pt-PT\",\"@id\":\"https:\\\/\\\/agradocosmetic.com\\\/reto-tiktok-con-valeria-monerri\\\/#primaryimage\",\"url\":\"https:\\\/\\\/agradocosmetic.com\\\/wp-content\\\/uploads\\\/2020\\\/07\\\/reto-tiktok-agrado.jpg\",\"contentUrl\":\"https:\\\/\\\/agradocosmetic.com\\\/wp-content\\\/uploads\\\/2020\\\/07\\\/reto-tiktok-agrado.jpg\",\"width\":1200,\"height\":800},{\"@type\":\"BreadcrumbList\",\"@id\":\"https:\\\/\\\/agradocosmetic.com\\\/reto-tiktok-con-valeria-monerri\\\/#breadcrumb\",\"itemListElement\":[{\"@type\":\"ListItem\",\"position\":1,\"name\":\"Portada\",\"item\":\"https:\\\/\\\/agradocosmetic.com\\\/\"},{\"@type\":\"ListItem\",\"position\":2,\"name\":\"Reto en TikTok con Valeria Monerri\"}]},{\"@type\":\"WebSite\",\"@id\":\"https:\\\/\\\/agradocosmetic.com\\\/#website\",\"url\":\"https:\\\/\\\/agradocosmetic.com\\\/\",\"name\":\"Agrado\",\"description\":\"Cosmetic\",\"publisher\":{\"@id\":\"https:\\\/\\\/agradocosmetic.com\\\/#organization\"},\"potentialAction\":[{\"@type\":\"SearchAction\",\"target\":{\"@type\":\"EntryPoint\",\"urlTemplate\":\"https:\\\/\\\/agradocosmetic.com\\\/?s={search_term_string}\"},\"query-input\":{\"@type\":\"PropertyValueSpecification\",\"valueRequired\":true,\"valueName\":\"search_term_string\"}}],\"inLanguage\":\"pt-PT\"},{\"@type\":\"Organization\",\"@id\":\"https:\\\/\\\/agradocosmetic.com\\\/#organization\",\"name\":\"Agrado\",\"url\":\"https:\\\/\\\/agradocosmetic.com\\\/\",\"logo\":{\"@type\":\"ImageObject\",\"inLanguage\":\"pt-PT\",\"@id\":\"https:\\\/\\\/agradocosmetic.com\\\/#\\\/schema\\\/logo\\\/image\\\/\",\"url\":\"https:\\\/\\\/agradocosmetic.com\\\/wp-content\\\/uploads\\\/2023\\\/07\\\/LOGO-AGRADO-WEB-01.png\",\"contentUrl\":\"https:\\\/\\\/agradocosmetic.com\\\/wp-content\\\/uploads\\\/2023\\\/07\\\/LOGO-AGRADO-WEB-01.png\",\"width\":1632,\"height\":300,\"caption\":\"Agrado\"},\"image\":{\"@id\":\"https:\\\/\\\/agradocosmetic.com\\\/#\\\/schema\\\/logo\\\/image\\\/\"}},{\"@type\":\"Person\",\"@id\":\"https:\\\/\\\/agradocosmetic.com\\\/#\\\/schema\\\/person\\\/732e8d396022e25f9340196f83d6789d\",\"name\":\"agradocosmetic\",\"image\":{\"@type\":\"ImageObject\",\"inLanguage\":\"pt-PT\",\"@id\":\"https:\\\/\\\/secure.gravatar.com\\\/avatar\\\/c6003e45301182b7e125463fcbec403b1980909c12edf09098526b9a15e779c0?s=96&d=mm&r=g\",\"url\":\"https:\\\/\\\/secure.gravatar.com\\\/avatar\\\/c6003e45301182b7e125463fcbec403b1980909c12edf09098526b9a15e779c0?s=96&d=mm&r=g\",\"contentUrl\":\"https:\\\/\\\/secure.gravatar.com\\\/avatar\\\/c6003e45301182b7e125463fcbec403b1980909c12edf09098526b9a15e779c0?s=96&d=mm&r=g\",\"caption\":\"agradocosmetic\"}}]}<\/script>\n<!-- \/ Yoast SEO plugin. -->","yoast_head_json":{"title":"Reto en TikTok con Valeria Monerri - Agrado","description":"\u00a1Te retamos en TikTok! Consigue un Summer Kit de Agrado muy especial participando en nuestro reto veraniego. \u00a1Saca tu cara m\u00e1s creativa!","robots":{"index":"index","follow":"follow","max-snippet":"max-snippet:-1","max-image-preview":"max-image-preview:large","max-video-preview":"max-video-preview:-1"},"canonical":"https:\/\/agradocosmetic.com\/pt\/reto-tiktok-con-valeria-monerri\/","og_locale":"pt_PT","og_type":"article","og_title":"Reto en TikTok con Valeria Monerri - Agrado","og_description":"\u00a1Te retamos en TikTok! Consigue un Summer Kit de Agrado muy especial participando en nuestro reto veraniego. \u00a1Saca tu cara m\u00e1s creativa!","og_url":"https:\/\/agradocosmetic.com\/pt\/reto-tiktok-con-valeria-monerri\/","og_site_name":"Agrado","article_published_time":"2020-07-14T09:21:44+00:00","article_modified_time":"2023-11-18T16:58:54+00:00","og_image":[{"width":1200,"height":800,"url":"https:\/\/agradocosmetic.com\/wp-content\/uploads\/2020\/07\/reto-tiktok-agrado.jpg","type":"image\/jpeg"}],"author":"agradocosmetic","twitter_card":"summary_large_image","twitter_misc":{"Escrito por":"agradocosmetic","Tempo estimado de leitura":"2 minutos"},"schema":{"@context":"https:\/\/schema.org","@graph":[{"@type":"Article","@id":"https:\/\/agradocosmetic.com\/reto-tiktok-con-valeria-monerri\/#article","isPartOf":{"@id":"https:\/\/agradocosmetic.com\/reto-tiktok-con-valeria-monerri\/"},"author":{"name":"agradocosmetic","@id":"https:\/\/agradocosmetic.com\/#\/schema\/person\/732e8d396022e25f9340196f83d6789d"},"headline":"Reto en TikTok con Valeria Monerri","datePublished":"2020-07-14T09:21:44+00:00","dateModified":"2023-11-18T16:58:54+00:00","mainEntityOfPage":{"@id":"https:\/\/agradocosmetic.com\/reto-tiktok-con-valeria-monerri\/"},"wordCount":337,"commentCount":0,"publisher":{"@id":"https:\/\/agradocosmetic.com\/#organization"},"image":{"@id":"https:\/\/agradocosmetic.com\/reto-tiktok-con-valeria-monerri\/#primaryimage"},"thumbnailUrl":"https:\/\/agradocosmetic.com\/wp-content\/uploads\/2020\/07\/reto-tiktok-agrado.jpg","articleSection":["Solar","Todos"],"inLanguage":"pt-PT","potentialAction":[{"@type":"CommentAction","name":"Comment","target":["https:\/\/agradocosmetic.com\/reto-tiktok-con-valeria-monerri\/#respond"]}]},{"@type":"WebPage","@id":"https:\/\/agradocosmetic.com\/reto-tiktok-con-valeria-monerri\/","url":"https:\/\/agradocosmetic.com\/reto-tiktok-con-valeria-monerri\/","name":"Reto en TikTok con Valeria Monerri - Agrado","isPartOf":{"@id":"https:\/\/agradocosmetic.com\/#website"},"primaryImageOfPage":{"@id":"https:\/\/agradocosmetic.com\/reto-tiktok-con-valeria-monerri\/#primaryimage"},"image":{"@id":"https:\/\/agradocosmetic.com\/reto-tiktok-con-valeria-monerri\/#primaryimage"},"thumbnailUrl":"https:\/\/agradocosmetic.com\/wp-content\/uploads\/2020\/07\/reto-tiktok-agrado.jpg","datePublished":"2020-07-14T09:21:44+00:00","dateModified":"2023-11-18T16:58:54+00:00","description":"\u00a1Te retamos en TikTok! Consigue un Summer Kit de Agrado muy especial participando en nuestro reto veraniego. \u00a1Saca tu cara m\u00e1s creativa!","breadcrumb":{"@id":"https:\/\/agradocosmetic.com\/reto-tiktok-con-valeria-monerri\/#breadcrumb"},"inLanguage":"pt-PT","potentialAction":[{"@type":"ReadAction","target":["https:\/\/agradocosmetic.com\/reto-tiktok-con-valeria-monerri\/"]}]},{"@type":"ImageObject","inLanguage":"pt-PT","@id":"https:\/\/agradocosmetic.com\/reto-tiktok-con-valeria-monerri\/#primaryimage","url":"https:\/\/agradocosmetic.com\/wp-content\/uploads\/2020\/07\/reto-tiktok-agrado.jpg","contentUrl":"https:\/\/agradocosmetic.com\/wp-content\/uploads\/2020\/07\/reto-tiktok-agrado.jpg","width":1200,"height":800},{"@type":"BreadcrumbList","@id":"https:\/\/agradocosmetic.com\/reto-tiktok-con-valeria-monerri\/#breadcrumb","itemListElement":[{"@type":"ListItem","position":1,"name":"Portada","item":"https:\/\/agradocosmetic.com\/"},{"@type":"ListItem","position":2,"name":"Reto en TikTok con Valeria Monerri"}]},{"@type":"WebSite","@id":"https:\/\/agradocosmetic.com\/#website","url":"https:\/\/agradocosmetic.com\/","name":"Gosto","description":"Cosm\u00e9tico","publisher":{"@id":"https:\/\/agradocosmetic.com\/#organization"},"potentialAction":[{"@type":"SearchAction","target":{"@type":"EntryPoint","urlTemplate":"https:\/\/agradocosmetic.com\/?s={search_term_string}"},"query-input":{"@type":"PropertyValueSpecification","valueRequired":true,"valueName":"search_term_string"}}],"inLanguage":"pt-PT"},{"@type":"Organization","@id":"https:\/\/agradocosmetic.com\/#organization","name":"Gosto","url":"https:\/\/agradocosmetic.com\/","logo":{"@type":"ImageObject","inLanguage":"pt-PT","@id":"https:\/\/agradocosmetic.com\/#\/schema\/logo\/image\/","url":"https:\/\/agradocosmetic.com\/wp-content\/uploads\/2023\/07\/LOGO-AGRADO-WEB-01.png","contentUrl":"https:\/\/agradocosmetic.com\/wp-content\/uploads\/2023\/07\/LOGO-AGRADO-WEB-01.png","width":1632,"height":300,"caption":"Agrado"},"image":{"@id":"https:\/\/agradocosmetic.com\/#\/schema\/logo\/image\/"}},{"@type":"Person","@id":"https:\/\/agradocosmetic.com\/#\/schema\/person\/732e8d396022e25f9340196f83d6789d","name":"agradocosm\u00e9tico","image":{"@type":"ImageObject","inLanguage":"pt-PT","@id":"https:\/\/secure.gravatar.com\/avatar\/c6003e45301182b7e125463fcbec403b1980909c12edf09098526b9a15e779c0?s=96&d=mm&r=g","url":"https:\/\/secure.gravatar.com\/avatar\/c6003e45301182b7e125463fcbec403b1980909c12edf09098526b9a15e779c0?s=96&d=mm&r=g","contentUrl":"https:\/\/secure.gravatar.com\/avatar\/c6003e45301182b7e125463fcbec403b1980909c12edf09098526b9a15e779c0?s=96&d=mm&r=g","caption":"agradocosmetic"}}]}},"_links":{"self":[{"href":"https:\/\/agradocosmetic.com\/pt\/wp-json\/wp\/v2\/posts\/11765","targetHints":{"allow":["GET"]}}],"collection":[{"href":"https:\/\/agradocosmetic.com\/pt\/wp-json\/wp\/v2\/posts"}],"about":[{"href":"https:\/\/agradocosmetic.com\/pt\/wp-json\/wp\/v2\/types\/post"}],"author":[{"embeddable":true,"href":"https:\/\/agradocosmetic.com\/pt\/wp-json\/wp\/v2\/users\/9"}],"replies":[{"embeddable":true,"href":"https:\/\/agradocosmetic.com\/pt\/wp-json\/wp\/v2\/comments?post=11765"}],"version-history":[{"count":1,"href":"https:\/\/agradocosmetic.com\/pt\/wp-json\/wp\/v2\/posts\/11765\/revisions"}],"predecessor-version":[{"id":21365,"href":"https:\/\/agradocosmetic.com\/pt\/wp-json\/wp\/v2\/posts\/11765\/revisions\/21365"}],"wp:featuredmedia":[{"embeddable":true,"href":"https:\/\/agradocosmetic.com\/pt\/wp-json\/wp\/v2\/media\/21364"}],"wp:attachment":[{"href":"https:\/\/agradocosmetic.com\/pt\/wp-json\/wp\/v2\/media?parent=11765"}],"wp:term":[{"taxonomy":"category","embeddable":true,"href":"https:\/\/agradocosmetic.com\/pt\/wp-json\/wp\/v2\/categories?post=11765"},{"taxonomy":"post_tag","embeddable":true,"href":"https:\/\/agradocosmetic.com\/pt\/wp-json\/wp\/v2\/tags?post=11765"}],"curies":[{"name":"wp","href":"https:\/\/api.w.org\/{rel}","templated":true}]}}