{"id":12543,"date":"2020-08-10T13:11:53","date_gmt":"2020-08-10T12:11:53","guid":{"rendered":"https:\/\/www.agradocosmetic.com\/?p=12543"},"modified":"2023-11-18T16:58:54","modified_gmt":"2023-11-18T16:58:54","slug":"hablan-de-nosotros-los-solares-agrado-en-prensa","status":"publish","type":"post","link":"https:\/\/agradocosmetic.com\/pt\/hablan-de-nosotros-los-solares-agrado-en-prensa\/","title":{"rendered":"Eles falam sobre n\u00f3s! As tramas do Agrado na imprensa"},"content":{"rendered":"<p>Este ver\u00e3o o <a href=\"\/pt\/?linea=solares\" target=\"_blank\" rel=\"noreferrer noopener\" aria-label=\"indefinido (abre em uma nova guia)\">protetor solar da Agrado Cosmetic<\/a> Eles causaram sensa\u00e7\u00e3o na imprensa e n\u00e3o poder\u00edamos estar mais gratos. As mais importantes publica\u00e7\u00f5es de beleza e estilo de vida recomendaram nossos produtos aos seus leitores, e cada uma dessas men\u00e7\u00f5es \u00e9 o resultado de ter comprovado sua efic\u00e1cia.<\/p>\r\n\r\n\r\n\r\n<p>Compilamos as publica\u00e7\u00f5es mais marcantes na imprensa e convidamos voc\u00ea a dar uma olhada para conhecer a opini\u00e3o dos mais importantes editores de beleza.<\/p>\r\n\r\n\r\n\r\n<p><strong>VOGA<\/strong><\/p>\r\n\r\n\r\n\r\n<p><a href=\"https:\/\/www.vogue.es\/belleza\/galerias\/brumas-proteccion-solar-bolso-fotoprotector\" target=\"_blank\" rel=\"noreferrer noopener\" aria-label=\"indefinido (abre em uma nova guia)\">Brumas de prote\u00e7\u00e3o solar que voc\u00ea pode levar na bolsa<\/a><\/p>\r\n\r\n\r\n\r\n<p><a href=\"https:\/\/www.vogue.es\/belleza\/articulos\/cosmeticos-espanoles-virales-crema-maquillaje-champu-buenas-opiniones\" target=\"_blank\" rel=\"noreferrer noopener\" aria-label=\"indefinido (abre em uma nova guia)\">10 cosm\u00e9ticos espanh\u00f3is que est\u00e3o se tornando (MUITO) virais<\/a><\/p>\r\n\r\n\r\n\r\n<p>\u2018&#039;\u2018<a href=\"https:\/\/www.vogue.es\/belleza\/articulos\/aftersun-crema-hidratante-corporal-diferencias-calmar-piel-quemaduras\" target=\"_blank\" rel=\"noreferrer noopener\" aria-label=\"indefinido (abre em uma nova guia)\">P\u00f3s-sol ou hidratante: qual \u00e9 realmente a diferen\u00e7a? <\/a><\/p>\r\n\r\n\r\n\r\n<p><strong>TELVA<\/strong><\/p>\r\n\r\n\r\n\r\n<p><a href=\"https:\/\/www.telva.com\/belleza\/cremas\/album\/2020\/06\/09\/5edf9d8d01a2f14daf8b45ff_13.html\" target=\"_blank\" rel=\"noreferrer noopener\" aria-label=\"indefinido (abre em uma nova guia)\">Estes s\u00e3o os melhores cremes solares para peles sens\u00edveis e problem\u00e1ticas para evitar queimaduras<\/a><\/p>\r\n\r\n\r\n\r\n<p><strong>COSMOPOLITA<\/strong><\/p>\r\n\r\n\r\n\r\n<p><a href=\"https:\/\/www.cosmopolitan.com\/es\/belleza\/tratamientos-cara-cuerpo\/g22588625\/neceser-playa\/\" target=\"_blank\" rel=\"noreferrer noopener\" aria-label=\"indefinido (abre em uma nova guia)\">Isso \u00e9 o que n\u00e3o pode faltar na sua bolsa de beleza para a praia<\/a><\/p>\r\n\r\n\r\n\r\n<p><strong>ELA<\/strong><\/p>\r\n\r\n\r\n\r\n<p><a href=\"https:\/\/www.elle.com\/es\/belleza\/cara-cuerpo\/a33297748\/proteccion-solar-mascarilla-agrado-cosmetics\/\" target=\"_blank\" rel=\"noreferrer noopener\" aria-label=\"indefinido (abre em uma nova guia)\">A prote\u00e7\u00e3o solar ideal para usar com m\u00e1scara<\/a><\/p>\r\n\r\n\r\n\r\n<p><strong>SA\u00daDE DA MULHER<\/strong><\/p>\r\n\r\n\r\n\r\n<p><a href=\"https:\/\/www.womenshealthmag.com\/es\/moda-belleza\/g32890479\/25-protectores-solares-texturas-formatos\/?slide=3\" target=\"_blank\" rel=\"noreferrer noopener\" aria-label=\"indefinido (abre em uma nova guia)\">20 protetores solares em formatos diferentes para voc\u00ea encontrar o seu<\/a><\/p>\r\n\r\n\r\n\r\n<p><strong>VANITATIS<\/strong><\/p>\r\n\r\n\r\n\r\n<p><a href=\"https:\/\/www.vanitatis.elconfidencial.com\/estilo\/belleza\/2020-06-20\/consejos-sol-bronceado-prevencion_1587024\/\" target=\"_blank\" rel=\"noreferrer noopener\" aria-label=\"indefinido (abre em uma nova guia)\">As 7 dicas b\u00e1sicas para que o sol seja seu melhor aliado (e n\u00e3o seu pior inimigo)<\/a><\/p>\r\n\r\n\r\n\r\n<p><strong>O PA\u00cdS<\/strong><\/p>\r\n\r\n\r\n\r\n<p><a href=\"https:\/\/elpais.com\/elpais\/2020\/06\/23\/escaparate\/1592902564_715497.amp.html\" target=\"_blank\" rel=\"noreferrer noopener\" aria-label=\"indefinido (abre em uma nova guia)\">Cinco n\u00e9voas de spray perfeitas para aplicar protetor solar no rosto e n\u00e3o manchar a m\u00e1scara<\/a><\/p>\r\n\r\n\r\n\r\n<p><strong>RESUMO ABC<\/strong><\/p>\r\n\r\n\r\n\r\n<p><a href=\"https:\/\/www.abc.es\/summum\/estilo\/moda\/abci-todo-debes-meter-maleta-vacaciones-para-mas-elegante-202007240917_noticia.html\" target=\"_blank\" rel=\"noreferrer noopener\" aria-label=\"indefinido (abre em uma nova guia)\">Tudo o que voc\u00ea deve colocar na sua mala de f\u00e9rias para ser o mais elegante<\/a><\/p>\r\n\r\n\r\n\r\n<p><strong>OS CORREIOS DA ESPANHA<\/strong><\/p>\r\n\r\n\r\n\r\n<p><a href=\"https:\/\/elcorreodeespana.com\/salud\/461778128\/Agrado-Cosmetic-la-crema-solar-mas-agradable-para-llevar-con-mascarilla.html\" target=\"_blank\" rel=\"noreferrer noopener\" aria-label=\"indefinido (abre em uma nova guia)\">Agrado Cosmetic: o protetor solar mais agrad\u00e1vel para usar com m\u00e1scara<\/a><\/p>\r\n\r\n\r\n\r\n<p>&nbsp;<\/p>\r\n\r\n\r\n\r\n<p>O que mais nos entusiasma \u00e9 que voc\u00ea 100% concorda, e neste ver\u00e3o os solares Agrado o acompanham por toda parte. O FPS50 Facial Sun Mist tem sido o grande protagonista para aplicar e reaplicar e estar sempre protegido. Voc\u00ea tamb\u00e9m o recomendou muito nas redes sociais!<\/p>\r\n\r\n\r\n\r\n<p>Obrigado por confiar a prote\u00e7\u00e3o da sua pele em nossos produtos! Continuamos trabalhando para oferecer o melhor a um pre\u00e7o justo. E obrigado tamb\u00e9m a toda a imprensa que nos apoia com as suas recomenda\u00e7\u00f5es.<\/p>","protected":false},"excerpt":{"rendered":"<p>Este verano los solares de Agrado Cosmetic han causado furor en prensa, y no podemos estar m\u00e1s agradecidos. Las cabeceras m\u00e1s importantes de belleza y estilo de vida han recomendado nuestros productos a sus lectoras, y cada una de esas menciones es resultado de haber probado su efectividad. Recopilamos las apariciones en prensa m\u00e1s destacadas [&hellip;]<\/p>\n","protected":false},"author":9,"featured_media":21360,"comment_status":"open","ping_status":"closed","sticky":false,"template":"","format":"standard","meta":{"footnotes":"","_wp_rev_ctl_limit":""},"categories":[116,1],"tags":[322,229],"class_list":["post-12543","post","type-post","status-publish","format-standard","has-post-thumbnail","hentry","category-solar","category-todos","tag-prensa","tag-solares"],"yoast_head":"<!-- This site is optimized with the Yoast SEO plugin v27.4 - https:\/\/yoast.com\/product\/yoast-seo-wordpress\/ -->\n<title>\u00a1Hablan de nosotros! Los solares Agrado en prensa - Agrado<\/title>\n<meta name=\"description\" content=\"La prensa recomienda nuestros solares por su efectividad y pr\u00e1ctico formato. \u00a1No os perd\u00e1is estas menciones! Seguro que est\u00e1is de acuerdo en todas.\" \/>\n<meta name=\"robots\" content=\"index, follow, max-snippet:-1, max-image-preview:large, max-video-preview:-1\" \/>\n<link rel=\"canonical\" href=\"https:\/\/agradocosmetic.com\/pt\/hablan-de-nosotros-los-solares-agrado-en-prensa\/\" \/>\n<meta property=\"og:locale\" content=\"pt_PT\" \/>\n<meta property=\"og:type\" content=\"article\" \/>\n<meta property=\"og:title\" content=\"\u00a1Hablan de nosotros! Los solares Agrado en prensa - Agrado\" \/>\n<meta property=\"og:description\" content=\"La prensa recomienda nuestros solares por su efectividad y pr\u00e1ctico formato. \u00a1No os perd\u00e1is estas menciones! Seguro que est\u00e1is de acuerdo en todas.\" \/>\n<meta property=\"og:url\" content=\"https:\/\/agradocosmetic.com\/pt\/hablan-de-nosotros-los-solares-agrado-en-prensa\/\" \/>\n<meta property=\"og:site_name\" content=\"Agrado\" \/>\n<meta property=\"article:published_time\" content=\"2020-08-10T12:11:53+00:00\" \/>\n<meta property=\"article:modified_time\" content=\"2023-11-18T16:58:54+00:00\" \/>\n<meta property=\"og:image\" content=\"https:\/\/agradocosmetic.com\/wp-content\/uploads\/2020\/08\/prensa-solares-agrado.jpg\" \/>\n\t<meta property=\"og:image:width\" content=\"1200\" \/>\n\t<meta property=\"og:image:height\" content=\"800\" \/>\n\t<meta property=\"og:image:type\" content=\"image\/jpeg\" \/>\n<meta name=\"author\" content=\"agradocosmetic\" \/>\n<meta name=\"twitter:card\" content=\"summary_large_image\" \/>\n<meta name=\"twitter:label1\" content=\"Escrito por\" \/>\n\t<meta name=\"twitter:data1\" content=\"agradocosmetic\" \/>\n\t<meta name=\"twitter:label2\" content=\"Tempo estimado de leitura\" \/>\n\t<meta name=\"twitter:data2\" content=\"2 minutos\" \/>\n<script type=\"application\/ld+json\" class=\"yoast-schema-graph\">{\"@context\":\"https:\\\/\\\/schema.org\",\"@graph\":[{\"@type\":\"Article\",\"@id\":\"https:\\\/\\\/agradocosmetic.com\\\/hablan-de-nosotros-los-solares-agrado-en-prensa\\\/#article\",\"isPartOf\":{\"@id\":\"https:\\\/\\\/agradocosmetic.com\\\/hablan-de-nosotros-los-solares-agrado-en-prensa\\\/\"},\"author\":{\"name\":\"agradocosmetic\",\"@id\":\"https:\\\/\\\/agradocosmetic.com\\\/#\\\/schema\\\/person\\\/732e8d396022e25f9340196f83d6789d\"},\"headline\":\"\u00a1Hablan de nosotros! Los solares Agrado en prensa\",\"datePublished\":\"2020-08-10T12:11:53+00:00\",\"dateModified\":\"2023-11-18T16:58:54+00:00\",\"mainEntityOfPage\":{\"@id\":\"https:\\\/\\\/agradocosmetic.com\\\/hablan-de-nosotros-los-solares-agrado-en-prensa\\\/\"},\"wordCount\":345,\"commentCount\":0,\"publisher\":{\"@id\":\"https:\\\/\\\/agradocosmetic.com\\\/#organization\"},\"image\":{\"@id\":\"https:\\\/\\\/agradocosmetic.com\\\/hablan-de-nosotros-los-solares-agrado-en-prensa\\\/#primaryimage\"},\"thumbnailUrl\":\"https:\\\/\\\/agradocosmetic.com\\\/wp-content\\\/uploads\\\/2020\\\/08\\\/prensa-solares-agrado.jpg\",\"keywords\":[\"prensa\",\"solares\"],\"articleSection\":[\"Solar\",\"Todos\"],\"inLanguage\":\"pt-PT\",\"potentialAction\":[{\"@type\":\"CommentAction\",\"name\":\"Comment\",\"target\":[\"https:\\\/\\\/agradocosmetic.com\\\/hablan-de-nosotros-los-solares-agrado-en-prensa\\\/#respond\"]}]},{\"@type\":\"WebPage\",\"@id\":\"https:\\\/\\\/agradocosmetic.com\\\/hablan-de-nosotros-los-solares-agrado-en-prensa\\\/\",\"url\":\"https:\\\/\\\/agradocosmetic.com\\\/hablan-de-nosotros-los-solares-agrado-en-prensa\\\/\",\"name\":\"\u00a1Hablan de nosotros! Los solares Agrado en prensa - Agrado\",\"isPartOf\":{\"@id\":\"https:\\\/\\\/agradocosmetic.com\\\/#website\"},\"primaryImageOfPage\":{\"@id\":\"https:\\\/\\\/agradocosmetic.com\\\/hablan-de-nosotros-los-solares-agrado-en-prensa\\\/#primaryimage\"},\"image\":{\"@id\":\"https:\\\/\\\/agradocosmetic.com\\\/hablan-de-nosotros-los-solares-agrado-en-prensa\\\/#primaryimage\"},\"thumbnailUrl\":\"https:\\\/\\\/agradocosmetic.com\\\/wp-content\\\/uploads\\\/2020\\\/08\\\/prensa-solares-agrado.jpg\",\"datePublished\":\"2020-08-10T12:11:53+00:00\",\"dateModified\":\"2023-11-18T16:58:54+00:00\",\"description\":\"La prensa recomienda nuestros solares por su efectividad y pr\u00e1ctico formato. \u00a1No os perd\u00e1is estas menciones! Seguro que est\u00e1is de acuerdo en todas.\",\"breadcrumb\":{\"@id\":\"https:\\\/\\\/agradocosmetic.com\\\/hablan-de-nosotros-los-solares-agrado-en-prensa\\\/#breadcrumb\"},\"inLanguage\":\"pt-PT\",\"potentialAction\":[{\"@type\":\"ReadAction\",\"target\":[\"https:\\\/\\\/agradocosmetic.com\\\/hablan-de-nosotros-los-solares-agrado-en-prensa\\\/\"]}]},{\"@type\":\"ImageObject\",\"inLanguage\":\"pt-PT\",\"@id\":\"https:\\\/\\\/agradocosmetic.com\\\/hablan-de-nosotros-los-solares-agrado-en-prensa\\\/#primaryimage\",\"url\":\"https:\\\/\\\/agradocosmetic.com\\\/wp-content\\\/uploads\\\/2020\\\/08\\\/prensa-solares-agrado.jpg\",\"contentUrl\":\"https:\\\/\\\/agradocosmetic.com\\\/wp-content\\\/uploads\\\/2020\\\/08\\\/prensa-solares-agrado.jpg\",\"width\":1200,\"height\":800},{\"@type\":\"BreadcrumbList\",\"@id\":\"https:\\\/\\\/agradocosmetic.com\\\/hablan-de-nosotros-los-solares-agrado-en-prensa\\\/#breadcrumb\",\"itemListElement\":[{\"@type\":\"ListItem\",\"position\":1,\"name\":\"Portada\",\"item\":\"https:\\\/\\\/agradocosmetic.com\\\/\"},{\"@type\":\"ListItem\",\"position\":2,\"name\":\"\u00a1Hablan de nosotros! Los solares Agrado en prensa\"}]},{\"@type\":\"WebSite\",\"@id\":\"https:\\\/\\\/agradocosmetic.com\\\/#website\",\"url\":\"https:\\\/\\\/agradocosmetic.com\\\/\",\"name\":\"Agrado\",\"description\":\"Cosmetic\",\"publisher\":{\"@id\":\"https:\\\/\\\/agradocosmetic.com\\\/#organization\"},\"potentialAction\":[{\"@type\":\"SearchAction\",\"target\":{\"@type\":\"EntryPoint\",\"urlTemplate\":\"https:\\\/\\\/agradocosmetic.com\\\/?s={search_term_string}\"},\"query-input\":{\"@type\":\"PropertyValueSpecification\",\"valueRequired\":true,\"valueName\":\"search_term_string\"}}],\"inLanguage\":\"pt-PT\"},{\"@type\":\"Organization\",\"@id\":\"https:\\\/\\\/agradocosmetic.com\\\/#organization\",\"name\":\"Agrado\",\"url\":\"https:\\\/\\\/agradocosmetic.com\\\/\",\"logo\":{\"@type\":\"ImageObject\",\"inLanguage\":\"pt-PT\",\"@id\":\"https:\\\/\\\/agradocosmetic.com\\\/#\\\/schema\\\/logo\\\/image\\\/\",\"url\":\"https:\\\/\\\/agradocosmetic.com\\\/wp-content\\\/uploads\\\/2023\\\/07\\\/LOGO-AGRADO-WEB-01.png\",\"contentUrl\":\"https:\\\/\\\/agradocosmetic.com\\\/wp-content\\\/uploads\\\/2023\\\/07\\\/LOGO-AGRADO-WEB-01.png\",\"width\":1632,\"height\":300,\"caption\":\"Agrado\"},\"image\":{\"@id\":\"https:\\\/\\\/agradocosmetic.com\\\/#\\\/schema\\\/logo\\\/image\\\/\"}},{\"@type\":\"Person\",\"@id\":\"https:\\\/\\\/agradocosmetic.com\\\/#\\\/schema\\\/person\\\/732e8d396022e25f9340196f83d6789d\",\"name\":\"agradocosmetic\",\"image\":{\"@type\":\"ImageObject\",\"inLanguage\":\"pt-PT\",\"@id\":\"https:\\\/\\\/secure.gravatar.com\\\/avatar\\\/c6003e45301182b7e125463fcbec403b1980909c12edf09098526b9a15e779c0?s=96&d=mm&r=g\",\"url\":\"https:\\\/\\\/secure.gravatar.com\\\/avatar\\\/c6003e45301182b7e125463fcbec403b1980909c12edf09098526b9a15e779c0?s=96&d=mm&r=g\",\"contentUrl\":\"https:\\\/\\\/secure.gravatar.com\\\/avatar\\\/c6003e45301182b7e125463fcbec403b1980909c12edf09098526b9a15e779c0?s=96&d=mm&r=g\",\"caption\":\"agradocosmetic\"}}]}<\/script>\n<!-- \/ Yoast SEO plugin. -->","yoast_head_json":{"title":"\u00a1Hablan de nosotros! Los solares Agrado en prensa - Agrado","description":"La prensa recomienda nuestros solares por su efectividad y pr\u00e1ctico formato. \u00a1No os perd\u00e1is estas menciones! Seguro que est\u00e1is de acuerdo en todas.","robots":{"index":"index","follow":"follow","max-snippet":"max-snippet:-1","max-image-preview":"max-image-preview:large","max-video-preview":"max-video-preview:-1"},"canonical":"https:\/\/agradocosmetic.com\/pt\/hablan-de-nosotros-los-solares-agrado-en-prensa\/","og_locale":"pt_PT","og_type":"article","og_title":"\u00a1Hablan de nosotros! Los solares Agrado en prensa - Agrado","og_description":"La prensa recomienda nuestros solares por su efectividad y pr\u00e1ctico formato. \u00a1No os perd\u00e1is estas menciones! Seguro que est\u00e1is de acuerdo en todas.","og_url":"https:\/\/agradocosmetic.com\/pt\/hablan-de-nosotros-los-solares-agrado-en-prensa\/","og_site_name":"Agrado","article_published_time":"2020-08-10T12:11:53+00:00","article_modified_time":"2023-11-18T16:58:54+00:00","og_image":[{"width":1200,"height":800,"url":"https:\/\/agradocosmetic.com\/wp-content\/uploads\/2020\/08\/prensa-solares-agrado.jpg","type":"image\/jpeg"}],"author":"agradocosmetic","twitter_card":"summary_large_image","twitter_misc":{"Escrito por":"agradocosmetic","Tempo estimado de leitura":"2 minutos"},"schema":{"@context":"https:\/\/schema.org","@graph":[{"@type":"Article","@id":"https:\/\/agradocosmetic.com\/hablan-de-nosotros-los-solares-agrado-en-prensa\/#article","isPartOf":{"@id":"https:\/\/agradocosmetic.com\/hablan-de-nosotros-los-solares-agrado-en-prensa\/"},"author":{"name":"agradocosmetic","@id":"https:\/\/agradocosmetic.com\/#\/schema\/person\/732e8d396022e25f9340196f83d6789d"},"headline":"\u00a1Hablan de nosotros! Los solares Agrado en prensa","datePublished":"2020-08-10T12:11:53+00:00","dateModified":"2023-11-18T16:58:54+00:00","mainEntityOfPage":{"@id":"https:\/\/agradocosmetic.com\/hablan-de-nosotros-los-solares-agrado-en-prensa\/"},"wordCount":345,"commentCount":0,"publisher":{"@id":"https:\/\/agradocosmetic.com\/#organization"},"image":{"@id":"https:\/\/agradocosmetic.com\/hablan-de-nosotros-los-solares-agrado-en-prensa\/#primaryimage"},"thumbnailUrl":"https:\/\/agradocosmetic.com\/wp-content\/uploads\/2020\/08\/prensa-solares-agrado.jpg","keywords":["prensa","solares"],"articleSection":["Solar","Todos"],"inLanguage":"pt-PT","potentialAction":[{"@type":"CommentAction","name":"Comment","target":["https:\/\/agradocosmetic.com\/hablan-de-nosotros-los-solares-agrado-en-prensa\/#respond"]}]},{"@type":"WebPage","@id":"https:\/\/agradocosmetic.com\/hablan-de-nosotros-los-solares-agrado-en-prensa\/","url":"https:\/\/agradocosmetic.com\/hablan-de-nosotros-los-solares-agrado-en-prensa\/","name":"\u00a1Hablan de nosotros! Los solares Agrado en prensa - Agrado","isPartOf":{"@id":"https:\/\/agradocosmetic.com\/#website"},"primaryImageOfPage":{"@id":"https:\/\/agradocosmetic.com\/hablan-de-nosotros-los-solares-agrado-en-prensa\/#primaryimage"},"image":{"@id":"https:\/\/agradocosmetic.com\/hablan-de-nosotros-los-solares-agrado-en-prensa\/#primaryimage"},"thumbnailUrl":"https:\/\/agradocosmetic.com\/wp-content\/uploads\/2020\/08\/prensa-solares-agrado.jpg","datePublished":"2020-08-10T12:11:53+00:00","dateModified":"2023-11-18T16:58:54+00:00","description":"La prensa recomienda nuestros solares por su efectividad y pr\u00e1ctico formato. \u00a1No os perd\u00e1is estas menciones! Seguro que est\u00e1is de acuerdo en todas.","breadcrumb":{"@id":"https:\/\/agradocosmetic.com\/hablan-de-nosotros-los-solares-agrado-en-prensa\/#breadcrumb"},"inLanguage":"pt-PT","potentialAction":[{"@type":"ReadAction","target":["https:\/\/agradocosmetic.com\/hablan-de-nosotros-los-solares-agrado-en-prensa\/"]}]},{"@type":"ImageObject","inLanguage":"pt-PT","@id":"https:\/\/agradocosmetic.com\/hablan-de-nosotros-los-solares-agrado-en-prensa\/#primaryimage","url":"https:\/\/agradocosmetic.com\/wp-content\/uploads\/2020\/08\/prensa-solares-agrado.jpg","contentUrl":"https:\/\/agradocosmetic.com\/wp-content\/uploads\/2020\/08\/prensa-solares-agrado.jpg","width":1200,"height":800},{"@type":"BreadcrumbList","@id":"https:\/\/agradocosmetic.com\/hablan-de-nosotros-los-solares-agrado-en-prensa\/#breadcrumb","itemListElement":[{"@type":"ListItem","position":1,"name":"Portada","item":"https:\/\/agradocosmetic.com\/"},{"@type":"ListItem","position":2,"name":"\u00a1Hablan de nosotros! Los solares Agrado en prensa"}]},{"@type":"WebSite","@id":"https:\/\/agradocosmetic.com\/#website","url":"https:\/\/agradocosmetic.com\/","name":"Gosto","description":"Cosm\u00e9tico","publisher":{"@id":"https:\/\/agradocosmetic.com\/#organization"},"potentialAction":[{"@type":"SearchAction","target":{"@type":"EntryPoint","urlTemplate":"https:\/\/agradocosmetic.com\/?s={search_term_string}"},"query-input":{"@type":"PropertyValueSpecification","valueRequired":true,"valueName":"search_term_string"}}],"inLanguage":"pt-PT"},{"@type":"Organization","@id":"https:\/\/agradocosmetic.com\/#organization","name":"Gosto","url":"https:\/\/agradocosmetic.com\/","logo":{"@type":"ImageObject","inLanguage":"pt-PT","@id":"https:\/\/agradocosmetic.com\/#\/schema\/logo\/image\/","url":"https:\/\/agradocosmetic.com\/wp-content\/uploads\/2023\/07\/LOGO-AGRADO-WEB-01.png","contentUrl":"https:\/\/agradocosmetic.com\/wp-content\/uploads\/2023\/07\/LOGO-AGRADO-WEB-01.png","width":1632,"height":300,"caption":"Agrado"},"image":{"@id":"https:\/\/agradocosmetic.com\/#\/schema\/logo\/image\/"}},{"@type":"Person","@id":"https:\/\/agradocosmetic.com\/#\/schema\/person\/732e8d396022e25f9340196f83d6789d","name":"agradocosm\u00e9tico","image":{"@type":"ImageObject","inLanguage":"pt-PT","@id":"https:\/\/secure.gravatar.com\/avatar\/c6003e45301182b7e125463fcbec403b1980909c12edf09098526b9a15e779c0?s=96&d=mm&r=g","url":"https:\/\/secure.gravatar.com\/avatar\/c6003e45301182b7e125463fcbec403b1980909c12edf09098526b9a15e779c0?s=96&d=mm&r=g","contentUrl":"https:\/\/secure.gravatar.com\/avatar\/c6003e45301182b7e125463fcbec403b1980909c12edf09098526b9a15e779c0?s=96&d=mm&r=g","caption":"agradocosmetic"}}]}},"_links":{"self":[{"href":"https:\/\/agradocosmetic.com\/pt\/wp-json\/wp\/v2\/posts\/12543","targetHints":{"allow":["GET"]}}],"collection":[{"href":"https:\/\/agradocosmetic.com\/pt\/wp-json\/wp\/v2\/posts"}],"about":[{"href":"https:\/\/agradocosmetic.com\/pt\/wp-json\/wp\/v2\/types\/post"}],"author":[{"embeddable":true,"href":"https:\/\/agradocosmetic.com\/pt\/wp-json\/wp\/v2\/users\/9"}],"replies":[{"embeddable":true,"href":"https:\/\/agradocosmetic.com\/pt\/wp-json\/wp\/v2\/comments?post=12543"}],"version-history":[{"count":1,"href":"https:\/\/agradocosmetic.com\/pt\/wp-json\/wp\/v2\/posts\/12543\/revisions"}],"predecessor-version":[{"id":21361,"href":"https:\/\/agradocosmetic.com\/pt\/wp-json\/wp\/v2\/posts\/12543\/revisions\/21361"}],"wp:featuredmedia":[{"embeddable":true,"href":"https:\/\/agradocosmetic.com\/pt\/wp-json\/wp\/v2\/media\/21360"}],"wp:attachment":[{"href":"https:\/\/agradocosmetic.com\/pt\/wp-json\/wp\/v2\/media?parent=12543"}],"wp:term":[{"taxonomy":"category","embeddable":true,"href":"https:\/\/agradocosmetic.com\/pt\/wp-json\/wp\/v2\/categories?post=12543"},{"taxonomy":"post_tag","embeddable":true,"href":"https:\/\/agradocosmetic.com\/pt\/wp-json\/wp\/v2\/tags?post=12543"}],"curies":[{"name":"wp","href":"https:\/\/api.w.org\/{rel}","templated":true}]}}