{"id":13604,"date":"2020-09-07T10:54:23","date_gmt":"2020-09-07T09:54:23","guid":{"rendered":"https:\/\/www.agradocosmetic.com\/?p=13604"},"modified":"2023-11-18T16:58:54","modified_gmt":"2023-11-18T16:58:54","slug":"prolongar-tu-bronceado-es-posible","status":"publish","type":"post","link":"https:\/\/agradocosmetic.com\/pt\/prolongar-tu-bronceado-es-posible\/","title":{"rendered":"Prolongar o bronzeado \u00e9 poss\u00edvel!"},"content":{"rendered":"<p>Sabemos o quanto \u00e9 dif\u00edcil conseguir aquele tom dourado na pele e como fica irritado quando ele desaparece t\u00e3o rapidamente. Hoje trazemos para voc\u00ea 5 truques para prolongar o bronzeado al\u00e9m de setembro. Se junta? Prometemos que funciona!<\/p>\r\n\r\n\r\n\r\n<ol class=\"wp-block-list\">\r\n<li>Hidrata\u00e7\u00e3o extra<\/li>\r\n<\/ol>\r\n\r\n\r\n\r\n<p>A hidrata\u00e7\u00e3o \u00e9 essencial para prolongar o bronzeado. E depois de alguns meses de sol, cloro, sal e outros fatores que tendem a ressecar, \u00e9 normal que voc\u00ea se sinta mais desidratado. Se combinarmos com o regresso \u00e0 cidade, a polui\u00e7\u00e3o e o stress, o resultado \u00e9 uma pele ba\u00e7a e sem vida. Hidrate bem a sua pele todos os dias com o seu <a href=\"\/pt\/?categoria-producto=corporal\/crema-y-locion\" target=\"_blank\" rel=\"noreferrer noopener\" aria-label=\"indefinido (abre em uma nova guia)\">Leite Corporal Gostou<\/a> favorito e voc\u00ea ficar\u00e1 nutrido, bonito, flex\u00edvel e bronzeado!<\/p>\r\n\r\n\r\n\r\n<p>2. Tratamento p\u00f3s-sol<\/p>\r\n\r\n\r\n\r\n<p>Mimar a sua pele depois do sol \u00e9 mais importante do que voc\u00ea pensa. Na verdade, se voc\u00ea usar o produto certo, conseguir\u00e1 prolongar o bronzeado por muito mais tempo. Nosso <a href=\"\/pt\/?p=3570\" target=\"_blank\" rel=\"noreferrer noopener\" aria-label=\"indefinido (abre em uma nova guia)\">P\u00f3s-sol em gel de Aloe Vera<\/a>Al\u00e9m de acalmar a pele, evitando a descama\u00e7\u00e3o e reparando os danos celulares, faz com que o bronzeado dure muito mais tempo.<\/p>\r\n\r\n\r\n\r\n<p>3. Alimente seu bronzeado<\/p>\r\n\r\n\r\n\r\n<p>Introduza na sua dieta alimentos ricos em vitamina C, beta-caroteno ou licopeno, que ajudam a preservar a cor. Como mel\u00e3o, melancia, tomate ou frutas vermelhas. Tamb\u00e9m aqueles que promovem a s\u00edntese de melanina, como prote\u00ednas de carne magra ou peixes como o salm\u00e3o. Sua pele ficar\u00e1 mais brilhante e firme.<\/p>\r\n\r\n\r\n\r\n<p>4. O melhor banho frio<\/p>\r\n\r\n\r\n\r\n<p>Esque\u00e7a os banhos quentes at\u00e9 a chegada do outono. A \u00e1gua fria \u00e9 revigorante e revitalizante, o que o ajudar\u00e1 a evitar a desidrata\u00e7\u00e3o e, portanto, a prolongar o bronzeado.<\/p>\r\n\r\n\r\n\r\n<p>5. N\u00e3o se esque\u00e7a do sol!<\/p>\r\n\r\n\r\n\r\n<p>Com certeza voc\u00ea ainda encontra espa\u00e7o e vontade de passar um tempo ao sol com aquele livro que ainda n\u00e3o terminou. Voc\u00ea refresca o bronzeado, estimula a produ\u00e7\u00e3o de vitamina D e finge que o ver\u00e3o ainda n\u00e3o acabou. Isso ser\u00e1 um aumento de energia com certeza!<\/p>\r\n\r\n\r\n\r\n<p>Esses truques simples v\u00e3o te ajudar a prolongar o bronzeado e tamb\u00e9m v\u00e3o te lembrar o quanto voc\u00ea gostou do ver\u00e3o. Lembre-se que um bom bronzeador \u00e9 sempre uma vantagem para um rosto bonito e bronzeado. \ud83d\ude09<\/p>\r\n\r\n\r\n\r\n<p>&nbsp;<\/p>","protected":false},"excerpt":{"rendered":"<p>Sabemos lo que cuesta conseguir ese tono doradito en nuestra piel, y la rabia que da cuando desaparece tan r\u00e1pido. Hoy te traemos 5 trucos para prolongar tu bronceado m\u00e1s all\u00e1 de septiembre. \u00bfTe apuntas? \u00a1Prometemos que funciona! Extra de hidrataci\u00f3n La hidrataci\u00f3n es b\u00e1sica para prolongar tu bronceado. Y es que despu\u00e9s de unos [&hellip;]<\/p>\n","protected":false},"author":9,"featured_media":21356,"comment_status":"open","ping_status":"closed","sticky":false,"template":"","format":"standard","meta":{"footnotes":"","_wp_rev_ctl_limit":""},"categories":[149,116,1],"tags":[323,289,219],"class_list":["post-13604","post","type-post","status-publish","format-standard","has-post-thumbnail","hentry","category-corporal","category-solar","category-todos","tag-bronceado","tag-cuidado-de-la-piel","tag-tips"],"yoast_head":"<!-- This site is optimized with the Yoast SEO plugin v27.4 - https:\/\/yoast.com\/product\/yoast-seo-wordpress\/ -->\n<title>\u00a1Prolongar tu bronceado es posible! - Agrado<\/title>\n<meta name=\"description\" content=\"Descubre c\u00f3mo prolongar tu bronceado durante m\u00e1s tiempo y disfruta de una piel morena y luminosa hasta oto\u00f1o. \u00a1Prometido!\" \/>\n<meta name=\"robots\" content=\"index, follow, max-snippet:-1, max-image-preview:large, max-video-preview:-1\" \/>\n<link rel=\"canonical\" href=\"https:\/\/agradocosmetic.com\/pt\/prolongar-tu-bronceado-es-posible\/\" \/>\n<meta property=\"og:locale\" content=\"pt_PT\" \/>\n<meta property=\"og:type\" content=\"article\" \/>\n<meta property=\"og:title\" content=\"\u00a1Prolongar tu bronceado es posible! - Agrado\" \/>\n<meta property=\"og:description\" content=\"Descubre c\u00f3mo prolongar tu bronceado durante m\u00e1s tiempo y disfruta de una piel morena y luminosa hasta oto\u00f1o. \u00a1Prometido!\" \/>\n<meta property=\"og:url\" content=\"https:\/\/agradocosmetic.com\/pt\/prolongar-tu-bronceado-es-posible\/\" \/>\n<meta property=\"og:site_name\" content=\"Agrado\" \/>\n<meta property=\"article:published_time\" content=\"2020-09-07T09:54:23+00:00\" \/>\n<meta property=\"article:modified_time\" content=\"2023-11-18T16:58:54+00:00\" \/>\n<meta property=\"og:image\" content=\"https:\/\/agradocosmetic.com\/wp-content\/uploads\/2020\/09\/prolongar-bronceado-agrado.jpg\" \/>\n\t<meta property=\"og:image:width\" content=\"1200\" \/>\n\t<meta property=\"og:image:height\" content=\"800\" \/>\n\t<meta property=\"og:image:type\" content=\"image\/jpeg\" \/>\n<meta name=\"author\" content=\"agradocosmetic\" \/>\n<meta name=\"twitter:card\" content=\"summary_large_image\" \/>\n<meta name=\"twitter:label1\" content=\"Escrito por\" \/>\n\t<meta name=\"twitter:data1\" content=\"agradocosmetic\" \/>\n\t<meta name=\"twitter:label2\" content=\"Tempo estimado de leitura\" \/>\n\t<meta name=\"twitter:data2\" content=\"2 minutos\" \/>\n<script type=\"application\/ld+json\" class=\"yoast-schema-graph\">{\"@context\":\"https:\\\/\\\/schema.org\",\"@graph\":[{\"@type\":\"Article\",\"@id\":\"https:\\\/\\\/agradocosmetic.com\\\/prolongar-tu-bronceado-es-posible\\\/#article\",\"isPartOf\":{\"@id\":\"https:\\\/\\\/agradocosmetic.com\\\/prolongar-tu-bronceado-es-posible\\\/\"},\"author\":{\"name\":\"agradocosmetic\",\"@id\":\"https:\\\/\\\/agradocosmetic.com\\\/#\\\/schema\\\/person\\\/732e8d396022e25f9340196f83d6789d\"},\"headline\":\"\u00a1Prolongar tu bronceado es posible!\",\"datePublished\":\"2020-09-07T09:54:23+00:00\",\"dateModified\":\"2023-11-18T16:58:54+00:00\",\"mainEntityOfPage\":{\"@id\":\"https:\\\/\\\/agradocosmetic.com\\\/prolongar-tu-bronceado-es-posible\\\/\"},\"wordCount\":406,\"commentCount\":0,\"publisher\":{\"@id\":\"https:\\\/\\\/agradocosmetic.com\\\/#organization\"},\"image\":{\"@id\":\"https:\\\/\\\/agradocosmetic.com\\\/prolongar-tu-bronceado-es-posible\\\/#primaryimage\"},\"thumbnailUrl\":\"https:\\\/\\\/agradocosmetic.com\\\/wp-content\\\/uploads\\\/2020\\\/09\\\/prolongar-bronceado-agrado.jpg\",\"keywords\":[\"bronceado\",\"cuidado de la piel\",\"tips\"],\"articleSection\":[\"Corporal\",\"Solar\",\"Todos\"],\"inLanguage\":\"pt-PT\",\"potentialAction\":[{\"@type\":\"CommentAction\",\"name\":\"Comment\",\"target\":[\"https:\\\/\\\/agradocosmetic.com\\\/prolongar-tu-bronceado-es-posible\\\/#respond\"]}]},{\"@type\":\"WebPage\",\"@id\":\"https:\\\/\\\/agradocosmetic.com\\\/prolongar-tu-bronceado-es-posible\\\/\",\"url\":\"https:\\\/\\\/agradocosmetic.com\\\/prolongar-tu-bronceado-es-posible\\\/\",\"name\":\"\u00a1Prolongar tu bronceado es posible! - Agrado\",\"isPartOf\":{\"@id\":\"https:\\\/\\\/agradocosmetic.com\\\/#website\"},\"primaryImageOfPage\":{\"@id\":\"https:\\\/\\\/agradocosmetic.com\\\/prolongar-tu-bronceado-es-posible\\\/#primaryimage\"},\"image\":{\"@id\":\"https:\\\/\\\/agradocosmetic.com\\\/prolongar-tu-bronceado-es-posible\\\/#primaryimage\"},\"thumbnailUrl\":\"https:\\\/\\\/agradocosmetic.com\\\/wp-content\\\/uploads\\\/2020\\\/09\\\/prolongar-bronceado-agrado.jpg\",\"datePublished\":\"2020-09-07T09:54:23+00:00\",\"dateModified\":\"2023-11-18T16:58:54+00:00\",\"description\":\"Descubre c\u00f3mo prolongar tu bronceado durante m\u00e1s tiempo y disfruta de una piel morena y luminosa hasta oto\u00f1o. \u00a1Prometido!\",\"breadcrumb\":{\"@id\":\"https:\\\/\\\/agradocosmetic.com\\\/prolongar-tu-bronceado-es-posible\\\/#breadcrumb\"},\"inLanguage\":\"pt-PT\",\"potentialAction\":[{\"@type\":\"ReadAction\",\"target\":[\"https:\\\/\\\/agradocosmetic.com\\\/prolongar-tu-bronceado-es-posible\\\/\"]}]},{\"@type\":\"ImageObject\",\"inLanguage\":\"pt-PT\",\"@id\":\"https:\\\/\\\/agradocosmetic.com\\\/prolongar-tu-bronceado-es-posible\\\/#primaryimage\",\"url\":\"https:\\\/\\\/agradocosmetic.com\\\/wp-content\\\/uploads\\\/2020\\\/09\\\/prolongar-bronceado-agrado.jpg\",\"contentUrl\":\"https:\\\/\\\/agradocosmetic.com\\\/wp-content\\\/uploads\\\/2020\\\/09\\\/prolongar-bronceado-agrado.jpg\",\"width\":1200,\"height\":800},{\"@type\":\"BreadcrumbList\",\"@id\":\"https:\\\/\\\/agradocosmetic.com\\\/prolongar-tu-bronceado-es-posible\\\/#breadcrumb\",\"itemListElement\":[{\"@type\":\"ListItem\",\"position\":1,\"name\":\"Portada\",\"item\":\"https:\\\/\\\/agradocosmetic.com\\\/\"},{\"@type\":\"ListItem\",\"position\":2,\"name\":\"\u00a1Prolongar tu bronceado es posible!\"}]},{\"@type\":\"WebSite\",\"@id\":\"https:\\\/\\\/agradocosmetic.com\\\/#website\",\"url\":\"https:\\\/\\\/agradocosmetic.com\\\/\",\"name\":\"Agrado\",\"description\":\"Cosmetic\",\"publisher\":{\"@id\":\"https:\\\/\\\/agradocosmetic.com\\\/#organization\"},\"potentialAction\":[{\"@type\":\"SearchAction\",\"target\":{\"@type\":\"EntryPoint\",\"urlTemplate\":\"https:\\\/\\\/agradocosmetic.com\\\/?s={search_term_string}\"},\"query-input\":{\"@type\":\"PropertyValueSpecification\",\"valueRequired\":true,\"valueName\":\"search_term_string\"}}],\"inLanguage\":\"pt-PT\"},{\"@type\":\"Organization\",\"@id\":\"https:\\\/\\\/agradocosmetic.com\\\/#organization\",\"name\":\"Agrado\",\"url\":\"https:\\\/\\\/agradocosmetic.com\\\/\",\"logo\":{\"@type\":\"ImageObject\",\"inLanguage\":\"pt-PT\",\"@id\":\"https:\\\/\\\/agradocosmetic.com\\\/#\\\/schema\\\/logo\\\/image\\\/\",\"url\":\"https:\\\/\\\/agradocosmetic.com\\\/wp-content\\\/uploads\\\/2023\\\/07\\\/LOGO-AGRADO-WEB-01.png\",\"contentUrl\":\"https:\\\/\\\/agradocosmetic.com\\\/wp-content\\\/uploads\\\/2023\\\/07\\\/LOGO-AGRADO-WEB-01.png\",\"width\":1632,\"height\":300,\"caption\":\"Agrado\"},\"image\":{\"@id\":\"https:\\\/\\\/agradocosmetic.com\\\/#\\\/schema\\\/logo\\\/image\\\/\"}},{\"@type\":\"Person\",\"@id\":\"https:\\\/\\\/agradocosmetic.com\\\/#\\\/schema\\\/person\\\/732e8d396022e25f9340196f83d6789d\",\"name\":\"agradocosmetic\",\"image\":{\"@type\":\"ImageObject\",\"inLanguage\":\"pt-PT\",\"@id\":\"https:\\\/\\\/secure.gravatar.com\\\/avatar\\\/c6003e45301182b7e125463fcbec403b1980909c12edf09098526b9a15e779c0?s=96&d=mm&r=g\",\"url\":\"https:\\\/\\\/secure.gravatar.com\\\/avatar\\\/c6003e45301182b7e125463fcbec403b1980909c12edf09098526b9a15e779c0?s=96&d=mm&r=g\",\"contentUrl\":\"https:\\\/\\\/secure.gravatar.com\\\/avatar\\\/c6003e45301182b7e125463fcbec403b1980909c12edf09098526b9a15e779c0?s=96&d=mm&r=g\",\"caption\":\"agradocosmetic\"}}]}<\/script>\n<!-- \/ Yoast SEO plugin. -->","yoast_head_json":{"title":"Prolongar o bronzeado \u00e9 poss\u00edvel! - Agrado","description":"Descubra como prolongar o seu bronzeado e desfrutar de uma pele radiante e bronzeada at\u00e9 ao outono. Prometemos!","robots":{"index":"index","follow":"follow","max-snippet":"max-snippet:-1","max-image-preview":"max-image-preview:large","max-video-preview":"max-video-preview:-1"},"canonical":"https:\/\/agradocosmetic.com\/pt\/prolongar-tu-bronceado-es-posible\/","og_locale":"pt_PT","og_type":"article","og_title":"\u00a1Prolongar tu bronceado es posible! - Agrado","og_description":"Descubre c\u00f3mo prolongar tu bronceado durante m\u00e1s tiempo y disfruta de una piel morena y luminosa hasta oto\u00f1o. \u00a1Prometido!","og_url":"https:\/\/agradocosmetic.com\/pt\/prolongar-tu-bronceado-es-posible\/","og_site_name":"Agrado","article_published_time":"2020-09-07T09:54:23+00:00","article_modified_time":"2023-11-18T16:58:54+00:00","og_image":[{"width":1200,"height":800,"url":"https:\/\/agradocosmetic.com\/wp-content\/uploads\/2020\/09\/prolongar-bronceado-agrado.jpg","type":"image\/jpeg"}],"author":"agradocosmetic","twitter_card":"summary_large_image","twitter_misc":{"Escrito por":"agradocosmetic","Tempo estimado de leitura":"2 minutos"},"schema":{"@context":"https:\/\/schema.org","@graph":[{"@type":"Article","@id":"https:\/\/agradocosmetic.com\/prolongar-tu-bronceado-es-posible\/#article","isPartOf":{"@id":"https:\/\/agradocosmetic.com\/prolongar-tu-bronceado-es-posible\/"},"author":{"name":"agradocosmetic","@id":"https:\/\/agradocosmetic.com\/#\/schema\/person\/732e8d396022e25f9340196f83d6789d"},"headline":"\u00a1Prolongar tu bronceado es posible!","datePublished":"2020-09-07T09:54:23+00:00","dateModified":"2023-11-18T16:58:54+00:00","mainEntityOfPage":{"@id":"https:\/\/agradocosmetic.com\/prolongar-tu-bronceado-es-posible\/"},"wordCount":406,"commentCount":0,"publisher":{"@id":"https:\/\/agradocosmetic.com\/#organization"},"image":{"@id":"https:\/\/agradocosmetic.com\/prolongar-tu-bronceado-es-posible\/#primaryimage"},"thumbnailUrl":"https:\/\/agradocosmetic.com\/wp-content\/uploads\/2020\/09\/prolongar-bronceado-agrado.jpg","keywords":["bronceado","cuidado de la piel","tips"],"articleSection":["Corporal","Solar","Todos"],"inLanguage":"pt-PT","potentialAction":[{"@type":"CommentAction","name":"Comment","target":["https:\/\/agradocosmetic.com\/prolongar-tu-bronceado-es-posible\/#respond"]}]},{"@type":"WebPage","@id":"https:\/\/agradocosmetic.com\/prolongar-tu-bronceado-es-posible\/","url":"https:\/\/agradocosmetic.com\/prolongar-tu-bronceado-es-posible\/","name":"Prolongar o bronzeado \u00e9 poss\u00edvel! - Agrado","isPartOf":{"@id":"https:\/\/agradocosmetic.com\/#website"},"primaryImageOfPage":{"@id":"https:\/\/agradocosmetic.com\/prolongar-tu-bronceado-es-posible\/#primaryimage"},"image":{"@id":"https:\/\/agradocosmetic.com\/prolongar-tu-bronceado-es-posible\/#primaryimage"},"thumbnailUrl":"https:\/\/agradocosmetic.com\/wp-content\/uploads\/2020\/09\/prolongar-bronceado-agrado.jpg","datePublished":"2020-09-07T09:54:23+00:00","dateModified":"2023-11-18T16:58:54+00:00","description":"Descubra como prolongar o seu bronzeado e desfrutar de uma pele radiante e bronzeada at\u00e9 ao outono. Prometemos!","breadcrumb":{"@id":"https:\/\/agradocosmetic.com\/prolongar-tu-bronceado-es-posible\/#breadcrumb"},"inLanguage":"pt-PT","potentialAction":[{"@type":"ReadAction","target":["https:\/\/agradocosmetic.com\/prolongar-tu-bronceado-es-posible\/"]}]},{"@type":"ImageObject","inLanguage":"pt-PT","@id":"https:\/\/agradocosmetic.com\/prolongar-tu-bronceado-es-posible\/#primaryimage","url":"https:\/\/agradocosmetic.com\/wp-content\/uploads\/2020\/09\/prolongar-bronceado-agrado.jpg","contentUrl":"https:\/\/agradocosmetic.com\/wp-content\/uploads\/2020\/09\/prolongar-bronceado-agrado.jpg","width":1200,"height":800},{"@type":"BreadcrumbList","@id":"https:\/\/agradocosmetic.com\/prolongar-tu-bronceado-es-posible\/#breadcrumb","itemListElement":[{"@type":"ListItem","position":1,"name":"Portada","item":"https:\/\/agradocosmetic.com\/"},{"@type":"ListItem","position":2,"name":"\u00a1Prolongar tu bronceado es posible!"}]},{"@type":"WebSite","@id":"https:\/\/agradocosmetic.com\/#website","url":"https:\/\/agradocosmetic.com\/","name":"Gosto","description":"Cosm\u00e9tico","publisher":{"@id":"https:\/\/agradocosmetic.com\/#organization"},"potentialAction":[{"@type":"SearchAction","target":{"@type":"EntryPoint","urlTemplate":"https:\/\/agradocosmetic.com\/?s={search_term_string}"},"query-input":{"@type":"PropertyValueSpecification","valueRequired":true,"valueName":"search_term_string"}}],"inLanguage":"pt-PT"},{"@type":"Organization","@id":"https:\/\/agradocosmetic.com\/#organization","name":"Gosto","url":"https:\/\/agradocosmetic.com\/","logo":{"@type":"ImageObject","inLanguage":"pt-PT","@id":"https:\/\/agradocosmetic.com\/#\/schema\/logo\/image\/","url":"https:\/\/agradocosmetic.com\/wp-content\/uploads\/2023\/07\/LOGO-AGRADO-WEB-01.png","contentUrl":"https:\/\/agradocosmetic.com\/wp-content\/uploads\/2023\/07\/LOGO-AGRADO-WEB-01.png","width":1632,"height":300,"caption":"Agrado"},"image":{"@id":"https:\/\/agradocosmetic.com\/#\/schema\/logo\/image\/"}},{"@type":"Person","@id":"https:\/\/agradocosmetic.com\/#\/schema\/person\/732e8d396022e25f9340196f83d6789d","name":"agradocosm\u00e9tico","image":{"@type":"ImageObject","inLanguage":"pt-PT","@id":"https:\/\/secure.gravatar.com\/avatar\/c6003e45301182b7e125463fcbec403b1980909c12edf09098526b9a15e779c0?s=96&d=mm&r=g","url":"https:\/\/secure.gravatar.com\/avatar\/c6003e45301182b7e125463fcbec403b1980909c12edf09098526b9a15e779c0?s=96&d=mm&r=g","contentUrl":"https:\/\/secure.gravatar.com\/avatar\/c6003e45301182b7e125463fcbec403b1980909c12edf09098526b9a15e779c0?s=96&d=mm&r=g","caption":"agradocosmetic"}}]}},"_links":{"self":[{"href":"https:\/\/agradocosmetic.com\/pt\/wp-json\/wp\/v2\/posts\/13604","targetHints":{"allow":["GET"]}}],"collection":[{"href":"https:\/\/agradocosmetic.com\/pt\/wp-json\/wp\/v2\/posts"}],"about":[{"href":"https:\/\/agradocosmetic.com\/pt\/wp-json\/wp\/v2\/types\/post"}],"author":[{"embeddable":true,"href":"https:\/\/agradocosmetic.com\/pt\/wp-json\/wp\/v2\/users\/9"}],"replies":[{"embeddable":true,"href":"https:\/\/agradocosmetic.com\/pt\/wp-json\/wp\/v2\/comments?post=13604"}],"version-history":[{"count":1,"href":"https:\/\/agradocosmetic.com\/pt\/wp-json\/wp\/v2\/posts\/13604\/revisions"}],"predecessor-version":[{"id":21357,"href":"https:\/\/agradocosmetic.com\/pt\/wp-json\/wp\/v2\/posts\/13604\/revisions\/21357"}],"wp:featuredmedia":[{"embeddable":true,"href":"https:\/\/agradocosmetic.com\/pt\/wp-json\/wp\/v2\/media\/21356"}],"wp:attachment":[{"href":"https:\/\/agradocosmetic.com\/pt\/wp-json\/wp\/v2\/media?parent=13604"}],"wp:term":[{"taxonomy":"category","embeddable":true,"href":"https:\/\/agradocosmetic.com\/pt\/wp-json\/wp\/v2\/categories?post=13604"},{"taxonomy":"post_tag","embeddable":true,"href":"https:\/\/agradocosmetic.com\/pt\/wp-json\/wp\/v2\/tags?post=13604"}],"curies":[{"name":"wp","href":"https:\/\/api.w.org\/{rel}","templated":true}]}}