{"id":14009,"date":"2020-09-22T14:59:37","date_gmt":"2020-09-22T13:59:37","guid":{"rendered":"https:\/\/www.agradocosmetic.com\/?p=14009"},"modified":"2023-11-18T16:58:54","modified_gmt":"2023-11-18T16:58:54","slug":"prevenir-caida-capilar","status":"publish","type":"post","link":"https:\/\/agradocosmetic.com\/pt\/prevenir-caida-capilar\/","title":{"rendered":"Como prevenir a queda de cabelo"},"content":{"rendered":"<p>Estresse, m\u00e1 alimenta\u00e7\u00e3o ou altera\u00e7\u00f5es hormonais podem causar queda de cabelo. \u00c9 por isso que, embora os ciclos capilares sejam iguais para todos, a queda de cabelo depende das caracter\u00edsticas de cada pessoa e das suas circunst\u00e2ncias. Por exemplo, cabelos oleosos tendem a cair mais porque os fol\u00edculos enfraquecem. O outono tamb\u00e9m costuma ser uma \u00e9poca de outono, por isso \u00e9 importante come\u00e7ar j\u00e1 a se prevenir. Preste aten\u00e7\u00e3o nessas 5 dicas para prevenir a queda de cabelo!<\/p>\r\n\r\n\r\n\r\n<ol class=\"wp-block-list\">\r\n<li>Mantenha a higiene correta. Escolher <a href=\"\/pt\/?categoria-producto=capilar\/champu-uso-frecuente\" target=\"_blank\" rel=\"noreferrer noopener\" aria-label=\"indefinido (abre em uma nova guia)\">xampus adequados<\/a> dependendo do seu tipo de cabelo. Evite o conceito \u201canti-queda\u201d e opte por champ\u00f4s reparadores ou nutritivos que lhe d\u00e3o for\u00e7a e brilho.<\/li>\r\n<li>Desembarace o cabelo antes de lav\u00e1-lo a seco, pois ele fica mais fraco quando molhado e pode quebrar ou cair com mais facilidade.<\/li>\r\n<li>Lave suavemente a regi\u00e3o do couro cabeludo com as palmas das m\u00e3os e massageie suavemente as pontas, sem esfregar. Mesmo que voc\u00ea sinta que assim limpa melhor o cabelo, voc\u00ea o est\u00e1 danificando.<\/li>\r\n<li>Enx\u00e1gue com \u00e1gua fria, em vez de morna, para n\u00e3o enfraquecer os cabelos. Evite sempre \u00e1gua muito quente.<\/li>\r\n<li>Opte por uma alimenta\u00e7\u00e3o equilibrada, rica em prote\u00ednas, vitaminas, sais minerais e \u00e1gua para que o seu couro cabeludo fique em \u00f3ptimas condi\u00e7\u00f5es. Dietas muito agressivas e transtornos alimentares costumam ser as principais causas da queda de cabelo.<\/li>\r\n<\/ol>\r\n\r\n\r\n\r\n<p>Como sempre dizemos, \u201c\u00e9 melhor prevenir do que remediar\u201d, e se sente que o seu cabelo est\u00e1 a come\u00e7ar a enfraquecer, mime-o agora e evite a queda! Existem muitos mitos em torno deste tema e muitos produtos que prometem milagres. \u201cN\u00e3o use secador de cabelo, n\u00e3o use produtos fixadores,\u2026\u201d Afirma\u00e7\u00f5es sem qualquer base cient\u00edfica que apenas nos desviam do que \u00e9 verdadeiramente importante, manter os cabelos limpos e nutridos. Escolha o <a href=\"\/pt\/?categoria-producto=capilar\" target=\"_blank\" rel=\"noreferrer noopener\" aria-label=\"indefinido (abre em uma nova guia)\">produtos capilares<\/a> Como o mais adequado para voc\u00ea! Voc\u00ea pode nos consultar em nossas Redes Sociais, <a href=\"https:\/\/www.facebook.com\/agradocosmetic\" target=\"_blank\" rel=\"noreferrer noopener\" aria-label=\"indefinido (abre em uma nova guia)\">Facebook<\/a> e <a href=\"https:\/\/www.instagram.com\/agradocosmetic\/?hl=es\" target=\"_blank\" rel=\"noreferrer noopener\" aria-label=\"indefinido (abre em uma nova guia)\">Instagram<\/a>. Teremos o maior prazer em aconselh\u00e1-lo pessoalmente!<\/p>\r\n\r\n\r\n\r\n<p>&nbsp;<\/p>","protected":false},"excerpt":{"rendered":"<p>El estr\u00e9s, una mala alimentaci\u00f3n o los cambios hormonales, pueden provocar la ca\u00edda capilar. Es por eso que, aunque los ciclos capilares sean iguales para todo, la ca\u00edda depende de las caracter\u00edsticas de cada uno y sus circunstancias. Por ejemplo, los cabellos grasos tienden a caerse m\u00e1s porque los fol\u00edculos se debilitan. Oto\u00f1o tambi\u00e9n suele [&hellip;]<\/p>\n","protected":false},"author":9,"featured_media":21354,"comment_status":"open","ping_status":"closed","sticky":false,"template":"","format":"standard","meta":{"footnotes":"","_wp_rev_ctl_limit":""},"categories":[128,1],"tags":[324,306,176,325,279,326,182],"class_list":["post-14009","post","type-post","status-publish","format-standard","has-post-thumbnail","hentry","category-capilar","category-todos","tag-cabello-debil","tag-cabello-graso","tag-cabellos","tag-caida-capilar","tag-cuidado-del-cabello","tag-melena","tag-pelo"],"yoast_head":"<!-- This site is optimized with the Yoast SEO plugin v27.4 - https:\/\/yoast.com\/product\/yoast-seo-wordpress\/ -->\n<title>C\u00f3mo prevenir la ca\u00edda capilar - Agrado<\/title>\n<meta name=\"description\" content=\"Prevenir la ca\u00edda capilar es fundamental para mantener nuestro cabello fuerte y brillante. No te pierdas nuestros tips y recuerda, \u00a1m\u00e1s vale prevenir!\" \/>\n<meta name=\"robots\" content=\"index, follow, max-snippet:-1, max-image-preview:large, max-video-preview:-1\" \/>\n<link rel=\"canonical\" href=\"https:\/\/agradocosmetic.com\/pt\/prevenir-caida-capilar\/\" \/>\n<meta property=\"og:locale\" content=\"pt_PT\" \/>\n<meta property=\"og:type\" content=\"article\" \/>\n<meta property=\"og:title\" content=\"C\u00f3mo prevenir la ca\u00edda capilar - Agrado\" \/>\n<meta property=\"og:description\" content=\"Prevenir la ca\u00edda capilar es fundamental para mantener nuestro cabello fuerte y brillante. No te pierdas nuestros tips y recuerda, \u00a1m\u00e1s vale prevenir!\" \/>\n<meta property=\"og:url\" content=\"https:\/\/agradocosmetic.com\/pt\/prevenir-caida-capilar\/\" \/>\n<meta property=\"og:site_name\" content=\"Agrado\" \/>\n<meta property=\"article:published_time\" content=\"2020-09-22T13:59:37+00:00\" \/>\n<meta property=\"article:modified_time\" content=\"2023-11-18T16:58:54+00:00\" \/>\n<meta property=\"og:image\" content=\"https:\/\/agradocosmetic.com\/wp-content\/uploads\/2020\/09\/prevenir-caida-capilar-agrado.jpg\" \/>\n\t<meta property=\"og:image:width\" content=\"1200\" \/>\n\t<meta property=\"og:image:height\" content=\"800\" \/>\n\t<meta property=\"og:image:type\" content=\"image\/jpeg\" \/>\n<meta name=\"author\" content=\"agradocosmetic\" \/>\n<meta name=\"twitter:card\" content=\"summary_large_image\" \/>\n<meta name=\"twitter:label1\" content=\"Escrito por\" \/>\n\t<meta name=\"twitter:data1\" content=\"agradocosmetic\" \/>\n\t<meta name=\"twitter:label2\" content=\"Tempo estimado de leitura\" \/>\n\t<meta name=\"twitter:data2\" content=\"2 minutos\" \/>\n<script type=\"application\/ld+json\" class=\"yoast-schema-graph\">{\"@context\":\"https:\\\/\\\/schema.org\",\"@graph\":[{\"@type\":\"Article\",\"@id\":\"https:\\\/\\\/agradocosmetic.com\\\/prevenir-caida-capilar\\\/#article\",\"isPartOf\":{\"@id\":\"https:\\\/\\\/agradocosmetic.com\\\/prevenir-caida-capilar\\\/\"},\"author\":{\"name\":\"agradocosmetic\",\"@id\":\"https:\\\/\\\/agradocosmetic.com\\\/#\\\/schema\\\/person\\\/732e8d396022e25f9340196f83d6789d\"},\"headline\":\"C\u00f3mo prevenir la ca\u00edda capilar\",\"datePublished\":\"2020-09-22T13:59:37+00:00\",\"dateModified\":\"2023-11-18T16:58:54+00:00\",\"mainEntityOfPage\":{\"@id\":\"https:\\\/\\\/agradocosmetic.com\\\/prevenir-caida-capilar\\\/\"},\"wordCount\":343,\"commentCount\":0,\"publisher\":{\"@id\":\"https:\\\/\\\/agradocosmetic.com\\\/#organization\"},\"image\":{\"@id\":\"https:\\\/\\\/agradocosmetic.com\\\/prevenir-caida-capilar\\\/#primaryimage\"},\"thumbnailUrl\":\"https:\\\/\\\/agradocosmetic.com\\\/wp-content\\\/uploads\\\/2020\\\/09\\\/prevenir-caida-capilar-agrado.jpg\",\"keywords\":[\"cabello d\u00e9bil\",\"cabello graso\",\"cabellos\",\"ca\u00edda capilar\",\"cuidado del cabello\",\"melena\",\"pelo\"],\"articleSection\":[\"Capilar\",\"Todos\"],\"inLanguage\":\"pt-PT\",\"potentialAction\":[{\"@type\":\"CommentAction\",\"name\":\"Comment\",\"target\":[\"https:\\\/\\\/agradocosmetic.com\\\/prevenir-caida-capilar\\\/#respond\"]}]},{\"@type\":\"WebPage\",\"@id\":\"https:\\\/\\\/agradocosmetic.com\\\/prevenir-caida-capilar\\\/\",\"url\":\"https:\\\/\\\/agradocosmetic.com\\\/prevenir-caida-capilar\\\/\",\"name\":\"C\u00f3mo prevenir la ca\u00edda capilar - Agrado\",\"isPartOf\":{\"@id\":\"https:\\\/\\\/agradocosmetic.com\\\/#website\"},\"primaryImageOfPage\":{\"@id\":\"https:\\\/\\\/agradocosmetic.com\\\/prevenir-caida-capilar\\\/#primaryimage\"},\"image\":{\"@id\":\"https:\\\/\\\/agradocosmetic.com\\\/prevenir-caida-capilar\\\/#primaryimage\"},\"thumbnailUrl\":\"https:\\\/\\\/agradocosmetic.com\\\/wp-content\\\/uploads\\\/2020\\\/09\\\/prevenir-caida-capilar-agrado.jpg\",\"datePublished\":\"2020-09-22T13:59:37+00:00\",\"dateModified\":\"2023-11-18T16:58:54+00:00\",\"description\":\"Prevenir la ca\u00edda capilar es fundamental para mantener nuestro cabello fuerte y brillante. No te pierdas nuestros tips y recuerda, \u00a1m\u00e1s vale prevenir!\",\"breadcrumb\":{\"@id\":\"https:\\\/\\\/agradocosmetic.com\\\/prevenir-caida-capilar\\\/#breadcrumb\"},\"inLanguage\":\"pt-PT\",\"potentialAction\":[{\"@type\":\"ReadAction\",\"target\":[\"https:\\\/\\\/agradocosmetic.com\\\/prevenir-caida-capilar\\\/\"]}]},{\"@type\":\"ImageObject\",\"inLanguage\":\"pt-PT\",\"@id\":\"https:\\\/\\\/agradocosmetic.com\\\/prevenir-caida-capilar\\\/#primaryimage\",\"url\":\"https:\\\/\\\/agradocosmetic.com\\\/wp-content\\\/uploads\\\/2020\\\/09\\\/prevenir-caida-capilar-agrado.jpg\",\"contentUrl\":\"https:\\\/\\\/agradocosmetic.com\\\/wp-content\\\/uploads\\\/2020\\\/09\\\/prevenir-caida-capilar-agrado.jpg\",\"width\":1200,\"height\":800},{\"@type\":\"BreadcrumbList\",\"@id\":\"https:\\\/\\\/agradocosmetic.com\\\/prevenir-caida-capilar\\\/#breadcrumb\",\"itemListElement\":[{\"@type\":\"ListItem\",\"position\":1,\"name\":\"Portada\",\"item\":\"https:\\\/\\\/agradocosmetic.com\\\/\"},{\"@type\":\"ListItem\",\"position\":2,\"name\":\"C\u00f3mo prevenir la ca\u00edda capilar\"}]},{\"@type\":\"WebSite\",\"@id\":\"https:\\\/\\\/agradocosmetic.com\\\/#website\",\"url\":\"https:\\\/\\\/agradocosmetic.com\\\/\",\"name\":\"Agrado\",\"description\":\"Cosmetic\",\"publisher\":{\"@id\":\"https:\\\/\\\/agradocosmetic.com\\\/#organization\"},\"potentialAction\":[{\"@type\":\"SearchAction\",\"target\":{\"@type\":\"EntryPoint\",\"urlTemplate\":\"https:\\\/\\\/agradocosmetic.com\\\/?s={search_term_string}\"},\"query-input\":{\"@type\":\"PropertyValueSpecification\",\"valueRequired\":true,\"valueName\":\"search_term_string\"}}],\"inLanguage\":\"pt-PT\"},{\"@type\":\"Organization\",\"@id\":\"https:\\\/\\\/agradocosmetic.com\\\/#organization\",\"name\":\"Agrado\",\"url\":\"https:\\\/\\\/agradocosmetic.com\\\/\",\"logo\":{\"@type\":\"ImageObject\",\"inLanguage\":\"pt-PT\",\"@id\":\"https:\\\/\\\/agradocosmetic.com\\\/#\\\/schema\\\/logo\\\/image\\\/\",\"url\":\"https:\\\/\\\/agradocosmetic.com\\\/wp-content\\\/uploads\\\/2023\\\/07\\\/LOGO-AGRADO-WEB-01.png\",\"contentUrl\":\"https:\\\/\\\/agradocosmetic.com\\\/wp-content\\\/uploads\\\/2023\\\/07\\\/LOGO-AGRADO-WEB-01.png\",\"width\":1632,\"height\":300,\"caption\":\"Agrado\"},\"image\":{\"@id\":\"https:\\\/\\\/agradocosmetic.com\\\/#\\\/schema\\\/logo\\\/image\\\/\"}},{\"@type\":\"Person\",\"@id\":\"https:\\\/\\\/agradocosmetic.com\\\/#\\\/schema\\\/person\\\/732e8d396022e25f9340196f83d6789d\",\"name\":\"agradocosmetic\",\"image\":{\"@type\":\"ImageObject\",\"inLanguage\":\"pt-PT\",\"@id\":\"https:\\\/\\\/secure.gravatar.com\\\/avatar\\\/c6003e45301182b7e125463fcbec403b1980909c12edf09098526b9a15e779c0?s=96&d=mm&r=g\",\"url\":\"https:\\\/\\\/secure.gravatar.com\\\/avatar\\\/c6003e45301182b7e125463fcbec403b1980909c12edf09098526b9a15e779c0?s=96&d=mm&r=g\",\"contentUrl\":\"https:\\\/\\\/secure.gravatar.com\\\/avatar\\\/c6003e45301182b7e125463fcbec403b1980909c12edf09098526b9a15e779c0?s=96&d=mm&r=g\",\"caption\":\"agradocosmetic\"}}]}<\/script>\n<!-- \/ Yoast SEO plugin. -->","yoast_head_json":{"title":"C\u00f3mo prevenir la ca\u00edda capilar - Agrado","description":"Prevenir la ca\u00edda capilar es fundamental para mantener nuestro cabello fuerte y brillante. No te pierdas nuestros tips y recuerda, \u00a1m\u00e1s vale prevenir!","robots":{"index":"index","follow":"follow","max-snippet":"max-snippet:-1","max-image-preview":"max-image-preview:large","max-video-preview":"max-video-preview:-1"},"canonical":"https:\/\/agradocosmetic.com\/pt\/prevenir-caida-capilar\/","og_locale":"pt_PT","og_type":"article","og_title":"C\u00f3mo prevenir la ca\u00edda capilar - Agrado","og_description":"Prevenir la ca\u00edda capilar es fundamental para mantener nuestro cabello fuerte y brillante. No te pierdas nuestros tips y recuerda, \u00a1m\u00e1s vale prevenir!","og_url":"https:\/\/agradocosmetic.com\/pt\/prevenir-caida-capilar\/","og_site_name":"Agrado","article_published_time":"2020-09-22T13:59:37+00:00","article_modified_time":"2023-11-18T16:58:54+00:00","og_image":[{"width":1200,"height":800,"url":"https:\/\/agradocosmetic.com\/wp-content\/uploads\/2020\/09\/prevenir-caida-capilar-agrado.jpg","type":"image\/jpeg"}],"author":"agradocosmetic","twitter_card":"summary_large_image","twitter_misc":{"Escrito por":"agradocosmetic","Tempo estimado de leitura":"2 minutos"},"schema":{"@context":"https:\/\/schema.org","@graph":[{"@type":"Article","@id":"https:\/\/agradocosmetic.com\/prevenir-caida-capilar\/#article","isPartOf":{"@id":"https:\/\/agradocosmetic.com\/prevenir-caida-capilar\/"},"author":{"name":"agradocosmetic","@id":"https:\/\/agradocosmetic.com\/#\/schema\/person\/732e8d396022e25f9340196f83d6789d"},"headline":"C\u00f3mo prevenir la ca\u00edda capilar","datePublished":"2020-09-22T13:59:37+00:00","dateModified":"2023-11-18T16:58:54+00:00","mainEntityOfPage":{"@id":"https:\/\/agradocosmetic.com\/prevenir-caida-capilar\/"},"wordCount":343,"commentCount":0,"publisher":{"@id":"https:\/\/agradocosmetic.com\/#organization"},"image":{"@id":"https:\/\/agradocosmetic.com\/prevenir-caida-capilar\/#primaryimage"},"thumbnailUrl":"https:\/\/agradocosmetic.com\/wp-content\/uploads\/2020\/09\/prevenir-caida-capilar-agrado.jpg","keywords":["cabello d\u00e9bil","cabello graso","cabellos","ca\u00edda capilar","cuidado del cabello","melena","pelo"],"articleSection":["Capilar","Todos"],"inLanguage":"pt-PT","potentialAction":[{"@type":"CommentAction","name":"Comment","target":["https:\/\/agradocosmetic.com\/prevenir-caida-capilar\/#respond"]}]},{"@type":"WebPage","@id":"https:\/\/agradocosmetic.com\/prevenir-caida-capilar\/","url":"https:\/\/agradocosmetic.com\/prevenir-caida-capilar\/","name":"C\u00f3mo prevenir la ca\u00edda capilar - Agrado","isPartOf":{"@id":"https:\/\/agradocosmetic.com\/#website"},"primaryImageOfPage":{"@id":"https:\/\/agradocosmetic.com\/prevenir-caida-capilar\/#primaryimage"},"image":{"@id":"https:\/\/agradocosmetic.com\/prevenir-caida-capilar\/#primaryimage"},"thumbnailUrl":"https:\/\/agradocosmetic.com\/wp-content\/uploads\/2020\/09\/prevenir-caida-capilar-agrado.jpg","datePublished":"2020-09-22T13:59:37+00:00","dateModified":"2023-11-18T16:58:54+00:00","description":"Prevenir la ca\u00edda capilar es fundamental para mantener nuestro cabello fuerte y brillante. No te pierdas nuestros tips y recuerda, \u00a1m\u00e1s vale prevenir!","breadcrumb":{"@id":"https:\/\/agradocosmetic.com\/prevenir-caida-capilar\/#breadcrumb"},"inLanguage":"pt-PT","potentialAction":[{"@type":"ReadAction","target":["https:\/\/agradocosmetic.com\/prevenir-caida-capilar\/"]}]},{"@type":"ImageObject","inLanguage":"pt-PT","@id":"https:\/\/agradocosmetic.com\/prevenir-caida-capilar\/#primaryimage","url":"https:\/\/agradocosmetic.com\/wp-content\/uploads\/2020\/09\/prevenir-caida-capilar-agrado.jpg","contentUrl":"https:\/\/agradocosmetic.com\/wp-content\/uploads\/2020\/09\/prevenir-caida-capilar-agrado.jpg","width":1200,"height":800},{"@type":"BreadcrumbList","@id":"https:\/\/agradocosmetic.com\/prevenir-caida-capilar\/#breadcrumb","itemListElement":[{"@type":"ListItem","position":1,"name":"Portada","item":"https:\/\/agradocosmetic.com\/"},{"@type":"ListItem","position":2,"name":"C\u00f3mo prevenir la ca\u00edda capilar"}]},{"@type":"WebSite","@id":"https:\/\/agradocosmetic.com\/#website","url":"https:\/\/agradocosmetic.com\/","name":"Gosto","description":"Cosm\u00e9tico","publisher":{"@id":"https:\/\/agradocosmetic.com\/#organization"},"potentialAction":[{"@type":"SearchAction","target":{"@type":"EntryPoint","urlTemplate":"https:\/\/agradocosmetic.com\/?s={search_term_string}"},"query-input":{"@type":"PropertyValueSpecification","valueRequired":true,"valueName":"search_term_string"}}],"inLanguage":"pt-PT"},{"@type":"Organization","@id":"https:\/\/agradocosmetic.com\/#organization","name":"Gosto","url":"https:\/\/agradocosmetic.com\/","logo":{"@type":"ImageObject","inLanguage":"pt-PT","@id":"https:\/\/agradocosmetic.com\/#\/schema\/logo\/image\/","url":"https:\/\/agradocosmetic.com\/wp-content\/uploads\/2023\/07\/LOGO-AGRADO-WEB-01.png","contentUrl":"https:\/\/agradocosmetic.com\/wp-content\/uploads\/2023\/07\/LOGO-AGRADO-WEB-01.png","width":1632,"height":300,"caption":"Agrado"},"image":{"@id":"https:\/\/agradocosmetic.com\/#\/schema\/logo\/image\/"}},{"@type":"Person","@id":"https:\/\/agradocosmetic.com\/#\/schema\/person\/732e8d396022e25f9340196f83d6789d","name":"agradocosm\u00e9tico","image":{"@type":"ImageObject","inLanguage":"pt-PT","@id":"https:\/\/secure.gravatar.com\/avatar\/c6003e45301182b7e125463fcbec403b1980909c12edf09098526b9a15e779c0?s=96&d=mm&r=g","url":"https:\/\/secure.gravatar.com\/avatar\/c6003e45301182b7e125463fcbec403b1980909c12edf09098526b9a15e779c0?s=96&d=mm&r=g","contentUrl":"https:\/\/secure.gravatar.com\/avatar\/c6003e45301182b7e125463fcbec403b1980909c12edf09098526b9a15e779c0?s=96&d=mm&r=g","caption":"agradocosmetic"}}]}},"_links":{"self":[{"href":"https:\/\/agradocosmetic.com\/pt\/wp-json\/wp\/v2\/posts\/14009","targetHints":{"allow":["GET"]}}],"collection":[{"href":"https:\/\/agradocosmetic.com\/pt\/wp-json\/wp\/v2\/posts"}],"about":[{"href":"https:\/\/agradocosmetic.com\/pt\/wp-json\/wp\/v2\/types\/post"}],"author":[{"embeddable":true,"href":"https:\/\/agradocosmetic.com\/pt\/wp-json\/wp\/v2\/users\/9"}],"replies":[{"embeddable":true,"href":"https:\/\/agradocosmetic.com\/pt\/wp-json\/wp\/v2\/comments?post=14009"}],"version-history":[{"count":1,"href":"https:\/\/agradocosmetic.com\/pt\/wp-json\/wp\/v2\/posts\/14009\/revisions"}],"predecessor-version":[{"id":21355,"href":"https:\/\/agradocosmetic.com\/pt\/wp-json\/wp\/v2\/posts\/14009\/revisions\/21355"}],"wp:featuredmedia":[{"embeddable":true,"href":"https:\/\/agradocosmetic.com\/pt\/wp-json\/wp\/v2\/media\/21354"}],"wp:attachment":[{"href":"https:\/\/agradocosmetic.com\/pt\/wp-json\/wp\/v2\/media?parent=14009"}],"wp:term":[{"taxonomy":"category","embeddable":true,"href":"https:\/\/agradocosmetic.com\/pt\/wp-json\/wp\/v2\/categories?post=14009"},{"taxonomy":"post_tag","embeddable":true,"href":"https:\/\/agradocosmetic.com\/pt\/wp-json\/wp\/v2\/tags?post=14009"}],"curies":[{"name":"wp","href":"https:\/\/api.w.org\/{rel}","templated":true}]}}