{"id":1482,"date":"2018-02-09T13:41:15","date_gmt":"2018-02-09T12:41:15","guid":{"rendered":"https:\/\/www.agradocosmetic.com\/?p=1482"},"modified":"2023-11-18T16:58:57","modified_gmt":"2023-11-18T16:58:57","slug":"estas-la-onda-conseguir-look-mas-natural-del-momento","status":"publish","type":"post","link":"https:\/\/agradocosmetic.com\/pt\/estas-la-onda-conseguir-look-mas-natural-del-momento\/","title":{"rendered":"Voc\u00ea est\u00e1 a fim? Como conseguir o look mais natural do momento."},"content":{"rendered":"<p>As tend\u00eancias atuais de cabelo optam por cabelos ondulados, selvagens e volumosos. Deixamos para tr\u00e1s o alisamento japon\u00eas para dar lugar a um look mais casual, tamb\u00e9m conhecido como \u2018Surfer Waves\u2019 ou \u2018Beach Effect\u2019.<\/p>\n<p>Esse visual virou objeto de desejo, e at\u00e9 mesmo quem n\u00e3o nasceu com cabelos ondulados busca uma forma de conseguir esse cabelo em casa.<\/p>\n<p><strong>O que posso usar para ter &#039;Surfer Waves&#039;?<\/strong><\/p>\n<p>As ondas do surfista podem ser alcan\u00e7adas atrav\u00e9s da aplica\u00e7\u00e3o de diferentes t\u00e9cnicas. O mais comum geralmente \u00e9 aplicar calor direto no cabelo com um ferro ou modelador de cabelo. O problema dessa t\u00e9cnica \u00e9 que costuma danificar muito o cabelo, resseca e no ver\u00e3o pode ser opressor.<\/p>\n<p>\u00c9 por isso que hoje no blog vamos sugerir outra alternativa que \u00e9, nada mais e nada menos, do que aplicar produtos espec\u00edficos para modelar nossos cabelos e conseguir ondas naturais para ficarem lindos em um minuto.<\/p>\n<p>Ali\u00e1s, a Agrado Cosmetic, lan\u00e7ou no ver\u00e3o passado o Spray Texturizante Surfer Waves Hair Styling dentro de sua linha capilar, justamente para oferecer uma solu\u00e7\u00e3o r\u00e1pida, simples e eficaz na busca por esse look.<\/p>\n<p><img fetchpriority=\"high\" decoding=\"async\" class=\"wp-image-1546 size-large aligncenter\" src=\"https:\/\/www.agradocosmetic.com\/wp-content\/uploads\/2018\/02\/ONDAS-1280x914-1-1024x731.jpg\" alt=\"\" width=\"848\" height=\"605\" \/><\/p>\n<p>Ondas Surferas Hair Styling consegue um acabamento final ondulado de forma r\u00e1pida, f\u00e1cil e em todos os tipos de cabelo, e acaba de ser eleito Produto do Ano 2018 por mais de 10.000 consumidores, pela sua inova\u00e7\u00e3o e rela\u00e7\u00e3o qualidade-pre\u00e7o.<\/p>\n<p><img decoding=\"async\" class=\"wp-image-1550 size-large aligncenter\" src=\"https:\/\/www.agradocosmetic.com\/wp-content\/uploads\/2018\/02\/ONDAS_2-1280x914-1024x731.jpg\" alt=\"\" width=\"848\" height=\"605\" \/><\/p>\n<p>Este tipo de spray permite obter o efeito de onda em apenas alguns segundos e seguindo alguns passos simples:<\/p>\n<p><strong>Como aplicar o Spray Texturizante Agrado Surf Waves:<\/strong><\/p>\n<ol>\n<li>-Aplique o spray.<\/li>\n<li>-Suave com as m\u00e3os formando ondas \u201cimperfeitas\u201d.<\/li>\n<li>-Escolha se vamos secar ao ar ou com secador.<\/li>\n<\/ol>\n<p>O produto funcional gra\u00e7as ao fato de conter princ\u00edpios ativos que ajudam a criar ondas suaves e naturais sem agredir os cabelos, j\u00e1 que sua composi\u00e7\u00e3o inclui sal marinho. O resultado final s\u00e3o cabelos ondulados com acabamento bem natural.<\/p>\n<p>E se voc\u00ea ainda tem d\u00favidas de como conseguir o efeito ondas surfista. Aqui deixamos para voc\u00eas nosso v\u00eddeo tutorial de <a href=\"https:\/\/www.youtube.com\/watch?v=bkcNzOZkrvQ\" target=\"_blank\" rel=\"noopener\">Como usar o Spray Texturizante Agrado Surf Waves<\/a> que resolve qualquer d\u00favida que possa surgir.<\/p>\n<p><iframe src=\"https:\/\/www.youtube.com\/embed\/bkcNzOZkrvQ\" width=\"854\" height=\"480\" frameborder=\"0\" allowfullscreen=\"allowfullscreen\"><\/iframe><\/p>\n<p><strong>Ondas de surf o ano todo.<\/strong><\/p>\n<p style=\"text-align: left;\">Mesmo que falemos em \u2018Surfer Waves\u2019 ou \u2018Beach Effect\u2019, esse look bem \u2018trendy\u2019 \u00e9 tend\u00eancia em qualquer esta\u00e7\u00e3o. Na verdade, o <em>celebridades<\/em> As ondas dos surfistas ficam divinas at\u00e9 no tapete vermelho de qualquer \u00e9poca porque s\u00e3o ideais.<\/p>\n<p style=\"text-align: left;\">Ent\u00e3o voc\u00ea j\u00e1 sabe, se quer conseguir ondas perfeitamente imperfeitas como algumas celebridades, mas sem ir ao sal\u00e3o de cabeleireiro, ou sem usar chapinha diretamente no cabelo... Aqui deixamos para voc\u00ea nosso segredo para mostrar um look natural, casual e f\u00e1cil olhar.<\/p>\n<p style=\"text-align: left;\">At\u00e9 a pr\u00f3xima entrada!<\/p>\n<p>&nbsp;<\/p>","protected":false},"excerpt":{"rendered":"<p>Las tendencias actuales de cabello apuestan por melenas onduladas, salvajes y con mucho volumen. Hemos dejado atr\u00e1s el alisado japon\u00e9s para dar paso a un look m\u00e1s desenfadado, tambi\u00e9n conocido como \u2018Ondas Surferas\u201d o \u201cEfecto playa\u201d. Este look se ha convertido en objeto de deseo, y hasta las personas que no han nacido con pelo [&hellip;]<\/p>\n","protected":false},"author":9,"featured_media":21457,"comment_status":"open","ping_status":"closed","sticky":false,"template":"","format":"standard","meta":{"footnotes":"","_wp_rev_ctl_limit":""},"categories":[128,1],"tags":[126,127,129,130,131,132,133,134,135,136],"class_list":["post-1482","post","type-post","status-publish","format-standard","has-post-thumbnail","hentry","category-capilar","category-todos","tag-agrado","tag-agradocometic","tag-capilar","tag-estilo","tag-estiloondas","tag-fijacioncapilar","tag-look","tag-ondas","tag-ondassurferas","tag-peinado"],"yoast_head":"<!-- This site is optimized with the Yoast SEO plugin v27.4 - https:\/\/yoast.com\/product\/yoast-seo-wordpress\/ -->\n<title>\u00bfEst\u00e1s en la onda? C\u00f3mo conseguir el look m\u00e1s natural del momento. - Agrado<\/title>\n<meta name=\"robots\" content=\"index, follow, max-snippet:-1, max-image-preview:large, max-video-preview:-1\" \/>\n<link rel=\"canonical\" href=\"https:\/\/agradocosmetic.com\/pt\/estas-la-onda-conseguir-look-mas-natural-del-momento\/\" \/>\n<meta property=\"og:locale\" content=\"pt_PT\" \/>\n<meta property=\"og:type\" content=\"article\" \/>\n<meta property=\"og:title\" content=\"\u00bfEst\u00e1s en la onda? C\u00f3mo conseguir el look m\u00e1s natural del momento. - Agrado\" \/>\n<meta property=\"og:description\" content=\"Las tendencias actuales de cabello apuestan por melenas onduladas, salvajes y con mucho volumen. Hemos dejado atr\u00e1s el alisado japon\u00e9s para dar paso a un look m\u00e1s desenfadado, tambi\u00e9n conocido como \u2018Ondas Surferas\u201d o \u201cEfecto playa\u201d. Este look se ha convertido en objeto de deseo, y hasta las personas que no han nacido con pelo [&hellip;]\" \/>\n<meta property=\"og:url\" content=\"https:\/\/agradocosmetic.com\/pt\/estas-la-onda-conseguir-look-mas-natural-del-momento\/\" \/>\n<meta property=\"og:site_name\" content=\"Agrado\" \/>\n<meta property=\"article:published_time\" content=\"2018-02-09T12:41:15+00:00\" \/>\n<meta property=\"article:modified_time\" content=\"2023-11-18T16:58:57+00:00\" \/>\n<meta property=\"og:image\" content=\"https:\/\/agradocosmetic.com\/wp-content\/uploads\/2018\/02\/look-natural-agrado.jpg\" \/>\n\t<meta property=\"og:image:width\" content=\"1200\" \/>\n\t<meta property=\"og:image:height\" content=\"800\" \/>\n\t<meta property=\"og:image:type\" content=\"image\/jpeg\" \/>\n<meta name=\"author\" content=\"agradocosmetic\" \/>\n<meta name=\"twitter:card\" content=\"summary_large_image\" \/>\n<meta name=\"twitter:label1\" content=\"Escrito por\" \/>\n\t<meta name=\"twitter:data1\" content=\"agradocosmetic\" \/>\n\t<meta name=\"twitter:label2\" content=\"Tempo estimado de leitura\" \/>\n\t<meta name=\"twitter:data2\" content=\"2 minutos\" \/>\n<script type=\"application\/ld+json\" class=\"yoast-schema-graph\">{\"@context\":\"https:\\\/\\\/schema.org\",\"@graph\":[{\"@type\":\"Article\",\"@id\":\"https:\\\/\\\/agradocosmetic.com\\\/pt\\\/estas-la-onda-conseguir-look-mas-natural-del-momento\\\/#article\",\"isPartOf\":{\"@id\":\"https:\\\/\\\/agradocosmetic.com\\\/pt\\\/estas-la-onda-conseguir-look-mas-natural-del-momento\\\/\"},\"author\":{\"name\":\"agradocosmetic\",\"@id\":\"https:\\\/\\\/agradocosmetic.com\\\/#\\\/schema\\\/person\\\/732e8d396022e25f9340196f83d6789d\"},\"headline\":\"\u00bfEst\u00e1s en la onda? C\u00f3mo conseguir el look m\u00e1s natural del momento.\",\"datePublished\":\"2018-02-09T12:41:15+00:00\",\"dateModified\":\"2023-11-18T16:58:57+00:00\",\"mainEntityOfPage\":{\"@id\":\"https:\\\/\\\/agradocosmetic.com\\\/pt\\\/estas-la-onda-conseguir-look-mas-natural-del-momento\\\/\"},\"wordCount\":495,\"commentCount\":0,\"publisher\":{\"@id\":\"https:\\\/\\\/agradocosmetic.com\\\/#organization\"},\"image\":{\"@id\":\"https:\\\/\\\/agradocosmetic.com\\\/pt\\\/estas-la-onda-conseguir-look-mas-natural-del-momento\\\/#primaryimage\"},\"thumbnailUrl\":\"https:\\\/\\\/agradocosmetic.com\\\/wp-content\\\/uploads\\\/2018\\\/02\\\/look-natural-agrado.jpg\",\"keywords\":[\"agrado\",\"agradocometic\",\"capilar\",\"estilo\",\"estiloondas\",\"fijaci\u00f3ncapilar\",\"look\",\"ondas\",\"ondassurferas\",\"peinado\"],\"articleSection\":[\"Capilar\",\"Todos\"],\"inLanguage\":\"pt-PT\",\"potentialAction\":[{\"@type\":\"CommentAction\",\"name\":\"Comment\",\"target\":[\"https:\\\/\\\/agradocosmetic.com\\\/pt\\\/estas-la-onda-conseguir-look-mas-natural-del-momento\\\/#respond\"]}]},{\"@type\":\"WebPage\",\"@id\":\"https:\\\/\\\/agradocosmetic.com\\\/pt\\\/estas-la-onda-conseguir-look-mas-natural-del-momento\\\/\",\"url\":\"https:\\\/\\\/agradocosmetic.com\\\/pt\\\/estas-la-onda-conseguir-look-mas-natural-del-momento\\\/\",\"name\":\"\u00bfEst\u00e1s en la onda? C\u00f3mo conseguir el look m\u00e1s natural del momento. - Agrado\",\"isPartOf\":{\"@id\":\"https:\\\/\\\/agradocosmetic.com\\\/#website\"},\"primaryImageOfPage\":{\"@id\":\"https:\\\/\\\/agradocosmetic.com\\\/pt\\\/estas-la-onda-conseguir-look-mas-natural-del-momento\\\/#primaryimage\"},\"image\":{\"@id\":\"https:\\\/\\\/agradocosmetic.com\\\/pt\\\/estas-la-onda-conseguir-look-mas-natural-del-momento\\\/#primaryimage\"},\"thumbnailUrl\":\"https:\\\/\\\/agradocosmetic.com\\\/wp-content\\\/uploads\\\/2018\\\/02\\\/look-natural-agrado.jpg\",\"datePublished\":\"2018-02-09T12:41:15+00:00\",\"dateModified\":\"2023-11-18T16:58:57+00:00\",\"breadcrumb\":{\"@id\":\"https:\\\/\\\/agradocosmetic.com\\\/pt\\\/estas-la-onda-conseguir-look-mas-natural-del-momento\\\/#breadcrumb\"},\"inLanguage\":\"pt-PT\",\"potentialAction\":[{\"@type\":\"ReadAction\",\"target\":[\"https:\\\/\\\/agradocosmetic.com\\\/pt\\\/estas-la-onda-conseguir-look-mas-natural-del-momento\\\/\"]}]},{\"@type\":\"ImageObject\",\"inLanguage\":\"pt-PT\",\"@id\":\"https:\\\/\\\/agradocosmetic.com\\\/pt\\\/estas-la-onda-conseguir-look-mas-natural-del-momento\\\/#primaryimage\",\"url\":\"https:\\\/\\\/agradocosmetic.com\\\/wp-content\\\/uploads\\\/2018\\\/02\\\/look-natural-agrado.jpg\",\"contentUrl\":\"https:\\\/\\\/agradocosmetic.com\\\/wp-content\\\/uploads\\\/2018\\\/02\\\/look-natural-agrado.jpg\",\"width\":1200,\"height\":800},{\"@type\":\"BreadcrumbList\",\"@id\":\"https:\\\/\\\/agradocosmetic.com\\\/pt\\\/estas-la-onda-conseguir-look-mas-natural-del-momento\\\/#breadcrumb\",\"itemListElement\":[{\"@type\":\"ListItem\",\"position\":1,\"name\":\"Portada\",\"item\":\"https:\\\/\\\/agradocosmetic.com\\\/\"},{\"@type\":\"ListItem\",\"position\":2,\"name\":\"\u00bfEst\u00e1s en la onda? C\u00f3mo conseguir el look m\u00e1s natural del momento.\"}]},{\"@type\":\"WebSite\",\"@id\":\"https:\\\/\\\/agradocosmetic.com\\\/#website\",\"url\":\"https:\\\/\\\/agradocosmetic.com\\\/\",\"name\":\"Agrado\",\"description\":\"Cosmetic\",\"publisher\":{\"@id\":\"https:\\\/\\\/agradocosmetic.com\\\/#organization\"},\"potentialAction\":[{\"@type\":\"SearchAction\",\"target\":{\"@type\":\"EntryPoint\",\"urlTemplate\":\"https:\\\/\\\/agradocosmetic.com\\\/?s={search_term_string}\"},\"query-input\":{\"@type\":\"PropertyValueSpecification\",\"valueRequired\":true,\"valueName\":\"search_term_string\"}}],\"inLanguage\":\"pt-PT\"},{\"@type\":\"Organization\",\"@id\":\"https:\\\/\\\/agradocosmetic.com\\\/#organization\",\"name\":\"Agrado\",\"url\":\"https:\\\/\\\/agradocosmetic.com\\\/\",\"logo\":{\"@type\":\"ImageObject\",\"inLanguage\":\"pt-PT\",\"@id\":\"https:\\\/\\\/agradocosmetic.com\\\/#\\\/schema\\\/logo\\\/image\\\/\",\"url\":\"https:\\\/\\\/agradocosmetic.com\\\/wp-content\\\/uploads\\\/2023\\\/07\\\/LOGO-AGRADO-WEB-01.png\",\"contentUrl\":\"https:\\\/\\\/agradocosmetic.com\\\/wp-content\\\/uploads\\\/2023\\\/07\\\/LOGO-AGRADO-WEB-01.png\",\"width\":1632,\"height\":300,\"caption\":\"Agrado\"},\"image\":{\"@id\":\"https:\\\/\\\/agradocosmetic.com\\\/#\\\/schema\\\/logo\\\/image\\\/\"}},{\"@type\":\"Person\",\"@id\":\"https:\\\/\\\/agradocosmetic.com\\\/#\\\/schema\\\/person\\\/732e8d396022e25f9340196f83d6789d\",\"name\":\"agradocosmetic\",\"image\":{\"@type\":\"ImageObject\",\"inLanguage\":\"pt-PT\",\"@id\":\"https:\\\/\\\/secure.gravatar.com\\\/avatar\\\/c6003e45301182b7e125463fcbec403b1980909c12edf09098526b9a15e779c0?s=96&d=mm&r=g\",\"url\":\"https:\\\/\\\/secure.gravatar.com\\\/avatar\\\/c6003e45301182b7e125463fcbec403b1980909c12edf09098526b9a15e779c0?s=96&d=mm&r=g\",\"contentUrl\":\"https:\\\/\\\/secure.gravatar.com\\\/avatar\\\/c6003e45301182b7e125463fcbec403b1980909c12edf09098526b9a15e779c0?s=96&d=mm&r=g\",\"caption\":\"agradocosmetic\"}}]}<\/script>\n<!-- \/ Yoast SEO plugin. -->","yoast_head_json":{"title":"\u00bfEst\u00e1s en la onda? C\u00f3mo conseguir el look m\u00e1s natural del momento. - Agrado","robots":{"index":"index","follow":"follow","max-snippet":"max-snippet:-1","max-image-preview":"max-image-preview:large","max-video-preview":"max-video-preview:-1"},"canonical":"https:\/\/agradocosmetic.com\/pt\/estas-la-onda-conseguir-look-mas-natural-del-momento\/","og_locale":"pt_PT","og_type":"article","og_title":"\u00bfEst\u00e1s en la onda? C\u00f3mo conseguir el look m\u00e1s natural del momento. - Agrado","og_description":"Las tendencias actuales de cabello apuestan por melenas onduladas, salvajes y con mucho volumen. Hemos dejado atr\u00e1s el alisado japon\u00e9s para dar paso a un look m\u00e1s desenfadado, tambi\u00e9n conocido como \u2018Ondas Surferas\u201d o \u201cEfecto playa\u201d. Este look se ha convertido en objeto de deseo, y hasta las personas que no han nacido con pelo [&hellip;]","og_url":"https:\/\/agradocosmetic.com\/pt\/estas-la-onda-conseguir-look-mas-natural-del-momento\/","og_site_name":"Agrado","article_published_time":"2018-02-09T12:41:15+00:00","article_modified_time":"2023-11-18T16:58:57+00:00","og_image":[{"width":1200,"height":800,"url":"https:\/\/agradocosmetic.com\/wp-content\/uploads\/2018\/02\/look-natural-agrado.jpg","type":"image\/jpeg"}],"author":"agradocosmetic","twitter_card":"summary_large_image","twitter_misc":{"Escrito por":"agradocosmetic","Tempo estimado de leitura":"2 minutos"},"schema":{"@context":"https:\/\/schema.org","@graph":[{"@type":"Article","@id":"https:\/\/agradocosmetic.com\/pt\/estas-la-onda-conseguir-look-mas-natural-del-momento\/#article","isPartOf":{"@id":"https:\/\/agradocosmetic.com\/pt\/estas-la-onda-conseguir-look-mas-natural-del-momento\/"},"author":{"name":"agradocosmetic","@id":"https:\/\/agradocosmetic.com\/#\/schema\/person\/732e8d396022e25f9340196f83d6789d"},"headline":"\u00bfEst\u00e1s en la onda? C\u00f3mo conseguir el look m\u00e1s natural del momento.","datePublished":"2018-02-09T12:41:15+00:00","dateModified":"2023-11-18T16:58:57+00:00","mainEntityOfPage":{"@id":"https:\/\/agradocosmetic.com\/pt\/estas-la-onda-conseguir-look-mas-natural-del-momento\/"},"wordCount":495,"commentCount":0,"publisher":{"@id":"https:\/\/agradocosmetic.com\/#organization"},"image":{"@id":"https:\/\/agradocosmetic.com\/pt\/estas-la-onda-conseguir-look-mas-natural-del-momento\/#primaryimage"},"thumbnailUrl":"https:\/\/agradocosmetic.com\/wp-content\/uploads\/2018\/02\/look-natural-agrado.jpg","keywords":["agrado","agradocometic","capilar","estilo","estiloondas","fijaci\u00f3ncapilar","look","ondas","ondassurferas","peinado"],"articleSection":["Capilar","Todos"],"inLanguage":"pt-PT","potentialAction":[{"@type":"CommentAction","name":"Comment","target":["https:\/\/agradocosmetic.com\/pt\/estas-la-onda-conseguir-look-mas-natural-del-momento\/#respond"]}]},{"@type":"WebPage","@id":"https:\/\/agradocosmetic.com\/pt\/estas-la-onda-conseguir-look-mas-natural-del-momento\/","url":"https:\/\/agradocosmetic.com\/pt\/estas-la-onda-conseguir-look-mas-natural-del-momento\/","name":"\u00bfEst\u00e1s en la onda? C\u00f3mo conseguir el look m\u00e1s natural del momento. - Agrado","isPartOf":{"@id":"https:\/\/agradocosmetic.com\/#website"},"primaryImageOfPage":{"@id":"https:\/\/agradocosmetic.com\/pt\/estas-la-onda-conseguir-look-mas-natural-del-momento\/#primaryimage"},"image":{"@id":"https:\/\/agradocosmetic.com\/pt\/estas-la-onda-conseguir-look-mas-natural-del-momento\/#primaryimage"},"thumbnailUrl":"https:\/\/agradocosmetic.com\/wp-content\/uploads\/2018\/02\/look-natural-agrado.jpg","datePublished":"2018-02-09T12:41:15+00:00","dateModified":"2023-11-18T16:58:57+00:00","breadcrumb":{"@id":"https:\/\/agradocosmetic.com\/pt\/estas-la-onda-conseguir-look-mas-natural-del-momento\/#breadcrumb"},"inLanguage":"pt-PT","potentialAction":[{"@type":"ReadAction","target":["https:\/\/agradocosmetic.com\/pt\/estas-la-onda-conseguir-look-mas-natural-del-momento\/"]}]},{"@type":"ImageObject","inLanguage":"pt-PT","@id":"https:\/\/agradocosmetic.com\/pt\/estas-la-onda-conseguir-look-mas-natural-del-momento\/#primaryimage","url":"https:\/\/agradocosmetic.com\/wp-content\/uploads\/2018\/02\/look-natural-agrado.jpg","contentUrl":"https:\/\/agradocosmetic.com\/wp-content\/uploads\/2018\/02\/look-natural-agrado.jpg","width":1200,"height":800},{"@type":"BreadcrumbList","@id":"https:\/\/agradocosmetic.com\/pt\/estas-la-onda-conseguir-look-mas-natural-del-momento\/#breadcrumb","itemListElement":[{"@type":"ListItem","position":1,"name":"Portada","item":"https:\/\/agradocosmetic.com\/"},{"@type":"ListItem","position":2,"name":"\u00bfEst\u00e1s en la onda? C\u00f3mo conseguir el look m\u00e1s natural del momento."}]},{"@type":"WebSite","@id":"https:\/\/agradocosmetic.com\/#website","url":"https:\/\/agradocosmetic.com\/","name":"Gosto","description":"Cosm\u00e9tico","publisher":{"@id":"https:\/\/agradocosmetic.com\/#organization"},"potentialAction":[{"@type":"SearchAction","target":{"@type":"EntryPoint","urlTemplate":"https:\/\/agradocosmetic.com\/?s={search_term_string}"},"query-input":{"@type":"PropertyValueSpecification","valueRequired":true,"valueName":"search_term_string"}}],"inLanguage":"pt-PT"},{"@type":"Organization","@id":"https:\/\/agradocosmetic.com\/#organization","name":"Gosto","url":"https:\/\/agradocosmetic.com\/","logo":{"@type":"ImageObject","inLanguage":"pt-PT","@id":"https:\/\/agradocosmetic.com\/#\/schema\/logo\/image\/","url":"https:\/\/agradocosmetic.com\/wp-content\/uploads\/2023\/07\/LOGO-AGRADO-WEB-01.png","contentUrl":"https:\/\/agradocosmetic.com\/wp-content\/uploads\/2023\/07\/LOGO-AGRADO-WEB-01.png","width":1632,"height":300,"caption":"Agrado"},"image":{"@id":"https:\/\/agradocosmetic.com\/#\/schema\/logo\/image\/"}},{"@type":"Person","@id":"https:\/\/agradocosmetic.com\/#\/schema\/person\/732e8d396022e25f9340196f83d6789d","name":"agradocosm\u00e9tico","image":{"@type":"ImageObject","inLanguage":"pt-PT","@id":"https:\/\/secure.gravatar.com\/avatar\/c6003e45301182b7e125463fcbec403b1980909c12edf09098526b9a15e779c0?s=96&d=mm&r=g","url":"https:\/\/secure.gravatar.com\/avatar\/c6003e45301182b7e125463fcbec403b1980909c12edf09098526b9a15e779c0?s=96&d=mm&r=g","contentUrl":"https:\/\/secure.gravatar.com\/avatar\/c6003e45301182b7e125463fcbec403b1980909c12edf09098526b9a15e779c0?s=96&d=mm&r=g","caption":"agradocosmetic"}}]}},"_links":{"self":[{"href":"https:\/\/agradocosmetic.com\/pt\/wp-json\/wp\/v2\/posts\/1482","targetHints":{"allow":["GET"]}}],"collection":[{"href":"https:\/\/agradocosmetic.com\/pt\/wp-json\/wp\/v2\/posts"}],"about":[{"href":"https:\/\/agradocosmetic.com\/pt\/wp-json\/wp\/v2\/types\/post"}],"author":[{"embeddable":true,"href":"https:\/\/agradocosmetic.com\/pt\/wp-json\/wp\/v2\/users\/9"}],"replies":[{"embeddable":true,"href":"https:\/\/agradocosmetic.com\/pt\/wp-json\/wp\/v2\/comments?post=1482"}],"version-history":[{"count":1,"href":"https:\/\/agradocosmetic.com\/pt\/wp-json\/wp\/v2\/posts\/1482\/revisions"}],"predecessor-version":[{"id":21458,"href":"https:\/\/agradocosmetic.com\/pt\/wp-json\/wp\/v2\/posts\/1482\/revisions\/21458"}],"wp:featuredmedia":[{"embeddable":true,"href":"https:\/\/agradocosmetic.com\/pt\/wp-json\/wp\/v2\/media\/21457"}],"wp:attachment":[{"href":"https:\/\/agradocosmetic.com\/pt\/wp-json\/wp\/v2\/media?parent=1482"}],"wp:term":[{"taxonomy":"category","embeddable":true,"href":"https:\/\/agradocosmetic.com\/pt\/wp-json\/wp\/v2\/categories?post=1482"},{"taxonomy":"post_tag","embeddable":true,"href":"https:\/\/agradocosmetic.com\/pt\/wp-json\/wp\/v2\/tags?post=1482"}],"curies":[{"name":"wp","href":"https:\/\/api.w.org\/{rel}","templated":true}]}}