{"id":15226,"date":"2020-11-05T14:06:24","date_gmt":"2020-11-05T13:06:24","guid":{"rendered":"https:\/\/www.agradocosmetic.com\/?p=15226"},"modified":"2023-11-18T16:58:53","modified_gmt":"2023-11-18T16:58:53","slug":"cabello-seco-la-mejor-rutina","status":"publish","type":"post","link":"https:\/\/agradocosmetic.com\/pt\/cabello-seco-la-mejor-rutina\/","title":{"rendered":"Cabelo seco, a melhor rotina!"},"content":{"rendered":"<p>Voc\u00ea sente que seu cabelo est\u00e1 ficando mais opaco? \u00c9 muito comum que com as tinturas, o estresse di\u00e1rio e a exposi\u00e7\u00e3o ao calor, nossos cabelos fiquem quebradi\u00e7os e muito secos. Se for este o seu caso, saiba que os cabelos secos necessitam de cuidados espec\u00edficos. Conseguir cabelos saud\u00e1veis e macios \u00e9 muito f\u00e1cil se voc\u00ea seguir uma rotina adequada.<\/p>\r\n\r\n\r\n\r\n<p>D\u00ea vida aos seus cabelos secos com essas dicas!<\/p>\r\n\r\n\r\n\r\n<h2 class=\"wp-block-heading\">Evite lavar diariamente<\/h2>\r\n\r\n\r\n\r\n<p>Se o seu cabelo seco precisa se recuperar, \u00e9 importante espa\u00e7ar as lavagens. Se voc\u00ea lav\u00e1-lo todos os dias, estar\u00e1 eliminando sua oleosidade ou sebo natural e causar\u00e1 ainda mais ressecamento. Na verdade, o bom do cabelo que tende a secar \u00e9 que ele fica limpo com algumas lavagens por semana. Opte por um shampoo espec\u00edfico para cabelos danificados e fr\u00e1geis. Ele <a href=\"\/pt\/?p=9982\" target=\"_blank\" rel=\"noreferrer noopener\">Shampoo Nutri\u00e7\u00e3o Profissional AGRADO<\/a> com\u00a0<strong>prote\u00edna de trigo\u00a0<\/strong>hidrata as ra\u00edzes, dando brilho e vitalidade aos cabelos. Al\u00e9m disso, sua contribui\u00e7\u00e3o de\u00a0<strong>queratina<\/strong>\u00a0aumenta a resist\u00eancia \u00e0 quebra e a fortalece.<\/p>\r\n\r\n\r\n\r\n<h2 class=\"wp-block-heading\">Coloque um \u00f3leo em sua vida<\/h2>\r\n\r\n\r\n\r\n<p>Ele <a href=\"\/pt\/?p=734\" target=\"_blank\" rel=\"noreferrer noopener\">\u00d3leo capilar de brilho intenso AGRADO<\/a> Ser\u00e1 o seu melhor aliado para hidratar e proteger diariamente os cabelos secos. Al\u00e9m disso, ajuda a prevenir o frizz sem pesar ou deixar res\u00edduos, algo que sempre preocupa quem tem esse tipo de cabelo. Pode ser usado tanto nos cabelos \u00famidos quanto molhados, portanto n\u00e3o \u00e9 necess\u00e1rio lavar para aplic\u00e1-lo. Para adicionar cuidado extra, voc\u00ea tamb\u00e9m pode us\u00e1-lo antes de lavar.<\/p>\r\n\r\n\r\n\r\n<h2 class=\"wp-block-heading\">N\u00e3o se esque\u00e7a da m\u00e1scara<\/h2>\r\n\r\n\r\n\r\n<p>Este \u00e9 um passo fundamental ap\u00f3s cada lavagem. Aplicar o <a href=\"\/pt\/?p=719\" target=\"_blank\" rel=\"noreferrer noopener\">M\u00e1scara Nutritiva AGRADO<\/a> nos cabelos \u00famidos da raiz \u00e0s pontas com uma leve massagem. Deixe agir por 2 ou 3 minutos e enx\u00e1gue. Recomendamos escovar logo ap\u00f3s a aplica\u00e7\u00e3o, pois facilitar\u00e1 a elimina\u00e7\u00e3o de emaranhados e quebra dos cabelos. Se voc\u00ea tamb\u00e9m precisa de nutri\u00e7\u00e3o extra, uma dica fundamental \u00e9 aplicar em todo o cabelo, cobrir com filme transparente e deixar agir durante a noite. Fa\u00e7a isso uma vez por m\u00eas e voc\u00ea ficar\u00e1 surpreso com os resultados!<\/p>\r\n\r\n\r\n\r\n<h2 class=\"wp-block-heading\">Corte para o saud\u00e1vel<\/h2>\r\n\r\n\r\n\r\n<p>Se o seu cabelo estiver seco, voc\u00ea provavelmente notou que tende a ficar com pontas duplas relativamente r\u00e1pido. Isso porque eles tendem a ser mais fr\u00e1geis, e deix\u00e1-los por muito tempo torna-se uma odiss\u00e9ia. Fa\u00e7a pequenos cortes de vez em quando, assim voc\u00ea o manter\u00e1 saud\u00e1vel e forte, al\u00e9m de ficar muito mais bonito.<\/p>\r\n\r\n\r\n\r\n<p>Esperamos que essas dicas para cabelos secos ajudem voc\u00ea e que voc\u00ea fique linda a partir de agora. N\u00e3o hesite em nos escrever se tivermos deixado algo de fora. n\u00f3s lemos voc\u00ea em <a href=\"http:\/\/instagram.com\/agradocosmetic\" target=\"_blank\" rel=\"noreferrer noopener\">Instagram<\/a> e <a href=\"https:\/\/www.facebook.com\/agradocosmetic\" target=\"_blank\" rel=\"noreferrer noopener\">Facebook<\/a>! \u263a\ufe0f<\/p>","protected":false},"excerpt":{"rendered":"<p>\u00bfSientes que tu pelo est\u00e1 cada vez m\u00e1s apagado? Es muy frecuente que con los tintes, estr\u00e9s del d\u00eda a d\u00eda y la exposici\u00f3n al calor, nuestro pelo se muestre quebradizo y muy seco. Si es tu caso, debes saber que el cabello seco necesita cuidados espec\u00edficos. Lograr una melena sana y suave es muy [&hellip;]<\/p>\n","protected":false},"author":9,"featured_media":21348,"comment_status":"open","ping_status":"closed","sticky":false,"template":"","format":"standard","meta":{"footnotes":"","_wp_rev_ctl_limit":""},"categories":[128,1],"tags":[333,245,334,129,307,219,335],"class_list":["post-15226","post","type-post","status-publish","format-standard","has-post-thumbnail","hentry","category-capilar","category-todos","tag-beauty","tag-cabello","tag-cabello-seco","tag-capilar","tag-consejos","tag-tips","tag-tratamiento-capilar"],"yoast_head":"<!-- This site is optimized with the Yoast SEO plugin v27.4 - https:\/\/yoast.com\/product\/yoast-seo-wordpress\/ -->\n<title>Cabello seco, \u00a1la mejor rutina! - Agrado<\/title>\n<meta name=\"description\" content=\"Tu cabello seco necesita una rutina espec\u00edfica. Sigue nuestros consejos para recuperar tu melena y lucir pelazo desde ya.\" \/>\n<meta name=\"robots\" content=\"index, follow, max-snippet:-1, max-image-preview:large, max-video-preview:-1\" \/>\n<link rel=\"canonical\" href=\"https:\/\/agradocosmetic.com\/pt\/cabello-seco-la-mejor-rutina\/\" \/>\n<meta property=\"og:locale\" content=\"pt_PT\" \/>\n<meta property=\"og:type\" content=\"article\" \/>\n<meta property=\"og:title\" content=\"Cabello seco, \u00a1la mejor rutina! - Agrado\" \/>\n<meta property=\"og:description\" content=\"Tu cabello seco necesita una rutina espec\u00edfica. Sigue nuestros consejos para recuperar tu melena y lucir pelazo desde ya.\" \/>\n<meta property=\"og:url\" content=\"https:\/\/agradocosmetic.com\/pt\/cabello-seco-la-mejor-rutina\/\" \/>\n<meta property=\"og:site_name\" content=\"Agrado\" \/>\n<meta property=\"article:published_time\" content=\"2020-11-05T13:06:24+00:00\" \/>\n<meta property=\"article:modified_time\" content=\"2023-11-18T16:58:53+00:00\" \/>\n<meta property=\"og:image\" content=\"https:\/\/agradocosmetic.com\/wp-content\/uploads\/2020\/11\/cabello-seco-agrado.jpg\" \/>\n\t<meta property=\"og:image:width\" content=\"1200\" \/>\n\t<meta property=\"og:image:height\" content=\"800\" \/>\n\t<meta property=\"og:image:type\" content=\"image\/jpeg\" \/>\n<meta name=\"author\" content=\"agradocosmetic\" \/>\n<meta name=\"twitter:card\" content=\"summary_large_image\" \/>\n<meta name=\"twitter:label1\" content=\"Escrito por\" \/>\n\t<meta name=\"twitter:data1\" content=\"agradocosmetic\" \/>\n\t<meta name=\"twitter:label2\" content=\"Tempo estimado de leitura\" \/>\n\t<meta name=\"twitter:data2\" content=\"2 minutos\" \/>\n<script type=\"application\/ld+json\" class=\"yoast-schema-graph\">{\"@context\":\"https:\\\/\\\/schema.org\",\"@graph\":[{\"@type\":\"Article\",\"@id\":\"https:\\\/\\\/agradocosmetic.com\\\/cabello-seco-la-mejor-rutina\\\/#article\",\"isPartOf\":{\"@id\":\"https:\\\/\\\/agradocosmetic.com\\\/cabello-seco-la-mejor-rutina\\\/\"},\"author\":{\"name\":\"agradocosmetic\",\"@id\":\"https:\\\/\\\/agradocosmetic.com\\\/#\\\/schema\\\/person\\\/732e8d396022e25f9340196f83d6789d\"},\"headline\":\"Cabello seco, \u00a1la mejor rutina!\",\"datePublished\":\"2020-11-05T13:06:24+00:00\",\"dateModified\":\"2023-11-18T16:58:53+00:00\",\"mainEntityOfPage\":{\"@id\":\"https:\\\/\\\/agradocosmetic.com\\\/cabello-seco-la-mejor-rutina\\\/\"},\"wordCount\":481,\"commentCount\":0,\"publisher\":{\"@id\":\"https:\\\/\\\/agradocosmetic.com\\\/#organization\"},\"image\":{\"@id\":\"https:\\\/\\\/agradocosmetic.com\\\/cabello-seco-la-mejor-rutina\\\/#primaryimage\"},\"thumbnailUrl\":\"https:\\\/\\\/agradocosmetic.com\\\/wp-content\\\/uploads\\\/2020\\\/11\\\/cabello-seco-agrado.jpg\",\"keywords\":[\"beauty\",\"cabello\",\"cabello seco\",\"capilar\",\"consejos\",\"tips\",\"tratamiento capilar\"],\"articleSection\":[\"Capilar\",\"Todos\"],\"inLanguage\":\"pt-PT\",\"potentialAction\":[{\"@type\":\"CommentAction\",\"name\":\"Comment\",\"target\":[\"https:\\\/\\\/agradocosmetic.com\\\/cabello-seco-la-mejor-rutina\\\/#respond\"]}]},{\"@type\":\"WebPage\",\"@id\":\"https:\\\/\\\/agradocosmetic.com\\\/cabello-seco-la-mejor-rutina\\\/\",\"url\":\"https:\\\/\\\/agradocosmetic.com\\\/cabello-seco-la-mejor-rutina\\\/\",\"name\":\"Cabello seco, \u00a1la mejor rutina! - Agrado\",\"isPartOf\":{\"@id\":\"https:\\\/\\\/agradocosmetic.com\\\/#website\"},\"primaryImageOfPage\":{\"@id\":\"https:\\\/\\\/agradocosmetic.com\\\/cabello-seco-la-mejor-rutina\\\/#primaryimage\"},\"image\":{\"@id\":\"https:\\\/\\\/agradocosmetic.com\\\/cabello-seco-la-mejor-rutina\\\/#primaryimage\"},\"thumbnailUrl\":\"https:\\\/\\\/agradocosmetic.com\\\/wp-content\\\/uploads\\\/2020\\\/11\\\/cabello-seco-agrado.jpg\",\"datePublished\":\"2020-11-05T13:06:24+00:00\",\"dateModified\":\"2023-11-18T16:58:53+00:00\",\"description\":\"Tu cabello seco necesita una rutina espec\u00edfica. Sigue nuestros consejos para recuperar tu melena y lucir pelazo desde ya.\",\"breadcrumb\":{\"@id\":\"https:\\\/\\\/agradocosmetic.com\\\/cabello-seco-la-mejor-rutina\\\/#breadcrumb\"},\"inLanguage\":\"pt-PT\",\"potentialAction\":[{\"@type\":\"ReadAction\",\"target\":[\"https:\\\/\\\/agradocosmetic.com\\\/cabello-seco-la-mejor-rutina\\\/\"]}]},{\"@type\":\"ImageObject\",\"inLanguage\":\"pt-PT\",\"@id\":\"https:\\\/\\\/agradocosmetic.com\\\/cabello-seco-la-mejor-rutina\\\/#primaryimage\",\"url\":\"https:\\\/\\\/agradocosmetic.com\\\/wp-content\\\/uploads\\\/2020\\\/11\\\/cabello-seco-agrado.jpg\",\"contentUrl\":\"https:\\\/\\\/agradocosmetic.com\\\/wp-content\\\/uploads\\\/2020\\\/11\\\/cabello-seco-agrado.jpg\",\"width\":1200,\"height\":800},{\"@type\":\"BreadcrumbList\",\"@id\":\"https:\\\/\\\/agradocosmetic.com\\\/cabello-seco-la-mejor-rutina\\\/#breadcrumb\",\"itemListElement\":[{\"@type\":\"ListItem\",\"position\":1,\"name\":\"Portada\",\"item\":\"https:\\\/\\\/agradocosmetic.com\\\/\"},{\"@type\":\"ListItem\",\"position\":2,\"name\":\"Cabello seco, \u00a1la mejor rutina!\"}]},{\"@type\":\"WebSite\",\"@id\":\"https:\\\/\\\/agradocosmetic.com\\\/#website\",\"url\":\"https:\\\/\\\/agradocosmetic.com\\\/\",\"name\":\"Agrado\",\"description\":\"Cosmetic\",\"publisher\":{\"@id\":\"https:\\\/\\\/agradocosmetic.com\\\/#organization\"},\"potentialAction\":[{\"@type\":\"SearchAction\",\"target\":{\"@type\":\"EntryPoint\",\"urlTemplate\":\"https:\\\/\\\/agradocosmetic.com\\\/?s={search_term_string}\"},\"query-input\":{\"@type\":\"PropertyValueSpecification\",\"valueRequired\":true,\"valueName\":\"search_term_string\"}}],\"inLanguage\":\"pt-PT\"},{\"@type\":\"Organization\",\"@id\":\"https:\\\/\\\/agradocosmetic.com\\\/#organization\",\"name\":\"Agrado\",\"url\":\"https:\\\/\\\/agradocosmetic.com\\\/\",\"logo\":{\"@type\":\"ImageObject\",\"inLanguage\":\"pt-PT\",\"@id\":\"https:\\\/\\\/agradocosmetic.com\\\/#\\\/schema\\\/logo\\\/image\\\/\",\"url\":\"https:\\\/\\\/agradocosmetic.com\\\/wp-content\\\/uploads\\\/2023\\\/07\\\/LOGO-AGRADO-WEB-01.png\",\"contentUrl\":\"https:\\\/\\\/agradocosmetic.com\\\/wp-content\\\/uploads\\\/2023\\\/07\\\/LOGO-AGRADO-WEB-01.png\",\"width\":1632,\"height\":300,\"caption\":\"Agrado\"},\"image\":{\"@id\":\"https:\\\/\\\/agradocosmetic.com\\\/#\\\/schema\\\/logo\\\/image\\\/\"}},{\"@type\":\"Person\",\"@id\":\"https:\\\/\\\/agradocosmetic.com\\\/#\\\/schema\\\/person\\\/732e8d396022e25f9340196f83d6789d\",\"name\":\"agradocosmetic\",\"image\":{\"@type\":\"ImageObject\",\"inLanguage\":\"pt-PT\",\"@id\":\"https:\\\/\\\/secure.gravatar.com\\\/avatar\\\/c6003e45301182b7e125463fcbec403b1980909c12edf09098526b9a15e779c0?s=96&d=mm&r=g\",\"url\":\"https:\\\/\\\/secure.gravatar.com\\\/avatar\\\/c6003e45301182b7e125463fcbec403b1980909c12edf09098526b9a15e779c0?s=96&d=mm&r=g\",\"contentUrl\":\"https:\\\/\\\/secure.gravatar.com\\\/avatar\\\/c6003e45301182b7e125463fcbec403b1980909c12edf09098526b9a15e779c0?s=96&d=mm&r=g\",\"caption\":\"agradocosmetic\"}}]}<\/script>\n<!-- \/ Yoast SEO plugin. -->","yoast_head_json":{"title":"Cabello seco, \u00a1la mejor rutina! - Agrado","description":"Tu cabello seco necesita una rutina espec\u00edfica. Sigue nuestros consejos para recuperar tu melena y lucir pelazo desde ya.","robots":{"index":"index","follow":"follow","max-snippet":"max-snippet:-1","max-image-preview":"max-image-preview:large","max-video-preview":"max-video-preview:-1"},"canonical":"https:\/\/agradocosmetic.com\/pt\/cabello-seco-la-mejor-rutina\/","og_locale":"pt_PT","og_type":"article","og_title":"Cabello seco, \u00a1la mejor rutina! - Agrado","og_description":"Tu cabello seco necesita una rutina espec\u00edfica. Sigue nuestros consejos para recuperar tu melena y lucir pelazo desde ya.","og_url":"https:\/\/agradocosmetic.com\/pt\/cabello-seco-la-mejor-rutina\/","og_site_name":"Agrado","article_published_time":"2020-11-05T13:06:24+00:00","article_modified_time":"2023-11-18T16:58:53+00:00","og_image":[{"width":1200,"height":800,"url":"https:\/\/agradocosmetic.com\/wp-content\/uploads\/2020\/11\/cabello-seco-agrado.jpg","type":"image\/jpeg"}],"author":"agradocosmetic","twitter_card":"summary_large_image","twitter_misc":{"Escrito por":"agradocosmetic","Tempo estimado de leitura":"2 minutos"},"schema":{"@context":"https:\/\/schema.org","@graph":[{"@type":"Article","@id":"https:\/\/agradocosmetic.com\/cabello-seco-la-mejor-rutina\/#article","isPartOf":{"@id":"https:\/\/agradocosmetic.com\/cabello-seco-la-mejor-rutina\/"},"author":{"name":"agradocosmetic","@id":"https:\/\/agradocosmetic.com\/#\/schema\/person\/732e8d396022e25f9340196f83d6789d"},"headline":"Cabello seco, \u00a1la mejor rutina!","datePublished":"2020-11-05T13:06:24+00:00","dateModified":"2023-11-18T16:58:53+00:00","mainEntityOfPage":{"@id":"https:\/\/agradocosmetic.com\/cabello-seco-la-mejor-rutina\/"},"wordCount":481,"commentCount":0,"publisher":{"@id":"https:\/\/agradocosmetic.com\/#organization"},"image":{"@id":"https:\/\/agradocosmetic.com\/cabello-seco-la-mejor-rutina\/#primaryimage"},"thumbnailUrl":"https:\/\/agradocosmetic.com\/wp-content\/uploads\/2020\/11\/cabello-seco-agrado.jpg","keywords":["beauty","cabello","cabello seco","capilar","consejos","tips","tratamiento capilar"],"articleSection":["Capilar","Todos"],"inLanguage":"pt-PT","potentialAction":[{"@type":"CommentAction","name":"Comment","target":["https:\/\/agradocosmetic.com\/cabello-seco-la-mejor-rutina\/#respond"]}]},{"@type":"WebPage","@id":"https:\/\/agradocosmetic.com\/cabello-seco-la-mejor-rutina\/","url":"https:\/\/agradocosmetic.com\/cabello-seco-la-mejor-rutina\/","name":"Cabello seco, \u00a1la mejor rutina! - Agrado","isPartOf":{"@id":"https:\/\/agradocosmetic.com\/#website"},"primaryImageOfPage":{"@id":"https:\/\/agradocosmetic.com\/cabello-seco-la-mejor-rutina\/#primaryimage"},"image":{"@id":"https:\/\/agradocosmetic.com\/cabello-seco-la-mejor-rutina\/#primaryimage"},"thumbnailUrl":"https:\/\/agradocosmetic.com\/wp-content\/uploads\/2020\/11\/cabello-seco-agrado.jpg","datePublished":"2020-11-05T13:06:24+00:00","dateModified":"2023-11-18T16:58:53+00:00","description":"Tu cabello seco necesita una rutina espec\u00edfica. Sigue nuestros consejos para recuperar tu melena y lucir pelazo desde ya.","breadcrumb":{"@id":"https:\/\/agradocosmetic.com\/cabello-seco-la-mejor-rutina\/#breadcrumb"},"inLanguage":"pt-PT","potentialAction":[{"@type":"ReadAction","target":["https:\/\/agradocosmetic.com\/cabello-seco-la-mejor-rutina\/"]}]},{"@type":"ImageObject","inLanguage":"pt-PT","@id":"https:\/\/agradocosmetic.com\/cabello-seco-la-mejor-rutina\/#primaryimage","url":"https:\/\/agradocosmetic.com\/wp-content\/uploads\/2020\/11\/cabello-seco-agrado.jpg","contentUrl":"https:\/\/agradocosmetic.com\/wp-content\/uploads\/2020\/11\/cabello-seco-agrado.jpg","width":1200,"height":800},{"@type":"BreadcrumbList","@id":"https:\/\/agradocosmetic.com\/cabello-seco-la-mejor-rutina\/#breadcrumb","itemListElement":[{"@type":"ListItem","position":1,"name":"Portada","item":"https:\/\/agradocosmetic.com\/"},{"@type":"ListItem","position":2,"name":"Cabello seco, \u00a1la mejor rutina!"}]},{"@type":"WebSite","@id":"https:\/\/agradocosmetic.com\/#website","url":"https:\/\/agradocosmetic.com\/","name":"Gosto","description":"Cosm\u00e9tico","publisher":{"@id":"https:\/\/agradocosmetic.com\/#organization"},"potentialAction":[{"@type":"SearchAction","target":{"@type":"EntryPoint","urlTemplate":"https:\/\/agradocosmetic.com\/?s={search_term_string}"},"query-input":{"@type":"PropertyValueSpecification","valueRequired":true,"valueName":"search_term_string"}}],"inLanguage":"pt-PT"},{"@type":"Organization","@id":"https:\/\/agradocosmetic.com\/#organization","name":"Gosto","url":"https:\/\/agradocosmetic.com\/","logo":{"@type":"ImageObject","inLanguage":"pt-PT","@id":"https:\/\/agradocosmetic.com\/#\/schema\/logo\/image\/","url":"https:\/\/agradocosmetic.com\/wp-content\/uploads\/2023\/07\/LOGO-AGRADO-WEB-01.png","contentUrl":"https:\/\/agradocosmetic.com\/wp-content\/uploads\/2023\/07\/LOGO-AGRADO-WEB-01.png","width":1632,"height":300,"caption":"Agrado"},"image":{"@id":"https:\/\/agradocosmetic.com\/#\/schema\/logo\/image\/"}},{"@type":"Person","@id":"https:\/\/agradocosmetic.com\/#\/schema\/person\/732e8d396022e25f9340196f83d6789d","name":"agradocosm\u00e9tico","image":{"@type":"ImageObject","inLanguage":"pt-PT","@id":"https:\/\/secure.gravatar.com\/avatar\/c6003e45301182b7e125463fcbec403b1980909c12edf09098526b9a15e779c0?s=96&d=mm&r=g","url":"https:\/\/secure.gravatar.com\/avatar\/c6003e45301182b7e125463fcbec403b1980909c12edf09098526b9a15e779c0?s=96&d=mm&r=g","contentUrl":"https:\/\/secure.gravatar.com\/avatar\/c6003e45301182b7e125463fcbec403b1980909c12edf09098526b9a15e779c0?s=96&d=mm&r=g","caption":"agradocosmetic"}}]}},"_links":{"self":[{"href":"https:\/\/agradocosmetic.com\/pt\/wp-json\/wp\/v2\/posts\/15226","targetHints":{"allow":["GET"]}}],"collection":[{"href":"https:\/\/agradocosmetic.com\/pt\/wp-json\/wp\/v2\/posts"}],"about":[{"href":"https:\/\/agradocosmetic.com\/pt\/wp-json\/wp\/v2\/types\/post"}],"author":[{"embeddable":true,"href":"https:\/\/agradocosmetic.com\/pt\/wp-json\/wp\/v2\/users\/9"}],"replies":[{"embeddable":true,"href":"https:\/\/agradocosmetic.com\/pt\/wp-json\/wp\/v2\/comments?post=15226"}],"version-history":[{"count":1,"href":"https:\/\/agradocosmetic.com\/pt\/wp-json\/wp\/v2\/posts\/15226\/revisions"}],"predecessor-version":[{"id":21349,"href":"https:\/\/agradocosmetic.com\/pt\/wp-json\/wp\/v2\/posts\/15226\/revisions\/21349"}],"wp:featuredmedia":[{"embeddable":true,"href":"https:\/\/agradocosmetic.com\/pt\/wp-json\/wp\/v2\/media\/21348"}],"wp:attachment":[{"href":"https:\/\/agradocosmetic.com\/pt\/wp-json\/wp\/v2\/media?parent=15226"}],"wp:term":[{"taxonomy":"category","embeddable":true,"href":"https:\/\/agradocosmetic.com\/pt\/wp-json\/wp\/v2\/categories?post=15226"},{"taxonomy":"post_tag","embeddable":true,"href":"https:\/\/agradocosmetic.com\/pt\/wp-json\/wp\/v2\/tags?post=15226"}],"curies":[{"name":"wp","href":"https:\/\/api.w.org\/{rel}","templated":true}]}}