{"id":17507,"date":"2021-02-16T08:57:59","date_gmt":"2021-02-16T07:57:59","guid":{"rendered":"https:\/\/www.agradocosmetic.com\/?p=17507"},"modified":"2023-11-18T16:58:52","modified_gmt":"2023-11-18T16:58:52","slug":"como-proteger-tus-manos","status":"publish","type":"post","link":"https:\/\/agradocosmetic.com\/pt\/como-proteger-tus-manos\/","title":{"rendered":"Como proteger suas m\u00e3os"},"content":{"rendered":"<p>As m\u00e3os s\u00e3o uma das \u00e1reas do nosso corpo mais expostas a diversos tipos de agress\u00f5es externas, como frio, bact\u00e9rias e germes. No \u00faltimo ano elas se tornaram o foco da nossa higiene para prevenir infec\u00e7\u00f5es por Covid-19, mas voc\u00ea sabe como proteger as m\u00e3os corretamente?<\/p>\r\n\r\n\r\n\r\n<p>Autoridades e profissionais d\u00e3o grande \u00eanfase <strong>lavagem das m\u00e3os<\/strong>, e \u00e9 verdade que \u00e9 o primeiro passo para proteger as m\u00e3os e ter <strong>higiene adequada<\/strong>, mas \u00e9 preciso escolher bem <a href=\"\/pt\/?categoria-producto=jabon-de-manos\" target=\"_blank\" rel=\"noreferrer noopener\">sab\u00e3o de m\u00e3os<\/a>. Os da Agrado t\u00eam pH neutro e aromas deliciosos, at\u00e9 para os mais pequenos da casa. Escolha o seu preferido para a sua higiene di\u00e1ria! E lembre-se, se poss\u00edvel, lave sempre as m\u00e3os com \u00e1gua morna e finalize com \u00e1gua fria, para reativar a circula\u00e7\u00e3o. \u00c1gua muito quente pode danificar nossa epiderme.<\/p>\r\n\r\n\r\n\r\n<p>Por outro lado, o <strong>g\u00e9is higienizantes<\/strong> Eles j\u00e1 fazem parte do nosso dia a dia, por isso voc\u00ea tem cada vez mais op\u00e7\u00f5es para proteger suas m\u00e3os contra v\u00edrus e outras bact\u00e9rias de acordo com suas prefer\u00eancias. Na Agrado formulamos uma ampla gama de <a href=\"\/pt\/?categoria-producto=higienizante\" target=\"_blank\" rel=\"noreferrer noopener\">saneando<\/a>, em diversos formatos, com aroma e neutro.<\/p>\r\n\r\n\r\n\r\n<p>Por\u00e9m, a lavagem cont\u00ednua das m\u00e3os e o uso de desinfetantes tamb\u00e9m podem ressecar muito as m\u00e3os, assim como as baixas temperaturas que ainda temos em muitas cidades. \u00c9 por isso que \u00e9 essencial aplicar algumas vezes ao dia <strong>a <a href=\"\/pt\/?p=487\" target=\"_blank\" rel=\"noreferrer noopener\">Creme para as m\u00e3os<\/a> Concentrado<\/strong>. O nosso \u00e9 enriquecido com Glicerina, que protege e acelera o processo de repara\u00e7\u00e3o da pele, e tamb\u00e9m cont\u00e9m Manteiga de Karit\u00e9 que nutre intensamente. Perfeito para levar sempre com voc\u00ea!<\/p>\r\n\r\n\r\n\r\n<p>Lembra que <strong>nutri\u00e7\u00e3o correta<\/strong> \u00c0 base de frutas e vegetais \u00e9 sempre fundamental ter uma pele bonita e saud\u00e1vel, al\u00e9m de beber pelo menos dois litros de \u00e1gua por dia. Essas dicas ir\u00e3o ajud\u00e1-lo a proteger suas m\u00e3os e mant\u00ea-las com boa apar\u00eancia, sem irrita\u00e7\u00f5es ou les\u00f5es. E n\u00e3o se esque\u00e7a de usar luvas, se as temperaturas forem muito baixas, o <strong>luvas ou mitenes<\/strong> tecido respir\u00e1vel ajudar\u00e1 voc\u00ea a manter suas m\u00e3os aquecidas e protegidas.<\/p>","protected":false},"excerpt":{"rendered":"<p>Las manos son una de las zonas m\u00e1s expuestas de nuestro cuerpo a diferentes tipos de agresiones externas, como el fr\u00edo, las bacterias y los g\u00e9rmenes. En el \u00faltimo a\u00f1o se han convertido en el foco de nuestra higiene para prevenir contagios por el Covid-19, pero, \u00bfsabes c\u00f3mo proteger tus manos correctamente? Las autoridades y [&hellip;]<\/p>\n","protected":false},"author":9,"featured_media":0,"comment_status":"open","ping_status":"closed","sticky":false,"template":"","format":"standard","meta":{"footnotes":"","_wp_rev_ctl_limit":""},"categories":[149,1],"tags":[289,341,205,288],"class_list":["post-17507","post","type-post","status-publish","format-standard","hentry","category-corporal","category-todos","tag-cuidado-de-la-piel","tag-cuidado-de-manos","tag-hidratacion","tag-manos"],"yoast_head":"<!-- This site is optimized with the Yoast SEO plugin v27.4 - https:\/\/yoast.com\/product\/yoast-seo-wordpress\/ -->\n<title>C\u00f3mo proteger tus manos - Agrado<\/title>\n<meta name=\"description\" content=\"Proteger tus manos de agresiones externas, como el fr\u00edo y las bacterias, es fundamental. \u00a1Sigue estos sencillos consejos!\" \/>\n<meta name=\"robots\" content=\"index, follow, max-snippet:-1, max-image-preview:large, max-video-preview:-1\" \/>\n<link rel=\"canonical\" href=\"https:\/\/agradocosmetic.com\/pt\/como-proteger-tus-manos\/\" \/>\n<meta property=\"og:locale\" content=\"pt_PT\" \/>\n<meta property=\"og:type\" content=\"article\" \/>\n<meta property=\"og:title\" content=\"C\u00f3mo proteger tus manos - Agrado\" \/>\n<meta property=\"og:description\" content=\"Proteger tus manos de agresiones externas, como el fr\u00edo y las bacterias, es fundamental. \u00a1Sigue estos sencillos consejos!\" \/>\n<meta property=\"og:url\" content=\"https:\/\/agradocosmetic.com\/pt\/como-proteger-tus-manos\/\" \/>\n<meta property=\"og:site_name\" content=\"Agrado\" \/>\n<meta property=\"article:published_time\" content=\"2021-02-16T07:57:59+00:00\" \/>\n<meta property=\"article:modified_time\" content=\"2023-11-18T16:58:52+00:00\" \/>\n<meta property=\"og:image\" content=\"https:\/\/agradocosmetic.com\/wp-content\/uploads\/2021\/02\/proteger-manos-agrado.jpg\" \/>\n\t<meta property=\"og:image:width\" content=\"1200\" \/>\n\t<meta property=\"og:image:height\" content=\"800\" \/>\n\t<meta property=\"og:image:type\" content=\"image\/jpeg\" \/>\n<meta name=\"author\" content=\"agradocosmetic\" \/>\n<meta name=\"twitter:card\" content=\"summary_large_image\" \/>\n<meta name=\"twitter:label1\" content=\"Escrito por\" \/>\n\t<meta name=\"twitter:data1\" content=\"agradocosmetic\" \/>\n\t<meta name=\"twitter:label2\" content=\"Tempo estimado de leitura\" \/>\n\t<meta name=\"twitter:data2\" content=\"2 minutos\" \/>\n<script type=\"application\/ld+json\" class=\"yoast-schema-graph\">{\"@context\":\"https:\\\/\\\/schema.org\",\"@graph\":[{\"@type\":\"Article\",\"@id\":\"https:\\\/\\\/agradocosmetic.com\\\/como-proteger-tus-manos\\\/#article\",\"isPartOf\":{\"@id\":\"https:\\\/\\\/agradocosmetic.com\\\/como-proteger-tus-manos\\\/\"},\"author\":{\"name\":\"agradocosmetic\",\"@id\":\"https:\\\/\\\/agradocosmetic.com\\\/#\\\/schema\\\/person\\\/732e8d396022e25f9340196f83d6789d\"},\"headline\":\"C\u00f3mo proteger tus manos\",\"datePublished\":\"2021-02-16T07:57:59+00:00\",\"dateModified\":\"2023-11-18T16:58:52+00:00\",\"mainEntityOfPage\":{\"@id\":\"https:\\\/\\\/agradocosmetic.com\\\/como-proteger-tus-manos\\\/\"},\"wordCount\":381,\"commentCount\":0,\"publisher\":{\"@id\":\"https:\\\/\\\/agradocosmetic.com\\\/#organization\"},\"keywords\":[\"cuidado de la piel\",\"cuidado de manos\",\"hidrataci\u00f3n\",\"manos\"],\"articleSection\":[\"Corporal\",\"Todos\"],\"inLanguage\":\"pt-PT\",\"potentialAction\":[{\"@type\":\"CommentAction\",\"name\":\"Comment\",\"target\":[\"https:\\\/\\\/agradocosmetic.com\\\/como-proteger-tus-manos\\\/#respond\"]}]},{\"@type\":\"WebPage\",\"@id\":\"https:\\\/\\\/agradocosmetic.com\\\/como-proteger-tus-manos\\\/\",\"url\":\"https:\\\/\\\/agradocosmetic.com\\\/como-proteger-tus-manos\\\/\",\"name\":\"C\u00f3mo proteger tus manos - Agrado\",\"isPartOf\":{\"@id\":\"https:\\\/\\\/agradocosmetic.com\\\/#website\"},\"datePublished\":\"2021-02-16T07:57:59+00:00\",\"dateModified\":\"2023-11-18T16:58:52+00:00\",\"description\":\"Proteger tus manos de agresiones externas, como el fr\u00edo y las bacterias, es fundamental. \u00a1Sigue estos sencillos consejos!\",\"breadcrumb\":{\"@id\":\"https:\\\/\\\/agradocosmetic.com\\\/como-proteger-tus-manos\\\/#breadcrumb\"},\"inLanguage\":\"pt-PT\",\"potentialAction\":[{\"@type\":\"ReadAction\",\"target\":[\"https:\\\/\\\/agradocosmetic.com\\\/como-proteger-tus-manos\\\/\"]}]},{\"@type\":\"BreadcrumbList\",\"@id\":\"https:\\\/\\\/agradocosmetic.com\\\/como-proteger-tus-manos\\\/#breadcrumb\",\"itemListElement\":[{\"@type\":\"ListItem\",\"position\":1,\"name\":\"Portada\",\"item\":\"https:\\\/\\\/agradocosmetic.com\\\/\"},{\"@type\":\"ListItem\",\"position\":2,\"name\":\"C\u00f3mo proteger tus manos\"}]},{\"@type\":\"WebSite\",\"@id\":\"https:\\\/\\\/agradocosmetic.com\\\/#website\",\"url\":\"https:\\\/\\\/agradocosmetic.com\\\/\",\"name\":\"Agrado\",\"description\":\"Cosmetic\",\"publisher\":{\"@id\":\"https:\\\/\\\/agradocosmetic.com\\\/#organization\"},\"potentialAction\":[{\"@type\":\"SearchAction\",\"target\":{\"@type\":\"EntryPoint\",\"urlTemplate\":\"https:\\\/\\\/agradocosmetic.com\\\/?s={search_term_string}\"},\"query-input\":{\"@type\":\"PropertyValueSpecification\",\"valueRequired\":true,\"valueName\":\"search_term_string\"}}],\"inLanguage\":\"pt-PT\"},{\"@type\":\"Organization\",\"@id\":\"https:\\\/\\\/agradocosmetic.com\\\/#organization\",\"name\":\"Agrado\",\"url\":\"https:\\\/\\\/agradocosmetic.com\\\/\",\"logo\":{\"@type\":\"ImageObject\",\"inLanguage\":\"pt-PT\",\"@id\":\"https:\\\/\\\/agradocosmetic.com\\\/#\\\/schema\\\/logo\\\/image\\\/\",\"url\":\"https:\\\/\\\/agradocosmetic.com\\\/wp-content\\\/uploads\\\/2023\\\/07\\\/LOGO-AGRADO-WEB-01.png\",\"contentUrl\":\"https:\\\/\\\/agradocosmetic.com\\\/wp-content\\\/uploads\\\/2023\\\/07\\\/LOGO-AGRADO-WEB-01.png\",\"width\":1632,\"height\":300,\"caption\":\"Agrado\"},\"image\":{\"@id\":\"https:\\\/\\\/agradocosmetic.com\\\/#\\\/schema\\\/logo\\\/image\\\/\"}},{\"@type\":\"Person\",\"@id\":\"https:\\\/\\\/agradocosmetic.com\\\/#\\\/schema\\\/person\\\/732e8d396022e25f9340196f83d6789d\",\"name\":\"agradocosmetic\",\"image\":{\"@type\":\"ImageObject\",\"inLanguage\":\"pt-PT\",\"@id\":\"https:\\\/\\\/secure.gravatar.com\\\/avatar\\\/c6003e45301182b7e125463fcbec403b1980909c12edf09098526b9a15e779c0?s=96&d=mm&r=g\",\"url\":\"https:\\\/\\\/secure.gravatar.com\\\/avatar\\\/c6003e45301182b7e125463fcbec403b1980909c12edf09098526b9a15e779c0?s=96&d=mm&r=g\",\"contentUrl\":\"https:\\\/\\\/secure.gravatar.com\\\/avatar\\\/c6003e45301182b7e125463fcbec403b1980909c12edf09098526b9a15e779c0?s=96&d=mm&r=g\",\"caption\":\"agradocosmetic\"}}]}<\/script>\n<!-- \/ Yoast SEO plugin. -->","yoast_head_json":{"title":"Como proteger suas m\u00e3os - Agrado","description":"Proteger as m\u00e3os de influ\u00eancias externas, como frio e bact\u00e9rias, \u00e9 essencial. Siga estas dicas simples!","robots":{"index":"index","follow":"follow","max-snippet":"max-snippet:-1","max-image-preview":"max-image-preview:large","max-video-preview":"max-video-preview:-1"},"canonical":"https:\/\/agradocosmetic.com\/pt\/como-proteger-tus-manos\/","og_locale":"pt_PT","og_type":"article","og_title":"C\u00f3mo proteger tus manos - Agrado","og_description":"Proteger tus manos de agresiones externas, como el fr\u00edo y las bacterias, es fundamental. \u00a1Sigue estos sencillos consejos!","og_url":"https:\/\/agradocosmetic.com\/pt\/como-proteger-tus-manos\/","og_site_name":"Agrado","article_published_time":"2021-02-16T07:57:59+00:00","article_modified_time":"2023-11-18T16:58:52+00:00","og_image":[{"width":1200,"height":800,"url":"https:\/\/agradocosmetic.com\/wp-content\/uploads\/2021\/02\/proteger-manos-agrado.jpg","type":"image\/jpeg"}],"author":"agradocosmetic","twitter_card":"summary_large_image","twitter_misc":{"Escrito por":"agradocosmetic","Tempo estimado de leitura":"2 minutos"},"schema":{"@context":"https:\/\/schema.org","@graph":[{"@type":"Article","@id":"https:\/\/agradocosmetic.com\/como-proteger-tus-manos\/#article","isPartOf":{"@id":"https:\/\/agradocosmetic.com\/como-proteger-tus-manos\/"},"author":{"name":"agradocosmetic","@id":"https:\/\/agradocosmetic.com\/#\/schema\/person\/732e8d396022e25f9340196f83d6789d"},"headline":"C\u00f3mo proteger tus manos","datePublished":"2021-02-16T07:57:59+00:00","dateModified":"2023-11-18T16:58:52+00:00","mainEntityOfPage":{"@id":"https:\/\/agradocosmetic.com\/como-proteger-tus-manos\/"},"wordCount":381,"commentCount":0,"publisher":{"@id":"https:\/\/agradocosmetic.com\/#organization"},"keywords":["cuidado de la piel","cuidado de manos","hidrataci\u00f3n","manos"],"articleSection":["Corporal","Todos"],"inLanguage":"pt-PT","potentialAction":[{"@type":"CommentAction","name":"Comment","target":["https:\/\/agradocosmetic.com\/como-proteger-tus-manos\/#respond"]}]},{"@type":"WebPage","@id":"https:\/\/agradocosmetic.com\/como-proteger-tus-manos\/","url":"https:\/\/agradocosmetic.com\/como-proteger-tus-manos\/","name":"Como proteger suas m\u00e3os - Agrado","isPartOf":{"@id":"https:\/\/agradocosmetic.com\/#website"},"datePublished":"2021-02-16T07:57:59+00:00","dateModified":"2023-11-18T16:58:52+00:00","description":"Proteger as m\u00e3os de influ\u00eancias externas, como frio e bact\u00e9rias, \u00e9 essencial. Siga estas dicas simples!","breadcrumb":{"@id":"https:\/\/agradocosmetic.com\/como-proteger-tus-manos\/#breadcrumb"},"inLanguage":"pt-PT","potentialAction":[{"@type":"ReadAction","target":["https:\/\/agradocosmetic.com\/como-proteger-tus-manos\/"]}]},{"@type":"BreadcrumbList","@id":"https:\/\/agradocosmetic.com\/como-proteger-tus-manos\/#breadcrumb","itemListElement":[{"@type":"ListItem","position":1,"name":"Portada","item":"https:\/\/agradocosmetic.com\/"},{"@type":"ListItem","position":2,"name":"C\u00f3mo proteger tus manos"}]},{"@type":"WebSite","@id":"https:\/\/agradocosmetic.com\/#website","url":"https:\/\/agradocosmetic.com\/","name":"Gosto","description":"Cosm\u00e9tico","publisher":{"@id":"https:\/\/agradocosmetic.com\/#organization"},"potentialAction":[{"@type":"SearchAction","target":{"@type":"EntryPoint","urlTemplate":"https:\/\/agradocosmetic.com\/?s={search_term_string}"},"query-input":{"@type":"PropertyValueSpecification","valueRequired":true,"valueName":"search_term_string"}}],"inLanguage":"pt-PT"},{"@type":"Organization","@id":"https:\/\/agradocosmetic.com\/#organization","name":"Gosto","url":"https:\/\/agradocosmetic.com\/","logo":{"@type":"ImageObject","inLanguage":"pt-PT","@id":"https:\/\/agradocosmetic.com\/#\/schema\/logo\/image\/","url":"https:\/\/agradocosmetic.com\/wp-content\/uploads\/2023\/07\/LOGO-AGRADO-WEB-01.png","contentUrl":"https:\/\/agradocosmetic.com\/wp-content\/uploads\/2023\/07\/LOGO-AGRADO-WEB-01.png","width":1632,"height":300,"caption":"Agrado"},"image":{"@id":"https:\/\/agradocosmetic.com\/#\/schema\/logo\/image\/"}},{"@type":"Person","@id":"https:\/\/agradocosmetic.com\/#\/schema\/person\/732e8d396022e25f9340196f83d6789d","name":"agradocosm\u00e9tico","image":{"@type":"ImageObject","inLanguage":"pt-PT","@id":"https:\/\/secure.gravatar.com\/avatar\/c6003e45301182b7e125463fcbec403b1980909c12edf09098526b9a15e779c0?s=96&d=mm&r=g","url":"https:\/\/secure.gravatar.com\/avatar\/c6003e45301182b7e125463fcbec403b1980909c12edf09098526b9a15e779c0?s=96&d=mm&r=g","contentUrl":"https:\/\/secure.gravatar.com\/avatar\/c6003e45301182b7e125463fcbec403b1980909c12edf09098526b9a15e779c0?s=96&d=mm&r=g","caption":"agradocosmetic"}}]}},"_links":{"self":[{"href":"https:\/\/agradocosmetic.com\/pt\/wp-json\/wp\/v2\/posts\/17507","targetHints":{"allow":["GET"]}}],"collection":[{"href":"https:\/\/agradocosmetic.com\/pt\/wp-json\/wp\/v2\/posts"}],"about":[{"href":"https:\/\/agradocosmetic.com\/pt\/wp-json\/wp\/v2\/types\/post"}],"author":[{"embeddable":true,"href":"https:\/\/agradocosmetic.com\/pt\/wp-json\/wp\/v2\/users\/9"}],"replies":[{"embeddable":true,"href":"https:\/\/agradocosmetic.com\/pt\/wp-json\/wp\/v2\/comments?post=17507"}],"version-history":[{"count":1,"href":"https:\/\/agradocosmetic.com\/pt\/wp-json\/wp\/v2\/posts\/17507\/revisions"}],"predecessor-version":[{"id":21341,"href":"https:\/\/agradocosmetic.com\/pt\/wp-json\/wp\/v2\/posts\/17507\/revisions\/21341"}],"wp:attachment":[{"href":"https:\/\/agradocosmetic.com\/pt\/wp-json\/wp\/v2\/media?parent=17507"}],"wp:term":[{"taxonomy":"category","embeddable":true,"href":"https:\/\/agradocosmetic.com\/pt\/wp-json\/wp\/v2\/categories?post=17507"},{"taxonomy":"post_tag","embeddable":true,"href":"https:\/\/agradocosmetic.com\/pt\/wp-json\/wp\/v2\/tags?post=17507"}],"curies":[{"name":"wp","href":"https:\/\/api.w.org\/{rel}","templated":true}]}}