{"id":18569,"date":"2021-07-22T16:11:27","date_gmt":"2021-07-22T15:11:27","guid":{"rendered":"https:\/\/www.agradocosmetic.com\/?p=18569"},"modified":"2023-11-18T16:58:52","modified_gmt":"2023-11-18T16:58:52","slug":"como-protegerte-del-sol-durante-el-embarazo","status":"publish","type":"post","link":"https:\/\/agradocosmetic.com\/pt\/como-protegerte-del-sol-durante-el-embarazo\/","title":{"rendered":"Como se proteger do sol durante a gravidez"},"content":{"rendered":"<p>Desde que uma mulher engravida, suas buscas no Google e consultas com outras mam\u00e3es s\u00e3o infinitas, \u00e9 inevit\u00e1vel ficar \u00e1vida por informa\u00e7\u00f5es nesta fase, principalmente se for o seu primeiro filho. <strong>Como se proteger do sol durante a gravidez <\/strong>\u00c9 um dos mais pesquisados no Google. O corpo passa por muitas mudan\u00e7as e processos que n\u00e3o compreendemos totalmente, por isso \u00e9 importante nos informarmos bem e consultarmos profissionais sempre que necess\u00e1rio. Nossa pele costuma sofrer altera\u00e7\u00f5es hormonais nesta fase emocionante, por isso devemos cuidar dela e proteg\u00ea-la mais do que nunca. Hoje respondemos \u00e0s perguntas mais comuns sobre sol e gravidez e damos-lhe algumas dicas \u00fateis!<\/p>\r\n\r\n\r\n\r\n<p><strong>1. Aproveite os benef\u00edcios do sol com cautela. <\/strong>Durante a gravidez, as mulheres t\u00eam a pele mais sens\u00edvel e, claro, devemos evitar exposi\u00e7\u00f5es longas, horas mais fortes de radia\u00e7\u00e3o e aplicar e reaplicar. <a href=\"\/pt\/?linea=solares\" target=\"_blank\" rel=\"noreferrer noopener\">protetor solar FPS 50+<\/a> amplo espectro. Mas tamb\u00e9m \u00e9 interessante saber que o sol ajuda a sintetizar a vitamina D, e isso ajuda a fortalecer os ossos contribuindo para a correta absor\u00e7\u00e3o do c\u00e1lcio, e isso \u00e9 ben\u00e9fico tanto para a m\u00e3e quanto para o beb\u00ea, no processo de crescimento e desenvolvimento.<\/p>\r\n\r\n\r\n\r\n<p><strong>2. Cuidado com manchas! <\/strong>Proteger-se do sol durante a gravidez \u00e9 vital para prevenir os chamados cloasmas, conhecidos como \u201ca m\u00e1scara da gravidez\u201d, que podem aparecer no seu rosto se voc\u00ea n\u00e3o usar prote\u00e7\u00e3o solar facial elevada, n\u00e3o s\u00f3 no ver\u00e3o, mas todos os dias. O l\u00e1bio superior e a regi\u00e3o do pesco\u00e7o s\u00e3o geralmente os mais afetados. Evite-os com o Facial Sun Mist SPF50+, que permite reaplic\u00e1-lo durante o dia e lev\u00e1-lo sempre consigo.<\/p>\r\n\r\n\r\n\r\n<p><strong>3. O chap\u00e9u ser\u00e1 seu grande aliado. <\/strong>Voc\u00ea evitar\u00e1 poss\u00edveis insola\u00e7\u00f5es e tamb\u00e9m evitar\u00e1 o aparecimento de manchas. Um dois em um perfeito! Al\u00e9m de completar seus looks de gravidez com um toque elegante. Proteger-se do sol durante a gravidez com estilo \u00e9 poss\u00edvel!<\/p>\r\n\r\n\r\n\r\n<p><strong>4. Hidrate-se por dentro.<\/strong> Leve sempre consigo uma garrafa de \u00e1gua e coma muitas frutas e vegetais. Com sol e altas temperaturas. Podemos perder l\u00edquidos e sofrer desidrata\u00e7\u00e3o e press\u00e3o arterial baixa. Equilibre o seu corpo, cuide da alimenta\u00e7\u00e3o e da hidrata\u00e7\u00e3o no ver\u00e3o mais do que nunca durante a gravidez.<\/p>\r\n\r\n\r\n\r\n<p><strong>5. Hidrate bastante a pele. Principalmente depois do sol. <\/strong>A <a href=\"\/pt\/?p=3570\" target=\"_blank\" rel=\"noreferrer noopener\">gel de aloe vera como o da Agrado<\/a>, vai te ajudar a acalmar, acalmar e proporcionar hidrata\u00e7\u00e3o extra \u00e0 pele, com extrato de Aloe Vera 100% e Glicerina.<\/p>\r\n\r\n\r\n\r\n<p>Como j\u00e1 lhe dissemos, proteger-se do sol durante a gravidez \u00e9 fundamental, mas \u00e9 muito simples se tomar estes cuidados. E aproveite o tempo de bru\u00e7os e as poses de ver\u00e3o!<\/p>\r\n\r\n\r\n\r\n<p>&nbsp;<\/p>","protected":false},"excerpt":{"rendered":"<p>Desde que una mujer se queda embarazada, sus b\u00fasquedas en Google y consultas con otras mamis son infinitas, es irremediable estar ansiosas de informaci\u00f3n en esta etapa, sobre todo si es tu primer beb\u00e9. C\u00f3mo protegerte del sol durante el embarazo es de las m\u00e1s googleadas. El cuerpo sufre muchos cambios y procesos que no [&hellip;]<\/p>\n","protected":false},"author":9,"featured_media":21320,"comment_status":"open","ping_status":"closed","sticky":false,"template":"","format":"standard","meta":{"footnotes":"","_wp_rev_ctl_limit":""},"categories":[116,1],"tags":[],"class_list":["post-18569","post","type-post","status-publish","format-standard","has-post-thumbnail","hentry","category-solar","category-todos"],"yoast_head":"<!-- This site is optimized with the Yoast SEO plugin v27.4 - https:\/\/yoast.com\/product\/yoast-seo-wordpress\/ -->\n<title>C\u00f3mo protegerte del sol durante el embarazo - Agrado<\/title>\n<meta name=\"description\" content=\"\u00a1Resolvemos las dudas m\u00e1s frecuentes sobre el sol y el embarazo! Aprende a protegerte del sol durante el embarazo y toma nota de estos tips.\" \/>\n<meta name=\"robots\" content=\"index, follow, max-snippet:-1, max-image-preview:large, max-video-preview:-1\" \/>\n<link rel=\"canonical\" href=\"https:\/\/agradocosmetic.com\/pt\/como-protegerte-del-sol-durante-el-embarazo\/\" \/>\n<meta property=\"og:locale\" content=\"pt_PT\" \/>\n<meta property=\"og:type\" content=\"article\" \/>\n<meta property=\"og:title\" content=\"C\u00f3mo protegerte del sol durante el embarazo - Agrado\" \/>\n<meta property=\"og:description\" content=\"\u00a1Resolvemos las dudas m\u00e1s frecuentes sobre el sol y el embarazo! Aprende a protegerte del sol durante el embarazo y toma nota de estos tips.\" \/>\n<meta property=\"og:url\" content=\"https:\/\/agradocosmetic.com\/pt\/como-protegerte-del-sol-durante-el-embarazo\/\" \/>\n<meta property=\"og:site_name\" content=\"Agrado\" \/>\n<meta property=\"article:published_time\" content=\"2021-07-22T15:11:27+00:00\" \/>\n<meta property=\"article:modified_time\" content=\"2023-11-18T16:58:52+00:00\" \/>\n<meta property=\"og:image\" content=\"https:\/\/agradocosmetic.com\/wp-content\/uploads\/2021\/07\/protegerse-embarazo-sol-verano-agrado.jpg\" \/>\n\t<meta property=\"og:image:width\" content=\"1200\" \/>\n\t<meta property=\"og:image:height\" content=\"800\" \/>\n\t<meta property=\"og:image:type\" content=\"image\/jpeg\" \/>\n<meta name=\"author\" content=\"agradocosmetic\" \/>\n<meta name=\"twitter:card\" content=\"summary_large_image\" \/>\n<meta name=\"twitter:label1\" content=\"Escrito por\" \/>\n\t<meta name=\"twitter:data1\" content=\"agradocosmetic\" \/>\n\t<meta name=\"twitter:label2\" content=\"Tempo estimado de leitura\" \/>\n\t<meta name=\"twitter:data2\" content=\"2 minutos\" \/>\n<script type=\"application\/ld+json\" class=\"yoast-schema-graph\">{\"@context\":\"https:\\\/\\\/schema.org\",\"@graph\":[{\"@type\":\"Article\",\"@id\":\"https:\\\/\\\/agradocosmetic.com\\\/como-protegerte-del-sol-durante-el-embarazo\\\/#article\",\"isPartOf\":{\"@id\":\"https:\\\/\\\/agradocosmetic.com\\\/como-protegerte-del-sol-durante-el-embarazo\\\/\"},\"author\":{\"name\":\"agradocosmetic\",\"@id\":\"https:\\\/\\\/agradocosmetic.com\\\/#\\\/schema\\\/person\\\/732e8d396022e25f9340196f83d6789d\"},\"headline\":\"C\u00f3mo protegerte del sol durante el embarazo\",\"datePublished\":\"2021-07-22T15:11:27+00:00\",\"dateModified\":\"2023-11-18T16:58:52+00:00\",\"mainEntityOfPage\":{\"@id\":\"https:\\\/\\\/agradocosmetic.com\\\/como-protegerte-del-sol-durante-el-embarazo\\\/\"},\"wordCount\":476,\"commentCount\":0,\"publisher\":{\"@id\":\"https:\\\/\\\/agradocosmetic.com\\\/#organization\"},\"image\":{\"@id\":\"https:\\\/\\\/agradocosmetic.com\\\/como-protegerte-del-sol-durante-el-embarazo\\\/#primaryimage\"},\"thumbnailUrl\":\"https:\\\/\\\/agradocosmetic.com\\\/wp-content\\\/uploads\\\/2021\\\/07\\\/protegerse-embarazo-sol-verano-agrado.jpg\",\"articleSection\":[\"Solar\",\"Todos\"],\"inLanguage\":\"pt-PT\",\"potentialAction\":[{\"@type\":\"CommentAction\",\"name\":\"Comment\",\"target\":[\"https:\\\/\\\/agradocosmetic.com\\\/como-protegerte-del-sol-durante-el-embarazo\\\/#respond\"]}]},{\"@type\":\"WebPage\",\"@id\":\"https:\\\/\\\/agradocosmetic.com\\\/como-protegerte-del-sol-durante-el-embarazo\\\/\",\"url\":\"https:\\\/\\\/agradocosmetic.com\\\/como-protegerte-del-sol-durante-el-embarazo\\\/\",\"name\":\"C\u00f3mo protegerte del sol durante el embarazo - Agrado\",\"isPartOf\":{\"@id\":\"https:\\\/\\\/agradocosmetic.com\\\/#website\"},\"primaryImageOfPage\":{\"@id\":\"https:\\\/\\\/agradocosmetic.com\\\/como-protegerte-del-sol-durante-el-embarazo\\\/#primaryimage\"},\"image\":{\"@id\":\"https:\\\/\\\/agradocosmetic.com\\\/como-protegerte-del-sol-durante-el-embarazo\\\/#primaryimage\"},\"thumbnailUrl\":\"https:\\\/\\\/agradocosmetic.com\\\/wp-content\\\/uploads\\\/2021\\\/07\\\/protegerse-embarazo-sol-verano-agrado.jpg\",\"datePublished\":\"2021-07-22T15:11:27+00:00\",\"dateModified\":\"2023-11-18T16:58:52+00:00\",\"description\":\"\u00a1Resolvemos las dudas m\u00e1s frecuentes sobre el sol y el embarazo! Aprende a protegerte del sol durante el embarazo y toma nota de estos tips.\",\"breadcrumb\":{\"@id\":\"https:\\\/\\\/agradocosmetic.com\\\/como-protegerte-del-sol-durante-el-embarazo\\\/#breadcrumb\"},\"inLanguage\":\"pt-PT\",\"potentialAction\":[{\"@type\":\"ReadAction\",\"target\":[\"https:\\\/\\\/agradocosmetic.com\\\/como-protegerte-del-sol-durante-el-embarazo\\\/\"]}]},{\"@type\":\"ImageObject\",\"inLanguage\":\"pt-PT\",\"@id\":\"https:\\\/\\\/agradocosmetic.com\\\/como-protegerte-del-sol-durante-el-embarazo\\\/#primaryimage\",\"url\":\"https:\\\/\\\/agradocosmetic.com\\\/wp-content\\\/uploads\\\/2021\\\/07\\\/protegerse-embarazo-sol-verano-agrado.jpg\",\"contentUrl\":\"https:\\\/\\\/agradocosmetic.com\\\/wp-content\\\/uploads\\\/2021\\\/07\\\/protegerse-embarazo-sol-verano-agrado.jpg\",\"width\":1200,\"height\":800},{\"@type\":\"BreadcrumbList\",\"@id\":\"https:\\\/\\\/agradocosmetic.com\\\/como-protegerte-del-sol-durante-el-embarazo\\\/#breadcrumb\",\"itemListElement\":[{\"@type\":\"ListItem\",\"position\":1,\"name\":\"Portada\",\"item\":\"https:\\\/\\\/agradocosmetic.com\\\/\"},{\"@type\":\"ListItem\",\"position\":2,\"name\":\"C\u00f3mo protegerte del sol durante el embarazo\"}]},{\"@type\":\"WebSite\",\"@id\":\"https:\\\/\\\/agradocosmetic.com\\\/#website\",\"url\":\"https:\\\/\\\/agradocosmetic.com\\\/\",\"name\":\"Agrado\",\"description\":\"Cosmetic\",\"publisher\":{\"@id\":\"https:\\\/\\\/agradocosmetic.com\\\/#organization\"},\"potentialAction\":[{\"@type\":\"SearchAction\",\"target\":{\"@type\":\"EntryPoint\",\"urlTemplate\":\"https:\\\/\\\/agradocosmetic.com\\\/?s={search_term_string}\"},\"query-input\":{\"@type\":\"PropertyValueSpecification\",\"valueRequired\":true,\"valueName\":\"search_term_string\"}}],\"inLanguage\":\"pt-PT\"},{\"@type\":\"Organization\",\"@id\":\"https:\\\/\\\/agradocosmetic.com\\\/#organization\",\"name\":\"Agrado\",\"url\":\"https:\\\/\\\/agradocosmetic.com\\\/\",\"logo\":{\"@type\":\"ImageObject\",\"inLanguage\":\"pt-PT\",\"@id\":\"https:\\\/\\\/agradocosmetic.com\\\/#\\\/schema\\\/logo\\\/image\\\/\",\"url\":\"https:\\\/\\\/agradocosmetic.com\\\/wp-content\\\/uploads\\\/2023\\\/07\\\/LOGO-AGRADO-WEB-01.png\",\"contentUrl\":\"https:\\\/\\\/agradocosmetic.com\\\/wp-content\\\/uploads\\\/2023\\\/07\\\/LOGO-AGRADO-WEB-01.png\",\"width\":1632,\"height\":300,\"caption\":\"Agrado\"},\"image\":{\"@id\":\"https:\\\/\\\/agradocosmetic.com\\\/#\\\/schema\\\/logo\\\/image\\\/\"}},{\"@type\":\"Person\",\"@id\":\"https:\\\/\\\/agradocosmetic.com\\\/#\\\/schema\\\/person\\\/732e8d396022e25f9340196f83d6789d\",\"name\":\"agradocosmetic\",\"image\":{\"@type\":\"ImageObject\",\"inLanguage\":\"pt-PT\",\"@id\":\"https:\\\/\\\/secure.gravatar.com\\\/avatar\\\/c6003e45301182b7e125463fcbec403b1980909c12edf09098526b9a15e779c0?s=96&d=mm&r=g\",\"url\":\"https:\\\/\\\/secure.gravatar.com\\\/avatar\\\/c6003e45301182b7e125463fcbec403b1980909c12edf09098526b9a15e779c0?s=96&d=mm&r=g\",\"contentUrl\":\"https:\\\/\\\/secure.gravatar.com\\\/avatar\\\/c6003e45301182b7e125463fcbec403b1980909c12edf09098526b9a15e779c0?s=96&d=mm&r=g\",\"caption\":\"agradocosmetic\"}}]}<\/script>\n<!-- \/ Yoast SEO plugin. -->","yoast_head_json":{"title":"C\u00f3mo protegerte del sol durante el embarazo - Agrado","description":"\u00a1Resolvemos las dudas m\u00e1s frecuentes sobre el sol y el embarazo! Aprende a protegerte del sol durante el embarazo y toma nota de estos tips.","robots":{"index":"index","follow":"follow","max-snippet":"max-snippet:-1","max-image-preview":"max-image-preview:large","max-video-preview":"max-video-preview:-1"},"canonical":"https:\/\/agradocosmetic.com\/pt\/como-protegerte-del-sol-durante-el-embarazo\/","og_locale":"pt_PT","og_type":"article","og_title":"C\u00f3mo protegerte del sol durante el embarazo - Agrado","og_description":"\u00a1Resolvemos las dudas m\u00e1s frecuentes sobre el sol y el embarazo! Aprende a protegerte del sol durante el embarazo y toma nota de estos tips.","og_url":"https:\/\/agradocosmetic.com\/pt\/como-protegerte-del-sol-durante-el-embarazo\/","og_site_name":"Agrado","article_published_time":"2021-07-22T15:11:27+00:00","article_modified_time":"2023-11-18T16:58:52+00:00","og_image":[{"width":1200,"height":800,"url":"https:\/\/agradocosmetic.com\/wp-content\/uploads\/2021\/07\/protegerse-embarazo-sol-verano-agrado.jpg","type":"image\/jpeg"}],"author":"agradocosmetic","twitter_card":"summary_large_image","twitter_misc":{"Escrito por":"agradocosmetic","Tempo estimado de leitura":"2 minutos"},"schema":{"@context":"https:\/\/schema.org","@graph":[{"@type":"Article","@id":"https:\/\/agradocosmetic.com\/como-protegerte-del-sol-durante-el-embarazo\/#article","isPartOf":{"@id":"https:\/\/agradocosmetic.com\/como-protegerte-del-sol-durante-el-embarazo\/"},"author":{"name":"agradocosmetic","@id":"https:\/\/agradocosmetic.com\/#\/schema\/person\/732e8d396022e25f9340196f83d6789d"},"headline":"C\u00f3mo protegerte del sol durante el embarazo","datePublished":"2021-07-22T15:11:27+00:00","dateModified":"2023-11-18T16:58:52+00:00","mainEntityOfPage":{"@id":"https:\/\/agradocosmetic.com\/como-protegerte-del-sol-durante-el-embarazo\/"},"wordCount":476,"commentCount":0,"publisher":{"@id":"https:\/\/agradocosmetic.com\/#organization"},"image":{"@id":"https:\/\/agradocosmetic.com\/como-protegerte-del-sol-durante-el-embarazo\/#primaryimage"},"thumbnailUrl":"https:\/\/agradocosmetic.com\/wp-content\/uploads\/2021\/07\/protegerse-embarazo-sol-verano-agrado.jpg","articleSection":["Solar","Todos"],"inLanguage":"pt-PT","potentialAction":[{"@type":"CommentAction","name":"Comment","target":["https:\/\/agradocosmetic.com\/como-protegerte-del-sol-durante-el-embarazo\/#respond"]}]},{"@type":"WebPage","@id":"https:\/\/agradocosmetic.com\/como-protegerte-del-sol-durante-el-embarazo\/","url":"https:\/\/agradocosmetic.com\/como-protegerte-del-sol-durante-el-embarazo\/","name":"C\u00f3mo protegerte del sol durante el embarazo - Agrado","isPartOf":{"@id":"https:\/\/agradocosmetic.com\/#website"},"primaryImageOfPage":{"@id":"https:\/\/agradocosmetic.com\/como-protegerte-del-sol-durante-el-embarazo\/#primaryimage"},"image":{"@id":"https:\/\/agradocosmetic.com\/como-protegerte-del-sol-durante-el-embarazo\/#primaryimage"},"thumbnailUrl":"https:\/\/agradocosmetic.com\/wp-content\/uploads\/2021\/07\/protegerse-embarazo-sol-verano-agrado.jpg","datePublished":"2021-07-22T15:11:27+00:00","dateModified":"2023-11-18T16:58:52+00:00","description":"\u00a1Resolvemos las dudas m\u00e1s frecuentes sobre el sol y el embarazo! Aprende a protegerte del sol durante el embarazo y toma nota de estos tips.","breadcrumb":{"@id":"https:\/\/agradocosmetic.com\/como-protegerte-del-sol-durante-el-embarazo\/#breadcrumb"},"inLanguage":"pt-PT","potentialAction":[{"@type":"ReadAction","target":["https:\/\/agradocosmetic.com\/como-protegerte-del-sol-durante-el-embarazo\/"]}]},{"@type":"ImageObject","inLanguage":"pt-PT","@id":"https:\/\/agradocosmetic.com\/como-protegerte-del-sol-durante-el-embarazo\/#primaryimage","url":"https:\/\/agradocosmetic.com\/wp-content\/uploads\/2021\/07\/protegerse-embarazo-sol-verano-agrado.jpg","contentUrl":"https:\/\/agradocosmetic.com\/wp-content\/uploads\/2021\/07\/protegerse-embarazo-sol-verano-agrado.jpg","width":1200,"height":800},{"@type":"BreadcrumbList","@id":"https:\/\/agradocosmetic.com\/como-protegerte-del-sol-durante-el-embarazo\/#breadcrumb","itemListElement":[{"@type":"ListItem","position":1,"name":"Portada","item":"https:\/\/agradocosmetic.com\/"},{"@type":"ListItem","position":2,"name":"C\u00f3mo protegerte del sol durante el embarazo"}]},{"@type":"WebSite","@id":"https:\/\/agradocosmetic.com\/#website","url":"https:\/\/agradocosmetic.com\/","name":"Gosto","description":"Cosm\u00e9tico","publisher":{"@id":"https:\/\/agradocosmetic.com\/#organization"},"potentialAction":[{"@type":"SearchAction","target":{"@type":"EntryPoint","urlTemplate":"https:\/\/agradocosmetic.com\/?s={search_term_string}"},"query-input":{"@type":"PropertyValueSpecification","valueRequired":true,"valueName":"search_term_string"}}],"inLanguage":"pt-PT"},{"@type":"Organization","@id":"https:\/\/agradocosmetic.com\/#organization","name":"Gosto","url":"https:\/\/agradocosmetic.com\/","logo":{"@type":"ImageObject","inLanguage":"pt-PT","@id":"https:\/\/agradocosmetic.com\/#\/schema\/logo\/image\/","url":"https:\/\/agradocosmetic.com\/wp-content\/uploads\/2023\/07\/LOGO-AGRADO-WEB-01.png","contentUrl":"https:\/\/agradocosmetic.com\/wp-content\/uploads\/2023\/07\/LOGO-AGRADO-WEB-01.png","width":1632,"height":300,"caption":"Agrado"},"image":{"@id":"https:\/\/agradocosmetic.com\/#\/schema\/logo\/image\/"}},{"@type":"Person","@id":"https:\/\/agradocosmetic.com\/#\/schema\/person\/732e8d396022e25f9340196f83d6789d","name":"agradocosm\u00e9tico","image":{"@type":"ImageObject","inLanguage":"pt-PT","@id":"https:\/\/secure.gravatar.com\/avatar\/c6003e45301182b7e125463fcbec403b1980909c12edf09098526b9a15e779c0?s=96&d=mm&r=g","url":"https:\/\/secure.gravatar.com\/avatar\/c6003e45301182b7e125463fcbec403b1980909c12edf09098526b9a15e779c0?s=96&d=mm&r=g","contentUrl":"https:\/\/secure.gravatar.com\/avatar\/c6003e45301182b7e125463fcbec403b1980909c12edf09098526b9a15e779c0?s=96&d=mm&r=g","caption":"agradocosmetic"}}]}},"_links":{"self":[{"href":"https:\/\/agradocosmetic.com\/pt\/wp-json\/wp\/v2\/posts\/18569","targetHints":{"allow":["GET"]}}],"collection":[{"href":"https:\/\/agradocosmetic.com\/pt\/wp-json\/wp\/v2\/posts"}],"about":[{"href":"https:\/\/agradocosmetic.com\/pt\/wp-json\/wp\/v2\/types\/post"}],"author":[{"embeddable":true,"href":"https:\/\/agradocosmetic.com\/pt\/wp-json\/wp\/v2\/users\/9"}],"replies":[{"embeddable":true,"href":"https:\/\/agradocosmetic.com\/pt\/wp-json\/wp\/v2\/comments?post=18569"}],"version-history":[{"count":1,"href":"https:\/\/agradocosmetic.com\/pt\/wp-json\/wp\/v2\/posts\/18569\/revisions"}],"predecessor-version":[{"id":21321,"href":"https:\/\/agradocosmetic.com\/pt\/wp-json\/wp\/v2\/posts\/18569\/revisions\/21321"}],"wp:featuredmedia":[{"embeddable":true,"href":"https:\/\/agradocosmetic.com\/pt\/wp-json\/wp\/v2\/media\/21320"}],"wp:attachment":[{"href":"https:\/\/agradocosmetic.com\/pt\/wp-json\/wp\/v2\/media?parent=18569"}],"wp:term":[{"taxonomy":"category","embeddable":true,"href":"https:\/\/agradocosmetic.com\/pt\/wp-json\/wp\/v2\/categories?post=18569"},{"taxonomy":"post_tag","embeddable":true,"href":"https:\/\/agradocosmetic.com\/pt\/wp-json\/wp\/v2\/tags?post=18569"}],"curies":[{"name":"wp","href":"https:\/\/api.w.org\/{rel}","templated":true}]}}