{"id":18954,"date":"2021-10-13T11:18:41","date_gmt":"2021-10-13T10:18:41","guid":{"rendered":"https:\/\/www.agradocosmetic.com\/?p=18954"},"modified":"2023-11-18T16:58:52","modified_gmt":"2023-11-18T16:58:52","slug":"3-mascarillas-para-recuperar-tu-pelo-tras-el-verano","status":"publish","type":"post","link":"https:\/\/agradocosmetic.com\/pt\/3-mascarillas-para-recuperar-tu-pelo-tras-el-verano\/","title":{"rendered":"3 m\u00e1scaras para recuperar o cabelo depois do ver\u00e3o"},"content":{"rendered":"<p>J\u00e1 estamos em pleno outono e parece que o ver\u00e3o est\u00e1 muito longe, mas com certeza o seu cabelo ainda sofre os estragos do sol, do sal ou do cloro, e clama por um resgate. Se voc\u00ea n\u00e3o est\u00e1 com vontade de economizar... n\u00e3o se preocupe, n\u00e3o \u00e9 necess\u00e1rio! Com uma boa rotina de cuidados e escolhendo a m\u00e1scara perfeita de acordo com a sua necessidade, voc\u00ea conseguir\u00e1 recuperar os cabelos saud\u00e1veis que deseja. Hoje recomendamos as 3 m\u00e1scaras perfeitas para recuperar os cabelos depois do ver\u00e3o, continue lendo e escolha a mais adequada para voc\u00ea!<\/p>\r\n\r\n\r\n\r\n<p>Reparo de m\u00e1scara<\/p>\r\n\r\n\r\n\r\n<p>O<a href=\"https:\/\/agradocosmetic.com\/pt\/producto\/mascarilla-reparadora\/\" target=\"_blank\" rel=\"noreferrer noopener\"> <strong>M\u00e1scara Capilar Reparadora Agrado<\/strong><\/a> \u00c9 indicado para cabelos danificados e sem brilho, desvitalizados ap\u00f3s dois longos meses de ver\u00e3o. Suas prote\u00ednas de seda <strong>Ajudam a reparar a cut\u00edcula da fibra, conferindo ao cabelo a suavidade e a vitalidade de que necessita.<\/strong> Cont\u00e9m tamb\u00e9m col\u00e1geno que nutre e d\u00e1 elasticidade, obtendo cabelos com brilho deslumbrante.<\/p>\r\n\r\n\r\n\r\n<p>M\u00e1scara Nutricional<\/p>\r\n\r\n\r\n\r\n<p>Se o seu cabelo estiver seco, quebradi\u00e7o e sem vida, o seu cavalo vencedor ser\u00e1 <strong><a href=\"https:\/\/agradocosmetic.com\/pt\/producto\/mascarilla-nutritiva\/\" target=\"_blank\" rel=\"noreferrer noopener\">M\u00e1scara capilar Agrado Nutrition<\/a><\/strong>. Cont\u00e9m g\u00e9rmen de trigo que hidrata profundamente as ra\u00edzes, proporcionando brilho e vitalidade aos cabelos. Tamb\u00e9m \u00e9 perfeito para proteger os cabelos de danos futuros, pois seu conte\u00fado de queratina aumenta a resist\u00eancia \u00e0 quebra e os fortalece. <strong>Suaviza, nutre, repara e protege<\/strong> Perfeito para recuperar o cabelo depois do ver\u00e3o!<\/p>\r\n\r\n\r\n\r\n<p>M\u00e1scara de Coloroterapia<\/p>\r\n\r\n\r\n\r\n<p>As coisas mudam quando falamos em cabelos tingidos ou com mechas, neste caso \u00e9 fundamental manter uma rotina durante e depois do ver\u00e3o. O <a href=\"https:\/\/agradocosmetic.com\/pt\/linea\/colorterapia\/\" target=\"_blank\" rel=\"noreferrer noopener\">Linha Agrado Colorterapia<\/a> \u00c9 perfeito para ajud\u00e1-lo com sua li\u00e7\u00e3o de casa, e seu <strong><a href=\"https:\/\/agradocosmetic.com\/pt\/producto\/mascarilla-colorterapia\/\" target=\"_blank\" rel=\"noreferrer noopener\">M\u00e1scara capilar de colorterapia<\/a><\/strong> vai dar o toque final nele. Cont\u00e9m Provitamina B5 (Pantenol) que hidrata e <strong>fortalece o fol\u00edculo piloso, sela o cabelo e protege-o da umidade e dos agentes naturais<\/strong>. Assim, com o seu uso di\u00e1rio voc\u00ea poder\u00e1 amaciar seus cabelos, ench\u00ea-los de brilho e <strong>mantenha a cor como no primeiro dia<\/strong>.<\/p>\r\n\r\n\r\n\r\n<p>Escolha o que melhor se adapta \u00e0s suas necessidades e aplique ap\u00f3s cada lavagem nos cabelos \u00famidos e deixe agir por 2 a 3 minutos antes de enxaguar. Voc\u00ea tamb\u00e9m pode aplic\u00e1-lo e deix\u00e1-lo agir por 2 horas para obter uma a\u00e7\u00e3o mais profunda uma vez por m\u00eas. Agora que voc\u00ea tem as ferramentas para recuperar os cabelos depois do ver\u00e3o, n\u00e3o hesite em colocar em pr\u00e1tica!<\/p>","protected":false},"excerpt":{"rendered":"<p>Ya estamos en pleno oto\u00f1o y parece que el verano queda muy lejos, pero seguro que tu pelo a\u00fan est\u00e1 sufriendo los estragos del sol, la sal o el cloro, y pide a gritos un rescate. Si no est\u00e1s por la labor de cortar por lo sano\u2026 tranquila, \u00a1no es necesario! Con una buena rutina [&hellip;]<\/p>\n","protected":false},"author":9,"featured_media":21307,"comment_status":"open","ping_status":"closed","sticky":false,"template":"","format":"standard","meta":{"footnotes":"","_wp_rev_ctl_limit":""},"categories":[128,1],"tags":[],"class_list":["post-18954","post","type-post","status-publish","format-standard","has-post-thumbnail","hentry","category-capilar","category-todos"],"yoast_head":"<!-- This site is optimized with the Yoast SEO plugin v27.4 - https:\/\/yoast.com\/product\/yoast-seo-wordpress\/ -->\n<title>3 mascarillas para recuperar el pelo tras el verano | Agrado Cosmetic<\/title>\n<meta name=\"description\" content=\"\u00bfSabes c\u00f3mo recuperar el pelo tras el verano de sol, sal y cloro? \u00a1Te recomendamos el mejor tratamiento seg\u00fan tus necesidades!\" \/>\n<meta name=\"robots\" content=\"index, follow, max-snippet:-1, max-image-preview:large, max-video-preview:-1\" \/>\n<link rel=\"canonical\" href=\"https:\/\/agradocosmetic.com\/pt\/3-mascarillas-para-recuperar-tu-pelo-tras-el-verano\/\" \/>\n<meta property=\"og:locale\" content=\"pt_PT\" \/>\n<meta property=\"og:type\" content=\"article\" \/>\n<meta property=\"og:title\" content=\"3 mascarillas para recuperar el pelo tras el verano | Agrado Cosmetic\" \/>\n<meta property=\"og:description\" content=\"\u00bfSabes c\u00f3mo recuperar el pelo tras el verano de sol, sal y cloro? \u00a1Te recomendamos el mejor tratamiento seg\u00fan tus necesidades!\" \/>\n<meta property=\"og:url\" content=\"https:\/\/agradocosmetic.com\/pt\/3-mascarillas-para-recuperar-tu-pelo-tras-el-verano\/\" \/>\n<meta property=\"og:site_name\" content=\"Agrado\" \/>\n<meta property=\"article:published_time\" content=\"2021-10-13T10:18:41+00:00\" \/>\n<meta property=\"article:modified_time\" content=\"2023-11-18T16:58:52+00:00\" \/>\n<meta property=\"og:image\" content=\"https:\/\/agradocosmetic.com\/wp-content\/uploads\/2021\/10\/mascarilla-profesional-agrado.jpg\" \/>\n\t<meta property=\"og:image:width\" content=\"1200\" \/>\n\t<meta property=\"og:image:height\" content=\"800\" \/>\n\t<meta property=\"og:image:type\" content=\"image\/jpeg\" \/>\n<meta name=\"author\" content=\"agradocosmetic\" \/>\n<meta name=\"twitter:card\" content=\"summary_large_image\" \/>\n<meta name=\"twitter:label1\" content=\"Escrito por\" \/>\n\t<meta name=\"twitter:data1\" content=\"agradocosmetic\" \/>\n\t<meta name=\"twitter:label2\" content=\"Tempo estimado de leitura\" \/>\n\t<meta name=\"twitter:data2\" content=\"2 minutos\" \/>\n<script type=\"application\/ld+json\" class=\"yoast-schema-graph\">{\"@context\":\"https:\\\/\\\/schema.org\",\"@graph\":[{\"@type\":\"Article\",\"@id\":\"https:\\\/\\\/agradocosmetic.com\\\/3-mascarillas-para-recuperar-tu-pelo-tras-el-verano\\\/#article\",\"isPartOf\":{\"@id\":\"https:\\\/\\\/agradocosmetic.com\\\/3-mascarillas-para-recuperar-tu-pelo-tras-el-verano\\\/\"},\"author\":{\"name\":\"agradocosmetic\",\"@id\":\"https:\\\/\\\/agradocosmetic.com\\\/#\\\/schema\\\/person\\\/732e8d396022e25f9340196f83d6789d\"},\"headline\":\"3 mascarillas para recuperar tu pelo tras el verano\",\"datePublished\":\"2021-10-13T10:18:41+00:00\",\"dateModified\":\"2023-11-18T16:58:52+00:00\",\"mainEntityOfPage\":{\"@id\":\"https:\\\/\\\/agradocosmetic.com\\\/3-mascarillas-para-recuperar-tu-pelo-tras-el-verano\\\/\"},\"wordCount\":432,\"commentCount\":0,\"publisher\":{\"@id\":\"https:\\\/\\\/agradocosmetic.com\\\/#organization\"},\"image\":{\"@id\":\"https:\\\/\\\/agradocosmetic.com\\\/3-mascarillas-para-recuperar-tu-pelo-tras-el-verano\\\/#primaryimage\"},\"thumbnailUrl\":\"https:\\\/\\\/agradocosmetic.com\\\/wp-content\\\/uploads\\\/2021\\\/10\\\/mascarilla-profesional-agrado.jpg\",\"articleSection\":[\"Capilar\",\"Todos\"],\"inLanguage\":\"pt-PT\",\"potentialAction\":[{\"@type\":\"CommentAction\",\"name\":\"Comment\",\"target\":[\"https:\\\/\\\/agradocosmetic.com\\\/3-mascarillas-para-recuperar-tu-pelo-tras-el-verano\\\/#respond\"]}]},{\"@type\":\"WebPage\",\"@id\":\"https:\\\/\\\/agradocosmetic.com\\\/3-mascarillas-para-recuperar-tu-pelo-tras-el-verano\\\/\",\"url\":\"https:\\\/\\\/agradocosmetic.com\\\/3-mascarillas-para-recuperar-tu-pelo-tras-el-verano\\\/\",\"name\":\"3 mascarillas para recuperar el pelo tras el verano | Agrado Cosmetic\",\"isPartOf\":{\"@id\":\"https:\\\/\\\/agradocosmetic.com\\\/#website\"},\"primaryImageOfPage\":{\"@id\":\"https:\\\/\\\/agradocosmetic.com\\\/3-mascarillas-para-recuperar-tu-pelo-tras-el-verano\\\/#primaryimage\"},\"image\":{\"@id\":\"https:\\\/\\\/agradocosmetic.com\\\/3-mascarillas-para-recuperar-tu-pelo-tras-el-verano\\\/#primaryimage\"},\"thumbnailUrl\":\"https:\\\/\\\/agradocosmetic.com\\\/wp-content\\\/uploads\\\/2021\\\/10\\\/mascarilla-profesional-agrado.jpg\",\"datePublished\":\"2021-10-13T10:18:41+00:00\",\"dateModified\":\"2023-11-18T16:58:52+00:00\",\"description\":\"\u00bfSabes c\u00f3mo recuperar el pelo tras el verano de sol, sal y cloro? \u00a1Te recomendamos el mejor tratamiento seg\u00fan tus necesidades!\",\"breadcrumb\":{\"@id\":\"https:\\\/\\\/agradocosmetic.com\\\/3-mascarillas-para-recuperar-tu-pelo-tras-el-verano\\\/#breadcrumb\"},\"inLanguage\":\"pt-PT\",\"potentialAction\":[{\"@type\":\"ReadAction\",\"target\":[\"https:\\\/\\\/agradocosmetic.com\\\/3-mascarillas-para-recuperar-tu-pelo-tras-el-verano\\\/\"]}]},{\"@type\":\"ImageObject\",\"inLanguage\":\"pt-PT\",\"@id\":\"https:\\\/\\\/agradocosmetic.com\\\/3-mascarillas-para-recuperar-tu-pelo-tras-el-verano\\\/#primaryimage\",\"url\":\"https:\\\/\\\/agradocosmetic.com\\\/wp-content\\\/uploads\\\/2021\\\/10\\\/mascarilla-profesional-agrado.jpg\",\"contentUrl\":\"https:\\\/\\\/agradocosmetic.com\\\/wp-content\\\/uploads\\\/2021\\\/10\\\/mascarilla-profesional-agrado.jpg\",\"width\":1200,\"height\":800},{\"@type\":\"BreadcrumbList\",\"@id\":\"https:\\\/\\\/agradocosmetic.com\\\/3-mascarillas-para-recuperar-tu-pelo-tras-el-verano\\\/#breadcrumb\",\"itemListElement\":[{\"@type\":\"ListItem\",\"position\":1,\"name\":\"Portada\",\"item\":\"https:\\\/\\\/agradocosmetic.com\\\/\"},{\"@type\":\"ListItem\",\"position\":2,\"name\":\"3 mascarillas para recuperar tu pelo tras el verano\"}]},{\"@type\":\"WebSite\",\"@id\":\"https:\\\/\\\/agradocosmetic.com\\\/#website\",\"url\":\"https:\\\/\\\/agradocosmetic.com\\\/\",\"name\":\"Agrado\",\"description\":\"Cosmetic\",\"publisher\":{\"@id\":\"https:\\\/\\\/agradocosmetic.com\\\/#organization\"},\"potentialAction\":[{\"@type\":\"SearchAction\",\"target\":{\"@type\":\"EntryPoint\",\"urlTemplate\":\"https:\\\/\\\/agradocosmetic.com\\\/?s={search_term_string}\"},\"query-input\":{\"@type\":\"PropertyValueSpecification\",\"valueRequired\":true,\"valueName\":\"search_term_string\"}}],\"inLanguage\":\"pt-PT\"},{\"@type\":\"Organization\",\"@id\":\"https:\\\/\\\/agradocosmetic.com\\\/#organization\",\"name\":\"Agrado\",\"url\":\"https:\\\/\\\/agradocosmetic.com\\\/\",\"logo\":{\"@type\":\"ImageObject\",\"inLanguage\":\"pt-PT\",\"@id\":\"https:\\\/\\\/agradocosmetic.com\\\/#\\\/schema\\\/logo\\\/image\\\/\",\"url\":\"https:\\\/\\\/agradocosmetic.com\\\/wp-content\\\/uploads\\\/2023\\\/07\\\/LOGO-AGRADO-WEB-01.png\",\"contentUrl\":\"https:\\\/\\\/agradocosmetic.com\\\/wp-content\\\/uploads\\\/2023\\\/07\\\/LOGO-AGRADO-WEB-01.png\",\"width\":1632,\"height\":300,\"caption\":\"Agrado\"},\"image\":{\"@id\":\"https:\\\/\\\/agradocosmetic.com\\\/#\\\/schema\\\/logo\\\/image\\\/\"}},{\"@type\":\"Person\",\"@id\":\"https:\\\/\\\/agradocosmetic.com\\\/#\\\/schema\\\/person\\\/732e8d396022e25f9340196f83d6789d\",\"name\":\"agradocosmetic\",\"image\":{\"@type\":\"ImageObject\",\"inLanguage\":\"pt-PT\",\"@id\":\"https:\\\/\\\/secure.gravatar.com\\\/avatar\\\/c6003e45301182b7e125463fcbec403b1980909c12edf09098526b9a15e779c0?s=96&d=mm&r=g\",\"url\":\"https:\\\/\\\/secure.gravatar.com\\\/avatar\\\/c6003e45301182b7e125463fcbec403b1980909c12edf09098526b9a15e779c0?s=96&d=mm&r=g\",\"contentUrl\":\"https:\\\/\\\/secure.gravatar.com\\\/avatar\\\/c6003e45301182b7e125463fcbec403b1980909c12edf09098526b9a15e779c0?s=96&d=mm&r=g\",\"caption\":\"agradocosmetic\"}}]}<\/script>\n<!-- \/ Yoast SEO plugin. -->","yoast_head_json":{"title":"3 mascarillas para recuperar el pelo tras el verano | Agrado Cosmetic","description":"\u00bfSabes c\u00f3mo recuperar el pelo tras el verano de sol, sal y cloro? \u00a1Te recomendamos el mejor tratamiento seg\u00fan tus necesidades!","robots":{"index":"index","follow":"follow","max-snippet":"max-snippet:-1","max-image-preview":"max-image-preview:large","max-video-preview":"max-video-preview:-1"},"canonical":"https:\/\/agradocosmetic.com\/pt\/3-mascarillas-para-recuperar-tu-pelo-tras-el-verano\/","og_locale":"pt_PT","og_type":"article","og_title":"3 mascarillas para recuperar el pelo tras el verano | Agrado Cosmetic","og_description":"\u00bfSabes c\u00f3mo recuperar el pelo tras el verano de sol, sal y cloro? \u00a1Te recomendamos el mejor tratamiento seg\u00fan tus necesidades!","og_url":"https:\/\/agradocosmetic.com\/pt\/3-mascarillas-para-recuperar-tu-pelo-tras-el-verano\/","og_site_name":"Agrado","article_published_time":"2021-10-13T10:18:41+00:00","article_modified_time":"2023-11-18T16:58:52+00:00","og_image":[{"width":1200,"height":800,"url":"https:\/\/agradocosmetic.com\/wp-content\/uploads\/2021\/10\/mascarilla-profesional-agrado.jpg","type":"image\/jpeg"}],"author":"agradocosmetic","twitter_card":"summary_large_image","twitter_misc":{"Escrito por":"agradocosmetic","Tempo estimado de leitura":"2 minutos"},"schema":{"@context":"https:\/\/schema.org","@graph":[{"@type":"Article","@id":"https:\/\/agradocosmetic.com\/3-mascarillas-para-recuperar-tu-pelo-tras-el-verano\/#article","isPartOf":{"@id":"https:\/\/agradocosmetic.com\/3-mascarillas-para-recuperar-tu-pelo-tras-el-verano\/"},"author":{"name":"agradocosmetic","@id":"https:\/\/agradocosmetic.com\/#\/schema\/person\/732e8d396022e25f9340196f83d6789d"},"headline":"3 mascarillas para recuperar tu pelo tras el verano","datePublished":"2021-10-13T10:18:41+00:00","dateModified":"2023-11-18T16:58:52+00:00","mainEntityOfPage":{"@id":"https:\/\/agradocosmetic.com\/3-mascarillas-para-recuperar-tu-pelo-tras-el-verano\/"},"wordCount":432,"commentCount":0,"publisher":{"@id":"https:\/\/agradocosmetic.com\/#organization"},"image":{"@id":"https:\/\/agradocosmetic.com\/3-mascarillas-para-recuperar-tu-pelo-tras-el-verano\/#primaryimage"},"thumbnailUrl":"https:\/\/agradocosmetic.com\/wp-content\/uploads\/2021\/10\/mascarilla-profesional-agrado.jpg","articleSection":["Capilar","Todos"],"inLanguage":"pt-PT","potentialAction":[{"@type":"CommentAction","name":"Comment","target":["https:\/\/agradocosmetic.com\/3-mascarillas-para-recuperar-tu-pelo-tras-el-verano\/#respond"]}]},{"@type":"WebPage","@id":"https:\/\/agradocosmetic.com\/3-mascarillas-para-recuperar-tu-pelo-tras-el-verano\/","url":"https:\/\/agradocosmetic.com\/3-mascarillas-para-recuperar-tu-pelo-tras-el-verano\/","name":"3 mascarillas para recuperar el pelo tras el verano | Agrado Cosmetic","isPartOf":{"@id":"https:\/\/agradocosmetic.com\/#website"},"primaryImageOfPage":{"@id":"https:\/\/agradocosmetic.com\/3-mascarillas-para-recuperar-tu-pelo-tras-el-verano\/#primaryimage"},"image":{"@id":"https:\/\/agradocosmetic.com\/3-mascarillas-para-recuperar-tu-pelo-tras-el-verano\/#primaryimage"},"thumbnailUrl":"https:\/\/agradocosmetic.com\/wp-content\/uploads\/2021\/10\/mascarilla-profesional-agrado.jpg","datePublished":"2021-10-13T10:18:41+00:00","dateModified":"2023-11-18T16:58:52+00:00","description":"\u00bfSabes c\u00f3mo recuperar el pelo tras el verano de sol, sal y cloro? \u00a1Te recomendamos el mejor tratamiento seg\u00fan tus necesidades!","breadcrumb":{"@id":"https:\/\/agradocosmetic.com\/3-mascarillas-para-recuperar-tu-pelo-tras-el-verano\/#breadcrumb"},"inLanguage":"pt-PT","potentialAction":[{"@type":"ReadAction","target":["https:\/\/agradocosmetic.com\/3-mascarillas-para-recuperar-tu-pelo-tras-el-verano\/"]}]},{"@type":"ImageObject","inLanguage":"pt-PT","@id":"https:\/\/agradocosmetic.com\/3-mascarillas-para-recuperar-tu-pelo-tras-el-verano\/#primaryimage","url":"https:\/\/agradocosmetic.com\/wp-content\/uploads\/2021\/10\/mascarilla-profesional-agrado.jpg","contentUrl":"https:\/\/agradocosmetic.com\/wp-content\/uploads\/2021\/10\/mascarilla-profesional-agrado.jpg","width":1200,"height":800},{"@type":"BreadcrumbList","@id":"https:\/\/agradocosmetic.com\/3-mascarillas-para-recuperar-tu-pelo-tras-el-verano\/#breadcrumb","itemListElement":[{"@type":"ListItem","position":1,"name":"Portada","item":"https:\/\/agradocosmetic.com\/"},{"@type":"ListItem","position":2,"name":"3 mascarillas para recuperar tu pelo tras el verano"}]},{"@type":"WebSite","@id":"https:\/\/agradocosmetic.com\/#website","url":"https:\/\/agradocosmetic.com\/","name":"Gosto","description":"Cosm\u00e9tico","publisher":{"@id":"https:\/\/agradocosmetic.com\/#organization"},"potentialAction":[{"@type":"SearchAction","target":{"@type":"EntryPoint","urlTemplate":"https:\/\/agradocosmetic.com\/?s={search_term_string}"},"query-input":{"@type":"PropertyValueSpecification","valueRequired":true,"valueName":"search_term_string"}}],"inLanguage":"pt-PT"},{"@type":"Organization","@id":"https:\/\/agradocosmetic.com\/#organization","name":"Gosto","url":"https:\/\/agradocosmetic.com\/","logo":{"@type":"ImageObject","inLanguage":"pt-PT","@id":"https:\/\/agradocosmetic.com\/#\/schema\/logo\/image\/","url":"https:\/\/agradocosmetic.com\/wp-content\/uploads\/2023\/07\/LOGO-AGRADO-WEB-01.png","contentUrl":"https:\/\/agradocosmetic.com\/wp-content\/uploads\/2023\/07\/LOGO-AGRADO-WEB-01.png","width":1632,"height":300,"caption":"Agrado"},"image":{"@id":"https:\/\/agradocosmetic.com\/#\/schema\/logo\/image\/"}},{"@type":"Person","@id":"https:\/\/agradocosmetic.com\/#\/schema\/person\/732e8d396022e25f9340196f83d6789d","name":"agradocosm\u00e9tico","image":{"@type":"ImageObject","inLanguage":"pt-PT","@id":"https:\/\/secure.gravatar.com\/avatar\/c6003e45301182b7e125463fcbec403b1980909c12edf09098526b9a15e779c0?s=96&d=mm&r=g","url":"https:\/\/secure.gravatar.com\/avatar\/c6003e45301182b7e125463fcbec403b1980909c12edf09098526b9a15e779c0?s=96&d=mm&r=g","contentUrl":"https:\/\/secure.gravatar.com\/avatar\/c6003e45301182b7e125463fcbec403b1980909c12edf09098526b9a15e779c0?s=96&d=mm&r=g","caption":"agradocosmetic"}}]}},"_links":{"self":[{"href":"https:\/\/agradocosmetic.com\/pt\/wp-json\/wp\/v2\/posts\/18954","targetHints":{"allow":["GET"]}}],"collection":[{"href":"https:\/\/agradocosmetic.com\/pt\/wp-json\/wp\/v2\/posts"}],"about":[{"href":"https:\/\/agradocosmetic.com\/pt\/wp-json\/wp\/v2\/types\/post"}],"author":[{"embeddable":true,"href":"https:\/\/agradocosmetic.com\/pt\/wp-json\/wp\/v2\/users\/9"}],"replies":[{"embeddable":true,"href":"https:\/\/agradocosmetic.com\/pt\/wp-json\/wp\/v2\/comments?post=18954"}],"version-history":[{"count":1,"href":"https:\/\/agradocosmetic.com\/pt\/wp-json\/wp\/v2\/posts\/18954\/revisions"}],"predecessor-version":[{"id":21308,"href":"https:\/\/agradocosmetic.com\/pt\/wp-json\/wp\/v2\/posts\/18954\/revisions\/21308"}],"wp:featuredmedia":[{"embeddable":true,"href":"https:\/\/agradocosmetic.com\/pt\/wp-json\/wp\/v2\/media\/21307"}],"wp:attachment":[{"href":"https:\/\/agradocosmetic.com\/pt\/wp-json\/wp\/v2\/media?parent=18954"}],"wp:term":[{"taxonomy":"category","embeddable":true,"href":"https:\/\/agradocosmetic.com\/pt\/wp-json\/wp\/v2\/categories?post=18954"},{"taxonomy":"post_tag","embeddable":true,"href":"https:\/\/agradocosmetic.com\/pt\/wp-json\/wp\/v2\/tags?post=18954"}],"curies":[{"name":"wp","href":"https:\/\/api.w.org\/{rel}","templated":true}]}}