{"id":19603,"date":"2022-04-21T12:29:48","date_gmt":"2022-04-21T11:29:48","guid":{"rendered":"https:\/\/www.agradocosmetic.com\/?p=19603"},"modified":"2023-11-18T16:58:51","modified_gmt":"2023-11-18T16:58:51","slug":"ondas-surferas-sin-calor","status":"publish","type":"post","link":"https:\/\/agradocosmetic.com\/pt\/ondas-surferas-sin-calor\/","title":{"rendered":"Ondas de surfista sem calor: siga a tend\u00eancia sem danificar os cabelos"},"content":{"rendered":"<p>Se h\u00e1 um penteado que todo cabelo comprido quer exibir nesta temporada \u00e9 o cabelo ondulado, como se tivesse acabado de sair do mar. Indicados para todos os tipos de cortes, os conhecidos como \u2018ondas de praia\u2019 s\u00e3o lisonjeiros, divertidos e tamb\u00e9m muito f\u00e1ceis de fazer! Conseguir esse penteado da moda \u00e9 o desejo de muitos, por isso neste post ensinamos como fazer ondas de surfista sem calor. Pronto para ter um lindo cabelo de sereia?<\/p>\r\n\r\n\r\n\r\n<p><strong>Ondas de surfista ou &#039;ondas de praia&#039; s\u00e3o o penteado estrela desta temporada<\/strong>. Muitos influenciadores e celebridades, como Mar\u00eda Pombo, optam por este estilo, tanto no dia a dia como em ocasi\u00f5es mais formais. E n\u00e3o nos surpreendemos porque \u00e9 super lisonjeiro. Para que voc\u00ea tamb\u00e9m possa exibir lindas ondas de surf sem usar chapinha, modelador de cabelo ou secador de cabelo, contaremos nosso segredo. Anote!<\/p>\r\n\r\n\r\n\r\n<p>\u00c9 verdade que existem muitas formas de pegar ondas de surfista, mas entre todas elas h\u00e1 uma que nos fascina porque \u00e9 r\u00e1pida, confort\u00e1vel, f\u00e1cil e n\u00e3o agressiva para os cabelos. E o melhor de tudo \u00e9 que voc\u00ea s\u00f3 precisa da ajuda de algumas meias. Sim, conforme voc\u00ea l\u00ea. Voc\u00ea pode fazer esse penteado antes de dormir e acordar como se tivesse acabado de sair do cabelo. Simplesmente ideal!\u00a0<\/p>\r\n\r\n\r\n\r\n<p><strong>Lembre-se que antes de fazer o penteado \u00e9 importante trabalhar os cabelos com os produtos adequados para que o resultado seja o melhor.<\/strong>. Recomendamos lavar os cabelos com um shampoo volumizador que gere volume e espessura e depois usar um condicionador que forne\u00e7a os nutrientes que faltam. Por fim, o passo mais importante \u00e9 usar um produto modelador espec\u00edfico para o seu tipo de cabelo. Neste caso, voc\u00ea pode usar o <a href=\"https:\/\/agradocosmetic.com\/pt\/producto\/ondas-surferas\/\" target=\"_blank\" rel=\"noreferrer noopener\">Spray de ondas de surf agrad\u00e1veis<\/a>, produto eleito do ano 2018, que gra\u00e7as aos seus princ\u00edpios ativos cria ondas suaves e naturais que ajudam a conseguir um penteado casual e comovente. Exatamente o que queremos!\u00a0<\/p>\r\n\r\n\r\n\r\n<p><strong>E agora, depois de preparar o cabelo, voc\u00ea est\u00e1 pronto para descobrir o passo a passo para exibir ondas de surfista sem calor.<\/strong><\/p>\r\n\r\n\r\n\r\n<ul class=\"wp-block-list\">\r\n<li>Antes de dormir, lave os cabelos e deixe-os levemente \u00famidos. Em seguida, penteie at\u00e9 que esteja completamente desembara\u00e7ado.<\/li>\r\n<li>Coloque as meias por cima do cabelo e deixe cada perna de cada lado da cabe\u00e7a, como se fosse o seu cabelo.<\/li>\r\n<li>Em seguida, divida o cabelo em duas partes e fa\u00e7a duas tran\u00e7as usando a do meio como outra mecha. Tente apertar as tran\u00e7as para que n\u00e3o se soltem enquanto voc\u00ea dorme.<\/li>\r\n<li>De manh\u00e3, desfa\u00e7a as tran\u00e7as e penteie os cabelos com os dedos. Voc\u00ea pode reaplicar o Spray Agrado Surf Waves para obter maior textura.<\/li>\r\n<li>E pronto para exibir suas ondas de surf sem calor!\u00a0<\/li>\r\n<\/ul>\r\n\r\n\r\n\r\n<p>Voc\u00ea j\u00e1 conhece o nosso segredo para pegar \u2018ondas de praia\u2019, agora s\u00f3 falta colocar essa t\u00e9cnica em pr\u00e1tica. <strong>Atreva-se a exibir o penteado da esta\u00e7\u00e3o sem danificar os cabelos com Agrado Cosmetic!<\/strong><\/p>","protected":false},"excerpt":{"rendered":"<p>Si hay un peinado que todas las melenas quieren lucir esta temporada es el pelo ondulado, como reci\u00e9n salido del mar. Aptas para todo tipo de corte, las conocidas como \u2018beach waves\u2019 son favorecedoras, divertidas y adem\u00e1s, \u00a1muy f\u00e1ciles de hacer! Conseguir este peinado de moda es el deseo de muchas, as\u00ed que en este [&hellip;]<\/p>\n","protected":false},"author":9,"featured_media":21282,"comment_status":"open","ping_status":"closed","sticky":false,"template":"","format":"standard","meta":{"footnotes":"","_wp_rev_ctl_limit":""},"categories":[128,1],"tags":[245,387,394,136,395,396],"class_list":["post-19603","post","type-post","status-publish","format-standard","has-post-thumbnail","hentry","category-capilar","category-todos","tag-cabello","tag-cuidado-capilar","tag-ondas-surferas","tag-peinado","tag-pelo-ondulado","tag-trucos-para-tu-pelo"],"yoast_head":"<!-- This site is optimized with the Yoast SEO plugin v27.4 - https:\/\/yoast.com\/product\/yoast-seo-wordpress\/ -->\n<title>Ondas surferas sin calor: sigue la tendencia sin da\u00f1ar tu pelo - Agrado<\/title>\n<meta name=\"description\" content=\"\u00a1Seguir la tendencia no tiene que ser perjudicial para tu pelo! Te contamos c\u00f3mo conseguir las ondas surferas sin calor que est\u00e1n de moda.\" \/>\n<meta name=\"robots\" content=\"index, follow, max-snippet:-1, max-image-preview:large, max-video-preview:-1\" \/>\n<link rel=\"canonical\" href=\"https:\/\/agradocosmetic.com\/pt\/ondas-surferas-sin-calor\/\" \/>\n<meta property=\"og:locale\" content=\"pt_PT\" \/>\n<meta property=\"og:type\" content=\"article\" \/>\n<meta property=\"og:title\" content=\"Ondas surferas sin calor: sigue la tendencia sin da\u00f1ar tu pelo - Agrado\" \/>\n<meta property=\"og:description\" content=\"\u00a1Seguir la tendencia no tiene que ser perjudicial para tu pelo! Te contamos c\u00f3mo conseguir las ondas surferas sin calor que est\u00e1n de moda.\" \/>\n<meta property=\"og:url\" content=\"https:\/\/agradocosmetic.com\/pt\/ondas-surferas-sin-calor\/\" \/>\n<meta property=\"og:site_name\" content=\"Agrado\" \/>\n<meta property=\"article:published_time\" content=\"2022-04-21T11:29:48+00:00\" \/>\n<meta property=\"article:modified_time\" content=\"2023-11-18T16:58:51+00:00\" \/>\n<meta property=\"og:image\" content=\"https:\/\/agradocosmetic.com\/wp-content\/uploads\/2022\/04\/ondas-surferas-sin-calor-agrado.jpg\" \/>\n\t<meta property=\"og:image:width\" content=\"1200\" \/>\n\t<meta property=\"og:image:height\" content=\"800\" \/>\n\t<meta property=\"og:image:type\" content=\"image\/jpeg\" \/>\n<meta name=\"author\" content=\"agradocosmetic\" \/>\n<meta name=\"twitter:card\" content=\"summary_large_image\" \/>\n<meta name=\"twitter:label1\" content=\"Escrito por\" \/>\n\t<meta name=\"twitter:data1\" content=\"agradocosmetic\" \/>\n\t<meta name=\"twitter:label2\" content=\"Tempo estimado de leitura\" \/>\n\t<meta name=\"twitter:data2\" content=\"3 minutos\" \/>\n<script type=\"application\/ld+json\" class=\"yoast-schema-graph\">{\"@context\":\"https:\\\/\\\/schema.org\",\"@graph\":[{\"@type\":\"Article\",\"@id\":\"https:\\\/\\\/agradocosmetic.com\\\/ondas-surferas-sin-calor\\\/#article\",\"isPartOf\":{\"@id\":\"https:\\\/\\\/agradocosmetic.com\\\/ondas-surferas-sin-calor\\\/\"},\"author\":{\"name\":\"agradocosmetic\",\"@id\":\"https:\\\/\\\/agradocosmetic.com\\\/#\\\/schema\\\/person\\\/732e8d396022e25f9340196f83d6789d\"},\"headline\":\"Ondas surferas sin calor: sigue la tendencia sin da\u00f1ar tu pelo\",\"datePublished\":\"2022-04-21T11:29:48+00:00\",\"dateModified\":\"2023-11-18T16:58:51+00:00\",\"mainEntityOfPage\":{\"@id\":\"https:\\\/\\\/agradocosmetic.com\\\/ondas-surferas-sin-calor\\\/\"},\"wordCount\":521,\"commentCount\":0,\"publisher\":{\"@id\":\"https:\\\/\\\/agradocosmetic.com\\\/#organization\"},\"image\":{\"@id\":\"https:\\\/\\\/agradocosmetic.com\\\/ondas-surferas-sin-calor\\\/#primaryimage\"},\"thumbnailUrl\":\"https:\\\/\\\/agradocosmetic.com\\\/wp-content\\\/uploads\\\/2022\\\/04\\\/ondas-surferas-sin-calor-agrado.jpg\",\"keywords\":[\"cabello\",\"cuidado capilar\",\"ondas surferas\",\"peinado\",\"pelo ondulado\",\"trucos para tu pelo\"],\"articleSection\":[\"Capilar\",\"Todos\"],\"inLanguage\":\"pt-PT\",\"potentialAction\":[{\"@type\":\"CommentAction\",\"name\":\"Comment\",\"target\":[\"https:\\\/\\\/agradocosmetic.com\\\/ondas-surferas-sin-calor\\\/#respond\"]}]},{\"@type\":\"WebPage\",\"@id\":\"https:\\\/\\\/agradocosmetic.com\\\/ondas-surferas-sin-calor\\\/\",\"url\":\"https:\\\/\\\/agradocosmetic.com\\\/ondas-surferas-sin-calor\\\/\",\"name\":\"Ondas surferas sin calor: sigue la tendencia sin da\u00f1ar tu pelo - Agrado\",\"isPartOf\":{\"@id\":\"https:\\\/\\\/agradocosmetic.com\\\/#website\"},\"primaryImageOfPage\":{\"@id\":\"https:\\\/\\\/agradocosmetic.com\\\/ondas-surferas-sin-calor\\\/#primaryimage\"},\"image\":{\"@id\":\"https:\\\/\\\/agradocosmetic.com\\\/ondas-surferas-sin-calor\\\/#primaryimage\"},\"thumbnailUrl\":\"https:\\\/\\\/agradocosmetic.com\\\/wp-content\\\/uploads\\\/2022\\\/04\\\/ondas-surferas-sin-calor-agrado.jpg\",\"datePublished\":\"2022-04-21T11:29:48+00:00\",\"dateModified\":\"2023-11-18T16:58:51+00:00\",\"description\":\"\u00a1Seguir la tendencia no tiene que ser perjudicial para tu pelo! Te contamos c\u00f3mo conseguir las ondas surferas sin calor que est\u00e1n de moda.\",\"breadcrumb\":{\"@id\":\"https:\\\/\\\/agradocosmetic.com\\\/ondas-surferas-sin-calor\\\/#breadcrumb\"},\"inLanguage\":\"pt-PT\",\"potentialAction\":[{\"@type\":\"ReadAction\",\"target\":[\"https:\\\/\\\/agradocosmetic.com\\\/ondas-surferas-sin-calor\\\/\"]}]},{\"@type\":\"ImageObject\",\"inLanguage\":\"pt-PT\",\"@id\":\"https:\\\/\\\/agradocosmetic.com\\\/ondas-surferas-sin-calor\\\/#primaryimage\",\"url\":\"https:\\\/\\\/agradocosmetic.com\\\/wp-content\\\/uploads\\\/2022\\\/04\\\/ondas-surferas-sin-calor-agrado.jpg\",\"contentUrl\":\"https:\\\/\\\/agradocosmetic.com\\\/wp-content\\\/uploads\\\/2022\\\/04\\\/ondas-surferas-sin-calor-agrado.jpg\",\"width\":1200,\"height\":800},{\"@type\":\"BreadcrumbList\",\"@id\":\"https:\\\/\\\/agradocosmetic.com\\\/ondas-surferas-sin-calor\\\/#breadcrumb\",\"itemListElement\":[{\"@type\":\"ListItem\",\"position\":1,\"name\":\"Portada\",\"item\":\"https:\\\/\\\/agradocosmetic.com\\\/\"},{\"@type\":\"ListItem\",\"position\":2,\"name\":\"Ondas surferas sin calor: sigue la tendencia sin da\u00f1ar tu pelo\"}]},{\"@type\":\"WebSite\",\"@id\":\"https:\\\/\\\/agradocosmetic.com\\\/#website\",\"url\":\"https:\\\/\\\/agradocosmetic.com\\\/\",\"name\":\"Agrado\",\"description\":\"Cosmetic\",\"publisher\":{\"@id\":\"https:\\\/\\\/agradocosmetic.com\\\/#organization\"},\"potentialAction\":[{\"@type\":\"SearchAction\",\"target\":{\"@type\":\"EntryPoint\",\"urlTemplate\":\"https:\\\/\\\/agradocosmetic.com\\\/?s={search_term_string}\"},\"query-input\":{\"@type\":\"PropertyValueSpecification\",\"valueRequired\":true,\"valueName\":\"search_term_string\"}}],\"inLanguage\":\"pt-PT\"},{\"@type\":\"Organization\",\"@id\":\"https:\\\/\\\/agradocosmetic.com\\\/#organization\",\"name\":\"Agrado\",\"url\":\"https:\\\/\\\/agradocosmetic.com\\\/\",\"logo\":{\"@type\":\"ImageObject\",\"inLanguage\":\"pt-PT\",\"@id\":\"https:\\\/\\\/agradocosmetic.com\\\/#\\\/schema\\\/logo\\\/image\\\/\",\"url\":\"https:\\\/\\\/agradocosmetic.com\\\/wp-content\\\/uploads\\\/2023\\\/07\\\/LOGO-AGRADO-WEB-01.png\",\"contentUrl\":\"https:\\\/\\\/agradocosmetic.com\\\/wp-content\\\/uploads\\\/2023\\\/07\\\/LOGO-AGRADO-WEB-01.png\",\"width\":1632,\"height\":300,\"caption\":\"Agrado\"},\"image\":{\"@id\":\"https:\\\/\\\/agradocosmetic.com\\\/#\\\/schema\\\/logo\\\/image\\\/\"}},{\"@type\":\"Person\",\"@id\":\"https:\\\/\\\/agradocosmetic.com\\\/#\\\/schema\\\/person\\\/732e8d396022e25f9340196f83d6789d\",\"name\":\"agradocosmetic\",\"image\":{\"@type\":\"ImageObject\",\"inLanguage\":\"pt-PT\",\"@id\":\"https:\\\/\\\/secure.gravatar.com\\\/avatar\\\/c6003e45301182b7e125463fcbec403b1980909c12edf09098526b9a15e779c0?s=96&d=mm&r=g\",\"url\":\"https:\\\/\\\/secure.gravatar.com\\\/avatar\\\/c6003e45301182b7e125463fcbec403b1980909c12edf09098526b9a15e779c0?s=96&d=mm&r=g\",\"contentUrl\":\"https:\\\/\\\/secure.gravatar.com\\\/avatar\\\/c6003e45301182b7e125463fcbec403b1980909c12edf09098526b9a15e779c0?s=96&d=mm&r=g\",\"caption\":\"agradocosmetic\"}}]}<\/script>\n<!-- \/ Yoast SEO plugin. -->","yoast_head_json":{"title":"Ondas surferas sin calor: sigue la tendencia sin da\u00f1ar tu pelo - Agrado","description":"\u00a1Seguir la tendencia no tiene que ser perjudicial para tu pelo! Te contamos c\u00f3mo conseguir las ondas surferas sin calor que est\u00e1n de moda.","robots":{"index":"index","follow":"follow","max-snippet":"max-snippet:-1","max-image-preview":"max-image-preview:large","max-video-preview":"max-video-preview:-1"},"canonical":"https:\/\/agradocosmetic.com\/pt\/ondas-surferas-sin-calor\/","og_locale":"pt_PT","og_type":"article","og_title":"Ondas surferas sin calor: sigue la tendencia sin da\u00f1ar tu pelo - Agrado","og_description":"\u00a1Seguir la tendencia no tiene que ser perjudicial para tu pelo! Te contamos c\u00f3mo conseguir las ondas surferas sin calor que est\u00e1n de moda.","og_url":"https:\/\/agradocosmetic.com\/pt\/ondas-surferas-sin-calor\/","og_site_name":"Agrado","article_published_time":"2022-04-21T11:29:48+00:00","article_modified_time":"2023-11-18T16:58:51+00:00","og_image":[{"width":1200,"height":800,"url":"https:\/\/agradocosmetic.com\/wp-content\/uploads\/2022\/04\/ondas-surferas-sin-calor-agrado.jpg","type":"image\/jpeg"}],"author":"agradocosmetic","twitter_card":"summary_large_image","twitter_misc":{"Escrito por":"agradocosmetic","Tempo estimado de leitura":"3 minutos"},"schema":{"@context":"https:\/\/schema.org","@graph":[{"@type":"Article","@id":"https:\/\/agradocosmetic.com\/ondas-surferas-sin-calor\/#article","isPartOf":{"@id":"https:\/\/agradocosmetic.com\/ondas-surferas-sin-calor\/"},"author":{"name":"agradocosmetic","@id":"https:\/\/agradocosmetic.com\/#\/schema\/person\/732e8d396022e25f9340196f83d6789d"},"headline":"Ondas surferas sin calor: sigue la tendencia sin da\u00f1ar tu pelo","datePublished":"2022-04-21T11:29:48+00:00","dateModified":"2023-11-18T16:58:51+00:00","mainEntityOfPage":{"@id":"https:\/\/agradocosmetic.com\/ondas-surferas-sin-calor\/"},"wordCount":521,"commentCount":0,"publisher":{"@id":"https:\/\/agradocosmetic.com\/#organization"},"image":{"@id":"https:\/\/agradocosmetic.com\/ondas-surferas-sin-calor\/#primaryimage"},"thumbnailUrl":"https:\/\/agradocosmetic.com\/wp-content\/uploads\/2022\/04\/ondas-surferas-sin-calor-agrado.jpg","keywords":["cabello","cuidado capilar","ondas surferas","peinado","pelo ondulado","trucos para tu pelo"],"articleSection":["Capilar","Todos"],"inLanguage":"pt-PT","potentialAction":[{"@type":"CommentAction","name":"Comment","target":["https:\/\/agradocosmetic.com\/ondas-surferas-sin-calor\/#respond"]}]},{"@type":"WebPage","@id":"https:\/\/agradocosmetic.com\/ondas-surferas-sin-calor\/","url":"https:\/\/agradocosmetic.com\/ondas-surferas-sin-calor\/","name":"Ondas surferas sin calor: sigue la tendencia sin da\u00f1ar tu pelo - Agrado","isPartOf":{"@id":"https:\/\/agradocosmetic.com\/#website"},"primaryImageOfPage":{"@id":"https:\/\/agradocosmetic.com\/ondas-surferas-sin-calor\/#primaryimage"},"image":{"@id":"https:\/\/agradocosmetic.com\/ondas-surferas-sin-calor\/#primaryimage"},"thumbnailUrl":"https:\/\/agradocosmetic.com\/wp-content\/uploads\/2022\/04\/ondas-surferas-sin-calor-agrado.jpg","datePublished":"2022-04-21T11:29:48+00:00","dateModified":"2023-11-18T16:58:51+00:00","description":"\u00a1Seguir la tendencia no tiene que ser perjudicial para tu pelo! Te contamos c\u00f3mo conseguir las ondas surferas sin calor que est\u00e1n de moda.","breadcrumb":{"@id":"https:\/\/agradocosmetic.com\/ondas-surferas-sin-calor\/#breadcrumb"},"inLanguage":"pt-PT","potentialAction":[{"@type":"ReadAction","target":["https:\/\/agradocosmetic.com\/ondas-surferas-sin-calor\/"]}]},{"@type":"ImageObject","inLanguage":"pt-PT","@id":"https:\/\/agradocosmetic.com\/ondas-surferas-sin-calor\/#primaryimage","url":"https:\/\/agradocosmetic.com\/wp-content\/uploads\/2022\/04\/ondas-surferas-sin-calor-agrado.jpg","contentUrl":"https:\/\/agradocosmetic.com\/wp-content\/uploads\/2022\/04\/ondas-surferas-sin-calor-agrado.jpg","width":1200,"height":800},{"@type":"BreadcrumbList","@id":"https:\/\/agradocosmetic.com\/ondas-surferas-sin-calor\/#breadcrumb","itemListElement":[{"@type":"ListItem","position":1,"name":"Portada","item":"https:\/\/agradocosmetic.com\/"},{"@type":"ListItem","position":2,"name":"Ondas surferas sin calor: sigue la tendencia sin da\u00f1ar tu pelo"}]},{"@type":"WebSite","@id":"https:\/\/agradocosmetic.com\/#website","url":"https:\/\/agradocosmetic.com\/","name":"Gosto","description":"Cosm\u00e9tico","publisher":{"@id":"https:\/\/agradocosmetic.com\/#organization"},"potentialAction":[{"@type":"SearchAction","target":{"@type":"EntryPoint","urlTemplate":"https:\/\/agradocosmetic.com\/?s={search_term_string}"},"query-input":{"@type":"PropertyValueSpecification","valueRequired":true,"valueName":"search_term_string"}}],"inLanguage":"pt-PT"},{"@type":"Organization","@id":"https:\/\/agradocosmetic.com\/#organization","name":"Gosto","url":"https:\/\/agradocosmetic.com\/","logo":{"@type":"ImageObject","inLanguage":"pt-PT","@id":"https:\/\/agradocosmetic.com\/#\/schema\/logo\/image\/","url":"https:\/\/agradocosmetic.com\/wp-content\/uploads\/2023\/07\/LOGO-AGRADO-WEB-01.png","contentUrl":"https:\/\/agradocosmetic.com\/wp-content\/uploads\/2023\/07\/LOGO-AGRADO-WEB-01.png","width":1632,"height":300,"caption":"Agrado"},"image":{"@id":"https:\/\/agradocosmetic.com\/#\/schema\/logo\/image\/"}},{"@type":"Person","@id":"https:\/\/agradocosmetic.com\/#\/schema\/person\/732e8d396022e25f9340196f83d6789d","name":"agradocosm\u00e9tico","image":{"@type":"ImageObject","inLanguage":"pt-PT","@id":"https:\/\/secure.gravatar.com\/avatar\/c6003e45301182b7e125463fcbec403b1980909c12edf09098526b9a15e779c0?s=96&d=mm&r=g","url":"https:\/\/secure.gravatar.com\/avatar\/c6003e45301182b7e125463fcbec403b1980909c12edf09098526b9a15e779c0?s=96&d=mm&r=g","contentUrl":"https:\/\/secure.gravatar.com\/avatar\/c6003e45301182b7e125463fcbec403b1980909c12edf09098526b9a15e779c0?s=96&d=mm&r=g","caption":"agradocosmetic"}}]}},"_links":{"self":[{"href":"https:\/\/agradocosmetic.com\/pt\/wp-json\/wp\/v2\/posts\/19603","targetHints":{"allow":["GET"]}}],"collection":[{"href":"https:\/\/agradocosmetic.com\/pt\/wp-json\/wp\/v2\/posts"}],"about":[{"href":"https:\/\/agradocosmetic.com\/pt\/wp-json\/wp\/v2\/types\/post"}],"author":[{"embeddable":true,"href":"https:\/\/agradocosmetic.com\/pt\/wp-json\/wp\/v2\/users\/9"}],"replies":[{"embeddable":true,"href":"https:\/\/agradocosmetic.com\/pt\/wp-json\/wp\/v2\/comments?post=19603"}],"version-history":[{"count":1,"href":"https:\/\/agradocosmetic.com\/pt\/wp-json\/wp\/v2\/posts\/19603\/revisions"}],"predecessor-version":[{"id":21283,"href":"https:\/\/agradocosmetic.com\/pt\/wp-json\/wp\/v2\/posts\/19603\/revisions\/21283"}],"wp:featuredmedia":[{"embeddable":true,"href":"https:\/\/agradocosmetic.com\/pt\/wp-json\/wp\/v2\/media\/21282"}],"wp:attachment":[{"href":"https:\/\/agradocosmetic.com\/pt\/wp-json\/wp\/v2\/media?parent=19603"}],"wp:term":[{"taxonomy":"category","embeddable":true,"href":"https:\/\/agradocosmetic.com\/pt\/wp-json\/wp\/v2\/categories?post=19603"},{"taxonomy":"post_tag","embeddable":true,"href":"https:\/\/agradocosmetic.com\/pt\/wp-json\/wp\/v2\/tags?post=19603"}],"curies":[{"name":"wp","href":"https:\/\/api.w.org\/{rel}","templated":true}]}}