{"id":19837,"date":"2022-07-11T08:02:09","date_gmt":"2022-07-11T07:02:09","guid":{"rendered":"https:\/\/www.agradocosmetic.com\/?p=19837"},"modified":"2023-11-18T16:58:50","modified_gmt":"2023-11-18T16:58:50","slug":"la-forma-mas-facil-de-proteger-a-tus-hijos-del-sol","status":"publish","type":"post","link":"https:\/\/agradocosmetic.com\/pt\/la-forma-mas-facil-de-proteger-a-tus-hijos-del-sol\/","title":{"rendered":"A maneira mais f\u00e1cil de proteger seus filhos do sol"},"content":{"rendered":"<p>Quando se trata de prote\u00e7\u00e3o solar, as crian\u00e7as requerem aten\u00e7\u00e3o especial. Sua pele \u00e9 mais fina e sens\u00edvel que a dos adultos, o que a torna mais propensa a danos. A isto devemos acrescentar que durante o ver\u00e3o passam longas horas brincando ao sol. Como podemos cuidar da sua pele? Neste post explicamos qual \u00e9 a maneira mais f\u00e1cil de proteger seus filhos do sol. Anote!\u00a0<\/p>\r\n\r\n\r\n\r\n<p>Durante as f\u00e9rias, as crian\u00e7as passam a maior parte do tempo brincando ao ar livre, nos parques, na praia ou na piscina, ou seja, expostas ao sol. Para que os seus filhos possam passar o ver\u00e3o em paz e sem que o sol seja um problema, damos-lhe uma s\u00e9rie de recomenda\u00e7\u00f5es que o ajudar\u00e3o a proteger a sua pele.\u00a0<\/p>\r\n\r\n\r\n\r\n<p>Em primeiro lugar, <strong>O mais importante \u00e9 ter o protetor solar mais adequado<\/strong>, aquele que garante que sua pele ficar\u00e1 cuidada e n\u00e3o ficar\u00e1 vermelha ou queimada. O <a href=\"https:\/\/agradocosmetic.com\/pt\/producto\/locion-solar-kids-pieles-sensibles-spf50\/\">Lo\u00e7\u00e3o solar KIDS para pele sens\u00edvel FPS50+ da AGRADO<\/a> Oferece prote\u00e7\u00e3o eficaz contra queimaduras solares e envelhecimento prematuro da pele. Com um SFP muito elevado, \u00e9 ideal para proteger a pele dos mais pequenos, mesmo na \u00e1gua! Al\u00e9m disso, seu formato spray permite uma aplica\u00e7\u00e3o confort\u00e1vel e de f\u00e1cil absor\u00e7\u00e3o. Vai se tornar o favorito dos seus pequenos!\u00a0<\/p>\r\n\r\n\r\n\r\n<p>Por outro lado, temos que estar conscientes <strong>como aplicar o protetor solar corretamente para que seja eficaz 100%<\/strong>. Deve-se aplic\u00e1-lo pelo menos meia hora antes da exposi\u00e7\u00e3o solar para que a pele o absorva totalmente e funcione como camada protetora. Al\u00e9m disso, deve-se espalhar uma camada abundante e homog\u00eanea por todo o corpo sem esquecer algumas \u00e1reas como orelhas, pesco\u00e7o, axilas ou p\u00e9s. E quando reaplicar? A cada hora e meia ou duas horas \u00e9 necess\u00e1rio aplicar novamente o protetor para refor\u00e7ar seu efeito. Se voc\u00ea ainda n\u00e3o experimentou, recomendamos o <a href=\"https:\/\/agradocosmetic.com\/pt\/producto\/bruma-solar-kids-pieles-sensibles-spf50-2\/\">KIDS Sun Mist para pele sens\u00edvel FPS50+ da AGRADO.<\/a> Este protetor em formato spray \u00e9 formulado para alta prote\u00e7\u00e3o contra infravermelho e gra\u00e7as ao seu teor de vitamina E proporciona \u00f3tima hidrata\u00e7\u00e3o aos mais pequenos. A sua r\u00e1pida absor\u00e7\u00e3o e f\u00e1cil aplica\u00e7\u00e3o tornam-no indispens\u00e1vel nas suas escapadelas de ver\u00e3o. Seus filhos v\u00e3o adorar!\u00a0<\/p>\r\n\r\n\r\n\r\n<p>Finalmente, <strong>Ap\u00f3s a exposi\u00e7\u00e3o solar, a pele dos nossos filhos tem que voltar \u00e0 calma<\/strong>. Para isso, voc\u00ea pode aplicar um p\u00f3s-sol que ajuda a reidratar a derme. Como ele <a href=\"https:\/\/agradocosmetic.com\/pt\/producto\/after-sun-hidragel-aloe-vera\/\">P\u00f3s-sol Hidragel Aloe Vera<\/a> como ele <a href=\"https:\/\/agradocosmetic.com\/pt\/producto\/after-sun-locion-hidrocalmante-aerosol\/\">Lo\u00e7\u00e3o Hidrocalmante P\u00f3s-sol da AGRADO<\/a> S\u00e3o a op\u00e7\u00e3o perfeita depois de um banho de sol. Ambos proporcionam um efeito refrescante e ajudam a aliviar a irrita\u00e7\u00e3o e a coceira. Gra\u00e7as \u00e0 sua f\u00f3rmula, a pele dos seus filhos sentir\u00e1 um al\u00edvio imediato. Frescura e hidrata\u00e7\u00e3o instant\u00e2neas!<\/p>\r\n\r\n\r\n\r\n<p>Seguindo todas essas dicas, seus filhos poder\u00e3o aproveitar ao m\u00e1ximo o ver\u00e3o com a pele protegida. AGRADO acompanha voc\u00ea em todos os seus planos!<\/p>","protected":false},"excerpt":{"rendered":"<p>Cuando se trata de protecci\u00f3n solar, los ni\u00f1os requieren especial atenci\u00f3n. Su piel es m\u00e1s delgada y m\u00e1s sensible que la de los adultos, por lo que es m\u00e1s propensa a sufrir da\u00f1os. A esto hay que sumarle que durante el verano pasan largas horas jugando bajo el sol. \u00bfC\u00f3mo podemos cuidar de su piel? [&hellip;]<\/p>\n","protected":false},"author":9,"featured_media":21271,"comment_status":"open","ping_status":"closed","sticky":false,"template":"","format":"standard","meta":{"footnotes":"","_wp_rev_ctl_limit":""},"categories":[116,1],"tags":[289,317,412,229],"class_list":["post-19837","post","type-post","status-publish","format-standard","has-post-thumbnail","hentry","category-solar","category-todos","tag-cuidado-de-la-piel","tag-proteccion-solar","tag-proteccion-solar-ninos","tag-solares"],"yoast_head":"<!-- This site is optimized with the Yoast SEO plugin v27.4 - https:\/\/yoast.com\/product\/yoast-seo-wordpress\/ -->\n<title>La forma m\u00e1s f\u00e1cil de proteger a tus hijos del sol - Agrado<\/title>\n<meta name=\"description\" content=\"\u00a1Proteger a tus hijos del sol es muy sencillo con los productos adecuados y la t\u00e9cnica correcta! Te contamos c\u00f3mo hacerlo. \ud83d\ude09\" \/>\n<meta name=\"robots\" content=\"index, follow, max-snippet:-1, max-image-preview:large, max-video-preview:-1\" \/>\n<link rel=\"canonical\" href=\"https:\/\/agradocosmetic.com\/pt\/la-forma-mas-facil-de-proteger-a-tus-hijos-del-sol\/\" \/>\n<meta property=\"og:locale\" content=\"pt_PT\" \/>\n<meta property=\"og:type\" content=\"article\" \/>\n<meta property=\"og:title\" content=\"La forma m\u00e1s f\u00e1cil de proteger a tus hijos del sol - Agrado\" \/>\n<meta property=\"og:description\" content=\"\u00a1Proteger a tus hijos del sol es muy sencillo con los productos adecuados y la t\u00e9cnica correcta! Te contamos c\u00f3mo hacerlo. \ud83d\ude09\" \/>\n<meta property=\"og:url\" content=\"https:\/\/agradocosmetic.com\/pt\/la-forma-mas-facil-de-proteger-a-tus-hijos-del-sol\/\" \/>\n<meta property=\"og:site_name\" content=\"Agrado\" \/>\n<meta property=\"article:published_time\" content=\"2022-07-11T07:02:09+00:00\" \/>\n<meta property=\"article:modified_time\" content=\"2023-11-18T16:58:50+00:00\" \/>\n<meta property=\"og:image\" content=\"https:\/\/agradocosmetic.com\/wp-content\/uploads\/2022\/07\/proteger-a-tus-hijos-del-sol-agrado.jpg\" \/>\n\t<meta property=\"og:image:width\" content=\"1200\" \/>\n\t<meta property=\"og:image:height\" content=\"800\" \/>\n\t<meta property=\"og:image:type\" content=\"image\/jpeg\" \/>\n<meta name=\"author\" content=\"agradocosmetic\" \/>\n<meta name=\"twitter:card\" content=\"summary_large_image\" \/>\n<meta name=\"twitter:label1\" content=\"Escrito por\" \/>\n\t<meta name=\"twitter:data1\" content=\"agradocosmetic\" \/>\n\t<meta name=\"twitter:label2\" content=\"Tempo estimado de leitura\" \/>\n\t<meta name=\"twitter:data2\" content=\"3 minutos\" \/>\n<script type=\"application\/ld+json\" class=\"yoast-schema-graph\">{\"@context\":\"https:\\\/\\\/schema.org\",\"@graph\":[{\"@type\":\"Article\",\"@id\":\"https:\\\/\\\/agradocosmetic.com\\\/la-forma-mas-facil-de-proteger-a-tus-hijos-del-sol\\\/#article\",\"isPartOf\":{\"@id\":\"https:\\\/\\\/agradocosmetic.com\\\/la-forma-mas-facil-de-proteger-a-tus-hijos-del-sol\\\/\"},\"author\":{\"name\":\"agradocosmetic\",\"@id\":\"https:\\\/\\\/agradocosmetic.com\\\/#\\\/schema\\\/person\\\/732e8d396022e25f9340196f83d6789d\"},\"headline\":\"La forma m\u00e1s f\u00e1cil de proteger a tus hijos del sol\",\"datePublished\":\"2022-07-11T07:02:09+00:00\",\"dateModified\":\"2023-11-18T16:58:50+00:00\",\"mainEntityOfPage\":{\"@id\":\"https:\\\/\\\/agradocosmetic.com\\\/la-forma-mas-facil-de-proteger-a-tus-hijos-del-sol\\\/\"},\"wordCount\":560,\"commentCount\":0,\"publisher\":{\"@id\":\"https:\\\/\\\/agradocosmetic.com\\\/#organization\"},\"image\":{\"@id\":\"https:\\\/\\\/agradocosmetic.com\\\/la-forma-mas-facil-de-proteger-a-tus-hijos-del-sol\\\/#primaryimage\"},\"thumbnailUrl\":\"https:\\\/\\\/agradocosmetic.com\\\/wp-content\\\/uploads\\\/2022\\\/07\\\/proteger-a-tus-hijos-del-sol-agrado.jpg\",\"keywords\":[\"cuidado de la piel\",\"proteccion solar\",\"protecci\u00f3n solar ni\u00f1os\",\"solares\"],\"articleSection\":[\"Solar\",\"Todos\"],\"inLanguage\":\"pt-PT\",\"potentialAction\":[{\"@type\":\"CommentAction\",\"name\":\"Comment\",\"target\":[\"https:\\\/\\\/agradocosmetic.com\\\/la-forma-mas-facil-de-proteger-a-tus-hijos-del-sol\\\/#respond\"]}]},{\"@type\":\"WebPage\",\"@id\":\"https:\\\/\\\/agradocosmetic.com\\\/la-forma-mas-facil-de-proteger-a-tus-hijos-del-sol\\\/\",\"url\":\"https:\\\/\\\/agradocosmetic.com\\\/la-forma-mas-facil-de-proteger-a-tus-hijos-del-sol\\\/\",\"name\":\"La forma m\u00e1s f\u00e1cil de proteger a tus hijos del sol - Agrado\",\"isPartOf\":{\"@id\":\"https:\\\/\\\/agradocosmetic.com\\\/#website\"},\"primaryImageOfPage\":{\"@id\":\"https:\\\/\\\/agradocosmetic.com\\\/la-forma-mas-facil-de-proteger-a-tus-hijos-del-sol\\\/#primaryimage\"},\"image\":{\"@id\":\"https:\\\/\\\/agradocosmetic.com\\\/la-forma-mas-facil-de-proteger-a-tus-hijos-del-sol\\\/#primaryimage\"},\"thumbnailUrl\":\"https:\\\/\\\/agradocosmetic.com\\\/wp-content\\\/uploads\\\/2022\\\/07\\\/proteger-a-tus-hijos-del-sol-agrado.jpg\",\"datePublished\":\"2022-07-11T07:02:09+00:00\",\"dateModified\":\"2023-11-18T16:58:50+00:00\",\"description\":\"\u00a1Proteger a tus hijos del sol es muy sencillo con los productos adecuados y la t\u00e9cnica correcta! Te contamos c\u00f3mo hacerlo. \ud83d\ude09\",\"breadcrumb\":{\"@id\":\"https:\\\/\\\/agradocosmetic.com\\\/la-forma-mas-facil-de-proteger-a-tus-hijos-del-sol\\\/#breadcrumb\"},\"inLanguage\":\"pt-PT\",\"potentialAction\":[{\"@type\":\"ReadAction\",\"target\":[\"https:\\\/\\\/agradocosmetic.com\\\/la-forma-mas-facil-de-proteger-a-tus-hijos-del-sol\\\/\"]}]},{\"@type\":\"ImageObject\",\"inLanguage\":\"pt-PT\",\"@id\":\"https:\\\/\\\/agradocosmetic.com\\\/la-forma-mas-facil-de-proteger-a-tus-hijos-del-sol\\\/#primaryimage\",\"url\":\"https:\\\/\\\/agradocosmetic.com\\\/wp-content\\\/uploads\\\/2022\\\/07\\\/proteger-a-tus-hijos-del-sol-agrado.jpg\",\"contentUrl\":\"https:\\\/\\\/agradocosmetic.com\\\/wp-content\\\/uploads\\\/2022\\\/07\\\/proteger-a-tus-hijos-del-sol-agrado.jpg\",\"width\":1200,\"height\":800},{\"@type\":\"BreadcrumbList\",\"@id\":\"https:\\\/\\\/agradocosmetic.com\\\/la-forma-mas-facil-de-proteger-a-tus-hijos-del-sol\\\/#breadcrumb\",\"itemListElement\":[{\"@type\":\"ListItem\",\"position\":1,\"name\":\"Portada\",\"item\":\"https:\\\/\\\/agradocosmetic.com\\\/\"},{\"@type\":\"ListItem\",\"position\":2,\"name\":\"La forma m\u00e1s f\u00e1cil de proteger a tus hijos del sol\"}]},{\"@type\":\"WebSite\",\"@id\":\"https:\\\/\\\/agradocosmetic.com\\\/#website\",\"url\":\"https:\\\/\\\/agradocosmetic.com\\\/\",\"name\":\"Agrado\",\"description\":\"Cosmetic\",\"publisher\":{\"@id\":\"https:\\\/\\\/agradocosmetic.com\\\/#organization\"},\"potentialAction\":[{\"@type\":\"SearchAction\",\"target\":{\"@type\":\"EntryPoint\",\"urlTemplate\":\"https:\\\/\\\/agradocosmetic.com\\\/?s={search_term_string}\"},\"query-input\":{\"@type\":\"PropertyValueSpecification\",\"valueRequired\":true,\"valueName\":\"search_term_string\"}}],\"inLanguage\":\"pt-PT\"},{\"@type\":\"Organization\",\"@id\":\"https:\\\/\\\/agradocosmetic.com\\\/#organization\",\"name\":\"Agrado\",\"url\":\"https:\\\/\\\/agradocosmetic.com\\\/\",\"logo\":{\"@type\":\"ImageObject\",\"inLanguage\":\"pt-PT\",\"@id\":\"https:\\\/\\\/agradocosmetic.com\\\/#\\\/schema\\\/logo\\\/image\\\/\",\"url\":\"https:\\\/\\\/agradocosmetic.com\\\/wp-content\\\/uploads\\\/2023\\\/07\\\/LOGO-AGRADO-WEB-01.png\",\"contentUrl\":\"https:\\\/\\\/agradocosmetic.com\\\/wp-content\\\/uploads\\\/2023\\\/07\\\/LOGO-AGRADO-WEB-01.png\",\"width\":1632,\"height\":300,\"caption\":\"Agrado\"},\"image\":{\"@id\":\"https:\\\/\\\/agradocosmetic.com\\\/#\\\/schema\\\/logo\\\/image\\\/\"}},{\"@type\":\"Person\",\"@id\":\"https:\\\/\\\/agradocosmetic.com\\\/#\\\/schema\\\/person\\\/732e8d396022e25f9340196f83d6789d\",\"name\":\"agradocosmetic\",\"image\":{\"@type\":\"ImageObject\",\"inLanguage\":\"pt-PT\",\"@id\":\"https:\\\/\\\/secure.gravatar.com\\\/avatar\\\/c6003e45301182b7e125463fcbec403b1980909c12edf09098526b9a15e779c0?s=96&d=mm&r=g\",\"url\":\"https:\\\/\\\/secure.gravatar.com\\\/avatar\\\/c6003e45301182b7e125463fcbec403b1980909c12edf09098526b9a15e779c0?s=96&d=mm&r=g\",\"contentUrl\":\"https:\\\/\\\/secure.gravatar.com\\\/avatar\\\/c6003e45301182b7e125463fcbec403b1980909c12edf09098526b9a15e779c0?s=96&d=mm&r=g\",\"caption\":\"agradocosmetic\"}}]}<\/script>\n<!-- \/ Yoast SEO plugin. -->","yoast_head_json":{"title":"La forma m\u00e1s f\u00e1cil de proteger a tus hijos del sol - Agrado","description":"\u00a1Proteger a tus hijos del sol es muy sencillo con los productos adecuados y la t\u00e9cnica correcta! Te contamos c\u00f3mo hacerlo. \ud83d\ude09","robots":{"index":"index","follow":"follow","max-snippet":"max-snippet:-1","max-image-preview":"max-image-preview:large","max-video-preview":"max-video-preview:-1"},"canonical":"https:\/\/agradocosmetic.com\/pt\/la-forma-mas-facil-de-proteger-a-tus-hijos-del-sol\/","og_locale":"pt_PT","og_type":"article","og_title":"La forma m\u00e1s f\u00e1cil de proteger a tus hijos del sol - Agrado","og_description":"\u00a1Proteger a tus hijos del sol es muy sencillo con los productos adecuados y la t\u00e9cnica correcta! Te contamos c\u00f3mo hacerlo. \ud83d\ude09","og_url":"https:\/\/agradocosmetic.com\/pt\/la-forma-mas-facil-de-proteger-a-tus-hijos-del-sol\/","og_site_name":"Agrado","article_published_time":"2022-07-11T07:02:09+00:00","article_modified_time":"2023-11-18T16:58:50+00:00","og_image":[{"width":1200,"height":800,"url":"https:\/\/agradocosmetic.com\/wp-content\/uploads\/2022\/07\/proteger-a-tus-hijos-del-sol-agrado.jpg","type":"image\/jpeg"}],"author":"agradocosmetic","twitter_card":"summary_large_image","twitter_misc":{"Escrito por":"agradocosmetic","Tempo estimado de leitura":"3 minutos"},"schema":{"@context":"https:\/\/schema.org","@graph":[{"@type":"Article","@id":"https:\/\/agradocosmetic.com\/la-forma-mas-facil-de-proteger-a-tus-hijos-del-sol\/#article","isPartOf":{"@id":"https:\/\/agradocosmetic.com\/la-forma-mas-facil-de-proteger-a-tus-hijos-del-sol\/"},"author":{"name":"agradocosmetic","@id":"https:\/\/agradocosmetic.com\/#\/schema\/person\/732e8d396022e25f9340196f83d6789d"},"headline":"La forma m\u00e1s f\u00e1cil de proteger a tus hijos del sol","datePublished":"2022-07-11T07:02:09+00:00","dateModified":"2023-11-18T16:58:50+00:00","mainEntityOfPage":{"@id":"https:\/\/agradocosmetic.com\/la-forma-mas-facil-de-proteger-a-tus-hijos-del-sol\/"},"wordCount":560,"commentCount":0,"publisher":{"@id":"https:\/\/agradocosmetic.com\/#organization"},"image":{"@id":"https:\/\/agradocosmetic.com\/la-forma-mas-facil-de-proteger-a-tus-hijos-del-sol\/#primaryimage"},"thumbnailUrl":"https:\/\/agradocosmetic.com\/wp-content\/uploads\/2022\/07\/proteger-a-tus-hijos-del-sol-agrado.jpg","keywords":["cuidado de la piel","proteccion solar","protecci\u00f3n solar ni\u00f1os","solares"],"articleSection":["Solar","Todos"],"inLanguage":"pt-PT","potentialAction":[{"@type":"CommentAction","name":"Comment","target":["https:\/\/agradocosmetic.com\/la-forma-mas-facil-de-proteger-a-tus-hijos-del-sol\/#respond"]}]},{"@type":"WebPage","@id":"https:\/\/agradocosmetic.com\/la-forma-mas-facil-de-proteger-a-tus-hijos-del-sol\/","url":"https:\/\/agradocosmetic.com\/la-forma-mas-facil-de-proteger-a-tus-hijos-del-sol\/","name":"La forma m\u00e1s f\u00e1cil de proteger a tus hijos del sol - Agrado","isPartOf":{"@id":"https:\/\/agradocosmetic.com\/#website"},"primaryImageOfPage":{"@id":"https:\/\/agradocosmetic.com\/la-forma-mas-facil-de-proteger-a-tus-hijos-del-sol\/#primaryimage"},"image":{"@id":"https:\/\/agradocosmetic.com\/la-forma-mas-facil-de-proteger-a-tus-hijos-del-sol\/#primaryimage"},"thumbnailUrl":"https:\/\/agradocosmetic.com\/wp-content\/uploads\/2022\/07\/proteger-a-tus-hijos-del-sol-agrado.jpg","datePublished":"2022-07-11T07:02:09+00:00","dateModified":"2023-11-18T16:58:50+00:00","description":"\u00a1Proteger a tus hijos del sol es muy sencillo con los productos adecuados y la t\u00e9cnica correcta! Te contamos c\u00f3mo hacerlo. \ud83d\ude09","breadcrumb":{"@id":"https:\/\/agradocosmetic.com\/la-forma-mas-facil-de-proteger-a-tus-hijos-del-sol\/#breadcrumb"},"inLanguage":"pt-PT","potentialAction":[{"@type":"ReadAction","target":["https:\/\/agradocosmetic.com\/la-forma-mas-facil-de-proteger-a-tus-hijos-del-sol\/"]}]},{"@type":"ImageObject","inLanguage":"pt-PT","@id":"https:\/\/agradocosmetic.com\/la-forma-mas-facil-de-proteger-a-tus-hijos-del-sol\/#primaryimage","url":"https:\/\/agradocosmetic.com\/wp-content\/uploads\/2022\/07\/proteger-a-tus-hijos-del-sol-agrado.jpg","contentUrl":"https:\/\/agradocosmetic.com\/wp-content\/uploads\/2022\/07\/proteger-a-tus-hijos-del-sol-agrado.jpg","width":1200,"height":800},{"@type":"BreadcrumbList","@id":"https:\/\/agradocosmetic.com\/la-forma-mas-facil-de-proteger-a-tus-hijos-del-sol\/#breadcrumb","itemListElement":[{"@type":"ListItem","position":1,"name":"Portada","item":"https:\/\/agradocosmetic.com\/"},{"@type":"ListItem","position":2,"name":"La forma m\u00e1s f\u00e1cil de proteger a tus hijos del sol"}]},{"@type":"WebSite","@id":"https:\/\/agradocosmetic.com\/#website","url":"https:\/\/agradocosmetic.com\/","name":"Gosto","description":"Cosm\u00e9tico","publisher":{"@id":"https:\/\/agradocosmetic.com\/#organization"},"potentialAction":[{"@type":"SearchAction","target":{"@type":"EntryPoint","urlTemplate":"https:\/\/agradocosmetic.com\/?s={search_term_string}"},"query-input":{"@type":"PropertyValueSpecification","valueRequired":true,"valueName":"search_term_string"}}],"inLanguage":"pt-PT"},{"@type":"Organization","@id":"https:\/\/agradocosmetic.com\/#organization","name":"Gosto","url":"https:\/\/agradocosmetic.com\/","logo":{"@type":"ImageObject","inLanguage":"pt-PT","@id":"https:\/\/agradocosmetic.com\/#\/schema\/logo\/image\/","url":"https:\/\/agradocosmetic.com\/wp-content\/uploads\/2023\/07\/LOGO-AGRADO-WEB-01.png","contentUrl":"https:\/\/agradocosmetic.com\/wp-content\/uploads\/2023\/07\/LOGO-AGRADO-WEB-01.png","width":1632,"height":300,"caption":"Agrado"},"image":{"@id":"https:\/\/agradocosmetic.com\/#\/schema\/logo\/image\/"}},{"@type":"Person","@id":"https:\/\/agradocosmetic.com\/#\/schema\/person\/732e8d396022e25f9340196f83d6789d","name":"agradocosm\u00e9tico","image":{"@type":"ImageObject","inLanguage":"pt-PT","@id":"https:\/\/secure.gravatar.com\/avatar\/c6003e45301182b7e125463fcbec403b1980909c12edf09098526b9a15e779c0?s=96&d=mm&r=g","url":"https:\/\/secure.gravatar.com\/avatar\/c6003e45301182b7e125463fcbec403b1980909c12edf09098526b9a15e779c0?s=96&d=mm&r=g","contentUrl":"https:\/\/secure.gravatar.com\/avatar\/c6003e45301182b7e125463fcbec403b1980909c12edf09098526b9a15e779c0?s=96&d=mm&r=g","caption":"agradocosmetic"}}]}},"_links":{"self":[{"href":"https:\/\/agradocosmetic.com\/pt\/wp-json\/wp\/v2\/posts\/19837","targetHints":{"allow":["GET"]}}],"collection":[{"href":"https:\/\/agradocosmetic.com\/pt\/wp-json\/wp\/v2\/posts"}],"about":[{"href":"https:\/\/agradocosmetic.com\/pt\/wp-json\/wp\/v2\/types\/post"}],"author":[{"embeddable":true,"href":"https:\/\/agradocosmetic.com\/pt\/wp-json\/wp\/v2\/users\/9"}],"replies":[{"embeddable":true,"href":"https:\/\/agradocosmetic.com\/pt\/wp-json\/wp\/v2\/comments?post=19837"}],"version-history":[{"count":1,"href":"https:\/\/agradocosmetic.com\/pt\/wp-json\/wp\/v2\/posts\/19837\/revisions"}],"predecessor-version":[{"id":21272,"href":"https:\/\/agradocosmetic.com\/pt\/wp-json\/wp\/v2\/posts\/19837\/revisions\/21272"}],"wp:featuredmedia":[{"embeddable":true,"href":"https:\/\/agradocosmetic.com\/pt\/wp-json\/wp\/v2\/media\/21271"}],"wp:attachment":[{"href":"https:\/\/agradocosmetic.com\/pt\/wp-json\/wp\/v2\/media?parent=19837"}],"wp:term":[{"taxonomy":"category","embeddable":true,"href":"https:\/\/agradocosmetic.com\/pt\/wp-json\/wp\/v2\/categories?post=19837"},{"taxonomy":"post_tag","embeddable":true,"href":"https:\/\/agradocosmetic.com\/pt\/wp-json\/wp\/v2\/tags?post=19837"}],"curies":[{"name":"wp","href":"https:\/\/api.w.org\/{rel}","templated":true}]}}