{"id":19856,"date":"2022-07-21T11:13:10","date_gmt":"2022-07-21T10:13:10","guid":{"rendered":"https:\/\/www.agradocosmetic.com\/?p=19856"},"modified":"2023-11-18T16:58:50","modified_gmt":"2023-11-18T16:58:50","slug":"mousse-facial-solar-el-producto-que-necesitas-en-tu-neceser-este-verano","status":"publish","type":"post","link":"https:\/\/agradocosmetic.com\/pt\/mousse-facial-solar-el-producto-que-necesitas-en-tu-neceser-este-verano\/","title":{"rendered":"Mousse Facial Solar: o produto que voc\u00ea precisa na sua n\u00e9cessaire de ver\u00e3o"},"content":{"rendered":"<p>O uso de protetor solar \u00e9 obrigat\u00f3rio durante todo o ano, mas no ver\u00e3o deve ser dada \u00eanfase especial, j\u00e1 que a radia\u00e7\u00e3o solar \u00e9 muito mais potente e prejudicial. Os dermatologistas aconselham proteger a pele com fotoprotetores n\u00e3o s\u00f3 para evitar problemas de curto prazo, como queimaduras, mas tamb\u00e9m para evit\u00e1-los no futuro, como o aparecimento das temidas manchas na pele ou o desenvolvimento de doen\u00e7as. Para enfrentar o sol, <strong>Apresentamos-lhe a Mousse Facial Solar, o produto estrela que n\u00e3o pode faltar na sua n\u00e9cessaire neste ver\u00e3o.<\/strong>. Descobrir!<\/p>\r\n\r\n\r\n\r\n<p>O ver\u00e3o \u00e9 para se divertir: fazer longas caminhadas na praia, organizar uma escapadela e saborear um cocktail no seu bar de praia preferido. E mais um ano, o <a href=\"https:\/\/agradocosmetic.com\/pt\/producto\/mousse-facial-solar-spf50\/\">Mousse Facial Solar AGRADO<\/a> acompanha voc\u00ea em todos os seus planos. Porque proteger o rosto do sol n\u00e3o \u00e9 uma op\u00e7\u00e3o se quisermos evitar manchas e envelhecimento precoce. Este novo formato transforma-se num creme, com uma textura agrad\u00e1vel e n\u00e3o pegajosa, e um cheiro que nos transporta para uma id\u00edlica praia caribenha. <strong>O seu FPS 50+ torna-o no aliado perfeito para todos os tipos de pele, mesmo as mais sens\u00edveis.<\/strong>. Al\u00e9m disso, sua formula\u00e7\u00e3o proporciona uma grande dose de hidrata\u00e7\u00e3o antienvelhecimento e efeitos reparadores na pele. Ah, e quase esquecemos, \u00e9 \u00e0 prova d&#039;\u00e1gua! O que mais voc\u00ea poderia pedir? \ud83d\ude09<\/p>\r\n\r\n\r\n\r\n<p>Por outro lado, \u00e9 importante ressaltar que escolher um bom protetor solar \u00e9 t\u00e3o importante quanto saber aplic\u00e1-lo corretamente. A Mousse Facial Solar n\u00e3o tem mist\u00e9rio! Agite bem antes de usar e pressione o difusor, mantendo o recipiente na posi\u00e7\u00e3o vertical na m\u00e3o. <strong>Deposite uma quantidade equivalente a meia noz e espalhe por todo o rosto com uma massagem suave.<\/strong>. Cobre uniformemente toda a superf\u00edcie exposta ao sol, evitando olhos e l\u00e1bios. Lembre-se de aplicar 20 minutos antes da exposi\u00e7\u00e3o solar e o mais importante\u2026 Continue fazendo depois! A cada hora e meia ou duas horas, utilize novamente a Mousse Solar Facial para manter o n\u00edvel de prote\u00e7\u00e3o de forma eficaz. Sua pele vai agradecer!\u00a0<\/p>\r\n\r\n\r\n\r\n<p>Voc\u00ea j\u00e1 sabe tudo o que a Mousse Facial AGRADO pode fazer pela sua pele. Leve-o sempre na sua bolsa de higiene de ver\u00e3o e aproveite todos os seus planos com <a href=\"https:\/\/agradocosmetic.com\/pt\/\" target=\"_blank\" rel=\"noreferrer noopener\">Agrado Cosm\u00e9ticos<\/a>!<\/p>","protected":false},"excerpt":{"rendered":"<p>Usar protector solar es obligatorio durante todo el a\u00f1o, pero en la temporada estival hay que hacer especial hincapi\u00e9, ya que, la radiaci\u00f3n del sol es mucho m\u00e1s potente y da\u00f1ina. Los dermat\u00f3logos aconsejan proteger la piel con fotoprotectores no solo para evitar problemas a corto plazo, como las quemaduras, sino tambi\u00e9n para evitarlos en [&hellip;]<\/p>\n","protected":false},"author":9,"featured_media":21269,"comment_status":"open","ping_status":"closed","sticky":false,"template":"","format":"standard","meta":{"footnotes":"","_wp_rev_ctl_limit":""},"categories":[116,1],"tags":[289,413,414,415,229],"class_list":["post-19856","post","type-post","status-publish","format-standard","has-post-thumbnail","hentry","category-solar","category-todos","tag-cuidado-de-la-piel","tag-fotoprotector-facial","tag-mousse-facial-solar","tag-protector-solar-facial","tag-solares"],"yoast_head":"<!-- This site is optimized with the Yoast SEO plugin v27.4 - https:\/\/yoast.com\/product\/yoast-seo-wordpress\/ -->\n<title>Mousse Facial Solar: el producto que necesitas en tu neceser de verano - Agrado<\/title>\n<meta name=\"description\" content=\"Cuando descubres la Mousse Facial Solar, \u00a1nada se le iguala! Ll\u00e9vala contigo en tu neceser y protege tu piel del sol est\u00e9s d\u00f3nde est\u00e9s.\" \/>\n<meta name=\"robots\" content=\"index, follow, max-snippet:-1, max-image-preview:large, max-video-preview:-1\" \/>\n<link rel=\"canonical\" href=\"https:\/\/agradocosmetic.com\/pt\/mousse-facial-solar-el-producto-que-necesitas-en-tu-neceser-este-verano\/\" \/>\n<meta property=\"og:locale\" content=\"pt_PT\" \/>\n<meta property=\"og:type\" content=\"article\" \/>\n<meta property=\"og:title\" content=\"Mousse Facial Solar: el producto que necesitas en tu neceser de verano - Agrado\" \/>\n<meta property=\"og:description\" content=\"Cuando descubres la Mousse Facial Solar, \u00a1nada se le iguala! Ll\u00e9vala contigo en tu neceser y protege tu piel del sol est\u00e9s d\u00f3nde est\u00e9s.\" \/>\n<meta property=\"og:url\" content=\"https:\/\/agradocosmetic.com\/pt\/mousse-facial-solar-el-producto-que-necesitas-en-tu-neceser-este-verano\/\" \/>\n<meta property=\"og:site_name\" content=\"Agrado\" \/>\n<meta property=\"article:published_time\" content=\"2022-07-21T10:13:10+00:00\" \/>\n<meta property=\"article:modified_time\" content=\"2023-11-18T16:58:50+00:00\" \/>\n<meta property=\"og:image\" content=\"https:\/\/agradocosmetic.com\/wp-content\/uploads\/2022\/07\/Mousse-Facial-Solar-agrado.jpg\" \/>\n\t<meta property=\"og:image:width\" content=\"1200\" \/>\n\t<meta property=\"og:image:height\" content=\"800\" \/>\n\t<meta property=\"og:image:type\" content=\"image\/jpeg\" \/>\n<meta name=\"author\" content=\"agradocosmetic\" \/>\n<meta name=\"twitter:card\" content=\"summary_large_image\" \/>\n<meta name=\"twitter:label1\" content=\"Escrito por\" \/>\n\t<meta name=\"twitter:data1\" content=\"agradocosmetic\" \/>\n\t<meta name=\"twitter:label2\" content=\"Tempo estimado de leitura\" \/>\n\t<meta name=\"twitter:data2\" content=\"2 minutos\" \/>\n<script type=\"application\/ld+json\" class=\"yoast-schema-graph\">{\"@context\":\"https:\\\/\\\/schema.org\",\"@graph\":[{\"@type\":\"Article\",\"@id\":\"https:\\\/\\\/agradocosmetic.com\\\/mousse-facial-solar-el-producto-que-necesitas-en-tu-neceser-este-verano\\\/#article\",\"isPartOf\":{\"@id\":\"https:\\\/\\\/agradocosmetic.com\\\/mousse-facial-solar-el-producto-que-necesitas-en-tu-neceser-este-verano\\\/\"},\"author\":{\"name\":\"agradocosmetic\",\"@id\":\"https:\\\/\\\/agradocosmetic.com\\\/#\\\/schema\\\/person\\\/732e8d396022e25f9340196f83d6789d\"},\"headline\":\"Mousse Facial Solar: el producto que necesitas en tu neceser de verano\",\"datePublished\":\"2022-07-21T10:13:10+00:00\",\"dateModified\":\"2023-11-18T16:58:50+00:00\",\"mainEntityOfPage\":{\"@id\":\"https:\\\/\\\/agradocosmetic.com\\\/mousse-facial-solar-el-producto-que-necesitas-en-tu-neceser-este-verano\\\/\"},\"wordCount\":421,\"commentCount\":0,\"publisher\":{\"@id\":\"https:\\\/\\\/agradocosmetic.com\\\/#organization\"},\"image\":{\"@id\":\"https:\\\/\\\/agradocosmetic.com\\\/mousse-facial-solar-el-producto-que-necesitas-en-tu-neceser-este-verano\\\/#primaryimage\"},\"thumbnailUrl\":\"https:\\\/\\\/agradocosmetic.com\\\/wp-content\\\/uploads\\\/2022\\\/07\\\/Mousse-Facial-Solar-agrado.jpg\",\"keywords\":[\"cuidado de la piel\",\"fotoprotector facial\",\"mousse facial solar\",\"protector solar facial\",\"solares\"],\"articleSection\":[\"Solar\",\"Todos\"],\"inLanguage\":\"pt-PT\",\"potentialAction\":[{\"@type\":\"CommentAction\",\"name\":\"Comment\",\"target\":[\"https:\\\/\\\/agradocosmetic.com\\\/mousse-facial-solar-el-producto-que-necesitas-en-tu-neceser-este-verano\\\/#respond\"]}]},{\"@type\":\"WebPage\",\"@id\":\"https:\\\/\\\/agradocosmetic.com\\\/mousse-facial-solar-el-producto-que-necesitas-en-tu-neceser-este-verano\\\/\",\"url\":\"https:\\\/\\\/agradocosmetic.com\\\/mousse-facial-solar-el-producto-que-necesitas-en-tu-neceser-este-verano\\\/\",\"name\":\"Mousse Facial Solar: el producto que necesitas en tu neceser de verano - Agrado\",\"isPartOf\":{\"@id\":\"https:\\\/\\\/agradocosmetic.com\\\/#website\"},\"primaryImageOfPage\":{\"@id\":\"https:\\\/\\\/agradocosmetic.com\\\/mousse-facial-solar-el-producto-que-necesitas-en-tu-neceser-este-verano\\\/#primaryimage\"},\"image\":{\"@id\":\"https:\\\/\\\/agradocosmetic.com\\\/mousse-facial-solar-el-producto-que-necesitas-en-tu-neceser-este-verano\\\/#primaryimage\"},\"thumbnailUrl\":\"https:\\\/\\\/agradocosmetic.com\\\/wp-content\\\/uploads\\\/2022\\\/07\\\/Mousse-Facial-Solar-agrado.jpg\",\"datePublished\":\"2022-07-21T10:13:10+00:00\",\"dateModified\":\"2023-11-18T16:58:50+00:00\",\"description\":\"Cuando descubres la Mousse Facial Solar, \u00a1nada se le iguala! Ll\u00e9vala contigo en tu neceser y protege tu piel del sol est\u00e9s d\u00f3nde est\u00e9s.\",\"breadcrumb\":{\"@id\":\"https:\\\/\\\/agradocosmetic.com\\\/mousse-facial-solar-el-producto-que-necesitas-en-tu-neceser-este-verano\\\/#breadcrumb\"},\"inLanguage\":\"pt-PT\",\"potentialAction\":[{\"@type\":\"ReadAction\",\"target\":[\"https:\\\/\\\/agradocosmetic.com\\\/mousse-facial-solar-el-producto-que-necesitas-en-tu-neceser-este-verano\\\/\"]}]},{\"@type\":\"ImageObject\",\"inLanguage\":\"pt-PT\",\"@id\":\"https:\\\/\\\/agradocosmetic.com\\\/mousse-facial-solar-el-producto-que-necesitas-en-tu-neceser-este-verano\\\/#primaryimage\",\"url\":\"https:\\\/\\\/agradocosmetic.com\\\/wp-content\\\/uploads\\\/2022\\\/07\\\/Mousse-Facial-Solar-agrado.jpg\",\"contentUrl\":\"https:\\\/\\\/agradocosmetic.com\\\/wp-content\\\/uploads\\\/2022\\\/07\\\/Mousse-Facial-Solar-agrado.jpg\",\"width\":1200,\"height\":800},{\"@type\":\"BreadcrumbList\",\"@id\":\"https:\\\/\\\/agradocosmetic.com\\\/mousse-facial-solar-el-producto-que-necesitas-en-tu-neceser-este-verano\\\/#breadcrumb\",\"itemListElement\":[{\"@type\":\"ListItem\",\"position\":1,\"name\":\"Portada\",\"item\":\"https:\\\/\\\/agradocosmetic.com\\\/\"},{\"@type\":\"ListItem\",\"position\":2,\"name\":\"Mousse Facial Solar: el producto que necesitas en tu neceser de verano\"}]},{\"@type\":\"WebSite\",\"@id\":\"https:\\\/\\\/agradocosmetic.com\\\/#website\",\"url\":\"https:\\\/\\\/agradocosmetic.com\\\/\",\"name\":\"Agrado\",\"description\":\"Cosmetic\",\"publisher\":{\"@id\":\"https:\\\/\\\/agradocosmetic.com\\\/#organization\"},\"potentialAction\":[{\"@type\":\"SearchAction\",\"target\":{\"@type\":\"EntryPoint\",\"urlTemplate\":\"https:\\\/\\\/agradocosmetic.com\\\/?s={search_term_string}\"},\"query-input\":{\"@type\":\"PropertyValueSpecification\",\"valueRequired\":true,\"valueName\":\"search_term_string\"}}],\"inLanguage\":\"pt-PT\"},{\"@type\":\"Organization\",\"@id\":\"https:\\\/\\\/agradocosmetic.com\\\/#organization\",\"name\":\"Agrado\",\"url\":\"https:\\\/\\\/agradocosmetic.com\\\/\",\"logo\":{\"@type\":\"ImageObject\",\"inLanguage\":\"pt-PT\",\"@id\":\"https:\\\/\\\/agradocosmetic.com\\\/#\\\/schema\\\/logo\\\/image\\\/\",\"url\":\"https:\\\/\\\/agradocosmetic.com\\\/wp-content\\\/uploads\\\/2023\\\/07\\\/LOGO-AGRADO-WEB-01.png\",\"contentUrl\":\"https:\\\/\\\/agradocosmetic.com\\\/wp-content\\\/uploads\\\/2023\\\/07\\\/LOGO-AGRADO-WEB-01.png\",\"width\":1632,\"height\":300,\"caption\":\"Agrado\"},\"image\":{\"@id\":\"https:\\\/\\\/agradocosmetic.com\\\/#\\\/schema\\\/logo\\\/image\\\/\"}},{\"@type\":\"Person\",\"@id\":\"https:\\\/\\\/agradocosmetic.com\\\/#\\\/schema\\\/person\\\/732e8d396022e25f9340196f83d6789d\",\"name\":\"agradocosmetic\",\"image\":{\"@type\":\"ImageObject\",\"inLanguage\":\"pt-PT\",\"@id\":\"https:\\\/\\\/secure.gravatar.com\\\/avatar\\\/c6003e45301182b7e125463fcbec403b1980909c12edf09098526b9a15e779c0?s=96&d=mm&r=g\",\"url\":\"https:\\\/\\\/secure.gravatar.com\\\/avatar\\\/c6003e45301182b7e125463fcbec403b1980909c12edf09098526b9a15e779c0?s=96&d=mm&r=g\",\"contentUrl\":\"https:\\\/\\\/secure.gravatar.com\\\/avatar\\\/c6003e45301182b7e125463fcbec403b1980909c12edf09098526b9a15e779c0?s=96&d=mm&r=g\",\"caption\":\"agradocosmetic\"}}]}<\/script>\n<!-- \/ Yoast SEO plugin. -->","yoast_head_json":{"title":"Mousse Facial Solar: el producto que necesitas en tu neceser de verano - Agrado","description":"Cuando descubres la Mousse Facial Solar, \u00a1nada se le iguala! Ll\u00e9vala contigo en tu neceser y protege tu piel del sol est\u00e9s d\u00f3nde est\u00e9s.","robots":{"index":"index","follow":"follow","max-snippet":"max-snippet:-1","max-image-preview":"max-image-preview:large","max-video-preview":"max-video-preview:-1"},"canonical":"https:\/\/agradocosmetic.com\/pt\/mousse-facial-solar-el-producto-que-necesitas-en-tu-neceser-este-verano\/","og_locale":"pt_PT","og_type":"article","og_title":"Mousse Facial Solar: el producto que necesitas en tu neceser de verano - Agrado","og_description":"Cuando descubres la Mousse Facial Solar, \u00a1nada se le iguala! Ll\u00e9vala contigo en tu neceser y protege tu piel del sol est\u00e9s d\u00f3nde est\u00e9s.","og_url":"https:\/\/agradocosmetic.com\/pt\/mousse-facial-solar-el-producto-que-necesitas-en-tu-neceser-este-verano\/","og_site_name":"Agrado","article_published_time":"2022-07-21T10:13:10+00:00","article_modified_time":"2023-11-18T16:58:50+00:00","og_image":[{"width":1200,"height":800,"url":"https:\/\/agradocosmetic.com\/wp-content\/uploads\/2022\/07\/Mousse-Facial-Solar-agrado.jpg","type":"image\/jpeg"}],"author":"agradocosmetic","twitter_card":"summary_large_image","twitter_misc":{"Escrito por":"agradocosmetic","Tempo estimado de leitura":"2 minutos"},"schema":{"@context":"https:\/\/schema.org","@graph":[{"@type":"Article","@id":"https:\/\/agradocosmetic.com\/mousse-facial-solar-el-producto-que-necesitas-en-tu-neceser-este-verano\/#article","isPartOf":{"@id":"https:\/\/agradocosmetic.com\/mousse-facial-solar-el-producto-que-necesitas-en-tu-neceser-este-verano\/"},"author":{"name":"agradocosmetic","@id":"https:\/\/agradocosmetic.com\/#\/schema\/person\/732e8d396022e25f9340196f83d6789d"},"headline":"Mousse Facial Solar: el producto que necesitas en tu neceser de verano","datePublished":"2022-07-21T10:13:10+00:00","dateModified":"2023-11-18T16:58:50+00:00","mainEntityOfPage":{"@id":"https:\/\/agradocosmetic.com\/mousse-facial-solar-el-producto-que-necesitas-en-tu-neceser-este-verano\/"},"wordCount":421,"commentCount":0,"publisher":{"@id":"https:\/\/agradocosmetic.com\/#organization"},"image":{"@id":"https:\/\/agradocosmetic.com\/mousse-facial-solar-el-producto-que-necesitas-en-tu-neceser-este-verano\/#primaryimage"},"thumbnailUrl":"https:\/\/agradocosmetic.com\/wp-content\/uploads\/2022\/07\/Mousse-Facial-Solar-agrado.jpg","keywords":["cuidado de la piel","fotoprotector facial","mousse facial solar","protector solar facial","solares"],"articleSection":["Solar","Todos"],"inLanguage":"pt-PT","potentialAction":[{"@type":"CommentAction","name":"Comment","target":["https:\/\/agradocosmetic.com\/mousse-facial-solar-el-producto-que-necesitas-en-tu-neceser-este-verano\/#respond"]}]},{"@type":"WebPage","@id":"https:\/\/agradocosmetic.com\/mousse-facial-solar-el-producto-que-necesitas-en-tu-neceser-este-verano\/","url":"https:\/\/agradocosmetic.com\/mousse-facial-solar-el-producto-que-necesitas-en-tu-neceser-este-verano\/","name":"Mousse Facial Solar: el producto que necesitas en tu neceser de verano - Agrado","isPartOf":{"@id":"https:\/\/agradocosmetic.com\/#website"},"primaryImageOfPage":{"@id":"https:\/\/agradocosmetic.com\/mousse-facial-solar-el-producto-que-necesitas-en-tu-neceser-este-verano\/#primaryimage"},"image":{"@id":"https:\/\/agradocosmetic.com\/mousse-facial-solar-el-producto-que-necesitas-en-tu-neceser-este-verano\/#primaryimage"},"thumbnailUrl":"https:\/\/agradocosmetic.com\/wp-content\/uploads\/2022\/07\/Mousse-Facial-Solar-agrado.jpg","datePublished":"2022-07-21T10:13:10+00:00","dateModified":"2023-11-18T16:58:50+00:00","description":"Cuando descubres la Mousse Facial Solar, \u00a1nada se le iguala! Ll\u00e9vala contigo en tu neceser y protege tu piel del sol est\u00e9s d\u00f3nde est\u00e9s.","breadcrumb":{"@id":"https:\/\/agradocosmetic.com\/mousse-facial-solar-el-producto-que-necesitas-en-tu-neceser-este-verano\/#breadcrumb"},"inLanguage":"pt-PT","potentialAction":[{"@type":"ReadAction","target":["https:\/\/agradocosmetic.com\/mousse-facial-solar-el-producto-que-necesitas-en-tu-neceser-este-verano\/"]}]},{"@type":"ImageObject","inLanguage":"pt-PT","@id":"https:\/\/agradocosmetic.com\/mousse-facial-solar-el-producto-que-necesitas-en-tu-neceser-este-verano\/#primaryimage","url":"https:\/\/agradocosmetic.com\/wp-content\/uploads\/2022\/07\/Mousse-Facial-Solar-agrado.jpg","contentUrl":"https:\/\/agradocosmetic.com\/wp-content\/uploads\/2022\/07\/Mousse-Facial-Solar-agrado.jpg","width":1200,"height":800},{"@type":"BreadcrumbList","@id":"https:\/\/agradocosmetic.com\/mousse-facial-solar-el-producto-que-necesitas-en-tu-neceser-este-verano\/#breadcrumb","itemListElement":[{"@type":"ListItem","position":1,"name":"Portada","item":"https:\/\/agradocosmetic.com\/"},{"@type":"ListItem","position":2,"name":"Mousse Facial Solar: el producto que necesitas en tu neceser de verano"}]},{"@type":"WebSite","@id":"https:\/\/agradocosmetic.com\/#website","url":"https:\/\/agradocosmetic.com\/","name":"Gosto","description":"Cosm\u00e9tico","publisher":{"@id":"https:\/\/agradocosmetic.com\/#organization"},"potentialAction":[{"@type":"SearchAction","target":{"@type":"EntryPoint","urlTemplate":"https:\/\/agradocosmetic.com\/?s={search_term_string}"},"query-input":{"@type":"PropertyValueSpecification","valueRequired":true,"valueName":"search_term_string"}}],"inLanguage":"pt-PT"},{"@type":"Organization","@id":"https:\/\/agradocosmetic.com\/#organization","name":"Gosto","url":"https:\/\/agradocosmetic.com\/","logo":{"@type":"ImageObject","inLanguage":"pt-PT","@id":"https:\/\/agradocosmetic.com\/#\/schema\/logo\/image\/","url":"https:\/\/agradocosmetic.com\/wp-content\/uploads\/2023\/07\/LOGO-AGRADO-WEB-01.png","contentUrl":"https:\/\/agradocosmetic.com\/wp-content\/uploads\/2023\/07\/LOGO-AGRADO-WEB-01.png","width":1632,"height":300,"caption":"Agrado"},"image":{"@id":"https:\/\/agradocosmetic.com\/#\/schema\/logo\/image\/"}},{"@type":"Person","@id":"https:\/\/agradocosmetic.com\/#\/schema\/person\/732e8d396022e25f9340196f83d6789d","name":"agradocosm\u00e9tico","image":{"@type":"ImageObject","inLanguage":"pt-PT","@id":"https:\/\/secure.gravatar.com\/avatar\/c6003e45301182b7e125463fcbec403b1980909c12edf09098526b9a15e779c0?s=96&d=mm&r=g","url":"https:\/\/secure.gravatar.com\/avatar\/c6003e45301182b7e125463fcbec403b1980909c12edf09098526b9a15e779c0?s=96&d=mm&r=g","contentUrl":"https:\/\/secure.gravatar.com\/avatar\/c6003e45301182b7e125463fcbec403b1980909c12edf09098526b9a15e779c0?s=96&d=mm&r=g","caption":"agradocosmetic"}}]}},"_links":{"self":[{"href":"https:\/\/agradocosmetic.com\/pt\/wp-json\/wp\/v2\/posts\/19856","targetHints":{"allow":["GET"]}}],"collection":[{"href":"https:\/\/agradocosmetic.com\/pt\/wp-json\/wp\/v2\/posts"}],"about":[{"href":"https:\/\/agradocosmetic.com\/pt\/wp-json\/wp\/v2\/types\/post"}],"author":[{"embeddable":true,"href":"https:\/\/agradocosmetic.com\/pt\/wp-json\/wp\/v2\/users\/9"}],"replies":[{"embeddable":true,"href":"https:\/\/agradocosmetic.com\/pt\/wp-json\/wp\/v2\/comments?post=19856"}],"version-history":[{"count":1,"href":"https:\/\/agradocosmetic.com\/pt\/wp-json\/wp\/v2\/posts\/19856\/revisions"}],"predecessor-version":[{"id":21270,"href":"https:\/\/agradocosmetic.com\/pt\/wp-json\/wp\/v2\/posts\/19856\/revisions\/21270"}],"wp:featuredmedia":[{"embeddable":true,"href":"https:\/\/agradocosmetic.com\/pt\/wp-json\/wp\/v2\/media\/21269"}],"wp:attachment":[{"href":"https:\/\/agradocosmetic.com\/pt\/wp-json\/wp\/v2\/media?parent=19856"}],"wp:term":[{"taxonomy":"category","embeddable":true,"href":"https:\/\/agradocosmetic.com\/pt\/wp-json\/wp\/v2\/categories?post=19856"},{"taxonomy":"post_tag","embeddable":true,"href":"https:\/\/agradocosmetic.com\/pt\/wp-json\/wp\/v2\/tags?post=19856"}],"curies":[{"name":"wp","href":"https:\/\/api.w.org\/{rel}","templated":true}]}}