{"id":19908,"date":"2022-08-19T10:00:00","date_gmt":"2022-08-19T09:00:00","guid":{"rendered":"https:\/\/www.agradocosmetic.com\/?p=19908"},"modified":"2023-11-18T16:58:50","modified_gmt":"2023-11-18T16:58:50","slug":"5-razones-por-las-que-usar-nuestra-buma-facial-solar-todo-el-ano","status":"publish","type":"post","link":"https:\/\/agradocosmetic.com\/pt\/5-razones-por-las-que-usar-nuestra-buma-facial-solar-todo-el-ano\/","title":{"rendered":"5 raz\u00f5es pelas quais voc\u00ea deve usar nossa Bruma Facial Solar durante todo o ano"},"content":{"rendered":"<p>Proteger a pele do sol n\u00e3o \u00e9 algo espec\u00edfico que devamos fazer apenas no ver\u00e3o. Durante o resto do ano tamb\u00e9m devemos incluir um protetor solar na nossa rotina facial para nos ajudar a lidar com os riscos do sol, como manchas ou envelhecimento da derme. Embora seja verdade que existem milhares de maneiras de aplicar prote\u00e7\u00e3o solar no rosto, hoje <strong>Apresentamos um formato que vai te conquistar: o <a href=\"https:\/\/agradocosmetic.com\/pt\/producto\/bruma-facial-solar-spf50\/\">N\u00e9voa Facial Solar<\/a><\/strong>. Continue lendo e descubra porque este protetor solar se tornar\u00e1 seu favorito durante todo o ano. Pequena palavra!<\/p>\r\n\r\n\r\n\r\n<p>Se voc\u00ea procura um protetor solar eficaz e f\u00e1cil de aplicar para o rosto, o FPS50+ Solar Facial Mist da Agrado \u00e9 perfeito para voc\u00ea. Voc\u00ea ainda n\u00e3o a conhece? Estas s\u00e3o as 5 raz\u00f5es pelas quais voc\u00ea n\u00e3o conseguir\u00e1 parar de us\u00e1-lo durante todo o ano. \ud83d\ude09<\/p>\r\n\r\n\r\n\r\n<ol class=\"wp-block-list\">\r\n<li><strong>Cuide da sua pele gra\u00e7as \u00e0 sua alta prote\u00e7\u00e3o\u00a0<\/strong><\/li>\r\n<\/ol>\r\n\r\n\r\n\r\n<p>Nossa Bruma Facial Solar \u00e9 formulada para proteger sua pele contra os efeitos dos raios UVB e UVA, infravermelho e luz azul. Com uma prote\u00e7\u00e3o muito elevada de FPS50+, \u00e9 o aliado perfeito para enfrentar a exposi\u00e7\u00e3o solar durante todo o ano. O melhor de tudo? \u00c9 indicado para todos os tipos de pele, mesmo as mais sens\u00edveis e claras, garantindo uma prote\u00e7\u00e3o eficaz e duradoura.\u00a0\u00a0<\/p>\r\n\r\n\r\n\r\n<ol class=\"wp-block-list\" start=\"2\">\r\n<li><strong>Sua f\u00f3rmula e textura v\u00e3o fazer voc\u00ea se apaixonar\u00a0<\/strong><\/li>\r\n<\/ol>\r\n\r\n\r\n\r\n<p>N\u00e3o \u00e9 qualquer protetor solar. Destaca-se seu formato spray de toque seco, que \u00e9 rapidamente absorvido e proporciona uma grande dose de hidrata\u00e7\u00e3o \u00e0 pele. Al\u00e9m disso, sua f\u00f3rmula rica em princ\u00edpios ativos tem efeitos restauradores da derme. E isso n\u00e3o \u00e9 tudo, o Solar Facial Mist \u00e9 \u00e0 prova d&#039;\u00e1gua para que voc\u00ea possa desfrutar de todos os seus planos 100% protegidos.<\/p>\r\n\r\n\r\n\r\n<ol class=\"wp-block-list\" start=\"3\">\r\n<li><strong>Voc\u00ea usa maquiagem? N\u00e3o h\u00e1 problema!<\/strong><\/li>\r\n<\/ol>\r\n\r\n\r\n\r\n<p>Uma das grandes vantagens do Bruma Facial Solar Agrado \u00e9 que voc\u00ea pode aplic\u00e1-lo por cima da maquiagem a qualquer momento. Gra\u00e7as \u00e0 sua textura leve e acabamento invis\u00edvel e n\u00e3o oleoso, \u00e9 perfeito para usar tanto no dia a dia como nos eventos mais importantes. N\u00f3s prometemos que voc\u00ea <em>inventar<\/em> permanecer\u00e1 intacto. \ud83d\ude09\u00a0<\/p>\r\n\r\n\r\n\r\n<ol class=\"wp-block-list\" start=\"4\">\r\n<li><strong>Aplica\u00e7\u00e3o em 1 minuto\u00a0<\/strong><\/li>\r\n<\/ol>\r\n\r\n\r\n\r\n<p>Esque\u00e7a de passar creme e esperar at\u00e9 que seja absorvido. A Bruma Facial Solar Agrado n\u00e3o precisa ser espalhada nem deixa res\u00edduos brancos no rosto. Seu uso \u00e9 muito simples. Agite bem o frasco e aplique 20 minutos antes da exposi\u00e7\u00e3o solar. Para isso, basta borrifar a uma dist\u00e2ncia de 15 cent\u00edmetros de maneira uniforme na pele. Claro, certifique-se de cobrir toda a superf\u00edcie: orelhas, pesco\u00e7o, linha do cabelo... N\u00e3o se esque\u00e7a deles!\u00a0<\/p>\r\n\r\n\r\n\r\n<ol class=\"wp-block-list\" start=\"5\">\r\n<li><strong>Leve-o sempre com voc\u00ea\u00a0<\/strong><\/li>\r\n<\/ol>\r\n\r\n\r\n\r\n<p>Seu formato pr\u00e1tico permite carreg\u00e1-lo sempre com voc\u00ea para substituir confortavelmente o protetor ao longo do dia. Na bolsa para ir trabalhar, na mochila para ir \u00e0 universidade ou na mala para qualquer uma das suas escapadelas. A Bruma Facial Solar te acompanha onde voc\u00ea for!\u00a0<\/p>\r\n\r\n\r\n\r\n<p>Agora que voc\u00ea conhece todos os benef\u00edcios da Bruma Facial Solar FPS50+ <a href=\"https:\/\/agradocosmetic.com\/pt\/\" target=\"_blank\" rel=\"noreferrer noopener\">Agrado Cosm\u00e9ticos<\/a>, v\u00e1 em frente e experimente e sinta a verdadeira paix\u00e3o. <strong>A sua pele, mais protegida do que nunca ao longo do ano!<\/strong><\/p>","protected":false},"excerpt":{"rendered":"<p>Proteger nuestra piel del sol no es algo puntual que solo debamos hacer en verano. Durante el resto del a\u00f1o tambi\u00e9n debemos incluir en nuestra rutina facial un protector solar que nos ayude a hacer frente a los riesgos del sol, como las manchas o el envejecimiento de la dermis. Si bien es cierto que [&hellip;]<\/p>\n","protected":false},"author":9,"featured_media":21265,"comment_status":"open","ping_status":"closed","sticky":false,"template":"","format":"standard","meta":{"footnotes":"","_wp_rev_ctl_limit":""},"categories":[116,1],"tags":[403,289,413,410,415,229],"class_list":["post-19908","post","type-post","status-publish","format-standard","has-post-thumbnail","hentry","category-solar","category-todos","tag-bruma-facial-solar","tag-cuidado-de-la-piel","tag-fotoprotector-facial","tag-protector-solar","tag-protector-solar-facial","tag-solares"],"yoast_head":"<!-- This site is optimized with the Yoast SEO plugin v27.4 - https:\/\/yoast.com\/product\/yoast-seo-wordpress\/ -->\n<title>5 razones por las que usar nuestra Bruma Facial Solar todo el a\u00f1o - Agrado<\/title>\n<meta name=\"description\" content=\"Si todav\u00eda no se ha convertido en tu favorito, \u00a1lo har\u00e1! Lee nuestro post y deja que los encantos de nuestra Bruma Solar Facial te enamoren.\" \/>\n<meta name=\"robots\" content=\"index, follow, max-snippet:-1, max-image-preview:large, max-video-preview:-1\" \/>\n<link rel=\"canonical\" href=\"https:\/\/agradocosmetic.com\/pt\/5-razones-por-las-que-usar-nuestra-buma-facial-solar-todo-el-ano\/\" \/>\n<meta property=\"og:locale\" content=\"pt_PT\" \/>\n<meta property=\"og:type\" content=\"article\" \/>\n<meta property=\"og:title\" content=\"5 razones por las que usar nuestra Bruma Facial Solar todo el a\u00f1o - Agrado\" \/>\n<meta property=\"og:description\" content=\"Si todav\u00eda no se ha convertido en tu favorito, \u00a1lo har\u00e1! Lee nuestro post y deja que los encantos de nuestra Bruma Solar Facial te enamoren.\" \/>\n<meta property=\"og:url\" content=\"https:\/\/agradocosmetic.com\/pt\/5-razones-por-las-que-usar-nuestra-buma-facial-solar-todo-el-ano\/\" \/>\n<meta property=\"og:site_name\" content=\"Agrado\" \/>\n<meta property=\"article:published_time\" content=\"2022-08-19T09:00:00+00:00\" \/>\n<meta property=\"article:modified_time\" content=\"2023-11-18T16:58:50+00:00\" \/>\n<meta property=\"og:image\" content=\"https:\/\/agradocosmetic.com\/wp-content\/uploads\/2022\/08\/Bruma-Facial-Solar-agrado.jpg\" \/>\n\t<meta property=\"og:image:width\" content=\"1200\" \/>\n\t<meta property=\"og:image:height\" content=\"800\" \/>\n\t<meta property=\"og:image:type\" content=\"image\/jpeg\" \/>\n<meta name=\"author\" content=\"agradocosmetic\" \/>\n<meta name=\"twitter:card\" content=\"summary_large_image\" \/>\n<meta name=\"twitter:label1\" content=\"Escrito por\" \/>\n\t<meta name=\"twitter:data1\" content=\"agradocosmetic\" \/>\n\t<meta name=\"twitter:label2\" content=\"Tempo estimado de leitura\" \/>\n\t<meta name=\"twitter:data2\" content=\"3 minutos\" \/>\n<script type=\"application\/ld+json\" class=\"yoast-schema-graph\">{\"@context\":\"https:\\\/\\\/schema.org\",\"@graph\":[{\"@type\":\"Article\",\"@id\":\"https:\\\/\\\/agradocosmetic.com\\\/5-razones-por-las-que-usar-nuestra-buma-facial-solar-todo-el-ano\\\/#article\",\"isPartOf\":{\"@id\":\"https:\\\/\\\/agradocosmetic.com\\\/5-razones-por-las-que-usar-nuestra-buma-facial-solar-todo-el-ano\\\/\"},\"author\":{\"name\":\"agradocosmetic\",\"@id\":\"https:\\\/\\\/agradocosmetic.com\\\/#\\\/schema\\\/person\\\/732e8d396022e25f9340196f83d6789d\"},\"headline\":\"5 razones por las que usar nuestra Bruma Facial Solar todo el a\u00f1o\",\"datePublished\":\"2022-08-19T09:00:00+00:00\",\"dateModified\":\"2023-11-18T16:58:50+00:00\",\"mainEntityOfPage\":{\"@id\":\"https:\\\/\\\/agradocosmetic.com\\\/5-razones-por-las-que-usar-nuestra-buma-facial-solar-todo-el-ano\\\/\"},\"wordCount\":574,\"commentCount\":0,\"publisher\":{\"@id\":\"https:\\\/\\\/agradocosmetic.com\\\/#organization\"},\"image\":{\"@id\":\"https:\\\/\\\/agradocosmetic.com\\\/5-razones-por-las-que-usar-nuestra-buma-facial-solar-todo-el-ano\\\/#primaryimage\"},\"thumbnailUrl\":\"https:\\\/\\\/agradocosmetic.com\\\/wp-content\\\/uploads\\\/2022\\\/08\\\/Bruma-Facial-Solar-agrado.jpg\",\"keywords\":[\"bruma facial solar\",\"cuidado de la piel\",\"fotoprotector facial\",\"protector solar\",\"protector solar facial\",\"solares\"],\"articleSection\":[\"Solar\",\"Todos\"],\"inLanguage\":\"pt-PT\",\"potentialAction\":[{\"@type\":\"CommentAction\",\"name\":\"Comment\",\"target\":[\"https:\\\/\\\/agradocosmetic.com\\\/5-razones-por-las-que-usar-nuestra-buma-facial-solar-todo-el-ano\\\/#respond\"]}]},{\"@type\":\"WebPage\",\"@id\":\"https:\\\/\\\/agradocosmetic.com\\\/5-razones-por-las-que-usar-nuestra-buma-facial-solar-todo-el-ano\\\/\",\"url\":\"https:\\\/\\\/agradocosmetic.com\\\/5-razones-por-las-que-usar-nuestra-buma-facial-solar-todo-el-ano\\\/\",\"name\":\"5 razones por las que usar nuestra Bruma Facial Solar todo el a\u00f1o - Agrado\",\"isPartOf\":{\"@id\":\"https:\\\/\\\/agradocosmetic.com\\\/#website\"},\"primaryImageOfPage\":{\"@id\":\"https:\\\/\\\/agradocosmetic.com\\\/5-razones-por-las-que-usar-nuestra-buma-facial-solar-todo-el-ano\\\/#primaryimage\"},\"image\":{\"@id\":\"https:\\\/\\\/agradocosmetic.com\\\/5-razones-por-las-que-usar-nuestra-buma-facial-solar-todo-el-ano\\\/#primaryimage\"},\"thumbnailUrl\":\"https:\\\/\\\/agradocosmetic.com\\\/wp-content\\\/uploads\\\/2022\\\/08\\\/Bruma-Facial-Solar-agrado.jpg\",\"datePublished\":\"2022-08-19T09:00:00+00:00\",\"dateModified\":\"2023-11-18T16:58:50+00:00\",\"description\":\"Si todav\u00eda no se ha convertido en tu favorito, \u00a1lo har\u00e1! Lee nuestro post y deja que los encantos de nuestra Bruma Solar Facial te enamoren.\",\"breadcrumb\":{\"@id\":\"https:\\\/\\\/agradocosmetic.com\\\/5-razones-por-las-que-usar-nuestra-buma-facial-solar-todo-el-ano\\\/#breadcrumb\"},\"inLanguage\":\"pt-PT\",\"potentialAction\":[{\"@type\":\"ReadAction\",\"target\":[\"https:\\\/\\\/agradocosmetic.com\\\/5-razones-por-las-que-usar-nuestra-buma-facial-solar-todo-el-ano\\\/\"]}]},{\"@type\":\"ImageObject\",\"inLanguage\":\"pt-PT\",\"@id\":\"https:\\\/\\\/agradocosmetic.com\\\/5-razones-por-las-que-usar-nuestra-buma-facial-solar-todo-el-ano\\\/#primaryimage\",\"url\":\"https:\\\/\\\/agradocosmetic.com\\\/wp-content\\\/uploads\\\/2022\\\/08\\\/Bruma-Facial-Solar-agrado.jpg\",\"contentUrl\":\"https:\\\/\\\/agradocosmetic.com\\\/wp-content\\\/uploads\\\/2022\\\/08\\\/Bruma-Facial-Solar-agrado.jpg\",\"width\":1200,\"height\":800},{\"@type\":\"BreadcrumbList\",\"@id\":\"https:\\\/\\\/agradocosmetic.com\\\/5-razones-por-las-que-usar-nuestra-buma-facial-solar-todo-el-ano\\\/#breadcrumb\",\"itemListElement\":[{\"@type\":\"ListItem\",\"position\":1,\"name\":\"Portada\",\"item\":\"https:\\\/\\\/agradocosmetic.com\\\/\"},{\"@type\":\"ListItem\",\"position\":2,\"name\":\"5 razones por las que usar nuestra Bruma Facial Solar todo el a\u00f1o\"}]},{\"@type\":\"WebSite\",\"@id\":\"https:\\\/\\\/agradocosmetic.com\\\/#website\",\"url\":\"https:\\\/\\\/agradocosmetic.com\\\/\",\"name\":\"Agrado\",\"description\":\"Cosmetic\",\"publisher\":{\"@id\":\"https:\\\/\\\/agradocosmetic.com\\\/#organization\"},\"potentialAction\":[{\"@type\":\"SearchAction\",\"target\":{\"@type\":\"EntryPoint\",\"urlTemplate\":\"https:\\\/\\\/agradocosmetic.com\\\/?s={search_term_string}\"},\"query-input\":{\"@type\":\"PropertyValueSpecification\",\"valueRequired\":true,\"valueName\":\"search_term_string\"}}],\"inLanguage\":\"pt-PT\"},{\"@type\":\"Organization\",\"@id\":\"https:\\\/\\\/agradocosmetic.com\\\/#organization\",\"name\":\"Agrado\",\"url\":\"https:\\\/\\\/agradocosmetic.com\\\/\",\"logo\":{\"@type\":\"ImageObject\",\"inLanguage\":\"pt-PT\",\"@id\":\"https:\\\/\\\/agradocosmetic.com\\\/#\\\/schema\\\/logo\\\/image\\\/\",\"url\":\"https:\\\/\\\/agradocosmetic.com\\\/wp-content\\\/uploads\\\/2023\\\/07\\\/LOGO-AGRADO-WEB-01.png\",\"contentUrl\":\"https:\\\/\\\/agradocosmetic.com\\\/wp-content\\\/uploads\\\/2023\\\/07\\\/LOGO-AGRADO-WEB-01.png\",\"width\":1632,\"height\":300,\"caption\":\"Agrado\"},\"image\":{\"@id\":\"https:\\\/\\\/agradocosmetic.com\\\/#\\\/schema\\\/logo\\\/image\\\/\"}},{\"@type\":\"Person\",\"@id\":\"https:\\\/\\\/agradocosmetic.com\\\/#\\\/schema\\\/person\\\/732e8d396022e25f9340196f83d6789d\",\"name\":\"agradocosmetic\",\"image\":{\"@type\":\"ImageObject\",\"inLanguage\":\"pt-PT\",\"@id\":\"https:\\\/\\\/secure.gravatar.com\\\/avatar\\\/c6003e45301182b7e125463fcbec403b1980909c12edf09098526b9a15e779c0?s=96&d=mm&r=g\",\"url\":\"https:\\\/\\\/secure.gravatar.com\\\/avatar\\\/c6003e45301182b7e125463fcbec403b1980909c12edf09098526b9a15e779c0?s=96&d=mm&r=g\",\"contentUrl\":\"https:\\\/\\\/secure.gravatar.com\\\/avatar\\\/c6003e45301182b7e125463fcbec403b1980909c12edf09098526b9a15e779c0?s=96&d=mm&r=g\",\"caption\":\"agradocosmetic\"}}]}<\/script>\n<!-- \/ Yoast SEO plugin. -->","yoast_head_json":{"title":"5 razones por las que usar nuestra Bruma Facial Solar todo el a\u00f1o - Agrado","description":"Si todav\u00eda no se ha convertido en tu favorito, \u00a1lo har\u00e1! Lee nuestro post y deja que los encantos de nuestra Bruma Solar Facial te enamoren.","robots":{"index":"index","follow":"follow","max-snippet":"max-snippet:-1","max-image-preview":"max-image-preview:large","max-video-preview":"max-video-preview:-1"},"canonical":"https:\/\/agradocosmetic.com\/pt\/5-razones-por-las-que-usar-nuestra-buma-facial-solar-todo-el-ano\/","og_locale":"pt_PT","og_type":"article","og_title":"5 razones por las que usar nuestra Bruma Facial Solar todo el a\u00f1o - Agrado","og_description":"Si todav\u00eda no se ha convertido en tu favorito, \u00a1lo har\u00e1! Lee nuestro post y deja que los encantos de nuestra Bruma Solar Facial te enamoren.","og_url":"https:\/\/agradocosmetic.com\/pt\/5-razones-por-las-que-usar-nuestra-buma-facial-solar-todo-el-ano\/","og_site_name":"Agrado","article_published_time":"2022-08-19T09:00:00+00:00","article_modified_time":"2023-11-18T16:58:50+00:00","og_image":[{"width":1200,"height":800,"url":"https:\/\/agradocosmetic.com\/wp-content\/uploads\/2022\/08\/Bruma-Facial-Solar-agrado.jpg","type":"image\/jpeg"}],"author":"agradocosmetic","twitter_card":"summary_large_image","twitter_misc":{"Escrito por":"agradocosmetic","Tempo estimado de leitura":"3 minutos"},"schema":{"@context":"https:\/\/schema.org","@graph":[{"@type":"Article","@id":"https:\/\/agradocosmetic.com\/5-razones-por-las-que-usar-nuestra-buma-facial-solar-todo-el-ano\/#article","isPartOf":{"@id":"https:\/\/agradocosmetic.com\/5-razones-por-las-que-usar-nuestra-buma-facial-solar-todo-el-ano\/"},"author":{"name":"agradocosmetic","@id":"https:\/\/agradocosmetic.com\/#\/schema\/person\/732e8d396022e25f9340196f83d6789d"},"headline":"5 razones por las que usar nuestra Bruma Facial Solar todo el a\u00f1o","datePublished":"2022-08-19T09:00:00+00:00","dateModified":"2023-11-18T16:58:50+00:00","mainEntityOfPage":{"@id":"https:\/\/agradocosmetic.com\/5-razones-por-las-que-usar-nuestra-buma-facial-solar-todo-el-ano\/"},"wordCount":574,"commentCount":0,"publisher":{"@id":"https:\/\/agradocosmetic.com\/#organization"},"image":{"@id":"https:\/\/agradocosmetic.com\/5-razones-por-las-que-usar-nuestra-buma-facial-solar-todo-el-ano\/#primaryimage"},"thumbnailUrl":"https:\/\/agradocosmetic.com\/wp-content\/uploads\/2022\/08\/Bruma-Facial-Solar-agrado.jpg","keywords":["bruma facial solar","cuidado de la piel","fotoprotector facial","protector solar","protector solar facial","solares"],"articleSection":["Solar","Todos"],"inLanguage":"pt-PT","potentialAction":[{"@type":"CommentAction","name":"Comment","target":["https:\/\/agradocosmetic.com\/5-razones-por-las-que-usar-nuestra-buma-facial-solar-todo-el-ano\/#respond"]}]},{"@type":"WebPage","@id":"https:\/\/agradocosmetic.com\/5-razones-por-las-que-usar-nuestra-buma-facial-solar-todo-el-ano\/","url":"https:\/\/agradocosmetic.com\/5-razones-por-las-que-usar-nuestra-buma-facial-solar-todo-el-ano\/","name":"5 razones por las que usar nuestra Bruma Facial Solar todo el a\u00f1o - Agrado","isPartOf":{"@id":"https:\/\/agradocosmetic.com\/#website"},"primaryImageOfPage":{"@id":"https:\/\/agradocosmetic.com\/5-razones-por-las-que-usar-nuestra-buma-facial-solar-todo-el-ano\/#primaryimage"},"image":{"@id":"https:\/\/agradocosmetic.com\/5-razones-por-las-que-usar-nuestra-buma-facial-solar-todo-el-ano\/#primaryimage"},"thumbnailUrl":"https:\/\/agradocosmetic.com\/wp-content\/uploads\/2022\/08\/Bruma-Facial-Solar-agrado.jpg","datePublished":"2022-08-19T09:00:00+00:00","dateModified":"2023-11-18T16:58:50+00:00","description":"Si todav\u00eda no se ha convertido en tu favorito, \u00a1lo har\u00e1! Lee nuestro post y deja que los encantos de nuestra Bruma Solar Facial te enamoren.","breadcrumb":{"@id":"https:\/\/agradocosmetic.com\/5-razones-por-las-que-usar-nuestra-buma-facial-solar-todo-el-ano\/#breadcrumb"},"inLanguage":"pt-PT","potentialAction":[{"@type":"ReadAction","target":["https:\/\/agradocosmetic.com\/5-razones-por-las-que-usar-nuestra-buma-facial-solar-todo-el-ano\/"]}]},{"@type":"ImageObject","inLanguage":"pt-PT","@id":"https:\/\/agradocosmetic.com\/5-razones-por-las-que-usar-nuestra-buma-facial-solar-todo-el-ano\/#primaryimage","url":"https:\/\/agradocosmetic.com\/wp-content\/uploads\/2022\/08\/Bruma-Facial-Solar-agrado.jpg","contentUrl":"https:\/\/agradocosmetic.com\/wp-content\/uploads\/2022\/08\/Bruma-Facial-Solar-agrado.jpg","width":1200,"height":800},{"@type":"BreadcrumbList","@id":"https:\/\/agradocosmetic.com\/5-razones-por-las-que-usar-nuestra-buma-facial-solar-todo-el-ano\/#breadcrumb","itemListElement":[{"@type":"ListItem","position":1,"name":"Portada","item":"https:\/\/agradocosmetic.com\/"},{"@type":"ListItem","position":2,"name":"5 razones por las que usar nuestra Bruma Facial Solar todo el a\u00f1o"}]},{"@type":"WebSite","@id":"https:\/\/agradocosmetic.com\/#website","url":"https:\/\/agradocosmetic.com\/","name":"Gosto","description":"Cosm\u00e9tico","publisher":{"@id":"https:\/\/agradocosmetic.com\/#organization"},"potentialAction":[{"@type":"SearchAction","target":{"@type":"EntryPoint","urlTemplate":"https:\/\/agradocosmetic.com\/?s={search_term_string}"},"query-input":{"@type":"PropertyValueSpecification","valueRequired":true,"valueName":"search_term_string"}}],"inLanguage":"pt-PT"},{"@type":"Organization","@id":"https:\/\/agradocosmetic.com\/#organization","name":"Gosto","url":"https:\/\/agradocosmetic.com\/","logo":{"@type":"ImageObject","inLanguage":"pt-PT","@id":"https:\/\/agradocosmetic.com\/#\/schema\/logo\/image\/","url":"https:\/\/agradocosmetic.com\/wp-content\/uploads\/2023\/07\/LOGO-AGRADO-WEB-01.png","contentUrl":"https:\/\/agradocosmetic.com\/wp-content\/uploads\/2023\/07\/LOGO-AGRADO-WEB-01.png","width":1632,"height":300,"caption":"Agrado"},"image":{"@id":"https:\/\/agradocosmetic.com\/#\/schema\/logo\/image\/"}},{"@type":"Person","@id":"https:\/\/agradocosmetic.com\/#\/schema\/person\/732e8d396022e25f9340196f83d6789d","name":"agradocosm\u00e9tico","image":{"@type":"ImageObject","inLanguage":"pt-PT","@id":"https:\/\/secure.gravatar.com\/avatar\/c6003e45301182b7e125463fcbec403b1980909c12edf09098526b9a15e779c0?s=96&d=mm&r=g","url":"https:\/\/secure.gravatar.com\/avatar\/c6003e45301182b7e125463fcbec403b1980909c12edf09098526b9a15e779c0?s=96&d=mm&r=g","contentUrl":"https:\/\/secure.gravatar.com\/avatar\/c6003e45301182b7e125463fcbec403b1980909c12edf09098526b9a15e779c0?s=96&d=mm&r=g","caption":"agradocosmetic"}}]}},"_links":{"self":[{"href":"https:\/\/agradocosmetic.com\/pt\/wp-json\/wp\/v2\/posts\/19908","targetHints":{"allow":["GET"]}}],"collection":[{"href":"https:\/\/agradocosmetic.com\/pt\/wp-json\/wp\/v2\/posts"}],"about":[{"href":"https:\/\/agradocosmetic.com\/pt\/wp-json\/wp\/v2\/types\/post"}],"author":[{"embeddable":true,"href":"https:\/\/agradocosmetic.com\/pt\/wp-json\/wp\/v2\/users\/9"}],"replies":[{"embeddable":true,"href":"https:\/\/agradocosmetic.com\/pt\/wp-json\/wp\/v2\/comments?post=19908"}],"version-history":[{"count":1,"href":"https:\/\/agradocosmetic.com\/pt\/wp-json\/wp\/v2\/posts\/19908\/revisions"}],"predecessor-version":[{"id":21266,"href":"https:\/\/agradocosmetic.com\/pt\/wp-json\/wp\/v2\/posts\/19908\/revisions\/21266"}],"wp:featuredmedia":[{"embeddable":true,"href":"https:\/\/agradocosmetic.com\/pt\/wp-json\/wp\/v2\/media\/21265"}],"wp:attachment":[{"href":"https:\/\/agradocosmetic.com\/pt\/wp-json\/wp\/v2\/media?parent=19908"}],"wp:term":[{"taxonomy":"category","embeddable":true,"href":"https:\/\/agradocosmetic.com\/pt\/wp-json\/wp\/v2\/categories?post=19908"},{"taxonomy":"post_tag","embeddable":true,"href":"https:\/\/agradocosmetic.com\/pt\/wp-json\/wp\/v2\/tags?post=19908"}],"curies":[{"name":"wp","href":"https:\/\/api.w.org\/{rel}","templated":true}]}}