{"id":19965,"date":"2022-09-06T12:22:19","date_gmt":"2022-09-06T11:22:19","guid":{"rendered":"https:\/\/www.agradocosmetic.com\/?p=19965"},"modified":"2023-11-18T16:58:50","modified_gmt":"2023-11-18T16:58:50","slug":"guia-definitiva-para-lucir-la-melena-xl-de-moda","status":"publish","type":"post","link":"https:\/\/agradocosmetic.com\/pt\/guia-definitiva-para-lucir-la-melena-xl-de-moda\/","title":{"rendered":"Guia definitivo para exibir cabelos XL da moda"},"content":{"rendered":"<p>Temos visto isso em todos os desfiles e passarelas, e cada vez mais celebridades e influenciadores est\u00e3o aderindo \u00e0 tend\u00eancia. Sem d\u00favida, o cabelo comprido est\u00e1 de volta em grande escala nesta temporada. Como conseguir isso? Revelamos a voc\u00ea nosso guia mestre para que voc\u00ea possa usar o cabelo XL da moda. Mostrar seu lindo cabelo nunca foi t\u00e3o f\u00e1cil!\u00a0<\/p>\r\n\r\n\r\n\r\n<p>Nos \u00faltimos anos, os cabelos de comprimento m\u00e9dio (e todas as suas variantes) foram as estrelas do street style, mas nesta temporada est\u00e3o sendo deixados de lado para dar lugar ao corte XL. <strong>Vers\u00e1teis, f\u00e1ceis de manusear e com mil possibilidades, n\u00e3o \u00e9 surpresa que os cabelos longos tenham se tornado os mais desejados para este outono.<\/strong> Quer saber como aproveitar e usar com estilo? N\u00e3o perca nossas dicas.\u00a0<\/p>\r\n\r\n\r\n\r\n<ol class=\"wp-block-list\">\r\n<li><strong>Coma alimentos que forne\u00e7am nutrientes ao seu cabelo\u00a0<\/strong><\/li>\r\n<\/ol>\r\n\r\n\r\n\r\n<p>No card\u00e1pio di\u00e1rio de uma juba XL n\u00e3o podem faltar alimentos ricos em vitaminas A, B, C, D e E, prote\u00ednas, \u00e1cidos graxos e minerais; como espinafre, abacate, salm\u00e3o, ovos, cenoura, iogurte grego ou br\u00f3colis. Podemos pensar em mil receitas e preparos. Cuidar do seu cabelo come\u00e7a cuidando da alimenta\u00e7\u00e3o!\u00a0<\/p>\r\n\r\n\r\n\r\n<ol class=\"wp-block-list\" start=\"2\">\r\n<li><strong>Aposte em uma boa rotina capilar<\/strong><\/li>\r\n<\/ol>\r\n\r\n\r\n\r\n<p>Ter o cabelo comprido dos seus sonhos \u00e9 ter uma boa rotina capilar, que inclui shampoo, condicionador, m\u00e1scara e s\u00e9rum. Vamos te contar um segredo? O <a href=\"https:\/\/agradocosmetic.com\/pt\/linea\/agrado-nature\/\">Linha capilar Agrado Nature Botanicals<\/a> Tem tudo que voc\u00ea precisa para obter um cabelo incr\u00edvel. Se o seu cabelo precisa de mais reparos, voc\u00ea pode escolher <a href=\"https:\/\/agradocosmetic.com\/pt\/producto\/champu-pro-fuerza-botanicos\/\">For\u00e7a profissional<\/a>, um tratamento \u00e0 base de extrato de Flor de Amaranto e \u00d3leo de Argan que restaura cabelos danificados e fragilizados. Se o que o seu cabelo pede \u00e9 energia extra, recomendamos <a href=\"https:\/\/agradocosmetic.com\/pt\/producto\/champu-pro-nutricion-botanicos\/\">Nutri\u00e7\u00e3o Pr\u00f3<\/a>, com Extrato de Arroz e Quinoa que nutre, hidrata e protege os cabelos secos e quebradi\u00e7os. Cabelo forte e brilhante instantaneamente!\u00a0<\/p>\r\n\r\n\r\n\r\n<ol class=\"wp-block-list\" start=\"3\">\r\n<li><strong>Escove o cabelo com cuidado\u00a0<\/strong><\/li>\r\n<\/ol>\r\n\r\n\r\n\r\n<p>Outro ponto chave na hora de conseguir cabelo <em>extra grande<\/em> Est\u00e1 escovando. Lembre-se, voc\u00ea deve come\u00e7ar a pentear pelas pontas, livrando-se de todos os emaranhados, e aos poucos, ir at\u00e9 a raiz. Dessa forma, voc\u00ea evitar\u00e1 que seu cabelo quebre e caia com mais facilidade. Se o seu cabelo sofre de emaranhados imposs\u00edveis, voc\u00ea pode usar o <a href=\"https:\/\/agradocosmetic.com\/pt\/producto\/acondicionador-bifasico\/\">Condicionador Bif\u00e1sico Agrado <\/a>o que facilita o desembara\u00e7o enquanto hidrata. Seus princ\u00edpios ativos refor\u00e7am a fibra capilar, fazendo com que os cabelos recuperem toda a vitalidade e proporcionando maciez, brilho e soltura. Um must have na sua rotina!\u00a0<\/p>\r\n\r\n\r\n\r\n<ol class=\"wp-block-list\" start=\"4\">\r\n<li><strong>N\u00e3o aplique calor no cabelo<\/strong><\/li>\r\n<\/ol>\r\n\r\n\r\n\r\n<p>Como voc\u00ea bem sabe, aplicar calor constantemente ao cabelo pode danific\u00e1-lo, deixando-o seco e quebradi\u00e7o. Procure limitar o uso de secadores, chapinhas e modeladores de cabelo a apenas uma vez por semana e sempre aplicando previamente um protetor t\u00e9rmico que ajude a proteger os cabelos. Nossa melhor dica? Vamos aprender a amar o formato natural do nosso cabelo porque n\u00e3o h\u00e1 nada mais \u00fanico e pessoal.<\/p>\r\n\r\n\r\n\r\n<ol class=\"wp-block-list\" start=\"5\">\r\n<li><strong>Corte as pontas danificadas<\/strong><\/li>\r\n<\/ol>\r\n\r\n\r\n\r\n<p>Sabemos que este \u00e9 o conselho da disc\u00f3rdia e que muitos de voc\u00eas n\u00e3o v\u00e3o gostar de l\u00ea-lo: para que o cabelo cres\u00e7a \u00e9 preciso limp\u00e1-lo primeiro. Sempre h\u00e1 alguma relut\u00e2ncia em cortar o cabelo, mas \u00e9 preciso se livrar das mechas danificadas para obter um cabelo XL saud\u00e1vel e bonito. Ent\u00e3o agora voc\u00ea sabe, corte \u00e0 vista!\u00a0<\/p>\r\n\r\n\r\n\r\n<p>Agora que voc\u00ea conhece nosso guia definitivo para exibir cabelos XL da moda, <strong>Coloque nossos conselhos em pr\u00e1tica e exiba seu lindo cabelo com Agrado Cosmetic<\/strong>.<\/p>","protected":false},"excerpt":{"rendered":"<p>Lo hemos visto en todos los desfiles y pasarelas, y cada vez m\u00e1s celebridades\u00a0 e influencers se suman a la tendencia. Sin duda, el cabello largo vuelve pisando fuerte esta temporada. \u00bfC\u00f3mo conseguirlo? Te revelamos nuestra gu\u00eda maestra para que luzcas la melena XL de moda. \u00a1Presumir de pelazo nunca hab\u00eda sido tan f\u00e1cil!\u00a0 Durante [&hellip;]<\/p>\n","protected":false},"author":9,"featured_media":21263,"comment_status":"open","ping_status":"closed","sticky":false,"template":"","format":"standard","meta":{"footnotes":"","_wp_rev_ctl_limit":""},"categories":[128,1],"tags":[245,129,418,419,182,420],"class_list":["post-19965","post","type-post","status-publish","format-standard","has-post-thumbnail","hentry","category-capilar","category-todos","tag-cabello","tag-capilar","tag-conseguir-pelo-largo","tag-lucir-melena","tag-pelo","tag-pelo-largo"],"yoast_head":"<!-- This site is optimized with the Yoast SEO plugin v27.4 - https:\/\/yoast.com\/product\/yoast-seo-wordpress\/ -->\n<title>Gu\u00eda definitiva para lucir la melena XL de moda - Agrado<\/title>\n<meta name=\"description\" content=\"La melena XL est\u00e1 de moda, \u00a1pero mantenerla no es f\u00e1cil! Descubre es este post la gu\u00eda definitiva para lucirla sana y nutrida.\" \/>\n<meta name=\"robots\" content=\"index, follow, max-snippet:-1, max-image-preview:large, max-video-preview:-1\" \/>\n<link rel=\"canonical\" href=\"https:\/\/agradocosmetic.com\/pt\/guia-definitiva-para-lucir-la-melena-xl-de-moda\/\" \/>\n<meta property=\"og:locale\" content=\"pt_PT\" \/>\n<meta property=\"og:type\" content=\"article\" \/>\n<meta property=\"og:title\" content=\"Gu\u00eda definitiva para lucir la melena XL de moda - Agrado\" \/>\n<meta property=\"og:description\" content=\"La melena XL est\u00e1 de moda, \u00a1pero mantenerla no es f\u00e1cil! Descubre es este post la gu\u00eda definitiva para lucirla sana y nutrida.\" \/>\n<meta property=\"og:url\" content=\"https:\/\/agradocosmetic.com\/pt\/guia-definitiva-para-lucir-la-melena-xl-de-moda\/\" \/>\n<meta property=\"og:site_name\" content=\"Agrado\" \/>\n<meta property=\"article:published_time\" content=\"2022-09-06T11:22:19+00:00\" \/>\n<meta property=\"article:modified_time\" content=\"2023-11-18T16:58:50+00:00\" \/>\n<meta property=\"og:image\" content=\"https:\/\/agradocosmetic.com\/wp-content\/uploads\/2022\/09\/melena-XL-de-moda-agrado.jpg\" \/>\n\t<meta property=\"og:image:width\" content=\"1200\" \/>\n\t<meta property=\"og:image:height\" content=\"800\" \/>\n\t<meta property=\"og:image:type\" content=\"image\/jpeg\" \/>\n<meta name=\"author\" content=\"agradocosmetic\" \/>\n<meta name=\"twitter:card\" content=\"summary_large_image\" \/>\n<meta name=\"twitter:label1\" content=\"Escrito por\" \/>\n\t<meta name=\"twitter:data1\" content=\"agradocosmetic\" \/>\n\t<meta name=\"twitter:label2\" content=\"Tempo estimado de leitura\" \/>\n\t<meta name=\"twitter:data2\" content=\"3 minutos\" \/>\n<script type=\"application\/ld+json\" class=\"yoast-schema-graph\">{\"@context\":\"https:\\\/\\\/schema.org\",\"@graph\":[{\"@type\":\"Article\",\"@id\":\"https:\\\/\\\/agradocosmetic.com\\\/guia-definitiva-para-lucir-la-melena-xl-de-moda\\\/#article\",\"isPartOf\":{\"@id\":\"https:\\\/\\\/agradocosmetic.com\\\/guia-definitiva-para-lucir-la-melena-xl-de-moda\\\/\"},\"author\":{\"name\":\"agradocosmetic\",\"@id\":\"https:\\\/\\\/agradocosmetic.com\\\/#\\\/schema\\\/person\\\/732e8d396022e25f9340196f83d6789d\"},\"headline\":\"Gu\u00eda definitiva para lucir la melena XL de moda\",\"datePublished\":\"2022-09-06T11:22:19+00:00\",\"dateModified\":\"2023-11-18T16:58:50+00:00\",\"mainEntityOfPage\":{\"@id\":\"https:\\\/\\\/agradocosmetic.com\\\/guia-definitiva-para-lucir-la-melena-xl-de-moda\\\/\"},\"wordCount\":629,\"commentCount\":0,\"publisher\":{\"@id\":\"https:\\\/\\\/agradocosmetic.com\\\/#organization\"},\"image\":{\"@id\":\"https:\\\/\\\/agradocosmetic.com\\\/guia-definitiva-para-lucir-la-melena-xl-de-moda\\\/#primaryimage\"},\"thumbnailUrl\":\"https:\\\/\\\/agradocosmetic.com\\\/wp-content\\\/uploads\\\/2022\\\/09\\\/melena-XL-de-moda-agrado.jpg\",\"keywords\":[\"cabello\",\"capilar\",\"conseguir pelo largo\",\"lucir melena\",\"pelo\",\"pelo largo\"],\"articleSection\":[\"Capilar\",\"Todos\"],\"inLanguage\":\"pt-PT\",\"potentialAction\":[{\"@type\":\"CommentAction\",\"name\":\"Comment\",\"target\":[\"https:\\\/\\\/agradocosmetic.com\\\/guia-definitiva-para-lucir-la-melena-xl-de-moda\\\/#respond\"]}]},{\"@type\":\"WebPage\",\"@id\":\"https:\\\/\\\/agradocosmetic.com\\\/guia-definitiva-para-lucir-la-melena-xl-de-moda\\\/\",\"url\":\"https:\\\/\\\/agradocosmetic.com\\\/guia-definitiva-para-lucir-la-melena-xl-de-moda\\\/\",\"name\":\"Gu\u00eda definitiva para lucir la melena XL de moda - Agrado\",\"isPartOf\":{\"@id\":\"https:\\\/\\\/agradocosmetic.com\\\/#website\"},\"primaryImageOfPage\":{\"@id\":\"https:\\\/\\\/agradocosmetic.com\\\/guia-definitiva-para-lucir-la-melena-xl-de-moda\\\/#primaryimage\"},\"image\":{\"@id\":\"https:\\\/\\\/agradocosmetic.com\\\/guia-definitiva-para-lucir-la-melena-xl-de-moda\\\/#primaryimage\"},\"thumbnailUrl\":\"https:\\\/\\\/agradocosmetic.com\\\/wp-content\\\/uploads\\\/2022\\\/09\\\/melena-XL-de-moda-agrado.jpg\",\"datePublished\":\"2022-09-06T11:22:19+00:00\",\"dateModified\":\"2023-11-18T16:58:50+00:00\",\"description\":\"La melena XL est\u00e1 de moda, \u00a1pero mantenerla no es f\u00e1cil! Descubre es este post la gu\u00eda definitiva para lucirla sana y nutrida.\",\"breadcrumb\":{\"@id\":\"https:\\\/\\\/agradocosmetic.com\\\/guia-definitiva-para-lucir-la-melena-xl-de-moda\\\/#breadcrumb\"},\"inLanguage\":\"pt-PT\",\"potentialAction\":[{\"@type\":\"ReadAction\",\"target\":[\"https:\\\/\\\/agradocosmetic.com\\\/guia-definitiva-para-lucir-la-melena-xl-de-moda\\\/\"]}]},{\"@type\":\"ImageObject\",\"inLanguage\":\"pt-PT\",\"@id\":\"https:\\\/\\\/agradocosmetic.com\\\/guia-definitiva-para-lucir-la-melena-xl-de-moda\\\/#primaryimage\",\"url\":\"https:\\\/\\\/agradocosmetic.com\\\/wp-content\\\/uploads\\\/2022\\\/09\\\/melena-XL-de-moda-agrado.jpg\",\"contentUrl\":\"https:\\\/\\\/agradocosmetic.com\\\/wp-content\\\/uploads\\\/2022\\\/09\\\/melena-XL-de-moda-agrado.jpg\",\"width\":1200,\"height\":800},{\"@type\":\"BreadcrumbList\",\"@id\":\"https:\\\/\\\/agradocosmetic.com\\\/guia-definitiva-para-lucir-la-melena-xl-de-moda\\\/#breadcrumb\",\"itemListElement\":[{\"@type\":\"ListItem\",\"position\":1,\"name\":\"Portada\",\"item\":\"https:\\\/\\\/agradocosmetic.com\\\/\"},{\"@type\":\"ListItem\",\"position\":2,\"name\":\"Gu\u00eda definitiva para lucir la melena XL de moda\"}]},{\"@type\":\"WebSite\",\"@id\":\"https:\\\/\\\/agradocosmetic.com\\\/#website\",\"url\":\"https:\\\/\\\/agradocosmetic.com\\\/\",\"name\":\"Agrado\",\"description\":\"Cosmetic\",\"publisher\":{\"@id\":\"https:\\\/\\\/agradocosmetic.com\\\/#organization\"},\"potentialAction\":[{\"@type\":\"SearchAction\",\"target\":{\"@type\":\"EntryPoint\",\"urlTemplate\":\"https:\\\/\\\/agradocosmetic.com\\\/?s={search_term_string}\"},\"query-input\":{\"@type\":\"PropertyValueSpecification\",\"valueRequired\":true,\"valueName\":\"search_term_string\"}}],\"inLanguage\":\"pt-PT\"},{\"@type\":\"Organization\",\"@id\":\"https:\\\/\\\/agradocosmetic.com\\\/#organization\",\"name\":\"Agrado\",\"url\":\"https:\\\/\\\/agradocosmetic.com\\\/\",\"logo\":{\"@type\":\"ImageObject\",\"inLanguage\":\"pt-PT\",\"@id\":\"https:\\\/\\\/agradocosmetic.com\\\/#\\\/schema\\\/logo\\\/image\\\/\",\"url\":\"https:\\\/\\\/agradocosmetic.com\\\/wp-content\\\/uploads\\\/2023\\\/07\\\/LOGO-AGRADO-WEB-01.png\",\"contentUrl\":\"https:\\\/\\\/agradocosmetic.com\\\/wp-content\\\/uploads\\\/2023\\\/07\\\/LOGO-AGRADO-WEB-01.png\",\"width\":1632,\"height\":300,\"caption\":\"Agrado\"},\"image\":{\"@id\":\"https:\\\/\\\/agradocosmetic.com\\\/#\\\/schema\\\/logo\\\/image\\\/\"}},{\"@type\":\"Person\",\"@id\":\"https:\\\/\\\/agradocosmetic.com\\\/#\\\/schema\\\/person\\\/732e8d396022e25f9340196f83d6789d\",\"name\":\"agradocosmetic\",\"image\":{\"@type\":\"ImageObject\",\"inLanguage\":\"pt-PT\",\"@id\":\"https:\\\/\\\/secure.gravatar.com\\\/avatar\\\/c6003e45301182b7e125463fcbec403b1980909c12edf09098526b9a15e779c0?s=96&d=mm&r=g\",\"url\":\"https:\\\/\\\/secure.gravatar.com\\\/avatar\\\/c6003e45301182b7e125463fcbec403b1980909c12edf09098526b9a15e779c0?s=96&d=mm&r=g\",\"contentUrl\":\"https:\\\/\\\/secure.gravatar.com\\\/avatar\\\/c6003e45301182b7e125463fcbec403b1980909c12edf09098526b9a15e779c0?s=96&d=mm&r=g\",\"caption\":\"agradocosmetic\"}}]}<\/script>\n<!-- \/ Yoast SEO plugin. -->","yoast_head_json":{"title":"Gu\u00eda definitiva para lucir la melena XL de moda - Agrado","description":"La melena XL est\u00e1 de moda, \u00a1pero mantenerla no es f\u00e1cil! Descubre es este post la gu\u00eda definitiva para lucirla sana y nutrida.","robots":{"index":"index","follow":"follow","max-snippet":"max-snippet:-1","max-image-preview":"max-image-preview:large","max-video-preview":"max-video-preview:-1"},"canonical":"https:\/\/agradocosmetic.com\/pt\/guia-definitiva-para-lucir-la-melena-xl-de-moda\/","og_locale":"pt_PT","og_type":"article","og_title":"Gu\u00eda definitiva para lucir la melena XL de moda - Agrado","og_description":"La melena XL est\u00e1 de moda, \u00a1pero mantenerla no es f\u00e1cil! Descubre es este post la gu\u00eda definitiva para lucirla sana y nutrida.","og_url":"https:\/\/agradocosmetic.com\/pt\/guia-definitiva-para-lucir-la-melena-xl-de-moda\/","og_site_name":"Agrado","article_published_time":"2022-09-06T11:22:19+00:00","article_modified_time":"2023-11-18T16:58:50+00:00","og_image":[{"width":1200,"height":800,"url":"https:\/\/agradocosmetic.com\/wp-content\/uploads\/2022\/09\/melena-XL-de-moda-agrado.jpg","type":"image\/jpeg"}],"author":"agradocosmetic","twitter_card":"summary_large_image","twitter_misc":{"Escrito por":"agradocosmetic","Tempo estimado de leitura":"3 minutos"},"schema":{"@context":"https:\/\/schema.org","@graph":[{"@type":"Article","@id":"https:\/\/agradocosmetic.com\/guia-definitiva-para-lucir-la-melena-xl-de-moda\/#article","isPartOf":{"@id":"https:\/\/agradocosmetic.com\/guia-definitiva-para-lucir-la-melena-xl-de-moda\/"},"author":{"name":"agradocosmetic","@id":"https:\/\/agradocosmetic.com\/#\/schema\/person\/732e8d396022e25f9340196f83d6789d"},"headline":"Gu\u00eda definitiva para lucir la melena XL de moda","datePublished":"2022-09-06T11:22:19+00:00","dateModified":"2023-11-18T16:58:50+00:00","mainEntityOfPage":{"@id":"https:\/\/agradocosmetic.com\/guia-definitiva-para-lucir-la-melena-xl-de-moda\/"},"wordCount":629,"commentCount":0,"publisher":{"@id":"https:\/\/agradocosmetic.com\/#organization"},"image":{"@id":"https:\/\/agradocosmetic.com\/guia-definitiva-para-lucir-la-melena-xl-de-moda\/#primaryimage"},"thumbnailUrl":"https:\/\/agradocosmetic.com\/wp-content\/uploads\/2022\/09\/melena-XL-de-moda-agrado.jpg","keywords":["cabello","capilar","conseguir pelo largo","lucir melena","pelo","pelo largo"],"articleSection":["Capilar","Todos"],"inLanguage":"pt-PT","potentialAction":[{"@type":"CommentAction","name":"Comment","target":["https:\/\/agradocosmetic.com\/guia-definitiva-para-lucir-la-melena-xl-de-moda\/#respond"]}]},{"@type":"WebPage","@id":"https:\/\/agradocosmetic.com\/guia-definitiva-para-lucir-la-melena-xl-de-moda\/","url":"https:\/\/agradocosmetic.com\/guia-definitiva-para-lucir-la-melena-xl-de-moda\/","name":"Gu\u00eda definitiva para lucir la melena XL de moda - Agrado","isPartOf":{"@id":"https:\/\/agradocosmetic.com\/#website"},"primaryImageOfPage":{"@id":"https:\/\/agradocosmetic.com\/guia-definitiva-para-lucir-la-melena-xl-de-moda\/#primaryimage"},"image":{"@id":"https:\/\/agradocosmetic.com\/guia-definitiva-para-lucir-la-melena-xl-de-moda\/#primaryimage"},"thumbnailUrl":"https:\/\/agradocosmetic.com\/wp-content\/uploads\/2022\/09\/melena-XL-de-moda-agrado.jpg","datePublished":"2022-09-06T11:22:19+00:00","dateModified":"2023-11-18T16:58:50+00:00","description":"La melena XL est\u00e1 de moda, \u00a1pero mantenerla no es f\u00e1cil! Descubre es este post la gu\u00eda definitiva para lucirla sana y nutrida.","breadcrumb":{"@id":"https:\/\/agradocosmetic.com\/guia-definitiva-para-lucir-la-melena-xl-de-moda\/#breadcrumb"},"inLanguage":"pt-PT","potentialAction":[{"@type":"ReadAction","target":["https:\/\/agradocosmetic.com\/guia-definitiva-para-lucir-la-melena-xl-de-moda\/"]}]},{"@type":"ImageObject","inLanguage":"pt-PT","@id":"https:\/\/agradocosmetic.com\/guia-definitiva-para-lucir-la-melena-xl-de-moda\/#primaryimage","url":"https:\/\/agradocosmetic.com\/wp-content\/uploads\/2022\/09\/melena-XL-de-moda-agrado.jpg","contentUrl":"https:\/\/agradocosmetic.com\/wp-content\/uploads\/2022\/09\/melena-XL-de-moda-agrado.jpg","width":1200,"height":800},{"@type":"BreadcrumbList","@id":"https:\/\/agradocosmetic.com\/guia-definitiva-para-lucir-la-melena-xl-de-moda\/#breadcrumb","itemListElement":[{"@type":"ListItem","position":1,"name":"Portada","item":"https:\/\/agradocosmetic.com\/"},{"@type":"ListItem","position":2,"name":"Gu\u00eda definitiva para lucir la melena XL de moda"}]},{"@type":"WebSite","@id":"https:\/\/agradocosmetic.com\/#website","url":"https:\/\/agradocosmetic.com\/","name":"Gosto","description":"Cosm\u00e9tico","publisher":{"@id":"https:\/\/agradocosmetic.com\/#organization"},"potentialAction":[{"@type":"SearchAction","target":{"@type":"EntryPoint","urlTemplate":"https:\/\/agradocosmetic.com\/?s={search_term_string}"},"query-input":{"@type":"PropertyValueSpecification","valueRequired":true,"valueName":"search_term_string"}}],"inLanguage":"pt-PT"},{"@type":"Organization","@id":"https:\/\/agradocosmetic.com\/#organization","name":"Gosto","url":"https:\/\/agradocosmetic.com\/","logo":{"@type":"ImageObject","inLanguage":"pt-PT","@id":"https:\/\/agradocosmetic.com\/#\/schema\/logo\/image\/","url":"https:\/\/agradocosmetic.com\/wp-content\/uploads\/2023\/07\/LOGO-AGRADO-WEB-01.png","contentUrl":"https:\/\/agradocosmetic.com\/wp-content\/uploads\/2023\/07\/LOGO-AGRADO-WEB-01.png","width":1632,"height":300,"caption":"Agrado"},"image":{"@id":"https:\/\/agradocosmetic.com\/#\/schema\/logo\/image\/"}},{"@type":"Person","@id":"https:\/\/agradocosmetic.com\/#\/schema\/person\/732e8d396022e25f9340196f83d6789d","name":"agradocosm\u00e9tico","image":{"@type":"ImageObject","inLanguage":"pt-PT","@id":"https:\/\/secure.gravatar.com\/avatar\/c6003e45301182b7e125463fcbec403b1980909c12edf09098526b9a15e779c0?s=96&d=mm&r=g","url":"https:\/\/secure.gravatar.com\/avatar\/c6003e45301182b7e125463fcbec403b1980909c12edf09098526b9a15e779c0?s=96&d=mm&r=g","contentUrl":"https:\/\/secure.gravatar.com\/avatar\/c6003e45301182b7e125463fcbec403b1980909c12edf09098526b9a15e779c0?s=96&d=mm&r=g","caption":"agradocosmetic"}}]}},"_links":{"self":[{"href":"https:\/\/agradocosmetic.com\/pt\/wp-json\/wp\/v2\/posts\/19965","targetHints":{"allow":["GET"]}}],"collection":[{"href":"https:\/\/agradocosmetic.com\/pt\/wp-json\/wp\/v2\/posts"}],"about":[{"href":"https:\/\/agradocosmetic.com\/pt\/wp-json\/wp\/v2\/types\/post"}],"author":[{"embeddable":true,"href":"https:\/\/agradocosmetic.com\/pt\/wp-json\/wp\/v2\/users\/9"}],"replies":[{"embeddable":true,"href":"https:\/\/agradocosmetic.com\/pt\/wp-json\/wp\/v2\/comments?post=19965"}],"version-history":[{"count":1,"href":"https:\/\/agradocosmetic.com\/pt\/wp-json\/wp\/v2\/posts\/19965\/revisions"}],"predecessor-version":[{"id":21264,"href":"https:\/\/agradocosmetic.com\/pt\/wp-json\/wp\/v2\/posts\/19965\/revisions\/21264"}],"wp:featuredmedia":[{"embeddable":true,"href":"https:\/\/agradocosmetic.com\/pt\/wp-json\/wp\/v2\/media\/21263"}],"wp:attachment":[{"href":"https:\/\/agradocosmetic.com\/pt\/wp-json\/wp\/v2\/media?parent=19965"}],"wp:term":[{"taxonomy":"category","embeddable":true,"href":"https:\/\/agradocosmetic.com\/pt\/wp-json\/wp\/v2\/categories?post=19965"},{"taxonomy":"post_tag","embeddable":true,"href":"https:\/\/agradocosmetic.com\/pt\/wp-json\/wp\/v2\/tags?post=19965"}],"curies":[{"name":"wp","href":"https:\/\/api.w.org\/{rel}","templated":true}]}}