{"id":20211,"date":"2022-11-17T12:01:16","date_gmt":"2022-11-17T11:01:16","guid":{"rendered":"https:\/\/www.agradocosmetic.com\/?p=20211"},"modified":"2023-11-18T16:58:50","modified_gmt":"2023-11-18T16:58:50","slug":"que-debe-tener-mi-gel-de-bano-ideal","status":"publish","type":"post","link":"https:\/\/agradocosmetic.com\/pt\/que-debe-tener-mi-gel-de-bano-ideal\/","title":{"rendered":"O que deve ter o meu gel de banho ideal?"},"content":{"rendered":"<p>Usamos no nosso dia a dia, mas muitas vezes s\u00f3 damos import\u00e2ncia ao seu bom cheiro ou \u00e0 sua durabilidade na pele. Mas estamos fazendo errado! Existem outros fatores a serem levados em considera\u00e7\u00e3o na escolha do sabonete l\u00edquido perfeito. Voc\u00ea quer saber o que s\u00e3o? Tome nota porque em <a href=\"https:\/\/agradocosmetic.com\/pt\/\" target=\"_blank\" rel=\"noreferrer noopener\">Agrado Cosm\u00e9ticos<\/a> Contamos tudo o que o seu gel de banho ideal deve ter. \ud83d\ude09<\/p>\r\n\r\n\r\n\r\n<p>&nbsp;<\/p>\r\n\r\n\r\n\r\n<h4 class=\"wp-block-heading\">Combina com o seu tipo de pele?<\/h4>\r\n\r\n\r\n\r\n<p>Primeiro de tudo, <strong>\u00c9 super importante saber que tipo de pele voc\u00ea tem para que o seu gel se adapte \u00e0s suas necessidades.<\/strong>. Pode parecer um pouco opressor, mas n\u00e3o se preocupe! A gente te conta: existem tipos de pele seca, oleosa, sens\u00edvel ou alerg\u00eanica. E dependendo de qual for a sua, voc\u00ea vai precisar de uma formula\u00e7\u00e3o ou de outra. Por exemplo, para pele at\u00f3pica, recomendamos o <a href=\"https:\/\/agradocosmetic.com\/pt\/producto\/gel-micelar-bano-ducha-pieles-atopicas\/\" target=\"_blank\" rel=\"noreferrer noopener\">Gel de banho e banho micelar Agrado<\/a>. A sua f\u00f3rmula micelar sem sab\u00e3o \u00e9 perfeita para a higiene di\u00e1ria deste tipo de pele sens\u00edvel. Proteja e cuide tudo em um!<\/p>\r\n\r\n\r\n\r\n<p>&nbsp;<\/p>\r\n\r\n\r\n\r\n<h4 class=\"wp-block-heading\">Escolha um pH neutro<\/h4>\r\n\r\n\r\n\r\n<p>Se o seu gel de banho n\u00e3o respeita o pH da sua pele... Rapidamente, diga adeus a ele!<strong> O pH neutro ajuda a prevenir a ocorr\u00eancia de rea\u00e7\u00f5es e alergias na pele<\/strong>, e assim voc\u00ea poder\u00e1 exibir pernas incr\u00edveis em todas as esta\u00e7\u00f5es do ano. E... psiu, psiu, vou te contar um segredo que vai te interessar: todos os <a href=\"https:\/\/agradocosmetic.com\/pt\/productos\/corporal\/gel-de-bano-y-ducha\/\" target=\"_blank\" rel=\"noreferrer noopener\">G\u00e9is de banho Agrado Cosmetic <\/a>Eles t\u00eam um pH neutro.<\/p>\r\n\r\n\r\n\r\n<p>&nbsp;<\/p>\r\n\r\n\r\n\r\n<h4 class=\"wp-block-heading\">Um perfume que faz voc\u00ea se apaixonar<\/h4>\r\n\r\n\r\n\r\n<p>Nada melhor do que ser fiel aos seus gostos e, no caso dos cheiros, ainda mais! Escolher o aroma que vai te acompanhar ao longo do dia n\u00e3o \u00e9 uma tarefa f\u00e1cil, mas damos algumas dicas: escolha uma fragr\u00e2ncia fresca que voc\u00ea goste e que complemente o seu perfume.<\/p>\r\n\r\n\r\n\r\n<p>PS: Como recomenda\u00e7\u00e3o, certamente a gama de <a href=\"https:\/\/agradocosmetic.com\/pt\/productos\/corporal\/trendy-bubbles\/\" target=\"_blank\" rel=\"noreferrer noopener\">Cole\u00e7\u00e3o de bolhas da moda<\/a> Voc\u00ea vai amar. N\u00e3o podemos mais viver sem ele<a href=\"https:\/\/agradocosmetic.com\/pt\/producto\/gel-bano-ducha-mango-exotico\/\" target=\"_blank\" rel=\"noreferrer noopener\"> Gel de banho e banho de manga ex\u00f3tica<\/a>, que envolve um aroma tropical e refrescante com toda a do\u00e7ura frutada. A sua f\u00f3rmula, com 95% de ingredientes de origem natural, contribui para a hidrata\u00e7\u00e3o da pele. O que mais voc\u00ea poderia pedir?<\/p>\r\n\r\n\r\n\r\n<p>&nbsp;<\/p>\r\n\r\n\r\n\r\n<h4 class=\"wp-block-heading\">Ingredientes naturais<\/h4>\r\n\r\n\r\n\r\n<p>O toque final: <strong>mime a sua pele com os melhores produtos naturais<\/strong>. Sua pele clama para escapar dos parabenos e conservantes que a ressecam. Troque-os por g\u00e9is de banho que os respeitem como o <a href=\"https:\/\/agradocosmetic.com\/pt\/producto\/gel-bano-ducha-avena\/\" target=\"_blank\" rel=\"noreferrer noopener\">Gel de banho e banho de aveia<\/a>, formulado com extrato de aveia, que ajuda a prevenir irrita\u00e7\u00f5es gra\u00e7as ao seu efeito calmante e regenerador. Acredite, voc\u00ea notar\u00e1 a diferen\u00e7a!<\/p>\r\n\r\n\r\n\r\n<p>Agora que voc\u00ea conhece os itens essenciais do seu pr\u00f3ximo sabonete l\u00edquido ideal, coloque nossas dicas em pr\u00e1tica e <strong>fique com a pele perfeita neste outono com <a href=\"https:\/\/agradocosmetic.com\/pt\/\" target=\"_blank\" rel=\"noreferrer noopener\">Agrado Cosm\u00e9ticos<\/a>.<\/strong><\/p>","protected":false},"excerpt":{"rendered":"<p>Lo usamos en nuestro d\u00eda a d\u00eda, y sin embargo, muchas veces solo de damos importancia a su buen olor o a que este perdure en nuestra piel. \u00a1Pero lo estamos haciendo mal! Existen otros factores que hay que tener en cuenta a la hora de elegir el gel de ba\u00f1o perfecto. \u00bfQuieres saber cu\u00e1les [&hellip;]<\/p>\n","protected":false},"author":9,"featured_media":21253,"comment_status":"open","ping_status":"closed","sticky":false,"template":"","format":"standard","meta":{"footnotes":"","_wp_rev_ctl_limit":""},"categories":[149,1],"tags":[126,289,360],"class_list":["post-20211","post","type-post","status-publish","format-standard","has-post-thumbnail","hentry","category-corporal","category-todos","tag-agrado","tag-cuidado-de-la-piel","tag-gel-de-bano"],"yoast_head":"<!-- This site is optimized with the Yoast SEO plugin v27.4 - https:\/\/yoast.com\/product\/yoast-seo-wordpress\/ -->\n<title>Qu\u00e9 debe tener mi gel de ba\u00f1o ideal - Agrado Cosmetics<\/title>\n<meta name=\"description\" content=\"Un olor rico es solo una peque\u00f1\u00edsima parte de todo lo que tu gel de ba\u00f1o puede ofrecerte. \u00a1Descubre qu\u00e9 debe tener para lucir una piel ideal!\" \/>\n<meta name=\"robots\" content=\"index, follow, max-snippet:-1, max-image-preview:large, max-video-preview:-1\" \/>\n<link rel=\"canonical\" href=\"https:\/\/agradocosmetic.com\/pt\/que-debe-tener-mi-gel-de-bano-ideal\/\" \/>\n<meta property=\"og:locale\" content=\"pt_PT\" \/>\n<meta property=\"og:type\" content=\"article\" \/>\n<meta property=\"og:title\" content=\"Qu\u00e9 debe tener mi gel de ba\u00f1o ideal - Agrado Cosmetics\" \/>\n<meta property=\"og:description\" content=\"Un olor rico es solo una peque\u00f1\u00edsima parte de todo lo que tu gel de ba\u00f1o puede ofrecerte. \u00a1Descubre qu\u00e9 debe tener para lucir una piel ideal!\" \/>\n<meta property=\"og:url\" content=\"https:\/\/agradocosmetic.com\/pt\/que-debe-tener-mi-gel-de-bano-ideal\/\" \/>\n<meta property=\"og:site_name\" content=\"Agrado\" \/>\n<meta property=\"article:published_time\" content=\"2022-11-17T11:01:16+00:00\" \/>\n<meta property=\"article:modified_time\" content=\"2023-11-18T16:58:50+00:00\" \/>\n<meta property=\"og:image\" content=\"https:\/\/agradocosmetic.com\/wp-content\/uploads\/2022\/11\/gel-de-ducha-agrado.jpg\" \/>\n\t<meta property=\"og:image:width\" content=\"1200\" \/>\n\t<meta property=\"og:image:height\" content=\"800\" \/>\n\t<meta property=\"og:image:type\" content=\"image\/jpeg\" \/>\n<meta name=\"author\" content=\"agradocosmetic\" \/>\n<meta name=\"twitter:card\" content=\"summary_large_image\" \/>\n<meta name=\"twitter:label1\" content=\"Escrito por\" \/>\n\t<meta name=\"twitter:data1\" content=\"agradocosmetic\" \/>\n\t<meta name=\"twitter:label2\" content=\"Tempo estimado de leitura\" \/>\n\t<meta name=\"twitter:data2\" content=\"3 minutos\" \/>\n<script type=\"application\/ld+json\" class=\"yoast-schema-graph\">{\"@context\":\"https:\\\/\\\/schema.org\",\"@graph\":[{\"@type\":\"Article\",\"@id\":\"https:\\\/\\\/agradocosmetic.com\\\/que-debe-tener-mi-gel-de-bano-ideal\\\/#article\",\"isPartOf\":{\"@id\":\"https:\\\/\\\/agradocosmetic.com\\\/que-debe-tener-mi-gel-de-bano-ideal\\\/\"},\"author\":{\"name\":\"agradocosmetic\",\"@id\":\"https:\\\/\\\/agradocosmetic.com\\\/#\\\/schema\\\/person\\\/732e8d396022e25f9340196f83d6789d\"},\"headline\":\"Qu\u00e9 debe tener mi gel de ba\u00f1o ideal\",\"datePublished\":\"2022-11-17T11:01:16+00:00\",\"dateModified\":\"2023-11-18T16:58:50+00:00\",\"mainEntityOfPage\":{\"@id\":\"https:\\\/\\\/agradocosmetic.com\\\/que-debe-tener-mi-gel-de-bano-ideal\\\/\"},\"wordCount\":509,\"commentCount\":0,\"publisher\":{\"@id\":\"https:\\\/\\\/agradocosmetic.com\\\/#organization\"},\"image\":{\"@id\":\"https:\\\/\\\/agradocosmetic.com\\\/que-debe-tener-mi-gel-de-bano-ideal\\\/#primaryimage\"},\"thumbnailUrl\":\"https:\\\/\\\/agradocosmetic.com\\\/wp-content\\\/uploads\\\/2022\\\/11\\\/gel-de-ducha-agrado.jpg\",\"keywords\":[\"agrado\",\"cuidado de la piel\",\"gel de ba\u00f1o\"],\"articleSection\":[\"Corporal\",\"Todos\"],\"inLanguage\":\"pt-PT\",\"potentialAction\":[{\"@type\":\"CommentAction\",\"name\":\"Comment\",\"target\":[\"https:\\\/\\\/agradocosmetic.com\\\/que-debe-tener-mi-gel-de-bano-ideal\\\/#respond\"]}]},{\"@type\":\"WebPage\",\"@id\":\"https:\\\/\\\/agradocosmetic.com\\\/que-debe-tener-mi-gel-de-bano-ideal\\\/\",\"url\":\"https:\\\/\\\/agradocosmetic.com\\\/que-debe-tener-mi-gel-de-bano-ideal\\\/\",\"name\":\"Qu\u00e9 debe tener mi gel de ba\u00f1o ideal - Agrado Cosmetics\",\"isPartOf\":{\"@id\":\"https:\\\/\\\/agradocosmetic.com\\\/#website\"},\"primaryImageOfPage\":{\"@id\":\"https:\\\/\\\/agradocosmetic.com\\\/que-debe-tener-mi-gel-de-bano-ideal\\\/#primaryimage\"},\"image\":{\"@id\":\"https:\\\/\\\/agradocosmetic.com\\\/que-debe-tener-mi-gel-de-bano-ideal\\\/#primaryimage\"},\"thumbnailUrl\":\"https:\\\/\\\/agradocosmetic.com\\\/wp-content\\\/uploads\\\/2022\\\/11\\\/gel-de-ducha-agrado.jpg\",\"datePublished\":\"2022-11-17T11:01:16+00:00\",\"dateModified\":\"2023-11-18T16:58:50+00:00\",\"description\":\"Un olor rico es solo una peque\u00f1\u00edsima parte de todo lo que tu gel de ba\u00f1o puede ofrecerte. \u00a1Descubre qu\u00e9 debe tener para lucir una piel ideal!\",\"breadcrumb\":{\"@id\":\"https:\\\/\\\/agradocosmetic.com\\\/que-debe-tener-mi-gel-de-bano-ideal\\\/#breadcrumb\"},\"inLanguage\":\"pt-PT\",\"potentialAction\":[{\"@type\":\"ReadAction\",\"target\":[\"https:\\\/\\\/agradocosmetic.com\\\/que-debe-tener-mi-gel-de-bano-ideal\\\/\"]}]},{\"@type\":\"ImageObject\",\"inLanguage\":\"pt-PT\",\"@id\":\"https:\\\/\\\/agradocosmetic.com\\\/que-debe-tener-mi-gel-de-bano-ideal\\\/#primaryimage\",\"url\":\"https:\\\/\\\/agradocosmetic.com\\\/wp-content\\\/uploads\\\/2022\\\/11\\\/gel-de-ducha-agrado.jpg\",\"contentUrl\":\"https:\\\/\\\/agradocosmetic.com\\\/wp-content\\\/uploads\\\/2022\\\/11\\\/gel-de-ducha-agrado.jpg\",\"width\":1200,\"height\":800},{\"@type\":\"BreadcrumbList\",\"@id\":\"https:\\\/\\\/agradocosmetic.com\\\/que-debe-tener-mi-gel-de-bano-ideal\\\/#breadcrumb\",\"itemListElement\":[{\"@type\":\"ListItem\",\"position\":1,\"name\":\"Portada\",\"item\":\"https:\\\/\\\/agradocosmetic.com\\\/\"},{\"@type\":\"ListItem\",\"position\":2,\"name\":\"Qu\u00e9 debe tener mi gel de ba\u00f1o ideal\"}]},{\"@type\":\"WebSite\",\"@id\":\"https:\\\/\\\/agradocosmetic.com\\\/#website\",\"url\":\"https:\\\/\\\/agradocosmetic.com\\\/\",\"name\":\"Agrado\",\"description\":\"Cosmetic\",\"publisher\":{\"@id\":\"https:\\\/\\\/agradocosmetic.com\\\/#organization\"},\"potentialAction\":[{\"@type\":\"SearchAction\",\"target\":{\"@type\":\"EntryPoint\",\"urlTemplate\":\"https:\\\/\\\/agradocosmetic.com\\\/?s={search_term_string}\"},\"query-input\":{\"@type\":\"PropertyValueSpecification\",\"valueRequired\":true,\"valueName\":\"search_term_string\"}}],\"inLanguage\":\"pt-PT\"},{\"@type\":\"Organization\",\"@id\":\"https:\\\/\\\/agradocosmetic.com\\\/#organization\",\"name\":\"Agrado\",\"url\":\"https:\\\/\\\/agradocosmetic.com\\\/\",\"logo\":{\"@type\":\"ImageObject\",\"inLanguage\":\"pt-PT\",\"@id\":\"https:\\\/\\\/agradocosmetic.com\\\/#\\\/schema\\\/logo\\\/image\\\/\",\"url\":\"https:\\\/\\\/agradocosmetic.com\\\/wp-content\\\/uploads\\\/2023\\\/07\\\/LOGO-AGRADO-WEB-01.png\",\"contentUrl\":\"https:\\\/\\\/agradocosmetic.com\\\/wp-content\\\/uploads\\\/2023\\\/07\\\/LOGO-AGRADO-WEB-01.png\",\"width\":1632,\"height\":300,\"caption\":\"Agrado\"},\"image\":{\"@id\":\"https:\\\/\\\/agradocosmetic.com\\\/#\\\/schema\\\/logo\\\/image\\\/\"}},{\"@type\":\"Person\",\"@id\":\"https:\\\/\\\/agradocosmetic.com\\\/#\\\/schema\\\/person\\\/732e8d396022e25f9340196f83d6789d\",\"name\":\"agradocosmetic\",\"image\":{\"@type\":\"ImageObject\",\"inLanguage\":\"pt-PT\",\"@id\":\"https:\\\/\\\/secure.gravatar.com\\\/avatar\\\/c6003e45301182b7e125463fcbec403b1980909c12edf09098526b9a15e779c0?s=96&d=mm&r=g\",\"url\":\"https:\\\/\\\/secure.gravatar.com\\\/avatar\\\/c6003e45301182b7e125463fcbec403b1980909c12edf09098526b9a15e779c0?s=96&d=mm&r=g\",\"contentUrl\":\"https:\\\/\\\/secure.gravatar.com\\\/avatar\\\/c6003e45301182b7e125463fcbec403b1980909c12edf09098526b9a15e779c0?s=96&d=mm&r=g\",\"caption\":\"agradocosmetic\"}}]}<\/script>\n<!-- \/ Yoast SEO plugin. -->","yoast_head_json":{"title":"O que deve ter meu sabonete l\u00edquido ideal? - Agrado Cosmetics","description":"Uma fragr\u00e2ncia rica \u00e9 apenas uma pequena fra\u00e7\u00e3o do que seu sabonete l\u00edquido pode oferecer. Descubra o que ele precisa ter para uma pele perfeita!","robots":{"index":"index","follow":"follow","max-snippet":"max-snippet:-1","max-image-preview":"max-image-preview:large","max-video-preview":"max-video-preview:-1"},"canonical":"https:\/\/agradocosmetic.com\/pt\/que-debe-tener-mi-gel-de-bano-ideal\/","og_locale":"pt_PT","og_type":"article","og_title":"Qu\u00e9 debe tener mi gel de ba\u00f1o ideal - Agrado Cosmetics","og_description":"Un olor rico es solo una peque\u00f1\u00edsima parte de todo lo que tu gel de ba\u00f1o puede ofrecerte. \u00a1Descubre qu\u00e9 debe tener para lucir una piel ideal!","og_url":"https:\/\/agradocosmetic.com\/pt\/que-debe-tener-mi-gel-de-bano-ideal\/","og_site_name":"Agrado","article_published_time":"2022-11-17T11:01:16+00:00","article_modified_time":"2023-11-18T16:58:50+00:00","og_image":[{"width":1200,"height":800,"url":"https:\/\/agradocosmetic.com\/wp-content\/uploads\/2022\/11\/gel-de-ducha-agrado.jpg","type":"image\/jpeg"}],"author":"agradocosmetic","twitter_card":"summary_large_image","twitter_misc":{"Escrito por":"agradocosmetic","Tempo estimado de leitura":"3 minutos"},"schema":{"@context":"https:\/\/schema.org","@graph":[{"@type":"Article","@id":"https:\/\/agradocosmetic.com\/que-debe-tener-mi-gel-de-bano-ideal\/#article","isPartOf":{"@id":"https:\/\/agradocosmetic.com\/que-debe-tener-mi-gel-de-bano-ideal\/"},"author":{"name":"agradocosmetic","@id":"https:\/\/agradocosmetic.com\/#\/schema\/person\/732e8d396022e25f9340196f83d6789d"},"headline":"Qu\u00e9 debe tener mi gel de ba\u00f1o ideal","datePublished":"2022-11-17T11:01:16+00:00","dateModified":"2023-11-18T16:58:50+00:00","mainEntityOfPage":{"@id":"https:\/\/agradocosmetic.com\/que-debe-tener-mi-gel-de-bano-ideal\/"},"wordCount":509,"commentCount":0,"publisher":{"@id":"https:\/\/agradocosmetic.com\/#organization"},"image":{"@id":"https:\/\/agradocosmetic.com\/que-debe-tener-mi-gel-de-bano-ideal\/#primaryimage"},"thumbnailUrl":"https:\/\/agradocosmetic.com\/wp-content\/uploads\/2022\/11\/gel-de-ducha-agrado.jpg","keywords":["agrado","cuidado de la piel","gel de ba\u00f1o"],"articleSection":["Corporal","Todos"],"inLanguage":"pt-PT","potentialAction":[{"@type":"CommentAction","name":"Comment","target":["https:\/\/agradocosmetic.com\/que-debe-tener-mi-gel-de-bano-ideal\/#respond"]}]},{"@type":"WebPage","@id":"https:\/\/agradocosmetic.com\/que-debe-tener-mi-gel-de-bano-ideal\/","url":"https:\/\/agradocosmetic.com\/que-debe-tener-mi-gel-de-bano-ideal\/","name":"O que deve ter meu sabonete l\u00edquido ideal? - Agrado Cosmetics","isPartOf":{"@id":"https:\/\/agradocosmetic.com\/#website"},"primaryImageOfPage":{"@id":"https:\/\/agradocosmetic.com\/que-debe-tener-mi-gel-de-bano-ideal\/#primaryimage"},"image":{"@id":"https:\/\/agradocosmetic.com\/que-debe-tener-mi-gel-de-bano-ideal\/#primaryimage"},"thumbnailUrl":"https:\/\/agradocosmetic.com\/wp-content\/uploads\/2022\/11\/gel-de-ducha-agrado.jpg","datePublished":"2022-11-17T11:01:16+00:00","dateModified":"2023-11-18T16:58:50+00:00","description":"Uma fragr\u00e2ncia rica \u00e9 apenas uma pequena fra\u00e7\u00e3o do que seu sabonete l\u00edquido pode oferecer. Descubra o que ele precisa ter para uma pele perfeita!","breadcrumb":{"@id":"https:\/\/agradocosmetic.com\/que-debe-tener-mi-gel-de-bano-ideal\/#breadcrumb"},"inLanguage":"pt-PT","potentialAction":[{"@type":"ReadAction","target":["https:\/\/agradocosmetic.com\/que-debe-tener-mi-gel-de-bano-ideal\/"]}]},{"@type":"ImageObject","inLanguage":"pt-PT","@id":"https:\/\/agradocosmetic.com\/que-debe-tener-mi-gel-de-bano-ideal\/#primaryimage","url":"https:\/\/agradocosmetic.com\/wp-content\/uploads\/2022\/11\/gel-de-ducha-agrado.jpg","contentUrl":"https:\/\/agradocosmetic.com\/wp-content\/uploads\/2022\/11\/gel-de-ducha-agrado.jpg","width":1200,"height":800},{"@type":"BreadcrumbList","@id":"https:\/\/agradocosmetic.com\/que-debe-tener-mi-gel-de-bano-ideal\/#breadcrumb","itemListElement":[{"@type":"ListItem","position":1,"name":"Portada","item":"https:\/\/agradocosmetic.com\/"},{"@type":"ListItem","position":2,"name":"Qu\u00e9 debe tener mi gel de ba\u00f1o ideal"}]},{"@type":"WebSite","@id":"https:\/\/agradocosmetic.com\/#website","url":"https:\/\/agradocosmetic.com\/","name":"Gosto","description":"Cosm\u00e9tico","publisher":{"@id":"https:\/\/agradocosmetic.com\/#organization"},"potentialAction":[{"@type":"SearchAction","target":{"@type":"EntryPoint","urlTemplate":"https:\/\/agradocosmetic.com\/?s={search_term_string}"},"query-input":{"@type":"PropertyValueSpecification","valueRequired":true,"valueName":"search_term_string"}}],"inLanguage":"pt-PT"},{"@type":"Organization","@id":"https:\/\/agradocosmetic.com\/#organization","name":"Gosto","url":"https:\/\/agradocosmetic.com\/","logo":{"@type":"ImageObject","inLanguage":"pt-PT","@id":"https:\/\/agradocosmetic.com\/#\/schema\/logo\/image\/","url":"https:\/\/agradocosmetic.com\/wp-content\/uploads\/2023\/07\/LOGO-AGRADO-WEB-01.png","contentUrl":"https:\/\/agradocosmetic.com\/wp-content\/uploads\/2023\/07\/LOGO-AGRADO-WEB-01.png","width":1632,"height":300,"caption":"Agrado"},"image":{"@id":"https:\/\/agradocosmetic.com\/#\/schema\/logo\/image\/"}},{"@type":"Person","@id":"https:\/\/agradocosmetic.com\/#\/schema\/person\/732e8d396022e25f9340196f83d6789d","name":"agradocosm\u00e9tico","image":{"@type":"ImageObject","inLanguage":"pt-PT","@id":"https:\/\/secure.gravatar.com\/avatar\/c6003e45301182b7e125463fcbec403b1980909c12edf09098526b9a15e779c0?s=96&d=mm&r=g","url":"https:\/\/secure.gravatar.com\/avatar\/c6003e45301182b7e125463fcbec403b1980909c12edf09098526b9a15e779c0?s=96&d=mm&r=g","contentUrl":"https:\/\/secure.gravatar.com\/avatar\/c6003e45301182b7e125463fcbec403b1980909c12edf09098526b9a15e779c0?s=96&d=mm&r=g","caption":"agradocosmetic"}}]}},"_links":{"self":[{"href":"https:\/\/agradocosmetic.com\/pt\/wp-json\/wp\/v2\/posts\/20211","targetHints":{"allow":["GET"]}}],"collection":[{"href":"https:\/\/agradocosmetic.com\/pt\/wp-json\/wp\/v2\/posts"}],"about":[{"href":"https:\/\/agradocosmetic.com\/pt\/wp-json\/wp\/v2\/types\/post"}],"author":[{"embeddable":true,"href":"https:\/\/agradocosmetic.com\/pt\/wp-json\/wp\/v2\/users\/9"}],"replies":[{"embeddable":true,"href":"https:\/\/agradocosmetic.com\/pt\/wp-json\/wp\/v2\/comments?post=20211"}],"version-history":[{"count":1,"href":"https:\/\/agradocosmetic.com\/pt\/wp-json\/wp\/v2\/posts\/20211\/revisions"}],"predecessor-version":[{"id":21254,"href":"https:\/\/agradocosmetic.com\/pt\/wp-json\/wp\/v2\/posts\/20211\/revisions\/21254"}],"wp:featuredmedia":[{"embeddable":true,"href":"https:\/\/agradocosmetic.com\/pt\/wp-json\/wp\/v2\/media\/21253"}],"wp:attachment":[{"href":"https:\/\/agradocosmetic.com\/pt\/wp-json\/wp\/v2\/media?parent=20211"}],"wp:term":[{"taxonomy":"category","embeddable":true,"href":"https:\/\/agradocosmetic.com\/pt\/wp-json\/wp\/v2\/categories?post=20211"},{"taxonomy":"post_tag","embeddable":true,"href":"https:\/\/agradocosmetic.com\/pt\/wp-json\/wp\/v2\/tags?post=20211"}],"curies":[{"name":"wp","href":"https:\/\/api.w.org\/{rel}","templated":true}]}}