{"id":20345,"date":"2023-01-11T09:53:01","date_gmt":"2023-01-11T08:53:01","guid":{"rendered":"https:\/\/www.agradocosmetic.com\/?p=20345"},"modified":"2023-11-18T16:58:48","modified_gmt":"2023-11-18T16:58:48","slug":"que-tipo-de-cabello-tengo-agrado-cosmetic","status":"publish","type":"post","link":"https:\/\/agradocosmetic.com\/pt\/que-tipo-de-cabello-tengo-agrado-cosmetic\/","title":{"rendered":"Que tipo de cabelo eu tenho?"},"content":{"rendered":"<p>Voc\u00ea j\u00e1 pensou qual \u00e9 o seu tipo de cabelo? Pode ser ondulado, liso, cacheado, grosso... As possibilidades s\u00e3o infinitas e h\u00e1 pouqu\u00edssima informa\u00e7\u00e3o sobre o assunto. Ent\u00e3o, em <a href=\"https:\/\/agradocosmetic.com\/pt\/\" target=\"_blank\" rel=\"noreferrer noopener\">Agrado Cosm\u00e9ticos<\/a>, propomos lan\u00e7ar um pouco de luz sobre o assunto para ajud\u00e1-la a conhecer e cuidar ao m\u00e1ximo dos seus cabelos neste 2023. Voc\u00ea tamb\u00e9m adere a esse prop\u00f3sito?<\/p>\r\n\r\n\r\n\r\n<p>Alerta! Muitas vezes o uso de produtos capilares inadequados para o seu cabelo pode danific\u00e1-lo e at\u00e9 alterar sua forma natural. Por isso \u00e9 fundamental que, para come\u00e7ar a cuidar e respeitar o seu tipo de cabelo, voc\u00ea saiba reconhec\u00ea-lo. N\u00e3o se preocupe, pois explicamos de forma f\u00e1cil e simples. Continue lendo e tome nota dos aspectos a levar em considera\u00e7\u00e3o. \ud83d\ude09<\/p>\r\n\r\n\r\n\r\n<h3 class=\"wp-block-heading\"><strong>1\u00aa Textura do cabelo: liso, ondulado, cacheado ou afro<\/strong><\/h3>\r\n\r\n\r\n\r\n<p>O primeiro passo \u00e9 conhecer a textura do seu cabelo e n\u00e3o poderia ser mais f\u00e1cil! Basta lavar com \u00e1gua, sem aplicar nenhum produto capilar no processo. Depois voc\u00ea vai deixar secar naturalmente, sem secador ou ferro, e dependendo do resultado ter\u00e1 uma textura ou outra.<\/p>\r\n\r\n\r\n\r\n<p>Se o resultado da secagem ao ar for sem ondas, seu cabelo est\u00e1 liso. Se tiver curvas pequenas e n\u00e3o muito definidas, seu cabelo fica ondulado. E se finalmente tiver loops definidos, \u00e9 encaracolado. Quando os cachos tamb\u00e9m s\u00e3o bem pequenos e bem definidos, estamos falando de um cabelo afro.<\/p>\r\n\r\n\r\n\r\n<p>As <a href=\"https:\/\/agradocosmetic.com\/pt\/linea\/agrado-nature\/\" target=\"_blank\" rel=\"noreferrer noopener\">Linhas Pro Strength<\/a> e <a href=\"https:\/\/agradocosmetic.com\/pt\/linea\/agrado-nature\/\" target=\"_blank\" rel=\"noreferrer noopener\">Nutri\u00e7\u00e3o Pr\u00f3<\/a> da Agrado cuidar\u00e1 do seu cabelo, mantendo-o saud\u00e1vel, brilhante e hidratado, independentemente da sua textura. Sejam lisos ou ondulados, cacheados ou afro, s\u00e3o a melhor op\u00e7\u00e3o para exibir os cabelos longos neste inverno. Tente eles!<\/p>\r\n\r\n\r\n\r\n<h3 class=\"wp-block-heading\"><strong>2\u00aa Estrutura do cabelo: fino, m\u00e9dio ou grosso<\/strong><\/h3>\r\n\r\n\r\n\r\n<p>Depois de descobrir a textura, \u00e9 fundamental prosseguir com o segundo objetivo: reconhecer sua estrutura. Este passo tamb\u00e9m n\u00e3o \u00e9 complicado: basta pegar um fio de cabelo e compar\u00e1-lo com uma linha de costura. Simples, certo? N\u00f3s falamos sobre os resultados poss\u00edveis:<\/p>\r\n\r\n\r\n\r\n<p>Se o cabelo do seu cabelo for mais fino que o da linha de costura, voc\u00ea tem cabelo fino. Se, por outro lado, for mais largo, o seu \u00e9 grosso. E se tiverem a mesma largura, voc\u00ea ter\u00e1 cabelos do tipo m\u00e9dio. Psiu, psiu, seja como for, para melhorar a estrutura do seu cabelo recomendamos o <a href=\"https:\/\/agradocosmetic.com\/pt\/linea\/keratina\/\" target=\"_blank\" rel=\"noreferrer noopener\">Linha Profissional de Queratina<\/a> de prazer. Voc\u00ea vai pirar!<\/p>\r\n\r\n\r\n\r\n<h3 class=\"wp-block-heading\"><strong>3\u00ba Produ\u00e7\u00e3o de sebo: seco, normal, misto ou oleoso<\/strong><\/h3>\r\n\r\n\r\n\r\n<p>O terceiro passo \u00e9 conhecer o seu tipo de cabelo com base na produ\u00e7\u00e3o de sebo. \u00c9 t\u00e3o simples quanto observ\u00e1-lo um dia ap\u00f3s a lavagem. Se o cabelo parecer quebradi\u00e7o, sem volume e com pontas duplas, \u00e9 devido \u00e0 pouca produ\u00e7\u00e3o de sebo, resultando em cabelos secos. N\u00e3o se preocupe porque n\u00f3s temos a solu\u00e7\u00e3o: o <a href=\"https:\/\/agradocosmetic.com\/pt\/producto\/champu-pro-nutricion-botanicos\/\" target=\"_blank\" rel=\"noreferrer noopener\">Shampoo Pr\u00f3-Nutri\u00e7\u00e3o<\/a> e <a href=\"https:\/\/agradocosmetic.com\/pt\/producto\/acondicionador-pro-nutricion-botanicos\/\" target=\"_blank\" rel=\"noreferrer noopener\">Condicionador Pr\u00f3-Nutri\u00e7\u00e3o<\/a> da Agrado vai salvar sua vida, devolvendo brilho e hidrata\u00e7\u00e3o aos seus cabelos. Voc\u00ea notar\u00e1 isso imediatamente!<\/p>\r\n\r\n\r\n\r\n<p>Falamos de cabelos normais quando a produ\u00e7\u00e3o de sebo est\u00e1 correta, resultando em cabelos sedosos e brilhantes. Para estes casos \u00e9 necess\u00e1rio cuidar e manter. Com a <a href=\"https:\/\/agradocosmetic.com\/pt\/producto\/crema-suavizante-acondicionadora-cabellos-normales-grasos\/\" target=\"_blank\" rel=\"noreferrer noopener\">Agrado creme condicionador suavizante para cabelos normais<\/a> Voc\u00ea ter\u00e1 isso muito f\u00e1cil.<\/p>\r\n\r\n\r\n\r\n<p>Por fim, se as ra\u00edzes parecerem oleosas e opacas, dando-lhe um aspecto molhado, o seu cabelo \u00e9 oleoso. Nesse caso basta aprender a cuidar e mimar. Com ele <a href=\"https:\/\/agradocosmetic.com\/pt\/producto\/champu-uso-frecuente-cabellos-grasos-2\/\" target=\"_blank\" rel=\"noreferrer noopener\">Shampoo de uso frequente para cabelos oleosos<\/a> e a <a href=\"https:\/\/agradocosmetic.com\/pt\/producto\/crema-suavizante-acondicionadora-cabellos-normales-grasos\/\" target=\"_blank\" rel=\"noreferrer noopener\">Creme Suavizante<\/a> Com Agrado voc\u00ea regular\u00e1 a produ\u00e7\u00e3o de sebo, mantendo e nutrindo seu brilho natural.<\/p>\r\n\r\n\r\n\r\n<p>Agora que voc\u00ea j\u00e1 sabe como fazer, \u00e9 hora de saber que tipo de cabelo voc\u00ea tem! Dessa forma voc\u00ea pode come\u00e7ar a usar o <a href=\"https:\/\/agradocosmetic.com\/pt\/productos\/capilar\/\" target=\"_blank\" rel=\"noreferrer noopener\">produtos capilares<\/a> adequado ao seu cabelo e faz\u00ea-lo brilhar ao m\u00e1ximo com <a href=\"https:\/\/agradocosmetic.com\/pt\/\" target=\"_blank\" rel=\"noreferrer noopener\">Agrado Cosm\u00e9ticos<\/a>. Voc\u00ea tem coragem de come\u00e7ar 2023 com cabelos de dar inveja?<\/p>","protected":false},"excerpt":{"rendered":"<p>\u00bfAlguna vez te has planteado cu\u00e1l es tu tipo de cabello? Puede ser ondulado, liso, encrespado, grueso\u2026 Las posibilidades son infinitas y existe muy poca informaci\u00f3n sobre el tema. As\u00ed que, en Agrado Cosmetic, nos hemos propuesto arrojar un poco de luz a la cuesti\u00f3n para ayudarte a conocer y mimar tu pelo al m\u00e1ximo [&hellip;]<\/p>\n","protected":false},"author":9,"featured_media":21247,"comment_status":"open","ping_status":"closed","sticky":false,"template":"","format":"standard","meta":{"footnotes":"","_wp_rev_ctl_limit":""},"categories":[509,1],"tags":[577,615,617,619,621,565,623,625],"class_list":["post-20345","post","type-post","status-publish","format-standard","has-post-thumbnail","hentry","category-capilar-en","category-todos","tag-agrado-cosmetic-en","tag-cabello-afro-en","tag-cabello-fino-en","tag-cabello-grueso-en","tag-cabello-rizado-en","tag-cuidado-capilar-en","tag-melena-en","tag-tipo-de-cabello-en"],"yoast_head":"<!-- This site is optimized with the Yoast SEO plugin v27.4 - https:\/\/yoast.com\/product\/yoast-seo-wordpress\/ -->\n<title>\u00bfQu\u00e9 tipo de cabello tengo? - Agrado<\/title>\n<meta name=\"description\" content=\"Conocer tu tipo de cabello no es tarea nada f\u00e1cil: ondulado, liso, grueso, encrespado... \u00bfQuieres saber c\u00f3mo es el tuyo? Te lo contamos.\" \/>\n<meta name=\"robots\" content=\"index, follow, max-snippet:-1, max-image-preview:large, max-video-preview:-1\" \/>\n<link rel=\"canonical\" href=\"https:\/\/agradocosmetic.com\/pt\/que-tipo-de-cabello-tengo-agrado-cosmetic\/\" \/>\n<meta property=\"og:locale\" content=\"pt_PT\" \/>\n<meta property=\"og:type\" content=\"article\" \/>\n<meta property=\"og:title\" content=\"\u00bfQu\u00e9 tipo de cabello tengo? - Agrado\" \/>\n<meta property=\"og:description\" content=\"Conocer tu tipo de cabello no es tarea nada f\u00e1cil: ondulado, liso, grueso, encrespado... \u00bfQuieres saber c\u00f3mo es el tuyo? Te lo contamos.\" \/>\n<meta property=\"og:url\" content=\"https:\/\/agradocosmetic.com\/pt\/que-tipo-de-cabello-tengo-agrado-cosmetic\/\" \/>\n<meta property=\"og:site_name\" content=\"Agrado\" \/>\n<meta property=\"article:published_time\" content=\"2023-01-11T08:53:01+00:00\" \/>\n<meta property=\"article:modified_time\" content=\"2023-11-18T16:58:48+00:00\" \/>\n<meta property=\"og:image\" content=\"https:\/\/agradocosmetic.com\/wp-content\/uploads\/2023\/01\/tipo-de-cabello-agrado.jpg\" \/>\n\t<meta property=\"og:image:width\" content=\"1200\" \/>\n\t<meta property=\"og:image:height\" content=\"800\" \/>\n\t<meta property=\"og:image:type\" content=\"image\/jpeg\" \/>\n<meta name=\"author\" content=\"agradocosmetic\" \/>\n<meta name=\"twitter:card\" content=\"summary_large_image\" \/>\n<meta name=\"twitter:label1\" content=\"Escrito por\" \/>\n\t<meta name=\"twitter:data1\" content=\"agradocosmetic\" \/>\n\t<meta name=\"twitter:label2\" content=\"Tempo estimado de leitura\" \/>\n\t<meta name=\"twitter:data2\" content=\"3 minutos\" \/>\n<script type=\"application\/ld+json\" class=\"yoast-schema-graph\">{\"@context\":\"https:\\\/\\\/schema.org\",\"@graph\":[{\"@type\":\"Article\",\"@id\":\"https:\\\/\\\/agradocosmetic.com\\\/pt\\\/que-tipo-de-cabello-tengo-agrado-cosmetic\\\/#article\",\"isPartOf\":{\"@id\":\"https:\\\/\\\/agradocosmetic.com\\\/pt\\\/que-tipo-de-cabello-tengo-agrado-cosmetic\\\/\"},\"author\":{\"name\":\"agradocosmetic\",\"@id\":\"https:\\\/\\\/agradocosmetic.com\\\/#\\\/schema\\\/person\\\/732e8d396022e25f9340196f83d6789d\"},\"headline\":\"\u00bfQu\u00e9 tipo de cabello tengo?\",\"datePublished\":\"2023-01-11T08:53:01+00:00\",\"dateModified\":\"2023-11-18T16:58:48+00:00\",\"mainEntityOfPage\":{\"@id\":\"https:\\\/\\\/agradocosmetic.com\\\/pt\\\/que-tipo-de-cabello-tengo-agrado-cosmetic\\\/\"},\"wordCount\":679,\"commentCount\":0,\"publisher\":{\"@id\":\"https:\\\/\\\/agradocosmetic.com\\\/#organization\"},\"image\":{\"@id\":\"https:\\\/\\\/agradocosmetic.com\\\/pt\\\/que-tipo-de-cabello-tengo-agrado-cosmetic\\\/#primaryimage\"},\"thumbnailUrl\":\"https:\\\/\\\/agradocosmetic.com\\\/wp-content\\\/uploads\\\/2023\\\/01\\\/tipo-de-cabello-agrado.jpg\",\"keywords\":[\"agrado cosmetic\",\"cabello afro\",\"cabello fino\",\"cabello grueso\",\"cabello rizado\",\"cuidado capilar\",\"melena\",\"tipo de cabello\"],\"articleSection\":[\"Capilar\",\"Todos\"],\"inLanguage\":\"pt-PT\",\"potentialAction\":[{\"@type\":\"CommentAction\",\"name\":\"Comment\",\"target\":[\"https:\\\/\\\/agradocosmetic.com\\\/pt\\\/que-tipo-de-cabello-tengo-agrado-cosmetic\\\/#respond\"]}]},{\"@type\":\"WebPage\",\"@id\":\"https:\\\/\\\/agradocosmetic.com\\\/pt\\\/que-tipo-de-cabello-tengo-agrado-cosmetic\\\/\",\"url\":\"https:\\\/\\\/agradocosmetic.com\\\/pt\\\/que-tipo-de-cabello-tengo-agrado-cosmetic\\\/\",\"name\":\"\u00bfQu\u00e9 tipo de cabello tengo? - Agrado\",\"isPartOf\":{\"@id\":\"https:\\\/\\\/agradocosmetic.com\\\/#website\"},\"primaryImageOfPage\":{\"@id\":\"https:\\\/\\\/agradocosmetic.com\\\/pt\\\/que-tipo-de-cabello-tengo-agrado-cosmetic\\\/#primaryimage\"},\"image\":{\"@id\":\"https:\\\/\\\/agradocosmetic.com\\\/pt\\\/que-tipo-de-cabello-tengo-agrado-cosmetic\\\/#primaryimage\"},\"thumbnailUrl\":\"https:\\\/\\\/agradocosmetic.com\\\/wp-content\\\/uploads\\\/2023\\\/01\\\/tipo-de-cabello-agrado.jpg\",\"datePublished\":\"2023-01-11T08:53:01+00:00\",\"dateModified\":\"2023-11-18T16:58:48+00:00\",\"description\":\"Conocer tu tipo de cabello no es tarea nada f\u00e1cil: ondulado, liso, grueso, encrespado... \u00bfQuieres saber c\u00f3mo es el tuyo? Te lo contamos.\",\"breadcrumb\":{\"@id\":\"https:\\\/\\\/agradocosmetic.com\\\/pt\\\/que-tipo-de-cabello-tengo-agrado-cosmetic\\\/#breadcrumb\"},\"inLanguage\":\"pt-PT\",\"potentialAction\":[{\"@type\":\"ReadAction\",\"target\":[\"https:\\\/\\\/agradocosmetic.com\\\/pt\\\/que-tipo-de-cabello-tengo-agrado-cosmetic\\\/\"]}]},{\"@type\":\"ImageObject\",\"inLanguage\":\"pt-PT\",\"@id\":\"https:\\\/\\\/agradocosmetic.com\\\/pt\\\/que-tipo-de-cabello-tengo-agrado-cosmetic\\\/#primaryimage\",\"url\":\"https:\\\/\\\/agradocosmetic.com\\\/wp-content\\\/uploads\\\/2023\\\/01\\\/tipo-de-cabello-agrado.jpg\",\"contentUrl\":\"https:\\\/\\\/agradocosmetic.com\\\/wp-content\\\/uploads\\\/2023\\\/01\\\/tipo-de-cabello-agrado.jpg\",\"width\":1200,\"height\":800},{\"@type\":\"BreadcrumbList\",\"@id\":\"https:\\\/\\\/agradocosmetic.com\\\/pt\\\/que-tipo-de-cabello-tengo-agrado-cosmetic\\\/#breadcrumb\",\"itemListElement\":[{\"@type\":\"ListItem\",\"position\":1,\"name\":\"Portada\",\"item\":\"https:\\\/\\\/agradocosmetic.com\\\/\"},{\"@type\":\"ListItem\",\"position\":2,\"name\":\"\u00bfQu\u00e9 tipo de cabello tengo?\"}]},{\"@type\":\"WebSite\",\"@id\":\"https:\\\/\\\/agradocosmetic.com\\\/#website\",\"url\":\"https:\\\/\\\/agradocosmetic.com\\\/\",\"name\":\"Agrado\",\"description\":\"Cosmetic\",\"publisher\":{\"@id\":\"https:\\\/\\\/agradocosmetic.com\\\/#organization\"},\"potentialAction\":[{\"@type\":\"SearchAction\",\"target\":{\"@type\":\"EntryPoint\",\"urlTemplate\":\"https:\\\/\\\/agradocosmetic.com\\\/?s={search_term_string}\"},\"query-input\":{\"@type\":\"PropertyValueSpecification\",\"valueRequired\":true,\"valueName\":\"search_term_string\"}}],\"inLanguage\":\"pt-PT\"},{\"@type\":\"Organization\",\"@id\":\"https:\\\/\\\/agradocosmetic.com\\\/#organization\",\"name\":\"Agrado\",\"url\":\"https:\\\/\\\/agradocosmetic.com\\\/\",\"logo\":{\"@type\":\"ImageObject\",\"inLanguage\":\"pt-PT\",\"@id\":\"https:\\\/\\\/agradocosmetic.com\\\/#\\\/schema\\\/logo\\\/image\\\/\",\"url\":\"https:\\\/\\\/agradocosmetic.com\\\/wp-content\\\/uploads\\\/2023\\\/07\\\/LOGO-AGRADO-WEB-01.png\",\"contentUrl\":\"https:\\\/\\\/agradocosmetic.com\\\/wp-content\\\/uploads\\\/2023\\\/07\\\/LOGO-AGRADO-WEB-01.png\",\"width\":1632,\"height\":300,\"caption\":\"Agrado\"},\"image\":{\"@id\":\"https:\\\/\\\/agradocosmetic.com\\\/#\\\/schema\\\/logo\\\/image\\\/\"}},{\"@type\":\"Person\",\"@id\":\"https:\\\/\\\/agradocosmetic.com\\\/#\\\/schema\\\/person\\\/732e8d396022e25f9340196f83d6789d\",\"name\":\"agradocosmetic\",\"image\":{\"@type\":\"ImageObject\",\"inLanguage\":\"pt-PT\",\"@id\":\"https:\\\/\\\/secure.gravatar.com\\\/avatar\\\/c6003e45301182b7e125463fcbec403b1980909c12edf09098526b9a15e779c0?s=96&d=mm&r=g\",\"url\":\"https:\\\/\\\/secure.gravatar.com\\\/avatar\\\/c6003e45301182b7e125463fcbec403b1980909c12edf09098526b9a15e779c0?s=96&d=mm&r=g\",\"contentUrl\":\"https:\\\/\\\/secure.gravatar.com\\\/avatar\\\/c6003e45301182b7e125463fcbec403b1980909c12edf09098526b9a15e779c0?s=96&d=mm&r=g\",\"caption\":\"agradocosmetic\"}}]}<\/script>\n<!-- \/ Yoast SEO plugin. -->","yoast_head_json":{"title":"\u00bfQu\u00e9 tipo de cabello tengo? - Agrado","description":"Conocer tu tipo de cabello no es tarea nada f\u00e1cil: ondulado, liso, grueso, encrespado... \u00bfQuieres saber c\u00f3mo es el tuyo? Te lo contamos.","robots":{"index":"index","follow":"follow","max-snippet":"max-snippet:-1","max-image-preview":"max-image-preview:large","max-video-preview":"max-video-preview:-1"},"canonical":"https:\/\/agradocosmetic.com\/pt\/que-tipo-de-cabello-tengo-agrado-cosmetic\/","og_locale":"pt_PT","og_type":"article","og_title":"\u00bfQu\u00e9 tipo de cabello tengo? - Agrado","og_description":"Conocer tu tipo de cabello no es tarea nada f\u00e1cil: ondulado, liso, grueso, encrespado... \u00bfQuieres saber c\u00f3mo es el tuyo? Te lo contamos.","og_url":"https:\/\/agradocosmetic.com\/pt\/que-tipo-de-cabello-tengo-agrado-cosmetic\/","og_site_name":"Agrado","article_published_time":"2023-01-11T08:53:01+00:00","article_modified_time":"2023-11-18T16:58:48+00:00","og_image":[{"width":1200,"height":800,"url":"https:\/\/agradocosmetic.com\/wp-content\/uploads\/2023\/01\/tipo-de-cabello-agrado.jpg","type":"image\/jpeg"}],"author":"agradocosmetic","twitter_card":"summary_large_image","twitter_misc":{"Escrito por":"agradocosmetic","Tempo estimado de leitura":"3 minutos"},"schema":{"@context":"https:\/\/schema.org","@graph":[{"@type":"Article","@id":"https:\/\/agradocosmetic.com\/pt\/que-tipo-de-cabello-tengo-agrado-cosmetic\/#article","isPartOf":{"@id":"https:\/\/agradocosmetic.com\/pt\/que-tipo-de-cabello-tengo-agrado-cosmetic\/"},"author":{"name":"agradocosmetic","@id":"https:\/\/agradocosmetic.com\/#\/schema\/person\/732e8d396022e25f9340196f83d6789d"},"headline":"\u00bfQu\u00e9 tipo de cabello tengo?","datePublished":"2023-01-11T08:53:01+00:00","dateModified":"2023-11-18T16:58:48+00:00","mainEntityOfPage":{"@id":"https:\/\/agradocosmetic.com\/pt\/que-tipo-de-cabello-tengo-agrado-cosmetic\/"},"wordCount":679,"commentCount":0,"publisher":{"@id":"https:\/\/agradocosmetic.com\/#organization"},"image":{"@id":"https:\/\/agradocosmetic.com\/pt\/que-tipo-de-cabello-tengo-agrado-cosmetic\/#primaryimage"},"thumbnailUrl":"https:\/\/agradocosmetic.com\/wp-content\/uploads\/2023\/01\/tipo-de-cabello-agrado.jpg","keywords":["agrado cosmetic","cabello afro","cabello fino","cabello grueso","cabello rizado","cuidado capilar","melena","tipo de cabello"],"articleSection":["Capilar","Todos"],"inLanguage":"pt-PT","potentialAction":[{"@type":"CommentAction","name":"Comment","target":["https:\/\/agradocosmetic.com\/pt\/que-tipo-de-cabello-tengo-agrado-cosmetic\/#respond"]}]},{"@type":"WebPage","@id":"https:\/\/agradocosmetic.com\/pt\/que-tipo-de-cabello-tengo-agrado-cosmetic\/","url":"https:\/\/agradocosmetic.com\/pt\/que-tipo-de-cabello-tengo-agrado-cosmetic\/","name":"\u00bfQu\u00e9 tipo de cabello tengo? - Agrado","isPartOf":{"@id":"https:\/\/agradocosmetic.com\/#website"},"primaryImageOfPage":{"@id":"https:\/\/agradocosmetic.com\/pt\/que-tipo-de-cabello-tengo-agrado-cosmetic\/#primaryimage"},"image":{"@id":"https:\/\/agradocosmetic.com\/pt\/que-tipo-de-cabello-tengo-agrado-cosmetic\/#primaryimage"},"thumbnailUrl":"https:\/\/agradocosmetic.com\/wp-content\/uploads\/2023\/01\/tipo-de-cabello-agrado.jpg","datePublished":"2023-01-11T08:53:01+00:00","dateModified":"2023-11-18T16:58:48+00:00","description":"Conocer tu tipo de cabello no es tarea nada f\u00e1cil: ondulado, liso, grueso, encrespado... \u00bfQuieres saber c\u00f3mo es el tuyo? Te lo contamos.","breadcrumb":{"@id":"https:\/\/agradocosmetic.com\/pt\/que-tipo-de-cabello-tengo-agrado-cosmetic\/#breadcrumb"},"inLanguage":"pt-PT","potentialAction":[{"@type":"ReadAction","target":["https:\/\/agradocosmetic.com\/pt\/que-tipo-de-cabello-tengo-agrado-cosmetic\/"]}]},{"@type":"ImageObject","inLanguage":"pt-PT","@id":"https:\/\/agradocosmetic.com\/pt\/que-tipo-de-cabello-tengo-agrado-cosmetic\/#primaryimage","url":"https:\/\/agradocosmetic.com\/wp-content\/uploads\/2023\/01\/tipo-de-cabello-agrado.jpg","contentUrl":"https:\/\/agradocosmetic.com\/wp-content\/uploads\/2023\/01\/tipo-de-cabello-agrado.jpg","width":1200,"height":800},{"@type":"BreadcrumbList","@id":"https:\/\/agradocosmetic.com\/pt\/que-tipo-de-cabello-tengo-agrado-cosmetic\/#breadcrumb","itemListElement":[{"@type":"ListItem","position":1,"name":"Portada","item":"https:\/\/agradocosmetic.com\/"},{"@type":"ListItem","position":2,"name":"\u00bfQu\u00e9 tipo de cabello tengo?"}]},{"@type":"WebSite","@id":"https:\/\/agradocosmetic.com\/#website","url":"https:\/\/agradocosmetic.com\/","name":"Gosto","description":"Cosm\u00e9tico","publisher":{"@id":"https:\/\/agradocosmetic.com\/#organization"},"potentialAction":[{"@type":"SearchAction","target":{"@type":"EntryPoint","urlTemplate":"https:\/\/agradocosmetic.com\/?s={search_term_string}"},"query-input":{"@type":"PropertyValueSpecification","valueRequired":true,"valueName":"search_term_string"}}],"inLanguage":"pt-PT"},{"@type":"Organization","@id":"https:\/\/agradocosmetic.com\/#organization","name":"Gosto","url":"https:\/\/agradocosmetic.com\/","logo":{"@type":"ImageObject","inLanguage":"pt-PT","@id":"https:\/\/agradocosmetic.com\/#\/schema\/logo\/image\/","url":"https:\/\/agradocosmetic.com\/wp-content\/uploads\/2023\/07\/LOGO-AGRADO-WEB-01.png","contentUrl":"https:\/\/agradocosmetic.com\/wp-content\/uploads\/2023\/07\/LOGO-AGRADO-WEB-01.png","width":1632,"height":300,"caption":"Agrado"},"image":{"@id":"https:\/\/agradocosmetic.com\/#\/schema\/logo\/image\/"}},{"@type":"Person","@id":"https:\/\/agradocosmetic.com\/#\/schema\/person\/732e8d396022e25f9340196f83d6789d","name":"agradocosm\u00e9tico","image":{"@type":"ImageObject","inLanguage":"pt-PT","@id":"https:\/\/secure.gravatar.com\/avatar\/c6003e45301182b7e125463fcbec403b1980909c12edf09098526b9a15e779c0?s=96&d=mm&r=g","url":"https:\/\/secure.gravatar.com\/avatar\/c6003e45301182b7e125463fcbec403b1980909c12edf09098526b9a15e779c0?s=96&d=mm&r=g","contentUrl":"https:\/\/secure.gravatar.com\/avatar\/c6003e45301182b7e125463fcbec403b1980909c12edf09098526b9a15e779c0?s=96&d=mm&r=g","caption":"agradocosmetic"}}]}},"_links":{"self":[{"href":"https:\/\/agradocosmetic.com\/pt\/wp-json\/wp\/v2\/posts\/20345","targetHints":{"allow":["GET"]}}],"collection":[{"href":"https:\/\/agradocosmetic.com\/pt\/wp-json\/wp\/v2\/posts"}],"about":[{"href":"https:\/\/agradocosmetic.com\/pt\/wp-json\/wp\/v2\/types\/post"}],"author":[{"embeddable":true,"href":"https:\/\/agradocosmetic.com\/pt\/wp-json\/wp\/v2\/users\/9"}],"replies":[{"embeddable":true,"href":"https:\/\/agradocosmetic.com\/pt\/wp-json\/wp\/v2\/comments?post=20345"}],"version-history":[{"count":1,"href":"https:\/\/agradocosmetic.com\/pt\/wp-json\/wp\/v2\/posts\/20345\/revisions"}],"predecessor-version":[{"id":21248,"href":"https:\/\/agradocosmetic.com\/pt\/wp-json\/wp\/v2\/posts\/20345\/revisions\/21248"}],"wp:featuredmedia":[{"embeddable":true,"href":"https:\/\/agradocosmetic.com\/pt\/wp-json\/wp\/v2\/media\/21247"}],"wp:attachment":[{"href":"https:\/\/agradocosmetic.com\/pt\/wp-json\/wp\/v2\/media?parent=20345"}],"wp:term":[{"taxonomy":"category","embeddable":true,"href":"https:\/\/agradocosmetic.com\/pt\/wp-json\/wp\/v2\/categories?post=20345"},{"taxonomy":"post_tag","embeddable":true,"href":"https:\/\/agradocosmetic.com\/pt\/wp-json\/wp\/v2\/tags?post=20345"}],"curies":[{"name":"wp","href":"https:\/\/api.w.org\/{rel}","templated":true}]}}