{"id":20441,"date":"2023-02-08T18:26:16","date_gmt":"2023-02-08T17:26:16","guid":{"rendered":"https:\/\/www.agradocosmetic.com\/?p=20441"},"modified":"2023-11-18T16:58:48","modified_gmt":"2023-11-18T16:58:48","slug":"la-importancia-de-las-emociones-en-tu-piel-agrado-cosmetic","status":"publish","type":"post","link":"https:\/\/agradocosmetic.com\/pt\/la-importancia-de-las-emociones-en-tu-piel-agrado-cosmetic\/","title":{"rendered":"A import\u00e2ncia das emo\u00e7\u00f5es na sua pele"},"content":{"rendered":"<p>Voc\u00ea sabia que os sentimentos t\u00eam um grande impacto na pele? Nosso rosto \u00e9 seu reflexo. E embora sempre tenhamos sido conscientes da import\u00e2ncia do sono e do descanso, devemos tamb\u00e9m prestar especial aten\u00e7\u00e3o ao nosso estado de esp\u00edrito. Porque sentir-se bem por dentro \u00e9 parecer bem por fora. Por isso, neste post damos-lhe as chaves para compreender a import\u00e2ncia que as emo\u00e7\u00f5es t\u00eam na sua pele.<\/p>\r\n\r\n\r\n\r\n<h3 class=\"wp-block-heading\">QUAIS EMO\u00c7\u00d5ES MAIS REFLETIDAS NA PELE?<\/h3>\r\n\r\n\r\n\r\n<p>A pele \u00e9 um dos \u00f3rg\u00e3os do corpo com mais receptores nervosos e \u00e9 capaz de refletir calma, estresse, alegria, terror... Dezenas de emo\u00e7\u00f5es s\u00e3o externalizadas, mas segundo o doutor Fern\u00e1ndez \u00c1lvarez as que mais impactam s\u00e3o as seguintes :<\/p>\r\n\r\n\r\n\r\n<ul class=\"wp-block-list\">\r\n<li><strong>O estresse<\/strong>: A tens\u00e3o acumulada dia ap\u00f3s dia de trabalho, assim como o esgotamento mental, podem causar agravamento da acne, dermatite seborreica ou eczema. Al\u00e9m disso, favorece o aparecimento de linhas de express\u00e3o.<\/li>\r\n\r\n\r\n\r\n<li><strong>A tristeza<\/strong>: Esta sensa\u00e7\u00e3o acarreta falta de sono e descaso com a pr\u00f3pria imagem, surgindo olheiras, rugas de express\u00e3o, perda de luminosidade e elasticidade da pele...<\/li>\r\n\r\n\r\n\r\n<li><strong>A irrita\u00e7\u00e3o<\/strong>: Neste estado, a nossa pele sofre um envelhecimento prematuro profundo que traz consigo novas rugas ou linhas de express\u00e3o.<\/li>\r\n\r\n\r\n\r\n<li><strong>A felicidade<\/strong>: Nem todos os sentimentos t\u00eam um impacto negativo... A felicidade proporciona grandes benef\u00edcios \u00e0 nossa pele. Gra\u00e7as \u00e0 dopamina, endorfina e serotonina que liberamos quando estamos felizes, nossa pele fica mais radiante. Al\u00e9m disso, prevenimos o envelhecimento precoce e diversas doen\u00e7as de pele.<\/li>\r\n<\/ul>\r\n\r\n\r\n\r\n<p>Ressalta-se que diversos estudos dermatol\u00f3gicos demonstraram que mesmo as doen\u00e7as cut\u00e2neas 80% t\u00eam origem psicossom\u00e1tica, ou seja, est\u00e3o associadas a fatores psicol\u00f3gicos. Por isso \u00e9 t\u00e3o importante cuidar da nossa sa\u00fade mental porque assim protegemos tamb\u00e9m a nossa sa\u00fade f\u00edsica.<\/p>\r\n\r\n\r\n\r\n<h3 class=\"wp-block-heading\">N\u00d3S TEMOS A SOLU\u00c7\u00c3O!<\/h3>\r\n\r\n\r\n\r\n<p>Voc\u00ea j\u00e1 sabe que o ideal para ter uma pele saud\u00e1vel \u00e9 sentir-se calmo e feliz, mas manter continuamente esse estado de esp\u00edrito pode ser um grande desafio. Se sente que a sua pele est\u00e1 ba\u00e7a devido ao stress, fraqueza ou cansa\u00e7o do dia a dia, temos uma solu\u00e7\u00e3o muito simples mas altamente eficaz que o ajudar\u00e1 a notar a diferen\u00e7a: uma boa rotina facial.<\/p>\r\n\r\n\r\n\r\n<p>O primeiro passo para conseguir uma pele mais saud\u00e1vel \u00e9 limp\u00e1-la bem. Voc\u00ea pode usar o <a href=\"https:\/\/agradocosmetic.com\/pt\/producto\/agua-micelar-desmaquillante-400ml\/\" target=\"_blank\" rel=\"noreferrer noopener\">\u00c1gua Micelar Desmaquilhante Agrado<\/a> e continue com o <a href=\"https:\/\/agradocosmetic.com\/pt\/producto\/leche-limpiadora\/\" target=\"_blank\" rel=\"noreferrer noopener\">Leite de Limpeza Agrado<\/a>. Ambos os produtos ir\u00e3o ajud\u00e1-lo a limpar, remover a maquiagem e tonificar a pele. Depois, voc\u00ea pode continuar com o <a href=\"https:\/\/agradocosmetic.com\/pt\/producto\/tonico-facial\/\" target=\"_blank\" rel=\"noreferrer noopener\">T\u00f4nico Facial Agrad\u00e1vel<\/a>, o que eliminar\u00e1 quaisquer poss\u00edveis impurezas que possam ter permanecido. Para finalizar, um dos nossos favoritos: o <a href=\"https:\/\/agradocosmetic.com\/pt\/producto\/bruma-facial-solar-spf50\/\" target=\"_blank\" rel=\"noreferrer noopener\">Agrad\u00e1vel n\u00e9voa solar facial<\/a>. Em formato spray de toque seco, de r\u00e1pida absor\u00e7\u00e3o e aplic\u00e1vel \u00e0 maquiagem, tornou-se parte essencial da nossa bolsa de maquiagem. E pronto! Pele radiante em apenas 10 minutos.<\/p>\r\n\r\n\r\n\r\n<p>E caso voc\u00ea n\u00e3o saiba... Tenha uma rotina de <em>cuidados com a pele<\/em> Aumenta sua confian\u00e7a e seu n\u00edvel de comprometimento consigo mesmo, ent\u00e3o voc\u00ea est\u00e1 pronto para isso? Obtenha uma pele saud\u00e1vel e luminosa com a rotina de <a href=\"https:\/\/agradocosmetic.com\/pt\/\" target=\"_blank\" rel=\"noreferrer noopener\">Agrado Cosm\u00e9ticos<\/a>!<\/p>","protected":false},"excerpt":{"rendered":"<p>\u00bfSabes que los sentimientos tienen un gran impacto en la piel? Nuestro rostro es su reflejo. Y es que aunque siempre nos han concienciado sobre la importancia del sue\u00f1o y el descanso, tambi\u00e9n debemos prestar especial atenci\u00f3n a nuestro estado de \u00e1nimo. Porque sentirse bien por dentro es verse bien por fuera. Por ello, en [&hellip;]<\/p>\n","protected":false},"author":9,"featured_media":21243,"comment_status":"open","ping_status":"closed","sticky":false,"template":"","format":"standard","meta":{"footnotes":"","_wp_rev_ctl_limit":""},"categories":[519,1],"tags":[577,539,601,603,605,541,607],"class_list":["post-20441","post","type-post","status-publish","format-standard","has-post-thumbnail","hentry","category-facial-en-todos","category-todos","tag-agrado-cosmetic-en","tag-cuidado-de-la-piel-en","tag-emociones-en","tag-emociones-de-tu-piel-en","tag-hidratacion-en","tag-piel-en","tag-rostro-en"],"yoast_head":"<!-- This site is optimized with the Yoast SEO plugin v27.4 - https:\/\/yoast.com\/product\/yoast-seo-wordpress\/ -->\n<title>La importancia de las emociones en tu piel - Agrado<\/title>\n<meta name=\"description\" content=\"\u00bfSabes la importancia de las emociones en tu piel? Tener un rostro radiante no es solo debido a los productos que usas, \u00a1qu\u00e9date leyendo!\" \/>\n<meta name=\"robots\" content=\"index, follow, max-snippet:-1, max-image-preview:large, max-video-preview:-1\" \/>\n<link rel=\"canonical\" href=\"https:\/\/agradocosmetic.com\/pt\/la-importancia-de-las-emociones-en-tu-piel-agrado-cosmetic\/\" \/>\n<meta property=\"og:locale\" content=\"pt_PT\" \/>\n<meta property=\"og:type\" content=\"article\" \/>\n<meta property=\"og:title\" content=\"La importancia de las emociones en tu piel - Agrado\" \/>\n<meta property=\"og:description\" content=\"\u00bfSabes la importancia de las emociones en tu piel? Tener un rostro radiante no es solo debido a los productos que usas, \u00a1qu\u00e9date leyendo!\" \/>\n<meta property=\"og:url\" content=\"https:\/\/agradocosmetic.com\/pt\/la-importancia-de-las-emociones-en-tu-piel-agrado-cosmetic\/\" \/>\n<meta property=\"og:site_name\" content=\"Agrado\" \/>\n<meta property=\"article:published_time\" content=\"2023-02-08T17:26:16+00:00\" \/>\n<meta property=\"article:modified_time\" content=\"2023-11-18T16:58:48+00:00\" \/>\n<meta property=\"og:image\" content=\"https:\/\/agradocosmetic.com\/wp-content\/uploads\/2023\/02\/emociones-de-la-piel-agrado.jpg\" \/>\n\t<meta property=\"og:image:width\" content=\"1200\" \/>\n\t<meta property=\"og:image:height\" content=\"800\" \/>\n\t<meta property=\"og:image:type\" content=\"image\/jpeg\" \/>\n<meta name=\"author\" content=\"agradocosmetic\" \/>\n<meta name=\"twitter:card\" content=\"summary_large_image\" \/>\n<meta name=\"twitter:label1\" content=\"Escrito por\" \/>\n\t<meta name=\"twitter:data1\" content=\"agradocosmetic\" \/>\n\t<meta name=\"twitter:label2\" content=\"Tempo estimado de leitura\" \/>\n\t<meta name=\"twitter:data2\" content=\"3 minutos\" \/>\n<script type=\"application\/ld+json\" class=\"yoast-schema-graph\">{\"@context\":\"https:\\\/\\\/schema.org\",\"@graph\":[{\"@type\":\"Article\",\"@id\":\"https:\\\/\\\/agradocosmetic.com\\\/la-importancia-de-las-emociones-en-tu-piel-agrado-cosmetic\\\/#article\",\"isPartOf\":{\"@id\":\"https:\\\/\\\/agradocosmetic.com\\\/la-importancia-de-las-emociones-en-tu-piel-agrado-cosmetic\\\/\"},\"author\":{\"name\":\"agradocosmetic\",\"@id\":\"https:\\\/\\\/agradocosmetic.com\\\/#\\\/schema\\\/person\\\/732e8d396022e25f9340196f83d6789d\"},\"headline\":\"La importancia de las emociones en tu piel\",\"datePublished\":\"2023-02-08T17:26:16+00:00\",\"dateModified\":\"2023-11-18T16:58:48+00:00\",\"mainEntityOfPage\":{\"@id\":\"https:\\\/\\\/agradocosmetic.com\\\/la-importancia-de-las-emociones-en-tu-piel-agrado-cosmetic\\\/\"},\"wordCount\":566,\"commentCount\":0,\"publisher\":{\"@id\":\"https:\\\/\\\/agradocosmetic.com\\\/#organization\"},\"image\":{\"@id\":\"https:\\\/\\\/agradocosmetic.com\\\/la-importancia-de-las-emociones-en-tu-piel-agrado-cosmetic\\\/#primaryimage\"},\"thumbnailUrl\":\"https:\\\/\\\/agradocosmetic.com\\\/wp-content\\\/uploads\\\/2023\\\/02\\\/emociones-de-la-piel-agrado.jpg\",\"keywords\":[\"agrado cosmetic\",\"cuidado de la piel\",\"emociones\",\"emociones de tu piel\",\"hidrataci\u00f3n\",\"piel\",\"rostro\"],\"articleSection\":[\"Facial\",\"Todos\"],\"inLanguage\":\"pt-PT\",\"potentialAction\":[{\"@type\":\"CommentAction\",\"name\":\"Comment\",\"target\":[\"https:\\\/\\\/agradocosmetic.com\\\/la-importancia-de-las-emociones-en-tu-piel-agrado-cosmetic\\\/#respond\"]}]},{\"@type\":\"WebPage\",\"@id\":\"https:\\\/\\\/agradocosmetic.com\\\/la-importancia-de-las-emociones-en-tu-piel-agrado-cosmetic\\\/\",\"url\":\"https:\\\/\\\/agradocosmetic.com\\\/la-importancia-de-las-emociones-en-tu-piel-agrado-cosmetic\\\/\",\"name\":\"La importancia de las emociones en tu piel - Agrado\",\"isPartOf\":{\"@id\":\"https:\\\/\\\/agradocosmetic.com\\\/#website\"},\"primaryImageOfPage\":{\"@id\":\"https:\\\/\\\/agradocosmetic.com\\\/la-importancia-de-las-emociones-en-tu-piel-agrado-cosmetic\\\/#primaryimage\"},\"image\":{\"@id\":\"https:\\\/\\\/agradocosmetic.com\\\/la-importancia-de-las-emociones-en-tu-piel-agrado-cosmetic\\\/#primaryimage\"},\"thumbnailUrl\":\"https:\\\/\\\/agradocosmetic.com\\\/wp-content\\\/uploads\\\/2023\\\/02\\\/emociones-de-la-piel-agrado.jpg\",\"datePublished\":\"2023-02-08T17:26:16+00:00\",\"dateModified\":\"2023-11-18T16:58:48+00:00\",\"description\":\"\u00bfSabes la importancia de las emociones en tu piel? Tener un rostro radiante no es solo debido a los productos que usas, \u00a1qu\u00e9date leyendo!\",\"breadcrumb\":{\"@id\":\"https:\\\/\\\/agradocosmetic.com\\\/la-importancia-de-las-emociones-en-tu-piel-agrado-cosmetic\\\/#breadcrumb\"},\"inLanguage\":\"pt-PT\",\"potentialAction\":[{\"@type\":\"ReadAction\",\"target\":[\"https:\\\/\\\/agradocosmetic.com\\\/la-importancia-de-las-emociones-en-tu-piel-agrado-cosmetic\\\/\"]}]},{\"@type\":\"ImageObject\",\"inLanguage\":\"pt-PT\",\"@id\":\"https:\\\/\\\/agradocosmetic.com\\\/la-importancia-de-las-emociones-en-tu-piel-agrado-cosmetic\\\/#primaryimage\",\"url\":\"https:\\\/\\\/agradocosmetic.com\\\/wp-content\\\/uploads\\\/2023\\\/02\\\/emociones-de-la-piel-agrado.jpg\",\"contentUrl\":\"https:\\\/\\\/agradocosmetic.com\\\/wp-content\\\/uploads\\\/2023\\\/02\\\/emociones-de-la-piel-agrado.jpg\",\"width\":1200,\"height\":800},{\"@type\":\"BreadcrumbList\",\"@id\":\"https:\\\/\\\/agradocosmetic.com\\\/la-importancia-de-las-emociones-en-tu-piel-agrado-cosmetic\\\/#breadcrumb\",\"itemListElement\":[{\"@type\":\"ListItem\",\"position\":1,\"name\":\"Portada\",\"item\":\"https:\\\/\\\/agradocosmetic.com\\\/\"},{\"@type\":\"ListItem\",\"position\":2,\"name\":\"La importancia de las emociones en tu piel\"}]},{\"@type\":\"WebSite\",\"@id\":\"https:\\\/\\\/agradocosmetic.com\\\/#website\",\"url\":\"https:\\\/\\\/agradocosmetic.com\\\/\",\"name\":\"Agrado\",\"description\":\"Cosmetic\",\"publisher\":{\"@id\":\"https:\\\/\\\/agradocosmetic.com\\\/#organization\"},\"potentialAction\":[{\"@type\":\"SearchAction\",\"target\":{\"@type\":\"EntryPoint\",\"urlTemplate\":\"https:\\\/\\\/agradocosmetic.com\\\/?s={search_term_string}\"},\"query-input\":{\"@type\":\"PropertyValueSpecification\",\"valueRequired\":true,\"valueName\":\"search_term_string\"}}],\"inLanguage\":\"pt-PT\"},{\"@type\":\"Organization\",\"@id\":\"https:\\\/\\\/agradocosmetic.com\\\/#organization\",\"name\":\"Agrado\",\"url\":\"https:\\\/\\\/agradocosmetic.com\\\/\",\"logo\":{\"@type\":\"ImageObject\",\"inLanguage\":\"pt-PT\",\"@id\":\"https:\\\/\\\/agradocosmetic.com\\\/#\\\/schema\\\/logo\\\/image\\\/\",\"url\":\"https:\\\/\\\/agradocosmetic.com\\\/wp-content\\\/uploads\\\/2023\\\/07\\\/LOGO-AGRADO-WEB-01.png\",\"contentUrl\":\"https:\\\/\\\/agradocosmetic.com\\\/wp-content\\\/uploads\\\/2023\\\/07\\\/LOGO-AGRADO-WEB-01.png\",\"width\":1632,\"height\":300,\"caption\":\"Agrado\"},\"image\":{\"@id\":\"https:\\\/\\\/agradocosmetic.com\\\/#\\\/schema\\\/logo\\\/image\\\/\"}},{\"@type\":\"Person\",\"@id\":\"https:\\\/\\\/agradocosmetic.com\\\/#\\\/schema\\\/person\\\/732e8d396022e25f9340196f83d6789d\",\"name\":\"agradocosmetic\",\"image\":{\"@type\":\"ImageObject\",\"inLanguage\":\"pt-PT\",\"@id\":\"https:\\\/\\\/secure.gravatar.com\\\/avatar\\\/c6003e45301182b7e125463fcbec403b1980909c12edf09098526b9a15e779c0?s=96&d=mm&r=g\",\"url\":\"https:\\\/\\\/secure.gravatar.com\\\/avatar\\\/c6003e45301182b7e125463fcbec403b1980909c12edf09098526b9a15e779c0?s=96&d=mm&r=g\",\"contentUrl\":\"https:\\\/\\\/secure.gravatar.com\\\/avatar\\\/c6003e45301182b7e125463fcbec403b1980909c12edf09098526b9a15e779c0?s=96&d=mm&r=g\",\"caption\":\"agradocosmetic\"}}]}<\/script>\n<!-- \/ Yoast SEO plugin. -->","yoast_head_json":{"title":"La importancia de las emociones en tu piel - Agrado","description":"\u00bfSabes la importancia de las emociones en tu piel? Tener un rostro radiante no es solo debido a los productos que usas, \u00a1qu\u00e9date leyendo!","robots":{"index":"index","follow":"follow","max-snippet":"max-snippet:-1","max-image-preview":"max-image-preview:large","max-video-preview":"max-video-preview:-1"},"canonical":"https:\/\/agradocosmetic.com\/pt\/la-importancia-de-las-emociones-en-tu-piel-agrado-cosmetic\/","og_locale":"pt_PT","og_type":"article","og_title":"La importancia de las emociones en tu piel - Agrado","og_description":"\u00bfSabes la importancia de las emociones en tu piel? Tener un rostro radiante no es solo debido a los productos que usas, \u00a1qu\u00e9date leyendo!","og_url":"https:\/\/agradocosmetic.com\/pt\/la-importancia-de-las-emociones-en-tu-piel-agrado-cosmetic\/","og_site_name":"Agrado","article_published_time":"2023-02-08T17:26:16+00:00","article_modified_time":"2023-11-18T16:58:48+00:00","og_image":[{"width":1200,"height":800,"url":"https:\/\/agradocosmetic.com\/wp-content\/uploads\/2023\/02\/emociones-de-la-piel-agrado.jpg","type":"image\/jpeg"}],"author":"agradocosmetic","twitter_card":"summary_large_image","twitter_misc":{"Escrito por":"agradocosmetic","Tempo estimado de leitura":"3 minutos"},"schema":{"@context":"https:\/\/schema.org","@graph":[{"@type":"Article","@id":"https:\/\/agradocosmetic.com\/la-importancia-de-las-emociones-en-tu-piel-agrado-cosmetic\/#article","isPartOf":{"@id":"https:\/\/agradocosmetic.com\/la-importancia-de-las-emociones-en-tu-piel-agrado-cosmetic\/"},"author":{"name":"agradocosmetic","@id":"https:\/\/agradocosmetic.com\/#\/schema\/person\/732e8d396022e25f9340196f83d6789d"},"headline":"La importancia de las emociones en tu piel","datePublished":"2023-02-08T17:26:16+00:00","dateModified":"2023-11-18T16:58:48+00:00","mainEntityOfPage":{"@id":"https:\/\/agradocosmetic.com\/la-importancia-de-las-emociones-en-tu-piel-agrado-cosmetic\/"},"wordCount":566,"commentCount":0,"publisher":{"@id":"https:\/\/agradocosmetic.com\/#organization"},"image":{"@id":"https:\/\/agradocosmetic.com\/la-importancia-de-las-emociones-en-tu-piel-agrado-cosmetic\/#primaryimage"},"thumbnailUrl":"https:\/\/agradocosmetic.com\/wp-content\/uploads\/2023\/02\/emociones-de-la-piel-agrado.jpg","keywords":["agrado cosmetic","cuidado de la piel","emociones","emociones de tu piel","hidrataci\u00f3n","piel","rostro"],"articleSection":["Facial","Todos"],"inLanguage":"pt-PT","potentialAction":[{"@type":"CommentAction","name":"Comment","target":["https:\/\/agradocosmetic.com\/la-importancia-de-las-emociones-en-tu-piel-agrado-cosmetic\/#respond"]}]},{"@type":"WebPage","@id":"https:\/\/agradocosmetic.com\/la-importancia-de-las-emociones-en-tu-piel-agrado-cosmetic\/","url":"https:\/\/agradocosmetic.com\/la-importancia-de-las-emociones-en-tu-piel-agrado-cosmetic\/","name":"La importancia de las emociones en tu piel - Agrado","isPartOf":{"@id":"https:\/\/agradocosmetic.com\/#website"},"primaryImageOfPage":{"@id":"https:\/\/agradocosmetic.com\/la-importancia-de-las-emociones-en-tu-piel-agrado-cosmetic\/#primaryimage"},"image":{"@id":"https:\/\/agradocosmetic.com\/la-importancia-de-las-emociones-en-tu-piel-agrado-cosmetic\/#primaryimage"},"thumbnailUrl":"https:\/\/agradocosmetic.com\/wp-content\/uploads\/2023\/02\/emociones-de-la-piel-agrado.jpg","datePublished":"2023-02-08T17:26:16+00:00","dateModified":"2023-11-18T16:58:48+00:00","description":"\u00bfSabes la importancia de las emociones en tu piel? Tener un rostro radiante no es solo debido a los productos que usas, \u00a1qu\u00e9date leyendo!","breadcrumb":{"@id":"https:\/\/agradocosmetic.com\/la-importancia-de-las-emociones-en-tu-piel-agrado-cosmetic\/#breadcrumb"},"inLanguage":"pt-PT","potentialAction":[{"@type":"ReadAction","target":["https:\/\/agradocosmetic.com\/la-importancia-de-las-emociones-en-tu-piel-agrado-cosmetic\/"]}]},{"@type":"ImageObject","inLanguage":"pt-PT","@id":"https:\/\/agradocosmetic.com\/la-importancia-de-las-emociones-en-tu-piel-agrado-cosmetic\/#primaryimage","url":"https:\/\/agradocosmetic.com\/wp-content\/uploads\/2023\/02\/emociones-de-la-piel-agrado.jpg","contentUrl":"https:\/\/agradocosmetic.com\/wp-content\/uploads\/2023\/02\/emociones-de-la-piel-agrado.jpg","width":1200,"height":800},{"@type":"BreadcrumbList","@id":"https:\/\/agradocosmetic.com\/la-importancia-de-las-emociones-en-tu-piel-agrado-cosmetic\/#breadcrumb","itemListElement":[{"@type":"ListItem","position":1,"name":"Portada","item":"https:\/\/agradocosmetic.com\/"},{"@type":"ListItem","position":2,"name":"La importancia de las emociones en tu piel"}]},{"@type":"WebSite","@id":"https:\/\/agradocosmetic.com\/#website","url":"https:\/\/agradocosmetic.com\/","name":"Gosto","description":"Cosm\u00e9tico","publisher":{"@id":"https:\/\/agradocosmetic.com\/#organization"},"potentialAction":[{"@type":"SearchAction","target":{"@type":"EntryPoint","urlTemplate":"https:\/\/agradocosmetic.com\/?s={search_term_string}"},"query-input":{"@type":"PropertyValueSpecification","valueRequired":true,"valueName":"search_term_string"}}],"inLanguage":"pt-PT"},{"@type":"Organization","@id":"https:\/\/agradocosmetic.com\/#organization","name":"Gosto","url":"https:\/\/agradocosmetic.com\/","logo":{"@type":"ImageObject","inLanguage":"pt-PT","@id":"https:\/\/agradocosmetic.com\/#\/schema\/logo\/image\/","url":"https:\/\/agradocosmetic.com\/wp-content\/uploads\/2023\/07\/LOGO-AGRADO-WEB-01.png","contentUrl":"https:\/\/agradocosmetic.com\/wp-content\/uploads\/2023\/07\/LOGO-AGRADO-WEB-01.png","width":1632,"height":300,"caption":"Agrado"},"image":{"@id":"https:\/\/agradocosmetic.com\/#\/schema\/logo\/image\/"}},{"@type":"Person","@id":"https:\/\/agradocosmetic.com\/#\/schema\/person\/732e8d396022e25f9340196f83d6789d","name":"agradocosm\u00e9tico","image":{"@type":"ImageObject","inLanguage":"pt-PT","@id":"https:\/\/secure.gravatar.com\/avatar\/c6003e45301182b7e125463fcbec403b1980909c12edf09098526b9a15e779c0?s=96&d=mm&r=g","url":"https:\/\/secure.gravatar.com\/avatar\/c6003e45301182b7e125463fcbec403b1980909c12edf09098526b9a15e779c0?s=96&d=mm&r=g","contentUrl":"https:\/\/secure.gravatar.com\/avatar\/c6003e45301182b7e125463fcbec403b1980909c12edf09098526b9a15e779c0?s=96&d=mm&r=g","caption":"agradocosmetic"}}]}},"_links":{"self":[{"href":"https:\/\/agradocosmetic.com\/pt\/wp-json\/wp\/v2\/posts\/20441","targetHints":{"allow":["GET"]}}],"collection":[{"href":"https:\/\/agradocosmetic.com\/pt\/wp-json\/wp\/v2\/posts"}],"about":[{"href":"https:\/\/agradocosmetic.com\/pt\/wp-json\/wp\/v2\/types\/post"}],"author":[{"embeddable":true,"href":"https:\/\/agradocosmetic.com\/pt\/wp-json\/wp\/v2\/users\/9"}],"replies":[{"embeddable":true,"href":"https:\/\/agradocosmetic.com\/pt\/wp-json\/wp\/v2\/comments?post=20441"}],"version-history":[{"count":1,"href":"https:\/\/agradocosmetic.com\/pt\/wp-json\/wp\/v2\/posts\/20441\/revisions"}],"predecessor-version":[{"id":21244,"href":"https:\/\/agradocosmetic.com\/pt\/wp-json\/wp\/v2\/posts\/20441\/revisions\/21244"}],"wp:featuredmedia":[{"embeddable":true,"href":"https:\/\/agradocosmetic.com\/pt\/wp-json\/wp\/v2\/media\/21243"}],"wp:attachment":[{"href":"https:\/\/agradocosmetic.com\/pt\/wp-json\/wp\/v2\/media?parent=20441"}],"wp:term":[{"taxonomy":"category","embeddable":true,"href":"https:\/\/agradocosmetic.com\/pt\/wp-json\/wp\/v2\/categories?post=20441"},{"taxonomy":"post_tag","embeddable":true,"href":"https:\/\/agradocosmetic.com\/pt\/wp-json\/wp\/v2\/tags?post=20441"}],"curies":[{"name":"wp","href":"https:\/\/api.w.org\/{rel}","templated":true}]}}