{"id":20960,"date":"2023-07-06T10:22:08","date_gmt":"2023-07-06T09:22:08","guid":{"rendered":"https:\/\/www.agradocosmetic.com\/?p=20960"},"modified":"2023-11-18T16:58:45","modified_gmt":"2023-11-18T16:58:45","slug":"bruma-facial-solar-el-producto-indispensable-del-verano-2023","status":"publish","type":"post","link":"https:\/\/agradocosmetic.com\/pt\/bruma-facial-solar-el-producto-indispensable-del-verano-2023\/","title":{"rendered":"N\u00e9voa Solar Facial: o produto essencial do ver\u00e3o 2023"},"content":{"rendered":"<p>Ver\u00e3o... S\u00f3 de ouvir essa palavra nossos n\u00edveis de serotonina (o horm\u00f4nio da felicidade) disparam. E n\u00e3o \u00e9 \u00e0 toa. As escapadinhas com os amigos, os dias no bar e na praia, curtir a piscina com as crian\u00e7as, as longas caminhadas pela cidade... Grandes planos aos quais n\u00e3o podemos, nem queremos, dizer n\u00e3o. E como n\u00e3o poderia deixar de ser, mais um ano, o <a href=\"\/pt\/?p=3558\" target=\"_blank\" rel=\"noreferrer noopener\"><strong>Bruma Facial Solar AGRADO<\/strong><\/a> \u00c9 seu fiel companheiro em todos eles. Contamos tudo sobre nosso protetor solar favorito. Voc\u00ea vai acabar adorando tamb\u00e9m!<\/p>\r\n\r\n\r\n\r\n<p>J\u00e1 ouvimos isso mil e uma vezes: devemos proteger a nossa pele do sol durante todo o ano, mas no ver\u00e3o devemos dar especial aten\u00e7\u00e3o se quisermos evitar manchas e envelhecimento prematuro. Como podemos fazer isso? A solu\u00e7\u00e3o \u00e9 t\u00e3o f\u00e1cil quanto incluir um bom protetor solar em nossa rotina facial. Hoje apresentamos-lhe o nosso essencial ano ap\u00f3s ano: <a href=\"\/pt\/?p=3558\" target=\"_blank\" rel=\"noreferrer noopener\"><strong>a N\u00e9voa Facial Solar.<\/strong><\/a><\/p>\r\n\r\n\r\n\r\n<p>A primeira coisa que voc\u00ea precisa saber \u00e9 que este n\u00e3o \u00e9 um protetor solar qualquer. Nossa Bruma Facial Solar protege sua pele contra os raios UVB e UVA, luz infravermelha e azul gra\u00e7as ao seu <strong>FPS50+<\/strong>. \u00c9 indicado para todos os tipos de pele, mesmo as mais sens\u00edveis e delicadas, garantindo uma prote\u00e7\u00e3o eficaz e duradoura.\u00a0<\/p>\r\n\r\n\r\n\r\n<p>Seu formato em <strong>spray de toque seco<\/strong> \u00c9 absorvido rapidamente e d\u00e1 \u00e0 pele a dose de hidrata\u00e7\u00e3o necess\u00e1ria. Adeus viscosidade! A isto devemos acrescentar que tamb\u00e9m cont\u00e9m princ\u00edpios ativos com efeitos restauradores que ajudam a acalmar e restaurar a derme. Ah! E quase esquecemos, a N\u00e9voa Solar Facial \u00e9<strong> resistente a \u00e1gua<\/strong> para que voc\u00ea possa desfrutar de todos os seus planos de ver\u00e3o totalmente protegidos.<\/p>\r\n\r\n\r\n\r\n<p>E se eu usar maquiagem? N\u00e3o h\u00e1 problema! Porque <strong>pode ser aplicado sobre maquiagem<\/strong> em qualquer momento. O seu acabamento invis\u00edvel e n\u00e3o oleoso permite utiliz\u00e1-lo tanto no dia a dia como nos momentos mais importantes. O que mais se pode pedir?\u00a0<\/p>\r\n\r\n\r\n\r\n<p><strong>Lembre-se de aplic\u00e1-lo 20 minutos antes da exposi\u00e7\u00e3o solar<\/strong> para que sua pele o absorva e seja 100% eficaz. Para isso, basta borrifar a uma dist\u00e2ncia de 15 cent\u00edmetros de maneira uniforme no rosto. Importante: n\u00e3o deixe nada para tr\u00e1s: orelhas, pesco\u00e7o, linha do cabelo... A gente sempre esquece!\u00a0<\/p>\r\n\r\n\r\n\r\n<p>E por ultimo, <strong>leve com voc\u00ea para todos os seus planos<\/strong>: para o trabalho, para a piscina, para a universidade, para a praia... Gra\u00e7as ao seu formato de bolso, o <a href=\"\/pt\/?p=3558\" target=\"_blank\" rel=\"noreferrer noopener\">N\u00e9voa Facial Solar<\/a> acompanha voc\u00ea onde quer que voc\u00ea v\u00e1. Desta forma voc\u00ea pode reaplic\u00e1-lo confortavelmente ao longo do dia para estar sempre protegido.<\/p>\r\n\r\n\r\n\r\n<p>Estas s\u00e3o todas as raz\u00f5es pelas quais a Bruma Facial Solar AGRADO roubou nossos cora\u00e7\u00f5es. Agora \u00e9 a sua vez de experimentar para sentir sua paix\u00e3o. <strong>Neste ver\u00e3o aproveite todos os seus planos com <a href=\"https:\/\/agradocosmetic.com\/pt\/\">Agrado Cosm\u00e9ticos<\/a>!<\/strong><\/p>","protected":false},"excerpt":{"rendered":"<p>Verano&#8230; Solo con o\u00edr esa palabra nuestros niveles de serotonina (la hormona de la felicidad) se disparan. Y no es para menos. Las escapaditas con amigas, los d\u00edas de chiringuito y playa, disfrutar de la piscina con los ni\u00f1os, los largos paseos por el pueblo\u2026 Planazos a los que no podemos, ni queremos, decir que [&hellip;]<\/p>\n","protected":false},"author":9,"featured_media":21226,"comment_status":"open","ping_status":"closed","sticky":false,"template":"","format":"standard","meta":{"footnotes":"","_wp_rev_ctl_limit":""},"categories":[531,1],"tags":[],"class_list":["post-20960","post","type-post","status-publish","format-standard","has-post-thumbnail","hentry","category-solar-en","category-todos"],"yoast_head":"<!-- This site is optimized with the Yoast SEO plugin v27.4 - https:\/\/yoast.com\/product\/yoast-seo-wordpress\/ -->\n<title>Bruma Facial Solar: el producto indispensable del verano 2023 - Agrado<\/title>\n<meta name=\"description\" content=\"Este y cada verano, tu producto indispensable tiene nombre: Bruma Facial Solar 50 Agrado. Te contamos por qu\u00e9 en nuestro post.\" \/>\n<meta name=\"robots\" content=\"index, follow, max-snippet:-1, max-image-preview:large, max-video-preview:-1\" \/>\n<link rel=\"canonical\" href=\"https:\/\/agradocosmetic.com\/pt\/bruma-facial-solar-el-producto-indispensable-del-verano-2023\/\" \/>\n<meta property=\"og:locale\" content=\"pt_PT\" \/>\n<meta property=\"og:type\" content=\"article\" \/>\n<meta property=\"og:title\" content=\"Bruma Facial Solar: el producto indispensable del verano 2023 - Agrado\" \/>\n<meta property=\"og:description\" content=\"Este y cada verano, tu producto indispensable tiene nombre: Bruma Facial Solar 50 Agrado. Te contamos por qu\u00e9 en nuestro post.\" \/>\n<meta property=\"og:url\" content=\"https:\/\/agradocosmetic.com\/pt\/bruma-facial-solar-el-producto-indispensable-del-verano-2023\/\" \/>\n<meta property=\"og:site_name\" content=\"Agrado\" \/>\n<meta property=\"article:published_time\" content=\"2023-07-06T09:22:08+00:00\" \/>\n<meta property=\"article:modified_time\" content=\"2023-11-18T16:58:45+00:00\" \/>\n<meta property=\"og:image\" content=\"https:\/\/agradocosmetic.com\/wp-content\/uploads\/2023\/07\/bruma-facial-solar-agrado.jpg\" \/>\n\t<meta property=\"og:image:width\" content=\"1200\" \/>\n\t<meta property=\"og:image:height\" content=\"800\" \/>\n\t<meta property=\"og:image:type\" content=\"image\/jpeg\" \/>\n<meta name=\"author\" content=\"agradocosmetic\" \/>\n<meta name=\"twitter:card\" content=\"summary_large_image\" \/>\n<meta name=\"twitter:label1\" content=\"Escrito por\" \/>\n\t<meta name=\"twitter:data1\" content=\"agradocosmetic\" \/>\n\t<meta name=\"twitter:label2\" content=\"Tempo estimado de leitura\" \/>\n\t<meta name=\"twitter:data2\" content=\"3 minutos\" \/>\n<script type=\"application\/ld+json\" class=\"yoast-schema-graph\">{\"@context\":\"https:\\\/\\\/schema.org\",\"@graph\":[{\"@type\":\"Article\",\"@id\":\"https:\\\/\\\/agradocosmetic.com\\\/bruma-facial-solar-el-producto-indispensable-del-verano-2023\\\/#article\",\"isPartOf\":{\"@id\":\"https:\\\/\\\/agradocosmetic.com\\\/bruma-facial-solar-el-producto-indispensable-del-verano-2023\\\/\"},\"author\":{\"name\":\"agradocosmetic\",\"@id\":\"https:\\\/\\\/agradocosmetic.com\\\/#\\\/schema\\\/person\\\/732e8d396022e25f9340196f83d6789d\"},\"headline\":\"Bruma Facial Solar: el producto indispensable del verano 2023\",\"datePublished\":\"2023-07-06T09:22:08+00:00\",\"dateModified\":\"2023-11-18T16:58:45+00:00\",\"mainEntityOfPage\":{\"@id\":\"https:\\\/\\\/agradocosmetic.com\\\/bruma-facial-solar-el-producto-indispensable-del-verano-2023\\\/\"},\"wordCount\":510,\"commentCount\":0,\"publisher\":{\"@id\":\"https:\\\/\\\/agradocosmetic.com\\\/#organization\"},\"image\":{\"@id\":\"https:\\\/\\\/agradocosmetic.com\\\/bruma-facial-solar-el-producto-indispensable-del-verano-2023\\\/#primaryimage\"},\"thumbnailUrl\":\"https:\\\/\\\/agradocosmetic.com\\\/wp-content\\\/uploads\\\/2023\\\/07\\\/bruma-facial-solar-agrado.jpg\",\"articleSection\":[\"Solar\",\"Todos\"],\"inLanguage\":\"pt-PT\",\"potentialAction\":[{\"@type\":\"CommentAction\",\"name\":\"Comment\",\"target\":[\"https:\\\/\\\/agradocosmetic.com\\\/bruma-facial-solar-el-producto-indispensable-del-verano-2023\\\/#respond\"]}]},{\"@type\":\"WebPage\",\"@id\":\"https:\\\/\\\/agradocosmetic.com\\\/bruma-facial-solar-el-producto-indispensable-del-verano-2023\\\/\",\"url\":\"https:\\\/\\\/agradocosmetic.com\\\/bruma-facial-solar-el-producto-indispensable-del-verano-2023\\\/\",\"name\":\"Bruma Facial Solar: el producto indispensable del verano 2023 - Agrado\",\"isPartOf\":{\"@id\":\"https:\\\/\\\/agradocosmetic.com\\\/#website\"},\"primaryImageOfPage\":{\"@id\":\"https:\\\/\\\/agradocosmetic.com\\\/bruma-facial-solar-el-producto-indispensable-del-verano-2023\\\/#primaryimage\"},\"image\":{\"@id\":\"https:\\\/\\\/agradocosmetic.com\\\/bruma-facial-solar-el-producto-indispensable-del-verano-2023\\\/#primaryimage\"},\"thumbnailUrl\":\"https:\\\/\\\/agradocosmetic.com\\\/wp-content\\\/uploads\\\/2023\\\/07\\\/bruma-facial-solar-agrado.jpg\",\"datePublished\":\"2023-07-06T09:22:08+00:00\",\"dateModified\":\"2023-11-18T16:58:45+00:00\",\"description\":\"Este y cada verano, tu producto indispensable tiene nombre: Bruma Facial Solar 50 Agrado. Te contamos por qu\u00e9 en nuestro post.\",\"breadcrumb\":{\"@id\":\"https:\\\/\\\/agradocosmetic.com\\\/bruma-facial-solar-el-producto-indispensable-del-verano-2023\\\/#breadcrumb\"},\"inLanguage\":\"pt-PT\",\"potentialAction\":[{\"@type\":\"ReadAction\",\"target\":[\"https:\\\/\\\/agradocosmetic.com\\\/bruma-facial-solar-el-producto-indispensable-del-verano-2023\\\/\"]}]},{\"@type\":\"ImageObject\",\"inLanguage\":\"pt-PT\",\"@id\":\"https:\\\/\\\/agradocosmetic.com\\\/bruma-facial-solar-el-producto-indispensable-del-verano-2023\\\/#primaryimage\",\"url\":\"https:\\\/\\\/agradocosmetic.com\\\/wp-content\\\/uploads\\\/2023\\\/07\\\/bruma-facial-solar-agrado.jpg\",\"contentUrl\":\"https:\\\/\\\/agradocosmetic.com\\\/wp-content\\\/uploads\\\/2023\\\/07\\\/bruma-facial-solar-agrado.jpg\",\"width\":1200,\"height\":800},{\"@type\":\"BreadcrumbList\",\"@id\":\"https:\\\/\\\/agradocosmetic.com\\\/bruma-facial-solar-el-producto-indispensable-del-verano-2023\\\/#breadcrumb\",\"itemListElement\":[{\"@type\":\"ListItem\",\"position\":1,\"name\":\"Portada\",\"item\":\"https:\\\/\\\/agradocosmetic.com\\\/\"},{\"@type\":\"ListItem\",\"position\":2,\"name\":\"Bruma Facial Solar: el producto indispensable del verano 2023\"}]},{\"@type\":\"WebSite\",\"@id\":\"https:\\\/\\\/agradocosmetic.com\\\/#website\",\"url\":\"https:\\\/\\\/agradocosmetic.com\\\/\",\"name\":\"Agrado\",\"description\":\"Cosmetic\",\"publisher\":{\"@id\":\"https:\\\/\\\/agradocosmetic.com\\\/#organization\"},\"potentialAction\":[{\"@type\":\"SearchAction\",\"target\":{\"@type\":\"EntryPoint\",\"urlTemplate\":\"https:\\\/\\\/agradocosmetic.com\\\/?s={search_term_string}\"},\"query-input\":{\"@type\":\"PropertyValueSpecification\",\"valueRequired\":true,\"valueName\":\"search_term_string\"}}],\"inLanguage\":\"pt-PT\"},{\"@type\":\"Organization\",\"@id\":\"https:\\\/\\\/agradocosmetic.com\\\/#organization\",\"name\":\"Agrado\",\"url\":\"https:\\\/\\\/agradocosmetic.com\\\/\",\"logo\":{\"@type\":\"ImageObject\",\"inLanguage\":\"pt-PT\",\"@id\":\"https:\\\/\\\/agradocosmetic.com\\\/#\\\/schema\\\/logo\\\/image\\\/\",\"url\":\"https:\\\/\\\/agradocosmetic.com\\\/wp-content\\\/uploads\\\/2023\\\/07\\\/LOGO-AGRADO-WEB-01.png\",\"contentUrl\":\"https:\\\/\\\/agradocosmetic.com\\\/wp-content\\\/uploads\\\/2023\\\/07\\\/LOGO-AGRADO-WEB-01.png\",\"width\":1632,\"height\":300,\"caption\":\"Agrado\"},\"image\":{\"@id\":\"https:\\\/\\\/agradocosmetic.com\\\/#\\\/schema\\\/logo\\\/image\\\/\"}},{\"@type\":\"Person\",\"@id\":\"https:\\\/\\\/agradocosmetic.com\\\/#\\\/schema\\\/person\\\/732e8d396022e25f9340196f83d6789d\",\"name\":\"agradocosmetic\",\"image\":{\"@type\":\"ImageObject\",\"inLanguage\":\"pt-PT\",\"@id\":\"https:\\\/\\\/secure.gravatar.com\\\/avatar\\\/c6003e45301182b7e125463fcbec403b1980909c12edf09098526b9a15e779c0?s=96&d=mm&r=g\",\"url\":\"https:\\\/\\\/secure.gravatar.com\\\/avatar\\\/c6003e45301182b7e125463fcbec403b1980909c12edf09098526b9a15e779c0?s=96&d=mm&r=g\",\"contentUrl\":\"https:\\\/\\\/secure.gravatar.com\\\/avatar\\\/c6003e45301182b7e125463fcbec403b1980909c12edf09098526b9a15e779c0?s=96&d=mm&r=g\",\"caption\":\"agradocosmetic\"}}]}<\/script>\n<!-- \/ Yoast SEO plugin. -->","yoast_head_json":{"title":"Bruma Facial Solar: el producto indispensable del verano 2023 - Agrado","description":"Este y cada verano, tu producto indispensable tiene nombre: Bruma Facial Solar 50 Agrado. Te contamos por qu\u00e9 en nuestro post.","robots":{"index":"index","follow":"follow","max-snippet":"max-snippet:-1","max-image-preview":"max-image-preview:large","max-video-preview":"max-video-preview:-1"},"canonical":"https:\/\/agradocosmetic.com\/pt\/bruma-facial-solar-el-producto-indispensable-del-verano-2023\/","og_locale":"pt_PT","og_type":"article","og_title":"Bruma Facial Solar: el producto indispensable del verano 2023 - Agrado","og_description":"Este y cada verano, tu producto indispensable tiene nombre: Bruma Facial Solar 50 Agrado. Te contamos por qu\u00e9 en nuestro post.","og_url":"https:\/\/agradocosmetic.com\/pt\/bruma-facial-solar-el-producto-indispensable-del-verano-2023\/","og_site_name":"Agrado","article_published_time":"2023-07-06T09:22:08+00:00","article_modified_time":"2023-11-18T16:58:45+00:00","og_image":[{"width":1200,"height":800,"url":"https:\/\/agradocosmetic.com\/wp-content\/uploads\/2023\/07\/bruma-facial-solar-agrado.jpg","type":"image\/jpeg"}],"author":"agradocosmetic","twitter_card":"summary_large_image","twitter_misc":{"Escrito por":"agradocosmetic","Tempo estimado de leitura":"3 minutos"},"schema":{"@context":"https:\/\/schema.org","@graph":[{"@type":"Article","@id":"https:\/\/agradocosmetic.com\/bruma-facial-solar-el-producto-indispensable-del-verano-2023\/#article","isPartOf":{"@id":"https:\/\/agradocosmetic.com\/bruma-facial-solar-el-producto-indispensable-del-verano-2023\/"},"author":{"name":"agradocosmetic","@id":"https:\/\/agradocosmetic.com\/#\/schema\/person\/732e8d396022e25f9340196f83d6789d"},"headline":"Bruma Facial Solar: el producto indispensable del verano 2023","datePublished":"2023-07-06T09:22:08+00:00","dateModified":"2023-11-18T16:58:45+00:00","mainEntityOfPage":{"@id":"https:\/\/agradocosmetic.com\/bruma-facial-solar-el-producto-indispensable-del-verano-2023\/"},"wordCount":510,"commentCount":0,"publisher":{"@id":"https:\/\/agradocosmetic.com\/#organization"},"image":{"@id":"https:\/\/agradocosmetic.com\/bruma-facial-solar-el-producto-indispensable-del-verano-2023\/#primaryimage"},"thumbnailUrl":"https:\/\/agradocosmetic.com\/wp-content\/uploads\/2023\/07\/bruma-facial-solar-agrado.jpg","articleSection":["Solar","Todos"],"inLanguage":"pt-PT","potentialAction":[{"@type":"CommentAction","name":"Comment","target":["https:\/\/agradocosmetic.com\/bruma-facial-solar-el-producto-indispensable-del-verano-2023\/#respond"]}]},{"@type":"WebPage","@id":"https:\/\/agradocosmetic.com\/bruma-facial-solar-el-producto-indispensable-del-verano-2023\/","url":"https:\/\/agradocosmetic.com\/bruma-facial-solar-el-producto-indispensable-del-verano-2023\/","name":"Bruma Facial Solar: el producto indispensable del verano 2023 - Agrado","isPartOf":{"@id":"https:\/\/agradocosmetic.com\/#website"},"primaryImageOfPage":{"@id":"https:\/\/agradocosmetic.com\/bruma-facial-solar-el-producto-indispensable-del-verano-2023\/#primaryimage"},"image":{"@id":"https:\/\/agradocosmetic.com\/bruma-facial-solar-el-producto-indispensable-del-verano-2023\/#primaryimage"},"thumbnailUrl":"https:\/\/agradocosmetic.com\/wp-content\/uploads\/2023\/07\/bruma-facial-solar-agrado.jpg","datePublished":"2023-07-06T09:22:08+00:00","dateModified":"2023-11-18T16:58:45+00:00","description":"Este y cada verano, tu producto indispensable tiene nombre: Bruma Facial Solar 50 Agrado. Te contamos por qu\u00e9 en nuestro post.","breadcrumb":{"@id":"https:\/\/agradocosmetic.com\/bruma-facial-solar-el-producto-indispensable-del-verano-2023\/#breadcrumb"},"inLanguage":"pt-PT","potentialAction":[{"@type":"ReadAction","target":["https:\/\/agradocosmetic.com\/bruma-facial-solar-el-producto-indispensable-del-verano-2023\/"]}]},{"@type":"ImageObject","inLanguage":"pt-PT","@id":"https:\/\/agradocosmetic.com\/bruma-facial-solar-el-producto-indispensable-del-verano-2023\/#primaryimage","url":"https:\/\/agradocosmetic.com\/wp-content\/uploads\/2023\/07\/bruma-facial-solar-agrado.jpg","contentUrl":"https:\/\/agradocosmetic.com\/wp-content\/uploads\/2023\/07\/bruma-facial-solar-agrado.jpg","width":1200,"height":800},{"@type":"BreadcrumbList","@id":"https:\/\/agradocosmetic.com\/bruma-facial-solar-el-producto-indispensable-del-verano-2023\/#breadcrumb","itemListElement":[{"@type":"ListItem","position":1,"name":"Portada","item":"https:\/\/agradocosmetic.com\/"},{"@type":"ListItem","position":2,"name":"Bruma Facial Solar: el producto indispensable del verano 2023"}]},{"@type":"WebSite","@id":"https:\/\/agradocosmetic.com\/#website","url":"https:\/\/agradocosmetic.com\/","name":"Gosto","description":"Cosm\u00e9tico","publisher":{"@id":"https:\/\/agradocosmetic.com\/#organization"},"potentialAction":[{"@type":"SearchAction","target":{"@type":"EntryPoint","urlTemplate":"https:\/\/agradocosmetic.com\/?s={search_term_string}"},"query-input":{"@type":"PropertyValueSpecification","valueRequired":true,"valueName":"search_term_string"}}],"inLanguage":"pt-PT"},{"@type":"Organization","@id":"https:\/\/agradocosmetic.com\/#organization","name":"Gosto","url":"https:\/\/agradocosmetic.com\/","logo":{"@type":"ImageObject","inLanguage":"pt-PT","@id":"https:\/\/agradocosmetic.com\/#\/schema\/logo\/image\/","url":"https:\/\/agradocosmetic.com\/wp-content\/uploads\/2023\/07\/LOGO-AGRADO-WEB-01.png","contentUrl":"https:\/\/agradocosmetic.com\/wp-content\/uploads\/2023\/07\/LOGO-AGRADO-WEB-01.png","width":1632,"height":300,"caption":"Agrado"},"image":{"@id":"https:\/\/agradocosmetic.com\/#\/schema\/logo\/image\/"}},{"@type":"Person","@id":"https:\/\/agradocosmetic.com\/#\/schema\/person\/732e8d396022e25f9340196f83d6789d","name":"agradocosm\u00e9tico","image":{"@type":"ImageObject","inLanguage":"pt-PT","@id":"https:\/\/secure.gravatar.com\/avatar\/c6003e45301182b7e125463fcbec403b1980909c12edf09098526b9a15e779c0?s=96&d=mm&r=g","url":"https:\/\/secure.gravatar.com\/avatar\/c6003e45301182b7e125463fcbec403b1980909c12edf09098526b9a15e779c0?s=96&d=mm&r=g","contentUrl":"https:\/\/secure.gravatar.com\/avatar\/c6003e45301182b7e125463fcbec403b1980909c12edf09098526b9a15e779c0?s=96&d=mm&r=g","caption":"agradocosmetic"}}]}},"_links":{"self":[{"href":"https:\/\/agradocosmetic.com\/pt\/wp-json\/wp\/v2\/posts\/20960","targetHints":{"allow":["GET"]}}],"collection":[{"href":"https:\/\/agradocosmetic.com\/pt\/wp-json\/wp\/v2\/posts"}],"about":[{"href":"https:\/\/agradocosmetic.com\/pt\/wp-json\/wp\/v2\/types\/post"}],"author":[{"embeddable":true,"href":"https:\/\/agradocosmetic.com\/pt\/wp-json\/wp\/v2\/users\/9"}],"replies":[{"embeddable":true,"href":"https:\/\/agradocosmetic.com\/pt\/wp-json\/wp\/v2\/comments?post=20960"}],"version-history":[{"count":2,"href":"https:\/\/agradocosmetic.com\/pt\/wp-json\/wp\/v2\/posts\/20960\/revisions"}],"predecessor-version":[{"id":21225,"href":"https:\/\/agradocosmetic.com\/pt\/wp-json\/wp\/v2\/posts\/20960\/revisions\/21225"}],"wp:featuredmedia":[{"embeddable":true,"href":"https:\/\/agradocosmetic.com\/pt\/wp-json\/wp\/v2\/media\/21226"}],"wp:attachment":[{"href":"https:\/\/agradocosmetic.com\/pt\/wp-json\/wp\/v2\/media?parent=20960"}],"wp:term":[{"taxonomy":"category","embeddable":true,"href":"https:\/\/agradocosmetic.com\/pt\/wp-json\/wp\/v2\/categories?post=20960"},{"taxonomy":"post_tag","embeddable":true,"href":"https:\/\/agradocosmetic.com\/pt\/wp-json\/wp\/v2\/tags?post=20960"}],"curies":[{"name":"wp","href":"https:\/\/api.w.org\/{rel}","templated":true}]}}