{"id":20974,"date":"2023-07-17T10:19:45","date_gmt":"2023-07-17T09:19:45","guid":{"rendered":"https:\/\/www.agradocosmetic.com\/?p=20974"},"modified":"2023-11-18T16:58:44","modified_gmt":"2023-11-18T16:58:44","slug":"las-mejores-playas-de-surf-este-verano","status":"publish","type":"post","link":"https:\/\/agradocosmetic.com\/pt\/las-mejores-playas-de-surf-este-verano\/","title":{"rendered":"As melhores praias de surf deste ver\u00e3o t\u00eam o selo Agrado"},"content":{"rendered":"<p>O ver\u00e3o clama por uma escapadela \u00e0 nossa praia preferida para desfrutar das melhores ondas. A TI n\u00e3o? Porque nada melhor do que trazer a prancha, convencer os amigos a aderir ao plano e partir para o mar. Este ano nos unimos ao Gu\u00eda Surf Skate para contar o que s\u00e3o <strong>as melhores praias de surf neste ver\u00e3o<\/strong>, aqueles que voc\u00ea n\u00e3o pode perder se quiser pegar uma onda de aula. Continue lendo para descobri-los!<\/p>\r\n\r\n\r\n\r\n<p>As praias da Calif\u00f3rnia s\u00e3o muito boas (n\u00e3o vamos nos enganar), mas n\u00e3o \u00e9 preciso ir t\u00e3o longe para desfrutar de uma boa sess\u00e3o de surf. Em Espanha, Portugal e Fran\u00e7a temos locais \u00fanicos onde pode desfrutar das ondas. Atribu\u00edmos a estas praias espetaculares o <strong>Por favor carimbe no <a href=\"https:\/\/viewer.joomag.com\/guia-surf-skate-23-24-16%C2%AAed-julio-2023\/0974130001689336185?short&amp;\" target=\"_blank\" rel=\"noreferrer noopener\">Guia de Surf Skate 2023<\/a><\/strong>, que reconhece a sua qualidade para surfar e surfar ondas competitivas. Pronto para conhec\u00ea-los? Prepare sua prancha!\u00a0<\/p>\r\n\r\n\r\n\r\n<h2 class=\"wp-block-heading\">As melhores praias de surf da Espanha\u00a0<\/h2>\r\n\r\n\r\n\r\n<p>No norte de Espanha, onde a cultura do surf est\u00e1 mais enraizada, encontramos alguns recantos espetaculares onde poder\u00e1 desfrutar da sua prancha. Nossos favoritos? O <strong>Praia de Mundac\u00e1<\/strong> (Pa\u00eds Basco), o <strong>Praia Maluca<\/strong> (Cant\u00e1bria), o<strong> Estu\u00e1rio Rodiles <\/strong>(Ast\u00farias) e o <strong>Praia de Pantin<\/strong> (Galiza). Voc\u00ea ficar\u00e1 surpreso com suas ondas!<\/p>\r\n\r\n\r\n\r\n<figure class=\"wp-block-image size-large\"><img decoding=\"async\" class=\"wp-image-20975\" src=\"https:\/\/www.agradocosmetic.com\/wp-content\/uploads\/2023\/07\/playa-de-los-locos-1-1024x444.jpg\" alt=\"\" \/><\/figure>\r\n\r\n\r\n\r\n\r\n\r\n<p>Se falamos das praias de surf do sul, temos que fazer uma men\u00e7\u00e3o especial \u00e0 Playa <strong>El Palmar<\/strong> j\u00e1 <strong>A Mojonera,<\/strong> ambos na Andaluzia. J\u00e1 na Costa Mediterr\u00e2nica, os nossos fundamentos para apanhar boas ondas s\u00e3o: <strong>Boca do J\u00facar <\/strong>(Com. Valenciana) e <strong>A Rotunda <\/strong>(Catalunha). Voc\u00ea vai am\u00e1-los!<\/p>\r\n\r\n\r\n\r\n<p>Nas Ilhas Baleares n\u00e3o pode deixar de visitar o <strong>Pico da Cavalaria<\/strong> com suas imponentes ondas de dois metros. E de uma ilha para outras. Nas Ilhas Can\u00e1rias, <strong>O Quemao<\/strong>, <strong>O Confital,<\/strong> <strong>O Conquistador <\/strong>e a<strong> Praia de Los Lobos<\/strong> Eles v\u00e3o deixar voc\u00ea sem palavras. Visita obrigat\u00f3ria para os amantes do surf!\u00a0<\/p>\r\n\r\n\r\n\r\n<h2 class=\"wp-block-heading\">As melhores praias para surfar em Portugal e Fran\u00e7a<\/h2>\r\n\r\n\r\n\r\n<p>Seguindo pela costa portuguesa, encontramos algumas praias magn\u00edficas para apanhar ondas. <strong>Espinho<\/strong>,<strong> Supertubos <\/strong>e <strong>Beliche<\/strong> Eles s\u00e3o nossos itens essenciais para visitar todos os ver\u00f5es. Com uma atmosfera surfista de 10!\u00a0<\/p>\r\n\r\n\r\n\r\n<figure class=\"wp-block-image size-large\"><img decoding=\"async\" class=\"wp-image-20978\" src=\"https:\/\/www.agradocosmetic.com\/wp-content\/uploads\/2023\/07\/pedro-boonman-supertubos-surf-1024x399.jpeg\" alt=\"\" \/><\/figure>\r\n\r\n<p>&nbsp;<\/p>\r\n\r\n<p>Se falamos de praias francesas, <strong>La Gravi\u00e8re<\/strong> Voc\u00ea n\u00e3o pode perder. Com ondas de at\u00e9 4 metros, \u00e9 perfeita para curtir com sua prancha.\u00a0<\/p>\r\n\r\n\r\n\r\n<h3 class=\"wp-block-heading\">Desfrute das melhores ondas enquanto protege a sua pele do sol<\/h3>\r\n\r\n\r\n\r\n<p>Se voc\u00ea \u00e9 um bom amante do surf, j\u00e1 sabe a import\u00e2ncia de proteger a pele do sol. Principalmente se o seu \u00fanico plano for passar horas e horas no quadro. <strong>Na Agrado cuidamos ao m\u00e1ximo da sua pele com os nossos protetores solares<\/strong>, dispon\u00edvel em uma ampla variedade de formatos para que voc\u00ea possa escolher o que melhor se adapta a voc\u00ea. Nossos fundamentos? Seja qual for a praia que vamos, voc\u00ea n\u00e3o pode perder o <a href=\"\/pt\/?p=3558\"><strong>Bruma Facial Solar FPS50+ <\/strong><\/a>e a <a href=\"\/pt\/?p=10648\"><strong>Creme Solar FPS50<\/strong><\/a>. Ambos os protetores solares possuem alta prote\u00e7\u00e3o, perfeitos para longas exposi\u00e7\u00f5es solares, s\u00e3o f\u00e1ceis de aplicar e nada gordurosos. Al\u00e9m disso e mais importante, eles s\u00e3o resistentes \u00e0 \u00e1gua. Assim voc\u00ea estar\u00e1 sempre protegido!\u00a0<\/p>\r\n\r\n\r\n\r\n<p>Agora que voc\u00ea j\u00e1 conhece as melhores praias para surfar neste ver\u00e3o, prepare a prancha e v\u00e1 para o mar. Na Agrado Cosmetic acompanhamos voc\u00ea protegendo sua pele! \ud83d\ude09<\/p>","protected":false},"excerpt":{"rendered":"<p>El verano nos est\u00e1 pidiendo a gritos una escapada a nuestra playa favorita para disfrutar de las mejores olas. \u00bfA ti no? Porque no hay nada mejor que sacar a relucir tu tabla, convencer a tus amigxs para unirse al plan y poner rumbo al mar. Este a\u00f1o nos hemos aliado con Gu\u00eda Surf Skate [&hellip;]<\/p>\n","protected":false},"author":9,"featured_media":21183,"comment_status":"open","ping_status":"closed","sticky":false,"template":"","format":"standard","meta":{"footnotes":"","_wp_rev_ctl_limit":""},"categories":[531,1],"tags":[555,549,557,543,551,559],"class_list":["post-20974","post","type-post","status-publish","format-standard","has-post-thumbnail","hentry","category-solar-en","category-todos","tag-crema-solar-en","tag-fotoprotector-en","tag-playas-de-surf-en","tag-proteccion-solar-en","tag-protector-solar-en","tag-surfear-en"],"yoast_head":"<!-- This site is optimized with the Yoast SEO plugin v27.4 - https:\/\/yoast.com\/product\/yoast-seo-wordpress\/ -->\n<title>Las mejores playas de surf este verano tienen el sello Agrado - Agrado<\/title>\n<meta name=\"description\" content=\"Este a\u00f1o nos hemos aliado con Gu\u00eda Surf Skate para contarte cu\u00e1les son las mejores playas de surf este verano. \u00a1Desc\u00fabrelas!\" \/>\n<meta name=\"robots\" content=\"index, follow, max-snippet:-1, max-image-preview:large, max-video-preview:-1\" \/>\n<link rel=\"canonical\" href=\"https:\/\/agradocosmetic.com\/pt\/las-mejores-playas-de-surf-este-verano\/\" \/>\n<meta property=\"og:locale\" content=\"pt_PT\" \/>\n<meta property=\"og:type\" content=\"article\" \/>\n<meta property=\"og:title\" content=\"Las mejores playas de surf este verano tienen el sello Agrado - Agrado\" \/>\n<meta property=\"og:description\" content=\"Este a\u00f1o nos hemos aliado con Gu\u00eda Surf Skate para contarte cu\u00e1les son las mejores playas de surf este verano. \u00a1Desc\u00fabrelas!\" \/>\n<meta property=\"og:url\" content=\"https:\/\/agradocosmetic.com\/pt\/las-mejores-playas-de-surf-este-verano\/\" \/>\n<meta property=\"og:site_name\" content=\"Agrado\" \/>\n<meta property=\"article:published_time\" content=\"2023-07-17T09:19:45+00:00\" \/>\n<meta property=\"article:modified_time\" content=\"2023-11-18T16:58:44+00:00\" \/>\n<meta property=\"og:image\" content=\"https:\/\/agradocosmetic.com\/wp-content\/uploads\/2023\/07\/mejores-playas-de-surf-este-verano-agrado.jpg\" \/>\n\t<meta property=\"og:image:width\" content=\"1200\" \/>\n\t<meta property=\"og:image:height\" content=\"800\" \/>\n\t<meta property=\"og:image:type\" content=\"image\/jpeg\" \/>\n<meta name=\"author\" content=\"agradocosmetic\" \/>\n<meta name=\"twitter:card\" content=\"summary_large_image\" \/>\n<meta name=\"twitter:label1\" content=\"Escrito por\" \/>\n\t<meta name=\"twitter:data1\" content=\"agradocosmetic\" \/>\n\t<meta name=\"twitter:label2\" content=\"Tempo estimado de leitura\" \/>\n\t<meta name=\"twitter:data2\" content=\"3 minutos\" \/>\n<script type=\"application\/ld+json\" class=\"yoast-schema-graph\">{\"@context\":\"https:\\\/\\\/schema.org\",\"@graph\":[{\"@type\":\"Article\",\"@id\":\"https:\\\/\\\/agradocosmetic.com\\\/en\\\/las-mejores-playas-de-surf-este-verano\\\/#article\",\"isPartOf\":{\"@id\":\"https:\\\/\\\/agradocosmetic.com\\\/en\\\/las-mejores-playas-de-surf-este-verano\\\/\"},\"author\":{\"name\":\"agradocosmetic\",\"@id\":\"https:\\\/\\\/agradocosmetic.com\\\/#\\\/schema\\\/person\\\/732e8d396022e25f9340196f83d6789d\"},\"headline\":\"Las mejores playas de surf este verano tienen el sello Agrado\",\"datePublished\":\"2023-07-17T09:19:45+00:00\",\"dateModified\":\"2023-11-18T16:58:44+00:00\",\"mainEntityOfPage\":{\"@id\":\"https:\\\/\\\/agradocosmetic.com\\\/en\\\/las-mejores-playas-de-surf-este-verano\\\/\"},\"wordCount\":582,\"commentCount\":0,\"publisher\":{\"@id\":\"https:\\\/\\\/agradocosmetic.com\\\/#organization\"},\"image\":{\"@id\":\"https:\\\/\\\/agradocosmetic.com\\\/en\\\/las-mejores-playas-de-surf-este-verano\\\/#primaryimage\"},\"thumbnailUrl\":\"https:\\\/\\\/agradocosmetic.com\\\/wp-content\\\/uploads\\\/2023\\\/07\\\/mejores-playas-de-surf-este-verano-agrado.jpg\",\"keywords\":[\"crema solar\",\"fotoprotector\",\"playas de surf\",\"proteccion solar\",\"protector solar\",\"surfear\"],\"articleSection\":[\"Solar\",\"Todos\"],\"inLanguage\":\"pt-PT\",\"potentialAction\":[{\"@type\":\"CommentAction\",\"name\":\"Comment\",\"target\":[\"https:\\\/\\\/agradocosmetic.com\\\/en\\\/las-mejores-playas-de-surf-este-verano\\\/#respond\"]}]},{\"@type\":\"WebPage\",\"@id\":\"https:\\\/\\\/agradocosmetic.com\\\/en\\\/las-mejores-playas-de-surf-este-verano\\\/\",\"url\":\"https:\\\/\\\/agradocosmetic.com\\\/en\\\/las-mejores-playas-de-surf-este-verano\\\/\",\"name\":\"Las mejores playas de surf este verano tienen el sello Agrado - Agrado\",\"isPartOf\":{\"@id\":\"https:\\\/\\\/agradocosmetic.com\\\/#website\"},\"primaryImageOfPage\":{\"@id\":\"https:\\\/\\\/agradocosmetic.com\\\/en\\\/las-mejores-playas-de-surf-este-verano\\\/#primaryimage\"},\"image\":{\"@id\":\"https:\\\/\\\/agradocosmetic.com\\\/en\\\/las-mejores-playas-de-surf-este-verano\\\/#primaryimage\"},\"thumbnailUrl\":\"https:\\\/\\\/agradocosmetic.com\\\/wp-content\\\/uploads\\\/2023\\\/07\\\/mejores-playas-de-surf-este-verano-agrado.jpg\",\"datePublished\":\"2023-07-17T09:19:45+00:00\",\"dateModified\":\"2023-11-18T16:58:44+00:00\",\"description\":\"Este a\u00f1o nos hemos aliado con Gu\u00eda Surf Skate para contarte cu\u00e1les son las mejores playas de surf este verano. \u00a1Desc\u00fabrelas!\",\"breadcrumb\":{\"@id\":\"https:\\\/\\\/agradocosmetic.com\\\/en\\\/las-mejores-playas-de-surf-este-verano\\\/#breadcrumb\"},\"inLanguage\":\"pt-PT\",\"potentialAction\":[{\"@type\":\"ReadAction\",\"target\":[\"https:\\\/\\\/agradocosmetic.com\\\/en\\\/las-mejores-playas-de-surf-este-verano\\\/\"]}]},{\"@type\":\"ImageObject\",\"inLanguage\":\"pt-PT\",\"@id\":\"https:\\\/\\\/agradocosmetic.com\\\/en\\\/las-mejores-playas-de-surf-este-verano\\\/#primaryimage\",\"url\":\"https:\\\/\\\/agradocosmetic.com\\\/wp-content\\\/uploads\\\/2023\\\/07\\\/mejores-playas-de-surf-este-verano-agrado.jpg\",\"contentUrl\":\"https:\\\/\\\/agradocosmetic.com\\\/wp-content\\\/uploads\\\/2023\\\/07\\\/mejores-playas-de-surf-este-verano-agrado.jpg\",\"width\":1200,\"height\":800},{\"@type\":\"BreadcrumbList\",\"@id\":\"https:\\\/\\\/agradocosmetic.com\\\/en\\\/las-mejores-playas-de-surf-este-verano\\\/#breadcrumb\",\"itemListElement\":[{\"@type\":\"ListItem\",\"position\":1,\"name\":\"Portada\",\"item\":\"https:\\\/\\\/agradocosmetic.com\\\/\"},{\"@type\":\"ListItem\",\"position\":2,\"name\":\"Las mejores playas de surf este verano tienen el sello Agrado\"}]},{\"@type\":\"WebSite\",\"@id\":\"https:\\\/\\\/agradocosmetic.com\\\/#website\",\"url\":\"https:\\\/\\\/agradocosmetic.com\\\/\",\"name\":\"Agrado\",\"description\":\"Cosmetic\",\"publisher\":{\"@id\":\"https:\\\/\\\/agradocosmetic.com\\\/#organization\"},\"potentialAction\":[{\"@type\":\"SearchAction\",\"target\":{\"@type\":\"EntryPoint\",\"urlTemplate\":\"https:\\\/\\\/agradocosmetic.com\\\/?s={search_term_string}\"},\"query-input\":{\"@type\":\"PropertyValueSpecification\",\"valueRequired\":true,\"valueName\":\"search_term_string\"}}],\"inLanguage\":\"pt-PT\"},{\"@type\":\"Organization\",\"@id\":\"https:\\\/\\\/agradocosmetic.com\\\/#organization\",\"name\":\"Agrado\",\"url\":\"https:\\\/\\\/agradocosmetic.com\\\/\",\"logo\":{\"@type\":\"ImageObject\",\"inLanguage\":\"pt-PT\",\"@id\":\"https:\\\/\\\/agradocosmetic.com\\\/#\\\/schema\\\/logo\\\/image\\\/\",\"url\":\"https:\\\/\\\/agradocosmetic.com\\\/wp-content\\\/uploads\\\/2023\\\/07\\\/LOGO-AGRADO-WEB-01.png\",\"contentUrl\":\"https:\\\/\\\/agradocosmetic.com\\\/wp-content\\\/uploads\\\/2023\\\/07\\\/LOGO-AGRADO-WEB-01.png\",\"width\":1632,\"height\":300,\"caption\":\"Agrado\"},\"image\":{\"@id\":\"https:\\\/\\\/agradocosmetic.com\\\/#\\\/schema\\\/logo\\\/image\\\/\"}},{\"@type\":\"Person\",\"@id\":\"https:\\\/\\\/agradocosmetic.com\\\/#\\\/schema\\\/person\\\/732e8d396022e25f9340196f83d6789d\",\"name\":\"agradocosmetic\",\"image\":{\"@type\":\"ImageObject\",\"inLanguage\":\"pt-PT\",\"@id\":\"https:\\\/\\\/secure.gravatar.com\\\/avatar\\\/c6003e45301182b7e125463fcbec403b1980909c12edf09098526b9a15e779c0?s=96&d=mm&r=g\",\"url\":\"https:\\\/\\\/secure.gravatar.com\\\/avatar\\\/c6003e45301182b7e125463fcbec403b1980909c12edf09098526b9a15e779c0?s=96&d=mm&r=g\",\"contentUrl\":\"https:\\\/\\\/secure.gravatar.com\\\/avatar\\\/c6003e45301182b7e125463fcbec403b1980909c12edf09098526b9a15e779c0?s=96&d=mm&r=g\",\"caption\":\"agradocosmetic\"}}]}<\/script>\n<!-- \/ Yoast SEO plugin. -->","yoast_head_json":{"title":"Las mejores playas de surf este verano tienen el sello Agrado - Agrado","description":"Este a\u00f1o nos hemos aliado con Gu\u00eda Surf Skate para contarte cu\u00e1les son las mejores playas de surf este verano. \u00a1Desc\u00fabrelas!","robots":{"index":"index","follow":"follow","max-snippet":"max-snippet:-1","max-image-preview":"max-image-preview:large","max-video-preview":"max-video-preview:-1"},"canonical":"https:\/\/agradocosmetic.com\/pt\/las-mejores-playas-de-surf-este-verano\/","og_locale":"pt_PT","og_type":"article","og_title":"Las mejores playas de surf este verano tienen el sello Agrado - Agrado","og_description":"Este a\u00f1o nos hemos aliado con Gu\u00eda Surf Skate para contarte cu\u00e1les son las mejores playas de surf este verano. \u00a1Desc\u00fabrelas!","og_url":"https:\/\/agradocosmetic.com\/pt\/las-mejores-playas-de-surf-este-verano\/","og_site_name":"Agrado","article_published_time":"2023-07-17T09:19:45+00:00","article_modified_time":"2023-11-18T16:58:44+00:00","og_image":[{"width":1200,"height":800,"url":"https:\/\/agradocosmetic.com\/wp-content\/uploads\/2023\/07\/mejores-playas-de-surf-este-verano-agrado.jpg","type":"image\/jpeg"}],"author":"agradocosmetic","twitter_card":"summary_large_image","twitter_misc":{"Escrito por":"agradocosmetic","Tempo estimado de leitura":"3 minutos"},"schema":{"@context":"https:\/\/schema.org","@graph":[{"@type":"Article","@id":"https:\/\/agradocosmetic.com\/en\/las-mejores-playas-de-surf-este-verano\/#article","isPartOf":{"@id":"https:\/\/agradocosmetic.com\/en\/las-mejores-playas-de-surf-este-verano\/"},"author":{"name":"agradocosmetic","@id":"https:\/\/agradocosmetic.com\/#\/schema\/person\/732e8d396022e25f9340196f83d6789d"},"headline":"Las mejores playas de surf este verano tienen el sello Agrado","datePublished":"2023-07-17T09:19:45+00:00","dateModified":"2023-11-18T16:58:44+00:00","mainEntityOfPage":{"@id":"https:\/\/agradocosmetic.com\/en\/las-mejores-playas-de-surf-este-verano\/"},"wordCount":582,"commentCount":0,"publisher":{"@id":"https:\/\/agradocosmetic.com\/#organization"},"image":{"@id":"https:\/\/agradocosmetic.com\/en\/las-mejores-playas-de-surf-este-verano\/#primaryimage"},"thumbnailUrl":"https:\/\/agradocosmetic.com\/wp-content\/uploads\/2023\/07\/mejores-playas-de-surf-este-verano-agrado.jpg","keywords":["crema solar","fotoprotector","playas de surf","proteccion solar","protector solar","surfear"],"articleSection":["Solar","Todos"],"inLanguage":"pt-PT","potentialAction":[{"@type":"CommentAction","name":"Comment","target":["https:\/\/agradocosmetic.com\/en\/las-mejores-playas-de-surf-este-verano\/#respond"]}]},{"@type":"WebPage","@id":"https:\/\/agradocosmetic.com\/en\/las-mejores-playas-de-surf-este-verano\/","url":"https:\/\/agradocosmetic.com\/en\/las-mejores-playas-de-surf-este-verano\/","name":"Las mejores playas de surf este verano tienen el sello Agrado - Agrado","isPartOf":{"@id":"https:\/\/agradocosmetic.com\/#website"},"primaryImageOfPage":{"@id":"https:\/\/agradocosmetic.com\/en\/las-mejores-playas-de-surf-este-verano\/#primaryimage"},"image":{"@id":"https:\/\/agradocosmetic.com\/en\/las-mejores-playas-de-surf-este-verano\/#primaryimage"},"thumbnailUrl":"https:\/\/agradocosmetic.com\/wp-content\/uploads\/2023\/07\/mejores-playas-de-surf-este-verano-agrado.jpg","datePublished":"2023-07-17T09:19:45+00:00","dateModified":"2023-11-18T16:58:44+00:00","description":"Este a\u00f1o nos hemos aliado con Gu\u00eda Surf Skate para contarte cu\u00e1les son las mejores playas de surf este verano. \u00a1Desc\u00fabrelas!","breadcrumb":{"@id":"https:\/\/agradocosmetic.com\/en\/las-mejores-playas-de-surf-este-verano\/#breadcrumb"},"inLanguage":"pt-PT","potentialAction":[{"@type":"ReadAction","target":["https:\/\/agradocosmetic.com\/en\/las-mejores-playas-de-surf-este-verano\/"]}]},{"@type":"ImageObject","inLanguage":"pt-PT","@id":"https:\/\/agradocosmetic.com\/en\/las-mejores-playas-de-surf-este-verano\/#primaryimage","url":"https:\/\/agradocosmetic.com\/wp-content\/uploads\/2023\/07\/mejores-playas-de-surf-este-verano-agrado.jpg","contentUrl":"https:\/\/agradocosmetic.com\/wp-content\/uploads\/2023\/07\/mejores-playas-de-surf-este-verano-agrado.jpg","width":1200,"height":800},{"@type":"BreadcrumbList","@id":"https:\/\/agradocosmetic.com\/en\/las-mejores-playas-de-surf-este-verano\/#breadcrumb","itemListElement":[{"@type":"ListItem","position":1,"name":"Portada","item":"https:\/\/agradocosmetic.com\/"},{"@type":"ListItem","position":2,"name":"Las mejores playas de surf este verano tienen el sello Agrado"}]},{"@type":"WebSite","@id":"https:\/\/agradocosmetic.com\/#website","url":"https:\/\/agradocosmetic.com\/","name":"Gosto","description":"Cosm\u00e9tico","publisher":{"@id":"https:\/\/agradocosmetic.com\/#organization"},"potentialAction":[{"@type":"SearchAction","target":{"@type":"EntryPoint","urlTemplate":"https:\/\/agradocosmetic.com\/?s={search_term_string}"},"query-input":{"@type":"PropertyValueSpecification","valueRequired":true,"valueName":"search_term_string"}}],"inLanguage":"pt-PT"},{"@type":"Organization","@id":"https:\/\/agradocosmetic.com\/#organization","name":"Gosto","url":"https:\/\/agradocosmetic.com\/","logo":{"@type":"ImageObject","inLanguage":"pt-PT","@id":"https:\/\/agradocosmetic.com\/#\/schema\/logo\/image\/","url":"https:\/\/agradocosmetic.com\/wp-content\/uploads\/2023\/07\/LOGO-AGRADO-WEB-01.png","contentUrl":"https:\/\/agradocosmetic.com\/wp-content\/uploads\/2023\/07\/LOGO-AGRADO-WEB-01.png","width":1632,"height":300,"caption":"Agrado"},"image":{"@id":"https:\/\/agradocosmetic.com\/#\/schema\/logo\/image\/"}},{"@type":"Person","@id":"https:\/\/agradocosmetic.com\/#\/schema\/person\/732e8d396022e25f9340196f83d6789d","name":"agradocosm\u00e9tico","image":{"@type":"ImageObject","inLanguage":"pt-PT","@id":"https:\/\/secure.gravatar.com\/avatar\/c6003e45301182b7e125463fcbec403b1980909c12edf09098526b9a15e779c0?s=96&d=mm&r=g","url":"https:\/\/secure.gravatar.com\/avatar\/c6003e45301182b7e125463fcbec403b1980909c12edf09098526b9a15e779c0?s=96&d=mm&r=g","contentUrl":"https:\/\/secure.gravatar.com\/avatar\/c6003e45301182b7e125463fcbec403b1980909c12edf09098526b9a15e779c0?s=96&d=mm&r=g","caption":"agradocosmetic"}}]}},"_links":{"self":[{"href":"https:\/\/agradocosmetic.com\/pt\/wp-json\/wp\/v2\/posts\/20974","targetHints":{"allow":["GET"]}}],"collection":[{"href":"https:\/\/agradocosmetic.com\/pt\/wp-json\/wp\/v2\/posts"}],"about":[{"href":"https:\/\/agradocosmetic.com\/pt\/wp-json\/wp\/v2\/types\/post"}],"author":[{"embeddable":true,"href":"https:\/\/agradocosmetic.com\/pt\/wp-json\/wp\/v2\/users\/9"}],"replies":[{"embeddable":true,"href":"https:\/\/agradocosmetic.com\/pt\/wp-json\/wp\/v2\/comments?post=20974"}],"version-history":[{"count":1,"href":"https:\/\/agradocosmetic.com\/pt\/wp-json\/wp\/v2\/posts\/20974\/revisions"}],"predecessor-version":[{"id":21184,"href":"https:\/\/agradocosmetic.com\/pt\/wp-json\/wp\/v2\/posts\/20974\/revisions\/21184"}],"wp:featuredmedia":[{"embeddable":true,"href":"https:\/\/agradocosmetic.com\/pt\/wp-json\/wp\/v2\/media\/21183"}],"wp:attachment":[{"href":"https:\/\/agradocosmetic.com\/pt\/wp-json\/wp\/v2\/media?parent=20974"}],"wp:term":[{"taxonomy":"category","embeddable":true,"href":"https:\/\/agradocosmetic.com\/pt\/wp-json\/wp\/v2\/categories?post=20974"},{"taxonomy":"post_tag","embeddable":true,"href":"https:\/\/agradocosmetic.com\/pt\/wp-json\/wp\/v2\/tags?post=20974"}],"curies":[{"name":"wp","href":"https:\/\/api.w.org\/{rel}","templated":true}]}}