{"id":2099,"date":"2018-04-19T11:52:34","date_gmt":"2018-04-19T10:52:34","guid":{"rendered":"https:\/\/www.agradocosmetic.com\/?p=2099"},"modified":"2023-11-18T16:58:56","modified_gmt":"2023-11-18T16:58:56","slug":"conoce-los-colores-de-pelo-mas-trendy-de-la-temporada-primavera-verano-2018","status":"publish","type":"post","link":"https:\/\/agradocosmetic.com\/pt\/conoce-los-colores-de-pelo-mas-trendy-de-la-temporada-primavera-verano-2018\/","title":{"rendered":"Conhe\u00e7a as cores de cabelo mais trendy da temporada primavera-ver\u00e3o 2018"},"content":{"rendered":"<p>Como j\u00e1 falamos no post \u201cComo manter os cabelos tingidos\u201d, o fato de renovar a imagem e mudar a cor do cabelo \u00e9 algo mais que comum hoje em dia. Tingir o cabelo n\u00e3o \u00e9 novidade, mas as tend\u00eancias em tingimento e colora\u00e7\u00e3o do momento variam a cada esta\u00e7\u00e3o.<\/p>\n<p>\u00c9 por isso que nos perguntamos: quais s\u00e3o as cores de cabelo que se usam nesta \u00e9poca do ano? No post de hoje vamos falar sobre os tons da moda na temporada primavera-ver\u00e3o para que voc\u00ea esteja sempre atualizado. Atreva-se a usar cabelos da moda!<\/p>\n<p>&nbsp;<\/p>\n<h3><strong>1. Cabelo castanho natural mais vivo do que nunca.<\/strong><\/h3>\n<p>&nbsp;<\/p>\n<p>Nesta temporada quem tem cabelos castanhos est\u00e1 com sorte, pois os tons castanhos e chocolate est\u00e3o chegando com for\u00e7a e para ficar. \u00c9 definitivamente uma das cores da moda em 2018.<\/p>\n<p>E por que essa cor \u201ctradicional\u201d est\u00e1 na moda? Os tons marrons sempre foram associados a pessoas com um estilo mais cl\u00e1ssico e natural. Mas \u00e9 exatamente isso que se pretende: mostrar uma cor de cabelo castanho o mais natural poss\u00edvel.<\/p>\n<p>O \u00faltimo dos \u00faltimos \u00e9 acompanh\u00e1-lo com algum pavio <em>merda <\/em>(vers\u00e3o melhorada das californianas) loiras ou mais claras para dar luminosidade ao rosto. Isso est\u00e1 funcionando em nossos cabelos o famoso <strong>#HairContourning <\/strong>como os profissionais chamam.<\/p>\n<p>&nbsp;<\/p>\n<figure id=\"attachment_2100\" aria-describedby=\"caption-attachment-2100\" style=\"width: 848px\" class=\"wp-caption alignnone\"><img fetchpriority=\"high\" decoding=\"async\" class=\"size-large wp-image-2100\" src=\"https:\/\/www.agradocosmetic.com\/wp-content\/uploads\/2018\/04\/jessica-biel-shatush-1024x731.jpg\" alt=\"jessica-biel-shatush-casta\u00f1o-tendencia-2018\" width=\"848\" height=\"605\" \/><figcaption id=\"caption-attachment-2100\" class=\"wp-caption-text\">Jessica Biel ostenta cabelos castanhos combinados com mechas loiras, um look suave e natural.<\/figcaption><\/figure>\n<p>&nbsp;<\/p>\n<h3><strong>2. Do tom loiro polar ao Cream Soda.<\/strong><\/h3>\n<p>&nbsp;<\/p>\n<p>Na temporada passada a cor foi muito usada <em>cabelo congelado<\/em> ou loiro polar, um loiro quase branco que era usado por v\u00e1rios <em>celebridades<\/em> em seus cabelos fabulosos. Outro estilo preferido entre as celebridades foi o <em>cabelo de vov\u00f3<\/em>, um loiro platinado com nuances acinzentadas que deu um aspecto frio ao nosso look em sintonia com o inverno.<\/p>\n<p>Por outro lado, para esta temporada temos o tom <em>refrigerante de creme<\/em> ou loiro refrigerante, um loiro mais doce que suaviza os tra\u00e7os faciais e d\u00e1 luminosidade ao rosto. Tons dourados ou loiros escuros combinados com <em>refrigerante de creme <\/em>V\u00e3o dar-lhe um look mais feminino e suave, perfeito para a temporada primavera-ver\u00e3o!<\/p>\n<p>&nbsp;<\/p>\n<figure id=\"attachment_2103\" aria-describedby=\"caption-attachment-2103\" style=\"width: 848px\" class=\"wp-caption alignnone\"><img decoding=\"async\" class=\"size-large wp-image-2103\" src=\"https:\/\/www.agradocosmetic.com\/wp-content\/uploads\/2018\/04\/gigi-hadid-cream-soda-1024x731.jpg\" alt=\"cream-soda-rubio-gigi-hadid-modelo-trendy-color-pelo\" width=\"848\" height=\"605\" \/><figcaption id=\"caption-attachment-2103\" class=\"wp-caption-text\">A famosa modelo Gigi Hadid com creme refrigerante ou tom loiro refrigerante no cabelo.<\/figcaption><\/figure>\n<p>&nbsp;<\/p>\n<h3><strong>3. Cabelo cobre: um cl\u00e1ssico.<\/strong><\/h3>\n<p>&nbsp;<\/p>\n<p>Usar uma juba moderna e atual n\u00e3o significa que voc\u00ea tenha que fazer uma mudan\u00e7a radical na cor do cabelo, e um exemplo claro \u00e9 o tom acobreado. Essa cor \u00e9 um cl\u00e1ssico que est\u00e1 de volta nesta temporada. Como dissemos antes, para a temporada primavera-ver\u00e3o as cores tend\u00eancia costumam estar associadas a<em> visual<\/em> natural.<\/p>\n<p><strong>Emma Stone<\/strong> \u00e9 um dos <em>celebridades<\/em> isso vem \u00e0 mente quando pensamos nessa cor, j\u00e1 que ela sempre mostra seu cabelo ruivo acobreado natural. Este tom ficar\u00e1 \u00f3timo em voc\u00ea, como acontece se voc\u00ea tiver pele de porcelana e um rosto com tra\u00e7os suaves.<\/p>\n<p>&nbsp;<\/p>\n<figure id=\"attachment_2106\" aria-describedby=\"caption-attachment-2106\" style=\"width: 848px\" class=\"wp-caption alignnone\"><img decoding=\"async\" class=\"size-large wp-image-2106\" src=\"https:\/\/www.agradocosmetic.com\/wp-content\/uploads\/2018\/04\/emma-stone-hair-1024x731.jpg\" alt=\"hair-emma-stone-red-cobrizo-natural-tendencia\" width=\"848\" height=\"605\" \/><figcaption id=\"caption-attachment-2106\" class=\"wp-caption-text\">Emma Stone ostenta cabelos acobreados naturais, tend\u00eancia primavera-ver\u00e3o 2018.<\/figcaption><\/figure>\n<p>&nbsp;<\/p>\n<h3><strong>4. Destaques cor vinho ou o famoso #WineHair<\/strong><\/h3>\n<p>&nbsp;<\/p>\n<p>A cor <em>cabelo vinho <\/em>\u00c9 um tom avermelhado, mais intenso que o ruivo e com toque cereja que est\u00e1 sendo uma revolu\u00e7\u00e3o nas redes sociais em 2018.<\/p>\n<p>O cabelo cor de vinho \u00e9 sem d\u00favida um dos tons mais sexy da esta\u00e7\u00e3o. Uma cor que funciona muito bem em pessoas que t\u00eam pele clara, pois destaca os l\u00e1bios e d\u00e1 for\u00e7a ao olhar. Uma op\u00e7\u00e3o perfeita para voc\u00ea agora que est\u00e1 na moda.<\/p>\n<p>&nbsp;<\/p>\n<figure id=\"attachment_2109\" aria-describedby=\"caption-attachment-2109\" style=\"width: 848px\" class=\"wp-caption alignnone\"><img loading=\"lazy\" decoding=\"async\" class=\"size-large wp-image-2109\" src=\"https:\/\/www.agradocosmetic.com\/wp-content\/uploads\/2018\/04\/ariana-grande-wine-hair-1024x731.jpg\" alt=\"ariana-grande-wine-hair-merlot-burgundy-social-trendy-agrado-blog\" width=\"848\" height=\"605\" \/><figcaption id=\"caption-attachment-2109\" class=\"wp-caption-text\">Ariana Grande junta-se \u00e0 revolu\u00e7\u00e3o online do look tend\u00eancia da esta\u00e7\u00e3o #WineHair.<\/figcaption><\/figure>\n<p>&nbsp;<\/p>\n<p>&nbsp;<\/p>\n<p>E a entrada de hoje \u00e9 isso, esperamos que tenham gostado e que experimentem algumas das cores mais trendy desta temporada primavera-ver\u00e3o. Atreva-se a usar um desses looks modernos e atuais. N\u00e3o esque\u00e7a de deixar seus coment\u00e1rios no post aqui. At\u00e9 a pr\u00f3xima!<\/p>","protected":false},"excerpt":{"rendered":"<p>Como ya hablamos en el post de \u201cC\u00f3mo mantener el cabello te\u00f1ido\u201d, el hecho de renovar nuestra imagen y cambiarnos el color del cabello es algo m\u00e1s que habitual hoy en d\u00eda. Tintarse el cabello no supone ninguna novedad, pero s\u00ed que lo son las tendencias en tinte y coloraci\u00f3n del momento ya que var\u00edan [&hellip;]<\/p>\n","protected":false},"author":9,"featured_media":21430,"comment_status":"open","ping_status":"closed","sticky":false,"template":"","format":"standard","meta":{"footnotes":"","_wp_rev_ctl_limit":""},"categories":[118,1],"tags":[126,174,137,244,245,177,246,247,178,179,248,181,249,250,182,251,252,253,254,255],"class_list":["post-2099","post","type-post","status-publish","format-standard","has-post-thumbnail","hentry","category-lifestyle","category-todos","tag-agrado","tag-agradobeautyculture","tag-agradocosmetic","tag-burgundy","tag-cabello","tag-cabellostenidos","tag-castano","tag-cobrizo","tag-color","tag-coloracion","tag-creamsoda","tag-mechas","tag-merlothair","tag-natural","tag-pelo","tag-rubio","tag-shatush","tag-tendencias","tag-trendy","tag-winehair"],"yoast_head":"<!-- This site is optimized with the Yoast SEO plugin v27.4 - https:\/\/yoast.com\/product\/yoast-seo-wordpress\/ -->\n<title>Conoce los colores de pelo m\u00e1s trendy de la temporada primavera-verano<\/title>\n<meta name=\"description\" content=\"En este nuevo post os revelamos los colores tendencia de esta temporada primavera- verano 2018. Cabellos casta\u00f1os y naturales, tonos rubios cream soda, cobrizos cl\u00e1sicos o estilo #WineHair. \u00bfA qu\u00e9 esperas para lucir una melena tendencia esta temporada?\" \/>\n<meta name=\"robots\" content=\"index, follow, max-snippet:-1, max-image-preview:large, max-video-preview:-1\" \/>\n<link rel=\"canonical\" href=\"https:\/\/agradocosmetic.com\/pt\/conoce-los-colores-de-pelo-mas-trendy-de-la-temporada-primavera-verano-2018\/\" \/>\n<meta property=\"og:locale\" content=\"pt_PT\" \/>\n<meta property=\"og:type\" content=\"article\" \/>\n<meta property=\"og:title\" content=\"Conoce los colores de pelo m\u00e1s trendy de la temporada primavera-verano\" \/>\n<meta property=\"og:description\" content=\"En este nuevo post os revelamos los colores tendencia de esta temporada primavera- verano 2018. Cabellos casta\u00f1os y naturales, tonos rubios cream soda, cobrizos cl\u00e1sicos o estilo #WineHair. \u00bfA qu\u00e9 esperas para lucir una melena tendencia esta temporada?\" \/>\n<meta property=\"og:url\" content=\"https:\/\/agradocosmetic.com\/pt\/conoce-los-colores-de-pelo-mas-trendy-de-la-temporada-primavera-verano-2018\/\" \/>\n<meta property=\"og:site_name\" content=\"Agrado\" \/>\n<meta property=\"article:published_time\" content=\"2018-04-19T10:52:34+00:00\" \/>\n<meta property=\"article:modified_time\" content=\"2023-11-18T16:58:56+00:00\" \/>\n<meta property=\"og:image\" content=\"https:\/\/agradocosmetic.com\/wp-content\/uploads\/2018\/04\/colores-trendy-agrado.jpg\" \/>\n\t<meta property=\"og:image:width\" content=\"1200\" \/>\n\t<meta property=\"og:image:height\" content=\"800\" \/>\n\t<meta property=\"og:image:type\" content=\"image\/jpeg\" \/>\n<meta name=\"author\" content=\"agradocosmetic\" \/>\n<meta name=\"twitter:card\" content=\"summary_large_image\" \/>\n<meta name=\"twitter:label1\" content=\"Escrito por\" \/>\n\t<meta name=\"twitter:data1\" content=\"agradocosmetic\" \/>\n\t<meta name=\"twitter:label2\" content=\"Tempo estimado de leitura\" \/>\n\t<meta name=\"twitter:data2\" content=\"4 minutos\" \/>\n<script type=\"application\/ld+json\" class=\"yoast-schema-graph\">{\"@context\":\"https:\\\/\\\/schema.org\",\"@graph\":[{\"@type\":\"Article\",\"@id\":\"https:\\\/\\\/agradocosmetic.com\\\/conoce-los-colores-de-pelo-mas-trendy-de-la-temporada-primavera-verano-2018\\\/#article\",\"isPartOf\":{\"@id\":\"https:\\\/\\\/agradocosmetic.com\\\/conoce-los-colores-de-pelo-mas-trendy-de-la-temporada-primavera-verano-2018\\\/\"},\"author\":{\"name\":\"agradocosmetic\",\"@id\":\"https:\\\/\\\/agradocosmetic.com\\\/#\\\/schema\\\/person\\\/732e8d396022e25f9340196f83d6789d\"},\"headline\":\"Conoce los colores de pelo m\u00e1s trendy de la temporada primavera-verano 2018\",\"datePublished\":\"2018-04-19T10:52:34+00:00\",\"dateModified\":\"2023-11-18T16:58:56+00:00\",\"mainEntityOfPage\":{\"@id\":\"https:\\\/\\\/agradocosmetic.com\\\/conoce-los-colores-de-pelo-mas-trendy-de-la-temporada-primavera-verano-2018\\\/\"},\"wordCount\":745,\"commentCount\":0,\"publisher\":{\"@id\":\"https:\\\/\\\/agradocosmetic.com\\\/#organization\"},\"image\":{\"@id\":\"https:\\\/\\\/agradocosmetic.com\\\/conoce-los-colores-de-pelo-mas-trendy-de-la-temporada-primavera-verano-2018\\\/#primaryimage\"},\"thumbnailUrl\":\"https:\\\/\\\/agradocosmetic.com\\\/wp-content\\\/uploads\\\/2018\\\/04\\\/colores-trendy-agrado.jpg\",\"keywords\":[\"agrado\",\"agradobeautyculture\",\"agradocosmetic\",\"burgundy\",\"cabello\",\"cabelloste\u00f1idos\",\"casta\u00f1o\",\"cobrizo\",\"color\",\"coloraci\u00f3n\",\"creamsoda\",\"mechas\",\"merlothair\",\"natural\",\"pelo\",\"rubio\",\"shatush\",\"tendencias\",\"trendy\",\"winehair\"],\"articleSection\":[\"Lifestyle\",\"Todos\"],\"inLanguage\":\"pt-PT\",\"potentialAction\":[{\"@type\":\"CommentAction\",\"name\":\"Comment\",\"target\":[\"https:\\\/\\\/agradocosmetic.com\\\/conoce-los-colores-de-pelo-mas-trendy-de-la-temporada-primavera-verano-2018\\\/#respond\"]}]},{\"@type\":\"WebPage\",\"@id\":\"https:\\\/\\\/agradocosmetic.com\\\/conoce-los-colores-de-pelo-mas-trendy-de-la-temporada-primavera-verano-2018\\\/\",\"url\":\"https:\\\/\\\/agradocosmetic.com\\\/conoce-los-colores-de-pelo-mas-trendy-de-la-temporada-primavera-verano-2018\\\/\",\"name\":\"Conoce los colores de pelo m\u00e1s trendy de la temporada primavera-verano\",\"isPartOf\":{\"@id\":\"https:\\\/\\\/agradocosmetic.com\\\/#website\"},\"primaryImageOfPage\":{\"@id\":\"https:\\\/\\\/agradocosmetic.com\\\/conoce-los-colores-de-pelo-mas-trendy-de-la-temporada-primavera-verano-2018\\\/#primaryimage\"},\"image\":{\"@id\":\"https:\\\/\\\/agradocosmetic.com\\\/conoce-los-colores-de-pelo-mas-trendy-de-la-temporada-primavera-verano-2018\\\/#primaryimage\"},\"thumbnailUrl\":\"https:\\\/\\\/agradocosmetic.com\\\/wp-content\\\/uploads\\\/2018\\\/04\\\/colores-trendy-agrado.jpg\",\"datePublished\":\"2018-04-19T10:52:34+00:00\",\"dateModified\":\"2023-11-18T16:58:56+00:00\",\"description\":\"En este nuevo post os revelamos los colores tendencia de esta temporada primavera- verano 2018. Cabellos casta\u00f1os y naturales, tonos rubios cream soda, cobrizos cl\u00e1sicos o estilo #WineHair. \u00bfA qu\u00e9 esperas para lucir una melena tendencia esta temporada?\",\"breadcrumb\":{\"@id\":\"https:\\\/\\\/agradocosmetic.com\\\/conoce-los-colores-de-pelo-mas-trendy-de-la-temporada-primavera-verano-2018\\\/#breadcrumb\"},\"inLanguage\":\"pt-PT\",\"potentialAction\":[{\"@type\":\"ReadAction\",\"target\":[\"https:\\\/\\\/agradocosmetic.com\\\/conoce-los-colores-de-pelo-mas-trendy-de-la-temporada-primavera-verano-2018\\\/\"]}]},{\"@type\":\"ImageObject\",\"inLanguage\":\"pt-PT\",\"@id\":\"https:\\\/\\\/agradocosmetic.com\\\/conoce-los-colores-de-pelo-mas-trendy-de-la-temporada-primavera-verano-2018\\\/#primaryimage\",\"url\":\"https:\\\/\\\/agradocosmetic.com\\\/wp-content\\\/uploads\\\/2018\\\/04\\\/colores-trendy-agrado.jpg\",\"contentUrl\":\"https:\\\/\\\/agradocosmetic.com\\\/wp-content\\\/uploads\\\/2018\\\/04\\\/colores-trendy-agrado.jpg\",\"width\":1200,\"height\":800},{\"@type\":\"BreadcrumbList\",\"@id\":\"https:\\\/\\\/agradocosmetic.com\\\/conoce-los-colores-de-pelo-mas-trendy-de-la-temporada-primavera-verano-2018\\\/#breadcrumb\",\"itemListElement\":[{\"@type\":\"ListItem\",\"position\":1,\"name\":\"Portada\",\"item\":\"https:\\\/\\\/agradocosmetic.com\\\/\"},{\"@type\":\"ListItem\",\"position\":2,\"name\":\"Conoce los colores de pelo m\u00e1s trendy de la temporada primavera-verano 2018\"}]},{\"@type\":\"WebSite\",\"@id\":\"https:\\\/\\\/agradocosmetic.com\\\/#website\",\"url\":\"https:\\\/\\\/agradocosmetic.com\\\/\",\"name\":\"Agrado\",\"description\":\"Cosmetic\",\"publisher\":{\"@id\":\"https:\\\/\\\/agradocosmetic.com\\\/#organization\"},\"potentialAction\":[{\"@type\":\"SearchAction\",\"target\":{\"@type\":\"EntryPoint\",\"urlTemplate\":\"https:\\\/\\\/agradocosmetic.com\\\/?s={search_term_string}\"},\"query-input\":{\"@type\":\"PropertyValueSpecification\",\"valueRequired\":true,\"valueName\":\"search_term_string\"}}],\"inLanguage\":\"pt-PT\"},{\"@type\":\"Organization\",\"@id\":\"https:\\\/\\\/agradocosmetic.com\\\/#organization\",\"name\":\"Agrado\",\"url\":\"https:\\\/\\\/agradocosmetic.com\\\/\",\"logo\":{\"@type\":\"ImageObject\",\"inLanguage\":\"pt-PT\",\"@id\":\"https:\\\/\\\/agradocosmetic.com\\\/#\\\/schema\\\/logo\\\/image\\\/\",\"url\":\"https:\\\/\\\/agradocosmetic.com\\\/wp-content\\\/uploads\\\/2023\\\/07\\\/LOGO-AGRADO-WEB-01.png\",\"contentUrl\":\"https:\\\/\\\/agradocosmetic.com\\\/wp-content\\\/uploads\\\/2023\\\/07\\\/LOGO-AGRADO-WEB-01.png\",\"width\":1632,\"height\":300,\"caption\":\"Agrado\"},\"image\":{\"@id\":\"https:\\\/\\\/agradocosmetic.com\\\/#\\\/schema\\\/logo\\\/image\\\/\"}},{\"@type\":\"Person\",\"@id\":\"https:\\\/\\\/agradocosmetic.com\\\/#\\\/schema\\\/person\\\/732e8d396022e25f9340196f83d6789d\",\"name\":\"agradocosmetic\",\"image\":{\"@type\":\"ImageObject\",\"inLanguage\":\"pt-PT\",\"@id\":\"https:\\\/\\\/secure.gravatar.com\\\/avatar\\\/c6003e45301182b7e125463fcbec403b1980909c12edf09098526b9a15e779c0?s=96&d=mm&r=g\",\"url\":\"https:\\\/\\\/secure.gravatar.com\\\/avatar\\\/c6003e45301182b7e125463fcbec403b1980909c12edf09098526b9a15e779c0?s=96&d=mm&r=g\",\"contentUrl\":\"https:\\\/\\\/secure.gravatar.com\\\/avatar\\\/c6003e45301182b7e125463fcbec403b1980909c12edf09098526b9a15e779c0?s=96&d=mm&r=g\",\"caption\":\"agradocosmetic\"}}]}<\/script>\n<!-- \/ Yoast SEO plugin. -->","yoast_head_json":{"title":"Descubra as cores de cabelo mais modernas da temporada primavera-ver\u00e3o.","description":"Neste novo post, revelamos as cores de cabelo mais modernas para a primavera\/ver\u00e3o de 2018. Pense em castanhos naturais, loiros creme, cobres cl\u00e1ssicos ou o estilo #WineHair. O que voc\u00ea est\u00e1 esperando para arrasar com uma juba super estilosa nesta temporada?","robots":{"index":"index","follow":"follow","max-snippet":"max-snippet:-1","max-image-preview":"max-image-preview:large","max-video-preview":"max-video-preview:-1"},"canonical":"https:\/\/agradocosmetic.com\/pt\/conoce-los-colores-de-pelo-mas-trendy-de-la-temporada-primavera-verano-2018\/","og_locale":"pt_PT","og_type":"article","og_title":"Conoce los colores de pelo m\u00e1s trendy de la temporada primavera-verano","og_description":"En este nuevo post os revelamos los colores tendencia de esta temporada primavera- verano 2018. Cabellos casta\u00f1os y naturales, tonos rubios cream soda, cobrizos cl\u00e1sicos o estilo #WineHair. \u00bfA qu\u00e9 esperas para lucir una melena tendencia esta temporada?","og_url":"https:\/\/agradocosmetic.com\/pt\/conoce-los-colores-de-pelo-mas-trendy-de-la-temporada-primavera-verano-2018\/","og_site_name":"Agrado","article_published_time":"2018-04-19T10:52:34+00:00","article_modified_time":"2023-11-18T16:58:56+00:00","og_image":[{"width":1200,"height":800,"url":"https:\/\/agradocosmetic.com\/wp-content\/uploads\/2018\/04\/colores-trendy-agrado.jpg","type":"image\/jpeg"}],"author":"agradocosmetic","twitter_card":"summary_large_image","twitter_misc":{"Escrito por":"agradocosmetic","Tempo estimado de leitura":"4 minutos"},"schema":{"@context":"https:\/\/schema.org","@graph":[{"@type":"Article","@id":"https:\/\/agradocosmetic.com\/conoce-los-colores-de-pelo-mas-trendy-de-la-temporada-primavera-verano-2018\/#article","isPartOf":{"@id":"https:\/\/agradocosmetic.com\/conoce-los-colores-de-pelo-mas-trendy-de-la-temporada-primavera-verano-2018\/"},"author":{"name":"agradocosmetic","@id":"https:\/\/agradocosmetic.com\/#\/schema\/person\/732e8d396022e25f9340196f83d6789d"},"headline":"Conoce los colores de pelo m\u00e1s trendy de la temporada primavera-verano 2018","datePublished":"2018-04-19T10:52:34+00:00","dateModified":"2023-11-18T16:58:56+00:00","mainEntityOfPage":{"@id":"https:\/\/agradocosmetic.com\/conoce-los-colores-de-pelo-mas-trendy-de-la-temporada-primavera-verano-2018\/"},"wordCount":745,"commentCount":0,"publisher":{"@id":"https:\/\/agradocosmetic.com\/#organization"},"image":{"@id":"https:\/\/agradocosmetic.com\/conoce-los-colores-de-pelo-mas-trendy-de-la-temporada-primavera-verano-2018\/#primaryimage"},"thumbnailUrl":"https:\/\/agradocosmetic.com\/wp-content\/uploads\/2018\/04\/colores-trendy-agrado.jpg","keywords":["agrado","agradobeautyculture","agradocosmetic","burgundy","cabello","cabelloste\u00f1idos","casta\u00f1o","cobrizo","color","coloraci\u00f3n","creamsoda","mechas","merlothair","natural","pelo","rubio","shatush","tendencias","trendy","winehair"],"articleSection":["Lifestyle","Todos"],"inLanguage":"pt-PT","potentialAction":[{"@type":"CommentAction","name":"Comment","target":["https:\/\/agradocosmetic.com\/conoce-los-colores-de-pelo-mas-trendy-de-la-temporada-primavera-verano-2018\/#respond"]}]},{"@type":"WebPage","@id":"https:\/\/agradocosmetic.com\/conoce-los-colores-de-pelo-mas-trendy-de-la-temporada-primavera-verano-2018\/","url":"https:\/\/agradocosmetic.com\/conoce-los-colores-de-pelo-mas-trendy-de-la-temporada-primavera-verano-2018\/","name":"Descubra as cores de cabelo mais modernas da temporada primavera-ver\u00e3o.","isPartOf":{"@id":"https:\/\/agradocosmetic.com\/#website"},"primaryImageOfPage":{"@id":"https:\/\/agradocosmetic.com\/conoce-los-colores-de-pelo-mas-trendy-de-la-temporada-primavera-verano-2018\/#primaryimage"},"image":{"@id":"https:\/\/agradocosmetic.com\/conoce-los-colores-de-pelo-mas-trendy-de-la-temporada-primavera-verano-2018\/#primaryimage"},"thumbnailUrl":"https:\/\/agradocosmetic.com\/wp-content\/uploads\/2018\/04\/colores-trendy-agrado.jpg","datePublished":"2018-04-19T10:52:34+00:00","dateModified":"2023-11-18T16:58:56+00:00","description":"Neste novo post, revelamos as cores de cabelo mais modernas para a primavera\/ver\u00e3o de 2018. Pense em castanhos naturais, loiros creme, cobres cl\u00e1ssicos ou o estilo #WineHair. O que voc\u00ea est\u00e1 esperando para arrasar com uma juba super estilosa nesta temporada?","breadcrumb":{"@id":"https:\/\/agradocosmetic.com\/conoce-los-colores-de-pelo-mas-trendy-de-la-temporada-primavera-verano-2018\/#breadcrumb"},"inLanguage":"pt-PT","potentialAction":[{"@type":"ReadAction","target":["https:\/\/agradocosmetic.com\/conoce-los-colores-de-pelo-mas-trendy-de-la-temporada-primavera-verano-2018\/"]}]},{"@type":"ImageObject","inLanguage":"pt-PT","@id":"https:\/\/agradocosmetic.com\/conoce-los-colores-de-pelo-mas-trendy-de-la-temporada-primavera-verano-2018\/#primaryimage","url":"https:\/\/agradocosmetic.com\/wp-content\/uploads\/2018\/04\/colores-trendy-agrado.jpg","contentUrl":"https:\/\/agradocosmetic.com\/wp-content\/uploads\/2018\/04\/colores-trendy-agrado.jpg","width":1200,"height":800},{"@type":"BreadcrumbList","@id":"https:\/\/agradocosmetic.com\/conoce-los-colores-de-pelo-mas-trendy-de-la-temporada-primavera-verano-2018\/#breadcrumb","itemListElement":[{"@type":"ListItem","position":1,"name":"Portada","item":"https:\/\/agradocosmetic.com\/"},{"@type":"ListItem","position":2,"name":"Conoce los colores de pelo m\u00e1s trendy de la temporada primavera-verano 2018"}]},{"@type":"WebSite","@id":"https:\/\/agradocosmetic.com\/#website","url":"https:\/\/agradocosmetic.com\/","name":"Gosto","description":"Cosm\u00e9tico","publisher":{"@id":"https:\/\/agradocosmetic.com\/#organization"},"potentialAction":[{"@type":"SearchAction","target":{"@type":"EntryPoint","urlTemplate":"https:\/\/agradocosmetic.com\/?s={search_term_string}"},"query-input":{"@type":"PropertyValueSpecification","valueRequired":true,"valueName":"search_term_string"}}],"inLanguage":"pt-PT"},{"@type":"Organization","@id":"https:\/\/agradocosmetic.com\/#organization","name":"Gosto","url":"https:\/\/agradocosmetic.com\/","logo":{"@type":"ImageObject","inLanguage":"pt-PT","@id":"https:\/\/agradocosmetic.com\/#\/schema\/logo\/image\/","url":"https:\/\/agradocosmetic.com\/wp-content\/uploads\/2023\/07\/LOGO-AGRADO-WEB-01.png","contentUrl":"https:\/\/agradocosmetic.com\/wp-content\/uploads\/2023\/07\/LOGO-AGRADO-WEB-01.png","width":1632,"height":300,"caption":"Agrado"},"image":{"@id":"https:\/\/agradocosmetic.com\/#\/schema\/logo\/image\/"}},{"@type":"Person","@id":"https:\/\/agradocosmetic.com\/#\/schema\/person\/732e8d396022e25f9340196f83d6789d","name":"agradocosm\u00e9tico","image":{"@type":"ImageObject","inLanguage":"pt-PT","@id":"https:\/\/secure.gravatar.com\/avatar\/c6003e45301182b7e125463fcbec403b1980909c12edf09098526b9a15e779c0?s=96&d=mm&r=g","url":"https:\/\/secure.gravatar.com\/avatar\/c6003e45301182b7e125463fcbec403b1980909c12edf09098526b9a15e779c0?s=96&d=mm&r=g","contentUrl":"https:\/\/secure.gravatar.com\/avatar\/c6003e45301182b7e125463fcbec403b1980909c12edf09098526b9a15e779c0?s=96&d=mm&r=g","caption":"agradocosmetic"}}]}},"_links":{"self":[{"href":"https:\/\/agradocosmetic.com\/pt\/wp-json\/wp\/v2\/posts\/2099","targetHints":{"allow":["GET"]}}],"collection":[{"href":"https:\/\/agradocosmetic.com\/pt\/wp-json\/wp\/v2\/posts"}],"about":[{"href":"https:\/\/agradocosmetic.com\/pt\/wp-json\/wp\/v2\/types\/post"}],"author":[{"embeddable":true,"href":"https:\/\/agradocosmetic.com\/pt\/wp-json\/wp\/v2\/users\/9"}],"replies":[{"embeddable":true,"href":"https:\/\/agradocosmetic.com\/pt\/wp-json\/wp\/v2\/comments?post=2099"}],"version-history":[{"count":1,"href":"https:\/\/agradocosmetic.com\/pt\/wp-json\/wp\/v2\/posts\/2099\/revisions"}],"predecessor-version":[{"id":21431,"href":"https:\/\/agradocosmetic.com\/pt\/wp-json\/wp\/v2\/posts\/2099\/revisions\/21431"}],"wp:featuredmedia":[{"embeddable":true,"href":"https:\/\/agradocosmetic.com\/pt\/wp-json\/wp\/v2\/media\/21430"}],"wp:attachment":[{"href":"https:\/\/agradocosmetic.com\/pt\/wp-json\/wp\/v2\/media?parent=2099"}],"wp:term":[{"taxonomy":"category","embeddable":true,"href":"https:\/\/agradocosmetic.com\/pt\/wp-json\/wp\/v2\/categories?post=2099"},{"taxonomy":"post_tag","embeddable":true,"href":"https:\/\/agradocosmetic.com\/pt\/wp-json\/wp\/v2\/tags?post=2099"}],"curies":[{"name":"wp","href":"https:\/\/api.w.org\/{rel}","templated":true}]}}