{"id":21017,"date":"2023-07-30T16:50:38","date_gmt":"2023-07-30T15:50:38","guid":{"rendered":"https:\/\/www.agradocosmetic.com\/?p=21017"},"modified":"2023-11-18T16:58:44","modified_gmt":"2023-11-18T16:58:44","slug":"aprende-a-proteger-tu-piel-bronceada","status":"publish","type":"post","link":"https:\/\/agradocosmetic.com\/pt\/aprende-a-proteger-tu-piel-bronceada\/","title":{"rendered":"Aprenda como proteger sua pele bronzeada"},"content":{"rendered":"<p>O ver\u00e3o deixou a sua marca na nossa pele e muitos de n\u00f3s j\u00e1 ostentamos um bronzeado invej\u00e1vel. Mas agora que atingimos esse tom dourado, \u00e9 fundamental cuidar da nossa pele para mant\u00ea-la saud\u00e1vel e radiante por mais tempo. Contamos-lhe os nossos melhores segredos para cuidar da sua pele bronzeada. N\u00e3o perca eles! \ud83d\ude09<\/p>\r\n\r\n\r\n\r\n<h2 class=\"wp-block-heading\"><strong>Hidrata\u00e7\u00e3o constante<\/strong><\/h2>\r\n\r\n\r\n\r\n<p>O bronzeamento pode fazer com que a nossa pele resseque mais rapidamente, por isso \u00e9 fundamental mant\u00ea-la hidratada. Se voc\u00ea ainda n\u00e3o experimentou, recomendamos o <a href=\"\/pt\/?p=1837\"><strong>Lo\u00e7\u00e3o Hidrocalmante Spray P\u00f3s-Solar da Agrado<\/strong><\/a> que proporciona um efeito refrescante ao mesmo tempo que hidrata e acalma a pele. Sua f\u00f3rmula rica em nutrientes \u00e9 perfeita, pois mant\u00e9m a umidade e elasticidade da pele ap\u00f3s a exposi\u00e7\u00e3o ao sol. Voc\u00ea vai amar!\u00a0<\/p>\r\n\r\n\r\n\r\n<h2 class=\"wp-block-heading\"><strong>Continue usando protetor solar<\/strong><\/h2>\r\n\r\n\r\n\r\n<p>Mesmo que voc\u00ea j\u00e1 esteja bronzeado, n\u00e3o se esque\u00e7a de passar protetor solar sempre que sair ao sol. Opte por um protetor solar com FPS adequado ao seu tipo de pele. Quando j\u00e1 pegamos um pouco de cor, o nosso preferido \u00e9 o<a href=\"\/pt\/?p=3567\"><strong> \u00d3leo Protetor Solar Agrado FPS20<\/strong><\/a>, com textura muito leve, toque seco e acabamento invis\u00edvel. Formulado para proteger a pele dos raios UVA e UVB enquanto bronzeia gra\u00e7as ao \u00f3leo de cenoura e ch\u00e1. O que mais voc\u00ea poderia pedir?<\/p>\r\n\r\n\r\n\r\n<h2 class=\"wp-block-heading\"><strong>Evite as horas mais intensas<\/strong><\/h2>\r\n\r\n\r\n\r\n<p>Procure evitar a exposi\u00e7\u00e3o solar direta nas horas mais intensas do dia, geralmente entre as 10h00 e as 16h00. Em vez disso, desfrute de atividades ao ar livre no in\u00edcio da manh\u00e3 ou no final da tarde. Um mergulho na piscina ou um passeio na praia, n\u00e3o h\u00e1 melhor forma de terminar o dia!<\/p>\r\n\r\n\r\n\r\n<h2 class=\"wp-block-heading\"><strong>Cuide do seu rosto<\/strong><\/h2>\r\n\r\n\r\n\r\n<p>N\u00e3o se esque\u00e7a de cuidar do rosto com um creme facial hidratante e protetor solar espec\u00edfico para esta \u00e1rea mais delicada. Na nossa n\u00e9cessaire n\u00e3o podemos faltar o <a href=\"\/pt\/?p=3558\"><strong>Agrado Bruma Facial Solar FPS50+<\/strong><\/a>. Com alt\u00edssima prote\u00e7\u00e3o, proporciona muita hidrata\u00e7\u00e3o \u00e0 pele e seu formato spray de toque seco \u00e9 absorvido rapidamente sem deixar sensa\u00e7\u00e3o pegajosa. Al\u00e9m disso, \u00e9 \u00e0 prova d&#039;\u00e1gua e pode ser aplicado sobre a maquiagem. N\u00e3o falta nada!\u00a0<\/p>\r\n\r\n\r\n\r\n<p>Lembre-se, a pele bronzeada pode ser um s\u00edmbolo do ver\u00e3o, mas nunca devemos comprometer a sua sa\u00fade. Proteg\u00ea-lo do sol \u00e9 uma responsabilidade que devemos assumir em qualquer fase da nossa vida. Assim que, <strong>Aproveite o sol com cautela e mantenha sua pele saud\u00e1vel e radiante durante todo o ver\u00e3o com <a href=\"https:\/\/agradocosmetic.com\/pt\/\">Comest\u00edvel como<\/a>!<\/strong><\/p>","protected":false},"excerpt":{"rendered":"<p>El verano ha dejado marca en nuestra piel y muchxs de nosotrxs ya estamos luciendo un bronceado envidiable. Pero ahora que hemos conseguido ese tono dorado, es crucial cuidar nuestra piel para mantenerla saludable y radiante durante m\u00e1s tiempo. Te contamos nuestros mejores secretos para cuidar tu piel bronceada. \u00a1No te los pierdas! \ud83d\ude09 Hidrataci\u00f3n [&hellip;]<\/p>\n","protected":false},"author":9,"featured_media":21178,"comment_status":"open","ping_status":"closed","sticky":false,"template":"","format":"standard","meta":{"footnotes":"","_wp_rev_ctl_limit":""},"categories":[531,1],"tags":[547,539,549,543,551,545],"class_list":["post-21017","post","type-post","status-publish","format-standard","has-post-thumbnail","hentry","category-solar-en","category-todos","tag-bronceado-en","tag-cuidado-de-la-piel-en","tag-fotoprotector-en","tag-proteccion-solar-en","tag-protector-solar-en","tag-solares-en"],"yoast_head":"<!-- This site is optimized with the Yoast SEO plugin v27.4 - https:\/\/yoast.com\/product\/yoast-seo-wordpress\/ -->\n<title>Aprende a proteger tu piel bronceada - Agrado<\/title>\n<meta name=\"description\" content=\"Aunque tu piel ya est\u00e9 bronceada, debes cuidarla. En este post te contamos c\u00f3mo y con qu\u00e9 proteger tu piel morenita de la mejor forma.\" \/>\n<meta name=\"robots\" content=\"index, follow, max-snippet:-1, max-image-preview:large, max-video-preview:-1\" \/>\n<link rel=\"canonical\" href=\"https:\/\/agradocosmetic.com\/pt\/aprende-a-proteger-tu-piel-bronceada\/\" \/>\n<meta property=\"og:locale\" content=\"pt_PT\" \/>\n<meta property=\"og:type\" content=\"article\" \/>\n<meta property=\"og:title\" content=\"Aprende a proteger tu piel bronceada - Agrado\" \/>\n<meta property=\"og:description\" content=\"Aunque tu piel ya est\u00e9 bronceada, debes cuidarla. En este post te contamos c\u00f3mo y con qu\u00e9 proteger tu piel morenita de la mejor forma.\" \/>\n<meta property=\"og:url\" content=\"https:\/\/agradocosmetic.com\/pt\/aprende-a-proteger-tu-piel-bronceada\/\" \/>\n<meta property=\"og:site_name\" content=\"Agrado\" \/>\n<meta property=\"article:published_time\" content=\"2023-07-30T15:50:38+00:00\" \/>\n<meta property=\"article:modified_time\" content=\"2023-11-18T16:58:44+00:00\" \/>\n<meta property=\"og:image\" content=\"https:\/\/agradocosmetic.com\/wp-content\/uploads\/2023\/07\/piel-bronceada-agrado.jpg\" \/>\n\t<meta property=\"og:image:width\" content=\"1200\" \/>\n\t<meta property=\"og:image:height\" content=\"800\" \/>\n\t<meta property=\"og:image:type\" content=\"image\/jpeg\" \/>\n<meta name=\"author\" content=\"agradocosmetic\" \/>\n<meta name=\"twitter:card\" content=\"summary_large_image\" \/>\n<meta name=\"twitter:label1\" content=\"Escrito por\" \/>\n\t<meta name=\"twitter:data1\" content=\"agradocosmetic\" \/>\n\t<meta name=\"twitter:label2\" content=\"Tempo estimado de leitura\" \/>\n\t<meta name=\"twitter:data2\" content=\"2 minutos\" \/>\n<script type=\"application\/ld+json\" class=\"yoast-schema-graph\">{\"@context\":\"https:\\\/\\\/schema.org\",\"@graph\":[{\"@type\":\"Article\",\"@id\":\"https:\\\/\\\/agradocosmetic.com\\\/aprende-a-proteger-tu-piel-bronceada\\\/#article\",\"isPartOf\":{\"@id\":\"https:\\\/\\\/agradocosmetic.com\\\/aprende-a-proteger-tu-piel-bronceada\\\/\"},\"author\":{\"name\":\"agradocosmetic\",\"@id\":\"https:\\\/\\\/agradocosmetic.com\\\/#\\\/schema\\\/person\\\/732e8d396022e25f9340196f83d6789d\"},\"headline\":\"Aprende a proteger tu piel bronceada\",\"datePublished\":\"2023-07-30T15:50:38+00:00\",\"dateModified\":\"2023-11-18T16:58:44+00:00\",\"mainEntityOfPage\":{\"@id\":\"https:\\\/\\\/agradocosmetic.com\\\/aprende-a-proteger-tu-piel-bronceada\\\/\"},\"wordCount\":447,\"commentCount\":0,\"publisher\":{\"@id\":\"https:\\\/\\\/agradocosmetic.com\\\/#organization\"},\"image\":{\"@id\":\"https:\\\/\\\/agradocosmetic.com\\\/aprende-a-proteger-tu-piel-bronceada\\\/#primaryimage\"},\"thumbnailUrl\":\"https:\\\/\\\/agradocosmetic.com\\\/wp-content\\\/uploads\\\/2023\\\/07\\\/piel-bronceada-agrado.jpg\",\"keywords\":[\"bronceado\",\"cuidado de la piel\",\"fotoprotector\",\"proteccion solar\",\"protector solar\",\"solares\"],\"articleSection\":[\"Solar\",\"Todos\"],\"inLanguage\":\"pt-PT\",\"potentialAction\":[{\"@type\":\"CommentAction\",\"name\":\"Comment\",\"target\":[\"https:\\\/\\\/agradocosmetic.com\\\/aprende-a-proteger-tu-piel-bronceada\\\/#respond\"]}]},{\"@type\":\"WebPage\",\"@id\":\"https:\\\/\\\/agradocosmetic.com\\\/aprende-a-proteger-tu-piel-bronceada\\\/\",\"url\":\"https:\\\/\\\/agradocosmetic.com\\\/aprende-a-proteger-tu-piel-bronceada\\\/\",\"name\":\"Aprende a proteger tu piel bronceada - Agrado\",\"isPartOf\":{\"@id\":\"https:\\\/\\\/agradocosmetic.com\\\/#website\"},\"primaryImageOfPage\":{\"@id\":\"https:\\\/\\\/agradocosmetic.com\\\/aprende-a-proteger-tu-piel-bronceada\\\/#primaryimage\"},\"image\":{\"@id\":\"https:\\\/\\\/agradocosmetic.com\\\/aprende-a-proteger-tu-piel-bronceada\\\/#primaryimage\"},\"thumbnailUrl\":\"https:\\\/\\\/agradocosmetic.com\\\/wp-content\\\/uploads\\\/2023\\\/07\\\/piel-bronceada-agrado.jpg\",\"datePublished\":\"2023-07-30T15:50:38+00:00\",\"dateModified\":\"2023-11-18T16:58:44+00:00\",\"description\":\"Aunque tu piel ya est\u00e9 bronceada, debes cuidarla. En este post te contamos c\u00f3mo y con qu\u00e9 proteger tu piel morenita de la mejor forma.\",\"breadcrumb\":{\"@id\":\"https:\\\/\\\/agradocosmetic.com\\\/aprende-a-proteger-tu-piel-bronceada\\\/#breadcrumb\"},\"inLanguage\":\"pt-PT\",\"potentialAction\":[{\"@type\":\"ReadAction\",\"target\":[\"https:\\\/\\\/agradocosmetic.com\\\/aprende-a-proteger-tu-piel-bronceada\\\/\"]}]},{\"@type\":\"ImageObject\",\"inLanguage\":\"pt-PT\",\"@id\":\"https:\\\/\\\/agradocosmetic.com\\\/aprende-a-proteger-tu-piel-bronceada\\\/#primaryimage\",\"url\":\"https:\\\/\\\/agradocosmetic.com\\\/wp-content\\\/uploads\\\/2023\\\/07\\\/piel-bronceada-agrado.jpg\",\"contentUrl\":\"https:\\\/\\\/agradocosmetic.com\\\/wp-content\\\/uploads\\\/2023\\\/07\\\/piel-bronceada-agrado.jpg\",\"width\":1200,\"height\":800},{\"@type\":\"BreadcrumbList\",\"@id\":\"https:\\\/\\\/agradocosmetic.com\\\/aprende-a-proteger-tu-piel-bronceada\\\/#breadcrumb\",\"itemListElement\":[{\"@type\":\"ListItem\",\"position\":1,\"name\":\"Portada\",\"item\":\"https:\\\/\\\/agradocosmetic.com\\\/\"},{\"@type\":\"ListItem\",\"position\":2,\"name\":\"Aprende a proteger tu piel bronceada\"}]},{\"@type\":\"WebSite\",\"@id\":\"https:\\\/\\\/agradocosmetic.com\\\/#website\",\"url\":\"https:\\\/\\\/agradocosmetic.com\\\/\",\"name\":\"Agrado\",\"description\":\"Cosmetic\",\"publisher\":{\"@id\":\"https:\\\/\\\/agradocosmetic.com\\\/#organization\"},\"potentialAction\":[{\"@type\":\"SearchAction\",\"target\":{\"@type\":\"EntryPoint\",\"urlTemplate\":\"https:\\\/\\\/agradocosmetic.com\\\/?s={search_term_string}\"},\"query-input\":{\"@type\":\"PropertyValueSpecification\",\"valueRequired\":true,\"valueName\":\"search_term_string\"}}],\"inLanguage\":\"pt-PT\"},{\"@type\":\"Organization\",\"@id\":\"https:\\\/\\\/agradocosmetic.com\\\/#organization\",\"name\":\"Agrado\",\"url\":\"https:\\\/\\\/agradocosmetic.com\\\/\",\"logo\":{\"@type\":\"ImageObject\",\"inLanguage\":\"pt-PT\",\"@id\":\"https:\\\/\\\/agradocosmetic.com\\\/#\\\/schema\\\/logo\\\/image\\\/\",\"url\":\"https:\\\/\\\/agradocosmetic.com\\\/wp-content\\\/uploads\\\/2023\\\/07\\\/LOGO-AGRADO-WEB-01.png\",\"contentUrl\":\"https:\\\/\\\/agradocosmetic.com\\\/wp-content\\\/uploads\\\/2023\\\/07\\\/LOGO-AGRADO-WEB-01.png\",\"width\":1632,\"height\":300,\"caption\":\"Agrado\"},\"image\":{\"@id\":\"https:\\\/\\\/agradocosmetic.com\\\/#\\\/schema\\\/logo\\\/image\\\/\"}},{\"@type\":\"Person\",\"@id\":\"https:\\\/\\\/agradocosmetic.com\\\/#\\\/schema\\\/person\\\/732e8d396022e25f9340196f83d6789d\",\"name\":\"agradocosmetic\",\"image\":{\"@type\":\"ImageObject\",\"inLanguage\":\"pt-PT\",\"@id\":\"https:\\\/\\\/secure.gravatar.com\\\/avatar\\\/c6003e45301182b7e125463fcbec403b1980909c12edf09098526b9a15e779c0?s=96&d=mm&r=g\",\"url\":\"https:\\\/\\\/secure.gravatar.com\\\/avatar\\\/c6003e45301182b7e125463fcbec403b1980909c12edf09098526b9a15e779c0?s=96&d=mm&r=g\",\"contentUrl\":\"https:\\\/\\\/secure.gravatar.com\\\/avatar\\\/c6003e45301182b7e125463fcbec403b1980909c12edf09098526b9a15e779c0?s=96&d=mm&r=g\",\"caption\":\"agradocosmetic\"}}]}<\/script>\n<!-- \/ Yoast SEO plugin. -->","yoast_head_json":{"title":"Aprende a proteger tu piel bronceada - Agrado","description":"Aunque tu piel ya est\u00e9 bronceada, debes cuidarla. En este post te contamos c\u00f3mo y con qu\u00e9 proteger tu piel morenita de la mejor forma.","robots":{"index":"index","follow":"follow","max-snippet":"max-snippet:-1","max-image-preview":"max-image-preview:large","max-video-preview":"max-video-preview:-1"},"canonical":"https:\/\/agradocosmetic.com\/pt\/aprende-a-proteger-tu-piel-bronceada\/","og_locale":"pt_PT","og_type":"article","og_title":"Aprende a proteger tu piel bronceada - Agrado","og_description":"Aunque tu piel ya est\u00e9 bronceada, debes cuidarla. En este post te contamos c\u00f3mo y con qu\u00e9 proteger tu piel morenita de la mejor forma.","og_url":"https:\/\/agradocosmetic.com\/pt\/aprende-a-proteger-tu-piel-bronceada\/","og_site_name":"Agrado","article_published_time":"2023-07-30T15:50:38+00:00","article_modified_time":"2023-11-18T16:58:44+00:00","og_image":[{"width":1200,"height":800,"url":"https:\/\/agradocosmetic.com\/wp-content\/uploads\/2023\/07\/piel-bronceada-agrado.jpg","type":"image\/jpeg"}],"author":"agradocosmetic","twitter_card":"summary_large_image","twitter_misc":{"Escrito por":"agradocosmetic","Tempo estimado de leitura":"2 minutos"},"schema":{"@context":"https:\/\/schema.org","@graph":[{"@type":"Article","@id":"https:\/\/agradocosmetic.com\/aprende-a-proteger-tu-piel-bronceada\/#article","isPartOf":{"@id":"https:\/\/agradocosmetic.com\/aprende-a-proteger-tu-piel-bronceada\/"},"author":{"name":"agradocosmetic","@id":"https:\/\/agradocosmetic.com\/#\/schema\/person\/732e8d396022e25f9340196f83d6789d"},"headline":"Aprende a proteger tu piel bronceada","datePublished":"2023-07-30T15:50:38+00:00","dateModified":"2023-11-18T16:58:44+00:00","mainEntityOfPage":{"@id":"https:\/\/agradocosmetic.com\/aprende-a-proteger-tu-piel-bronceada\/"},"wordCount":447,"commentCount":0,"publisher":{"@id":"https:\/\/agradocosmetic.com\/#organization"},"image":{"@id":"https:\/\/agradocosmetic.com\/aprende-a-proteger-tu-piel-bronceada\/#primaryimage"},"thumbnailUrl":"https:\/\/agradocosmetic.com\/wp-content\/uploads\/2023\/07\/piel-bronceada-agrado.jpg","keywords":["bronceado","cuidado de la piel","fotoprotector","proteccion solar","protector solar","solares"],"articleSection":["Solar","Todos"],"inLanguage":"pt-PT","potentialAction":[{"@type":"CommentAction","name":"Comment","target":["https:\/\/agradocosmetic.com\/aprende-a-proteger-tu-piel-bronceada\/#respond"]}]},{"@type":"WebPage","@id":"https:\/\/agradocosmetic.com\/aprende-a-proteger-tu-piel-bronceada\/","url":"https:\/\/agradocosmetic.com\/aprende-a-proteger-tu-piel-bronceada\/","name":"Aprende a proteger tu piel bronceada - Agrado","isPartOf":{"@id":"https:\/\/agradocosmetic.com\/#website"},"primaryImageOfPage":{"@id":"https:\/\/agradocosmetic.com\/aprende-a-proteger-tu-piel-bronceada\/#primaryimage"},"image":{"@id":"https:\/\/agradocosmetic.com\/aprende-a-proteger-tu-piel-bronceada\/#primaryimage"},"thumbnailUrl":"https:\/\/agradocosmetic.com\/wp-content\/uploads\/2023\/07\/piel-bronceada-agrado.jpg","datePublished":"2023-07-30T15:50:38+00:00","dateModified":"2023-11-18T16:58:44+00:00","description":"Aunque tu piel ya est\u00e9 bronceada, debes cuidarla. En este post te contamos c\u00f3mo y con qu\u00e9 proteger tu piel morenita de la mejor forma.","breadcrumb":{"@id":"https:\/\/agradocosmetic.com\/aprende-a-proteger-tu-piel-bronceada\/#breadcrumb"},"inLanguage":"pt-PT","potentialAction":[{"@type":"ReadAction","target":["https:\/\/agradocosmetic.com\/aprende-a-proteger-tu-piel-bronceada\/"]}]},{"@type":"ImageObject","inLanguage":"pt-PT","@id":"https:\/\/agradocosmetic.com\/aprende-a-proteger-tu-piel-bronceada\/#primaryimage","url":"https:\/\/agradocosmetic.com\/wp-content\/uploads\/2023\/07\/piel-bronceada-agrado.jpg","contentUrl":"https:\/\/agradocosmetic.com\/wp-content\/uploads\/2023\/07\/piel-bronceada-agrado.jpg","width":1200,"height":800},{"@type":"BreadcrumbList","@id":"https:\/\/agradocosmetic.com\/aprende-a-proteger-tu-piel-bronceada\/#breadcrumb","itemListElement":[{"@type":"ListItem","position":1,"name":"Portada","item":"https:\/\/agradocosmetic.com\/"},{"@type":"ListItem","position":2,"name":"Aprende a proteger tu piel bronceada"}]},{"@type":"WebSite","@id":"https:\/\/agradocosmetic.com\/#website","url":"https:\/\/agradocosmetic.com\/","name":"Gosto","description":"Cosm\u00e9tico","publisher":{"@id":"https:\/\/agradocosmetic.com\/#organization"},"potentialAction":[{"@type":"SearchAction","target":{"@type":"EntryPoint","urlTemplate":"https:\/\/agradocosmetic.com\/?s={search_term_string}"},"query-input":{"@type":"PropertyValueSpecification","valueRequired":true,"valueName":"search_term_string"}}],"inLanguage":"pt-PT"},{"@type":"Organization","@id":"https:\/\/agradocosmetic.com\/#organization","name":"Gosto","url":"https:\/\/agradocosmetic.com\/","logo":{"@type":"ImageObject","inLanguage":"pt-PT","@id":"https:\/\/agradocosmetic.com\/#\/schema\/logo\/image\/","url":"https:\/\/agradocosmetic.com\/wp-content\/uploads\/2023\/07\/LOGO-AGRADO-WEB-01.png","contentUrl":"https:\/\/agradocosmetic.com\/wp-content\/uploads\/2023\/07\/LOGO-AGRADO-WEB-01.png","width":1632,"height":300,"caption":"Agrado"},"image":{"@id":"https:\/\/agradocosmetic.com\/#\/schema\/logo\/image\/"}},{"@type":"Person","@id":"https:\/\/agradocosmetic.com\/#\/schema\/person\/732e8d396022e25f9340196f83d6789d","name":"agradocosm\u00e9tico","image":{"@type":"ImageObject","inLanguage":"pt-PT","@id":"https:\/\/secure.gravatar.com\/avatar\/c6003e45301182b7e125463fcbec403b1980909c12edf09098526b9a15e779c0?s=96&d=mm&r=g","url":"https:\/\/secure.gravatar.com\/avatar\/c6003e45301182b7e125463fcbec403b1980909c12edf09098526b9a15e779c0?s=96&d=mm&r=g","contentUrl":"https:\/\/secure.gravatar.com\/avatar\/c6003e45301182b7e125463fcbec403b1980909c12edf09098526b9a15e779c0?s=96&d=mm&r=g","caption":"agradocosmetic"}}]}},"_links":{"self":[{"href":"https:\/\/agradocosmetic.com\/pt\/wp-json\/wp\/v2\/posts\/21017","targetHints":{"allow":["GET"]}}],"collection":[{"href":"https:\/\/agradocosmetic.com\/pt\/wp-json\/wp\/v2\/posts"}],"about":[{"href":"https:\/\/agradocosmetic.com\/pt\/wp-json\/wp\/v2\/types\/post"}],"author":[{"embeddable":true,"href":"https:\/\/agradocosmetic.com\/pt\/wp-json\/wp\/v2\/users\/9"}],"replies":[{"embeddable":true,"href":"https:\/\/agradocosmetic.com\/pt\/wp-json\/wp\/v2\/comments?post=21017"}],"version-history":[{"count":1,"href":"https:\/\/agradocosmetic.com\/pt\/wp-json\/wp\/v2\/posts\/21017\/revisions"}],"predecessor-version":[{"id":21179,"href":"https:\/\/agradocosmetic.com\/pt\/wp-json\/wp\/v2\/posts\/21017\/revisions\/21179"}],"wp:featuredmedia":[{"embeddable":true,"href":"https:\/\/agradocosmetic.com\/pt\/wp-json\/wp\/v2\/media\/21178"}],"wp:attachment":[{"href":"https:\/\/agradocosmetic.com\/pt\/wp-json\/wp\/v2\/media?parent=21017"}],"wp:term":[{"taxonomy":"category","embeddable":true,"href":"https:\/\/agradocosmetic.com\/pt\/wp-json\/wp\/v2\/categories?post=21017"},{"taxonomy":"post_tag","embeddable":true,"href":"https:\/\/agradocosmetic.com\/pt\/wp-json\/wp\/v2\/tags?post=21017"}],"curies":[{"name":"wp","href":"https:\/\/api.w.org\/{rel}","templated":true}]}}