{"id":21027,"date":"2023-07-30T16:51:18","date_gmt":"2023-07-30T15:51:18","guid":{"rendered":"https:\/\/www.agradocosmetic.com\/?p=21027"},"modified":"2023-11-18T16:58:43","modified_gmt":"2023-11-18T16:58:43","slug":"recupera-tu-piel-tras-el-verano-con-aftersun","status":"publish","type":"post","link":"https:\/\/agradocosmetic.com\/pt\/recupera-tu-piel-tras-el-verano-con-aftersun\/","title":{"rendered":"Recupere a sua pele depois do ver\u00e3o com Aftersun"},"content":{"rendered":"<p>O ver\u00e3o tem sido incr\u00edvel e aproveitamos ao m\u00e1ximo o sol, mas agora que est\u00e1 acabando \u00e9 hora de cuidar e mimar a nossa pele. Depois de longos dias de praia e piscina, \u00e9 normal que a nossa pele necessite de aten\u00e7\u00e3o especial para se recuperar e ficar radiante. E que melhor aliado para estes cuidados p\u00f3s-ver\u00e3o do que o Aftersun. Neste post contamos tudo o que ele pode fazer para voc\u00ea manter sua pele em perfeitas condi\u00e7\u00f5es.<\/p>\r\n\r\n\r\n\r\n<h2 class=\"wp-block-heading\">Hidrata\u00e7\u00e3o intensa com Aftersun<\/h2>\r\n\r\n\r\n\r\n<p>Aftersun \u00e9 uma verdadeira fonte de hidrata\u00e7\u00e3o para a pele ap\u00f3s a exposi\u00e7\u00e3o solar. Sua f\u00f3rmula \u00e9 enriquecida com ingredientes calmantes como o aloe vera, que ajudam a acalmar a pele e a reduzir as irrita\u00e7\u00f5es causadas pelo sol. Hidrata\u00e7\u00e3o instant\u00e2nea!<\/p>\r\n\r\n\r\n\r\n<h2 class=\"wp-block-heading\">Acalma e refresca a pele<\/h2>\r\n\r\n\r\n\r\n<p>Depois de um dia ao sol, sua pele pode ficar quente e irritada. Aftersun proporciona uma agrad\u00e1vel sensa\u00e7\u00e3o de frescura que ajuda a acalmar e acalmar a pele, proporcionando-lhe al\u00edvio instant\u00e2neo. Tudo que voc\u00ea precisa para uma pele radiante!<\/p>\r\n\r\n\r\n\r\n<h2 class=\"wp-block-heading\">Prolonga o bronzeado<\/h2>\r\n\r\n\r\n\r\n<p>Al\u00e9m disso, este produto tamb\u00e9m mant\u00e9m o bronzeado por mais tempo, pois ajuda a pele a ficar hidratada e em melhor estado, evitando a descama\u00e7\u00e3o e o desbotamento da cor. Alongar o tom dourado? Sim por favor!<\/p>\r\n\r\n\r\n\r\n<h2 class=\"wp-block-heading\">Uso adequado do p\u00f3s-sol<\/h2>\r\n\r\n\r\n\r\n<p>Aplique Aftersun generosamente em todo o corpo ap\u00f3s cada exposi\u00e7\u00e3o solar. Preste especial aten\u00e7\u00e3o \u00e0s \u00e1reas mais sens\u00edveis, como rosto e ombros. Repita a opera\u00e7\u00e3o ap\u00f3s cada banho de sol. Sua pele vai agradecer!\u00a0<\/p>\r\n\r\n\r\n\r\n<h2 class=\"wp-block-heading\">Escolha o melhor formato\u00a0<\/h2>\r\n\r\n\r\n\r\n<p>N\u00e3o h\u00e1 mais desculpas! Hoje existe uma grande variedade de formatos Aftersun para que voc\u00ea possa escolher o que melhor se adapta aos seus gostos e necessidades. Nossos favoritos? O <a href=\"\/pt\/?p=1837\"><strong>Lo\u00e7\u00e3o p\u00f3s-sol hidrocalmante<\/strong><\/a> e ele <a href=\"\/pt\/?p=3570\"><strong>Tubo Gel After-Sun Alo\u00e9<\/strong><\/a>, ambos gostaram. A Lo\u00e7\u00e3o \u00e9 uma emuls\u00e3o com efeito calmante, em formato spray, muito f\u00e1cil de aplicar e com textura leve e de r\u00e1pida absor\u00e7\u00e3o. Por outro lado, Hidragel, o formato mais cl\u00e1ssico, tem efeito emoliente que proporciona hidrata\u00e7\u00e3o extra com extrato natural de Aloe Vera 100% e Glicerina. Gra\u00e7as \u00e0 sua f\u00f3rmula, voc\u00ea notar\u00e1 um al\u00edvio imediato, sentindo o frescor e a hidrata\u00e7\u00e3o que necessita ap\u00f3s o banho de sol. N\u00e3o podemos escolher, ficamos com os dois!<\/p>\r\n\r\n\r\n\r\n<p>E lembre-se: mesmo acabando o ver\u00e3o, os cuidados devem ser constantes. Usar Aftersun ap\u00f3s cada exposi\u00e7\u00e3o ao sol e continuar a manter uma rotina di\u00e1ria de hidrata\u00e7\u00e3o ir\u00e1 ajud\u00e1-lo a manter a sua derme em perfeitas condi\u00e7\u00f5es durante todo o ano.\u00a0<\/p>\r\n\r\n\r\n\r\n<p><strong>Mime-se e cuide da sua pele com <a href=\"https:\/\/agradocosmetic.com\/pt\/\">Agrado Cosm\u00e9ticos<\/a>, Voc\u00ea vai notar a diferen\u00e7a!<\/strong><\/p>","protected":false},"excerpt":{"rendered":"<p>El verano ha sido incre\u00edble y hemos disfrutado al m\u00e1ximo bajo el sol, pero ahora que est\u00e1 llegando a su fin, es momento de cuidar y mimar nuestra piel. Despu\u00e9s de largas jornadas de playa y piscina, es normal que nuestra piel necesite una atenci\u00f3n especial para recuperarse y matenerse radiante. Y qu\u00e9 mejor aliado [&hellip;]<\/p>\n","protected":false},"author":9,"featured_media":21172,"comment_status":"open","ping_status":"closed","sticky":false,"template":"","format":"standard","meta":{"footnotes":"","_wp_rev_ctl_limit":""},"categories":[531,1],"tags":[533,535,537,539,541,543,545],"class_list":["post-21027","post","type-post","status-publish","format-standard","has-post-thumbnail","hentry","category-solar-en","category-todos","tag-aftesun-en","tag-beneficios-aftersun-en","tag-como-usar-el-aftersun-en","tag-cuidado-de-la-piel-en","tag-piel-en","tag-proteccion-solar-en","tag-solares-en"],"yoast_head":"<!-- This site is optimized with the Yoast SEO plugin v27.4 - https:\/\/yoast.com\/product\/yoast-seo-wordpress\/ -->\n<title>Recupera tu piel tras el verano con Aftersun - Agrado<\/title>\n<meta name=\"description\" content=\"\u00a1Cuidado! Tu piel necesita volver a la calma despu\u00e9s de meses de exposici\u00f3n al sol. Te contamos c\u00f3mo hacerlo con Aftersun en este post. \ud83d\ude09\" \/>\n<meta name=\"robots\" content=\"index, follow, max-snippet:-1, max-image-preview:large, max-video-preview:-1\" \/>\n<link rel=\"canonical\" href=\"https:\/\/agradocosmetic.com\/pt\/recupera-tu-piel-tras-el-verano-con-aftersun\/\" \/>\n<meta property=\"og:locale\" content=\"pt_PT\" \/>\n<meta property=\"og:type\" content=\"article\" \/>\n<meta property=\"og:title\" content=\"Recupera tu piel tras el verano con Aftersun - Agrado\" \/>\n<meta property=\"og:description\" content=\"\u00a1Cuidado! Tu piel necesita volver a la calma despu\u00e9s de meses de exposici\u00f3n al sol. Te contamos c\u00f3mo hacerlo con Aftersun en este post. \ud83d\ude09\" \/>\n<meta property=\"og:url\" content=\"https:\/\/agradocosmetic.com\/pt\/recupera-tu-piel-tras-el-verano-con-aftersun\/\" \/>\n<meta property=\"og:site_name\" content=\"Agrado\" \/>\n<meta property=\"article:published_time\" content=\"2023-07-30T15:51:18+00:00\" \/>\n<meta property=\"article:modified_time\" content=\"2023-11-18T16:58:43+00:00\" \/>\n<meta property=\"og:image\" content=\"https:\/\/agradocosmetic.com\/wp-content\/uploads\/2023\/07\/aftersun-agrado.jpg\" \/>\n\t<meta property=\"og:image:width\" content=\"1200\" \/>\n\t<meta property=\"og:image:height\" content=\"800\" \/>\n\t<meta property=\"og:image:type\" content=\"image\/jpeg\" \/>\n<meta name=\"author\" content=\"agradocosmetic\" \/>\n<meta name=\"twitter:card\" content=\"summary_large_image\" \/>\n<meta name=\"twitter:label1\" content=\"Escrito por\" \/>\n\t<meta name=\"twitter:data1\" content=\"agradocosmetic\" \/>\n\t<meta name=\"twitter:label2\" content=\"Tempo estimado de leitura\" \/>\n\t<meta name=\"twitter:data2\" content=\"3 minutos\" \/>\n<script type=\"application\/ld+json\" class=\"yoast-schema-graph\">{\"@context\":\"https:\\\/\\\/schema.org\",\"@graph\":[{\"@type\":\"Article\",\"@id\":\"https:\\\/\\\/agradocosmetic.com\\\/recupera-tu-piel-tras-el-verano-con-aftersun\\\/#article\",\"isPartOf\":{\"@id\":\"https:\\\/\\\/agradocosmetic.com\\\/recupera-tu-piel-tras-el-verano-con-aftersun\\\/\"},\"author\":{\"name\":\"agradocosmetic\",\"@id\":\"https:\\\/\\\/agradocosmetic.com\\\/#\\\/schema\\\/person\\\/732e8d396022e25f9340196f83d6789d\"},\"headline\":\"Recupera tu piel tras el verano con Aftersun\",\"datePublished\":\"2023-07-30T15:51:18+00:00\",\"dateModified\":\"2023-11-18T16:58:43+00:00\",\"mainEntityOfPage\":{\"@id\":\"https:\\\/\\\/agradocosmetic.com\\\/recupera-tu-piel-tras-el-verano-con-aftersun\\\/\"},\"wordCount\":496,\"commentCount\":0,\"publisher\":{\"@id\":\"https:\\\/\\\/agradocosmetic.com\\\/#organization\"},\"image\":{\"@id\":\"https:\\\/\\\/agradocosmetic.com\\\/recupera-tu-piel-tras-el-verano-con-aftersun\\\/#primaryimage\"},\"thumbnailUrl\":\"https:\\\/\\\/agradocosmetic.com\\\/wp-content\\\/uploads\\\/2023\\\/07\\\/aftersun-agrado.jpg\",\"keywords\":[\"aftesun\",\"beneficios aftersun\",\"como usar el aftersun\",\"cuidado de la piel\",\"piel\",\"proteccion solar\",\"solares\"],\"articleSection\":[\"Solar\",\"Todos\"],\"inLanguage\":\"pt-PT\",\"potentialAction\":[{\"@type\":\"CommentAction\",\"name\":\"Comment\",\"target\":[\"https:\\\/\\\/agradocosmetic.com\\\/recupera-tu-piel-tras-el-verano-con-aftersun\\\/#respond\"]}]},{\"@type\":\"WebPage\",\"@id\":\"https:\\\/\\\/agradocosmetic.com\\\/recupera-tu-piel-tras-el-verano-con-aftersun\\\/\",\"url\":\"https:\\\/\\\/agradocosmetic.com\\\/recupera-tu-piel-tras-el-verano-con-aftersun\\\/\",\"name\":\"Recupera tu piel tras el verano con Aftersun - Agrado\",\"isPartOf\":{\"@id\":\"https:\\\/\\\/agradocosmetic.com\\\/#website\"},\"primaryImageOfPage\":{\"@id\":\"https:\\\/\\\/agradocosmetic.com\\\/recupera-tu-piel-tras-el-verano-con-aftersun\\\/#primaryimage\"},\"image\":{\"@id\":\"https:\\\/\\\/agradocosmetic.com\\\/recupera-tu-piel-tras-el-verano-con-aftersun\\\/#primaryimage\"},\"thumbnailUrl\":\"https:\\\/\\\/agradocosmetic.com\\\/wp-content\\\/uploads\\\/2023\\\/07\\\/aftersun-agrado.jpg\",\"datePublished\":\"2023-07-30T15:51:18+00:00\",\"dateModified\":\"2023-11-18T16:58:43+00:00\",\"description\":\"\u00a1Cuidado! Tu piel necesita volver a la calma despu\u00e9s de meses de exposici\u00f3n al sol. Te contamos c\u00f3mo hacerlo con Aftersun en este post. \ud83d\ude09\",\"breadcrumb\":{\"@id\":\"https:\\\/\\\/agradocosmetic.com\\\/recupera-tu-piel-tras-el-verano-con-aftersun\\\/#breadcrumb\"},\"inLanguage\":\"pt-PT\",\"potentialAction\":[{\"@type\":\"ReadAction\",\"target\":[\"https:\\\/\\\/agradocosmetic.com\\\/recupera-tu-piel-tras-el-verano-con-aftersun\\\/\"]}]},{\"@type\":\"ImageObject\",\"inLanguage\":\"pt-PT\",\"@id\":\"https:\\\/\\\/agradocosmetic.com\\\/recupera-tu-piel-tras-el-verano-con-aftersun\\\/#primaryimage\",\"url\":\"https:\\\/\\\/agradocosmetic.com\\\/wp-content\\\/uploads\\\/2023\\\/07\\\/aftersun-agrado.jpg\",\"contentUrl\":\"https:\\\/\\\/agradocosmetic.com\\\/wp-content\\\/uploads\\\/2023\\\/07\\\/aftersun-agrado.jpg\",\"width\":1200,\"height\":800},{\"@type\":\"BreadcrumbList\",\"@id\":\"https:\\\/\\\/agradocosmetic.com\\\/recupera-tu-piel-tras-el-verano-con-aftersun\\\/#breadcrumb\",\"itemListElement\":[{\"@type\":\"ListItem\",\"position\":1,\"name\":\"Portada\",\"item\":\"https:\\\/\\\/agradocosmetic.com\\\/\"},{\"@type\":\"ListItem\",\"position\":2,\"name\":\"Recupera tu piel tras el verano con Aftersun\"}]},{\"@type\":\"WebSite\",\"@id\":\"https:\\\/\\\/agradocosmetic.com\\\/#website\",\"url\":\"https:\\\/\\\/agradocosmetic.com\\\/\",\"name\":\"Agrado\",\"description\":\"Cosmetic\",\"publisher\":{\"@id\":\"https:\\\/\\\/agradocosmetic.com\\\/#organization\"},\"potentialAction\":[{\"@type\":\"SearchAction\",\"target\":{\"@type\":\"EntryPoint\",\"urlTemplate\":\"https:\\\/\\\/agradocosmetic.com\\\/?s={search_term_string}\"},\"query-input\":{\"@type\":\"PropertyValueSpecification\",\"valueRequired\":true,\"valueName\":\"search_term_string\"}}],\"inLanguage\":\"pt-PT\"},{\"@type\":\"Organization\",\"@id\":\"https:\\\/\\\/agradocosmetic.com\\\/#organization\",\"name\":\"Agrado\",\"url\":\"https:\\\/\\\/agradocosmetic.com\\\/\",\"logo\":{\"@type\":\"ImageObject\",\"inLanguage\":\"pt-PT\",\"@id\":\"https:\\\/\\\/agradocosmetic.com\\\/#\\\/schema\\\/logo\\\/image\\\/\",\"url\":\"https:\\\/\\\/agradocosmetic.com\\\/wp-content\\\/uploads\\\/2023\\\/07\\\/LOGO-AGRADO-WEB-01.png\",\"contentUrl\":\"https:\\\/\\\/agradocosmetic.com\\\/wp-content\\\/uploads\\\/2023\\\/07\\\/LOGO-AGRADO-WEB-01.png\",\"width\":1632,\"height\":300,\"caption\":\"Agrado\"},\"image\":{\"@id\":\"https:\\\/\\\/agradocosmetic.com\\\/#\\\/schema\\\/logo\\\/image\\\/\"}},{\"@type\":\"Person\",\"@id\":\"https:\\\/\\\/agradocosmetic.com\\\/#\\\/schema\\\/person\\\/732e8d396022e25f9340196f83d6789d\",\"name\":\"agradocosmetic\",\"image\":{\"@type\":\"ImageObject\",\"inLanguage\":\"pt-PT\",\"@id\":\"https:\\\/\\\/secure.gravatar.com\\\/avatar\\\/c6003e45301182b7e125463fcbec403b1980909c12edf09098526b9a15e779c0?s=96&d=mm&r=g\",\"url\":\"https:\\\/\\\/secure.gravatar.com\\\/avatar\\\/c6003e45301182b7e125463fcbec403b1980909c12edf09098526b9a15e779c0?s=96&d=mm&r=g\",\"contentUrl\":\"https:\\\/\\\/secure.gravatar.com\\\/avatar\\\/c6003e45301182b7e125463fcbec403b1980909c12edf09098526b9a15e779c0?s=96&d=mm&r=g\",\"caption\":\"agradocosmetic\"}}]}<\/script>\n<!-- \/ Yoast SEO plugin. -->","yoast_head_json":{"title":"Recupera tu piel tras el verano con Aftersun - Agrado","description":"\u00a1Cuidado! Tu piel necesita volver a la calma despu\u00e9s de meses de exposici\u00f3n al sol. Te contamos c\u00f3mo hacerlo con Aftersun en este post. \ud83d\ude09","robots":{"index":"index","follow":"follow","max-snippet":"max-snippet:-1","max-image-preview":"max-image-preview:large","max-video-preview":"max-video-preview:-1"},"canonical":"https:\/\/agradocosmetic.com\/pt\/recupera-tu-piel-tras-el-verano-con-aftersun\/","og_locale":"pt_PT","og_type":"article","og_title":"Recupera tu piel tras el verano con Aftersun - Agrado","og_description":"\u00a1Cuidado! Tu piel necesita volver a la calma despu\u00e9s de meses de exposici\u00f3n al sol. Te contamos c\u00f3mo hacerlo con Aftersun en este post. \ud83d\ude09","og_url":"https:\/\/agradocosmetic.com\/pt\/recupera-tu-piel-tras-el-verano-con-aftersun\/","og_site_name":"Agrado","article_published_time":"2023-07-30T15:51:18+00:00","article_modified_time":"2023-11-18T16:58:43+00:00","og_image":[{"width":1200,"height":800,"url":"https:\/\/agradocosmetic.com\/wp-content\/uploads\/2023\/07\/aftersun-agrado.jpg","type":"image\/jpeg"}],"author":"agradocosmetic","twitter_card":"summary_large_image","twitter_misc":{"Escrito por":"agradocosmetic","Tempo estimado de leitura":"3 minutos"},"schema":{"@context":"https:\/\/schema.org","@graph":[{"@type":"Article","@id":"https:\/\/agradocosmetic.com\/recupera-tu-piel-tras-el-verano-con-aftersun\/#article","isPartOf":{"@id":"https:\/\/agradocosmetic.com\/recupera-tu-piel-tras-el-verano-con-aftersun\/"},"author":{"name":"agradocosmetic","@id":"https:\/\/agradocosmetic.com\/#\/schema\/person\/732e8d396022e25f9340196f83d6789d"},"headline":"Recupera tu piel tras el verano con Aftersun","datePublished":"2023-07-30T15:51:18+00:00","dateModified":"2023-11-18T16:58:43+00:00","mainEntityOfPage":{"@id":"https:\/\/agradocosmetic.com\/recupera-tu-piel-tras-el-verano-con-aftersun\/"},"wordCount":496,"commentCount":0,"publisher":{"@id":"https:\/\/agradocosmetic.com\/#organization"},"image":{"@id":"https:\/\/agradocosmetic.com\/recupera-tu-piel-tras-el-verano-con-aftersun\/#primaryimage"},"thumbnailUrl":"https:\/\/agradocosmetic.com\/wp-content\/uploads\/2023\/07\/aftersun-agrado.jpg","keywords":["aftesun","beneficios aftersun","como usar el aftersun","cuidado de la piel","piel","proteccion solar","solares"],"articleSection":["Solar","Todos"],"inLanguage":"pt-PT","potentialAction":[{"@type":"CommentAction","name":"Comment","target":["https:\/\/agradocosmetic.com\/recupera-tu-piel-tras-el-verano-con-aftersun\/#respond"]}]},{"@type":"WebPage","@id":"https:\/\/agradocosmetic.com\/recupera-tu-piel-tras-el-verano-con-aftersun\/","url":"https:\/\/agradocosmetic.com\/recupera-tu-piel-tras-el-verano-con-aftersun\/","name":"Recupera tu piel tras el verano con Aftersun - Agrado","isPartOf":{"@id":"https:\/\/agradocosmetic.com\/#website"},"primaryImageOfPage":{"@id":"https:\/\/agradocosmetic.com\/recupera-tu-piel-tras-el-verano-con-aftersun\/#primaryimage"},"image":{"@id":"https:\/\/agradocosmetic.com\/recupera-tu-piel-tras-el-verano-con-aftersun\/#primaryimage"},"thumbnailUrl":"https:\/\/agradocosmetic.com\/wp-content\/uploads\/2023\/07\/aftersun-agrado.jpg","datePublished":"2023-07-30T15:51:18+00:00","dateModified":"2023-11-18T16:58:43+00:00","description":"\u00a1Cuidado! Tu piel necesita volver a la calma despu\u00e9s de meses de exposici\u00f3n al sol. Te contamos c\u00f3mo hacerlo con Aftersun en este post. \ud83d\ude09","breadcrumb":{"@id":"https:\/\/agradocosmetic.com\/recupera-tu-piel-tras-el-verano-con-aftersun\/#breadcrumb"},"inLanguage":"pt-PT","potentialAction":[{"@type":"ReadAction","target":["https:\/\/agradocosmetic.com\/recupera-tu-piel-tras-el-verano-con-aftersun\/"]}]},{"@type":"ImageObject","inLanguage":"pt-PT","@id":"https:\/\/agradocosmetic.com\/recupera-tu-piel-tras-el-verano-con-aftersun\/#primaryimage","url":"https:\/\/agradocosmetic.com\/wp-content\/uploads\/2023\/07\/aftersun-agrado.jpg","contentUrl":"https:\/\/agradocosmetic.com\/wp-content\/uploads\/2023\/07\/aftersun-agrado.jpg","width":1200,"height":800},{"@type":"BreadcrumbList","@id":"https:\/\/agradocosmetic.com\/recupera-tu-piel-tras-el-verano-con-aftersun\/#breadcrumb","itemListElement":[{"@type":"ListItem","position":1,"name":"Portada","item":"https:\/\/agradocosmetic.com\/"},{"@type":"ListItem","position":2,"name":"Recupera tu piel tras el verano con Aftersun"}]},{"@type":"WebSite","@id":"https:\/\/agradocosmetic.com\/#website","url":"https:\/\/agradocosmetic.com\/","name":"Gosto","description":"Cosm\u00e9tico","publisher":{"@id":"https:\/\/agradocosmetic.com\/#organization"},"potentialAction":[{"@type":"SearchAction","target":{"@type":"EntryPoint","urlTemplate":"https:\/\/agradocosmetic.com\/?s={search_term_string}"},"query-input":{"@type":"PropertyValueSpecification","valueRequired":true,"valueName":"search_term_string"}}],"inLanguage":"pt-PT"},{"@type":"Organization","@id":"https:\/\/agradocosmetic.com\/#organization","name":"Gosto","url":"https:\/\/agradocosmetic.com\/","logo":{"@type":"ImageObject","inLanguage":"pt-PT","@id":"https:\/\/agradocosmetic.com\/#\/schema\/logo\/image\/","url":"https:\/\/agradocosmetic.com\/wp-content\/uploads\/2023\/07\/LOGO-AGRADO-WEB-01.png","contentUrl":"https:\/\/agradocosmetic.com\/wp-content\/uploads\/2023\/07\/LOGO-AGRADO-WEB-01.png","width":1632,"height":300,"caption":"Agrado"},"image":{"@id":"https:\/\/agradocosmetic.com\/#\/schema\/logo\/image\/"}},{"@type":"Person","@id":"https:\/\/agradocosmetic.com\/#\/schema\/person\/732e8d396022e25f9340196f83d6789d","name":"agradocosm\u00e9tico","image":{"@type":"ImageObject","inLanguage":"pt-PT","@id":"https:\/\/secure.gravatar.com\/avatar\/c6003e45301182b7e125463fcbec403b1980909c12edf09098526b9a15e779c0?s=96&d=mm&r=g","url":"https:\/\/secure.gravatar.com\/avatar\/c6003e45301182b7e125463fcbec403b1980909c12edf09098526b9a15e779c0?s=96&d=mm&r=g","contentUrl":"https:\/\/secure.gravatar.com\/avatar\/c6003e45301182b7e125463fcbec403b1980909c12edf09098526b9a15e779c0?s=96&d=mm&r=g","caption":"agradocosmetic"}}]}},"_links":{"self":[{"href":"https:\/\/agradocosmetic.com\/pt\/wp-json\/wp\/v2\/posts\/21027","targetHints":{"allow":["GET"]}}],"collection":[{"href":"https:\/\/agradocosmetic.com\/pt\/wp-json\/wp\/v2\/posts"}],"about":[{"href":"https:\/\/agradocosmetic.com\/pt\/wp-json\/wp\/v2\/types\/post"}],"author":[{"embeddable":true,"href":"https:\/\/agradocosmetic.com\/pt\/wp-json\/wp\/v2\/users\/9"}],"replies":[{"embeddable":true,"href":"https:\/\/agradocosmetic.com\/pt\/wp-json\/wp\/v2\/comments?post=21027"}],"version-history":[{"count":1,"href":"https:\/\/agradocosmetic.com\/pt\/wp-json\/wp\/v2\/posts\/21027\/revisions"}],"predecessor-version":[{"id":21173,"href":"https:\/\/agradocosmetic.com\/pt\/wp-json\/wp\/v2\/posts\/21027\/revisions\/21173"}],"wp:featuredmedia":[{"embeddable":true,"href":"https:\/\/agradocosmetic.com\/pt\/wp-json\/wp\/v2\/media\/21172"}],"wp:attachment":[{"href":"https:\/\/agradocosmetic.com\/pt\/wp-json\/wp\/v2\/media?parent=21027"}],"wp:term":[{"taxonomy":"category","embeddable":true,"href":"https:\/\/agradocosmetic.com\/pt\/wp-json\/wp\/v2\/categories?post=21027"},{"taxonomy":"post_tag","embeddable":true,"href":"https:\/\/agradocosmetic.com\/pt\/wp-json\/wp\/v2\/tags?post=21027"}],"curies":[{"name":"wp","href":"https:\/\/api.w.org\/{rel}","templated":true}]}}