{"id":21142,"date":"2023-09-11T17:30:09","date_gmt":"2023-09-11T16:30:09","guid":{"rendered":"https:\/\/www.agradocosmetic.com\/?p=21142"},"modified":"2023-11-18T17:00:24","modified_gmt":"2023-11-18T17:00:24","slug":"como-recuperar-tu-pelo-despues-del-verano","status":"publish","type":"post","link":"https:\/\/agradocosmetic.com\/pt\/como-recuperar-tu-pelo-despues-del-verano\/","title":{"rendered":"Como recuperar o cabelo depois do ver\u00e3o\u00a0"},"content":{"rendered":"<p>Depois de curtir aqueles dias quentes de sol e divers\u00e3o na praia, \u00e9 hora de mimar e revitalizar os cabelos para voltar \u00e0 rotina com estilo. Sabemos que depois do ver\u00e3o nossos cabelos podem ficar secos e sem vida, mas n\u00e3o se preocupe, estamos aqui para te ajudar a recuperar aquele cabelo radiante que voc\u00ea tanto ama! Continue lendo para descobrir como recuperar o cabelo depois do ver\u00e3o.\u00a0<\/p>\r\n\r\n\r\n\r\n<ol class=\"wp-block-list\">\r\n<li><strong>Revitalize seu cabelo com uma limpeza profunda<\/strong><\/li>\r\n<\/ol>\r\n\r\n\r\n\r\n<p>Nosso cabelo precisa de uma pausa depois de tantos dias de sol e \u00e1gua salgada. Comece sua rotina de recupera\u00e7\u00e3o com <a href=\"\/pt\/?p=616\"><strong>Shampoo Profissional de Queratina Agrado Cosmetic<\/strong><\/a>. Sua f\u00f3rmula enriquecida com queratina ajuda a fortalecer e reparar cada fio, ao mesmo tempo que limpa e remove suavemente os res\u00edduos acumulados. Seu cabelo vai agradecer!<\/p>\r\n\r\n\r\n\r\n<ol class=\"wp-block-list\" start=\"2\">\r\n<li><strong>Nutri\u00e7\u00e3o e suavidade em um s\u00f3 passo<\/strong><\/li>\r\n<\/ol>\r\n\r\n\r\n\r\n<p>O <a href=\"\/pt\/?p=698\"><strong>Creme Suavizante de Queratina Agrado Cosmetic <\/strong><\/a>Ser\u00e1 seu melhor aliado. Ap\u00f3s a lavagem, aplique este condicionador para desembara\u00e7ar e nutrir intensamente os cabelos. Voc\u00ea ver\u00e1 como ele recupera a suavidade e o brilho natural em um piscar de olhos.<\/p>\r\n\r\n\r\n\r\n<ol class=\"wp-block-list\" start=\"3\">\r\n<li><strong>O toque m\u00e1gico da m\u00e1scara<\/strong><\/li>\r\n<\/ol>\r\n\r\n\r\n\r\n<p>N\u00e3o h\u00e1 nada como uma boa m\u00e1scara para dar ao seu cabelo aquele tratamento extra que ele tanto precisa. O <a href=\"\/pt\/?p=707\"><strong>M\u00e1scara de queratina cosm\u00e9tica Agrado<\/strong><\/a> Ser\u00e1 como um spa para seus cabelos. Use uma vez por semana e deixe seus ingredientes restauradores penetrarem em cada fibra capilar, devolvendo-lhe a vida e a vitalidade que merece.<\/p>\r\n\r\n\r\n\r\n<ol class=\"wp-block-list\" start=\"4\">\r\n<li><strong>Controle o frizz com queratina l\u00edquida<\/strong><\/li>\r\n<\/ol>\r\n\r\n\r\n\r\n<p>Sabemos que o frizz pode ser um desafio constante, mas temos o segredo para nos despedirmos de uma vez por todas! O <a href=\"\/pt\/?p=728\"><strong>Queratina L\u00edquida Anti-Frizz da Agrado Cosmetic<\/strong><\/a> Ela ser\u00e1 sua melhor amiga nesta batalha. Ap\u00f3s lavar e condicionar, aplique uma pequena quantidade dessa maravilha l\u00edquida nas m\u00e3os e distribua uniformemente pelos cabelos, evitando a raiz. N\u00e3o s\u00f3 ajudar\u00e1 a manter os cabelos no lugar, mas tamb\u00e9m adicionar\u00e1 brilho radiante e suavidade incompar\u00e1vel. Diga adeus ao frizz!<\/p>\r\n\r\n\r\n\r\n<ol class=\"wp-block-list\" start=\"5\">\r\n<li><strong>Tesoura Amig\u00e1vel<\/strong><\/li>\r\n<\/ol>\r\n\r\n\r\n\r\n<p>\u00c0s vezes, um pequeno corte pode fazer maravilhas. <strong>Ouse<\/strong> <strong>curar suas dicas<\/strong> para eliminar qualquer dano causado pelo sol e altas temperaturas. Um novo corte n\u00e3o s\u00f3 melhorar\u00e1 a apar\u00eancia do seu cabelo, mas tamb\u00e9m o ajudar\u00e1 a ficar mais forte.<\/p>\r\n\r\n\r\n\r\n<ol class=\"wp-block-list\" start=\"6\">\r\n<li><strong>Evite calor no cabelo<\/strong><\/li>\r\n<\/ol>\r\n\r\n\r\n\r\n<p>Se quiser recuperar o cabelo e devolver o brilho natural, seque-o ao ar livre.<strong> Tente evitar o uso de ferramentas de calor<\/strong> (secador, chapinha, chapinha...) por um tempo para que seu cabelo se recupere corretamente. Voc\u00ea vai notar isso!\u00a0<\/p>\r\n\r\n\r\n\r\n<p><br \/>Voc\u00ea est\u00e1 a um passo de ter um cabelo brilhante e recuperado. Basta seguir os nossos conselhos e come\u00e7ar a mimar os seus cabelos com a nossa linha Queratina. <strong>D\u00ea ao seu cabelo o amor que ele merece com Agrado Cosmetic!<\/strong><\/p>","protected":false},"excerpt":{"rendered":"<p>Despu\u00e9s de disfrutar de esos c\u00e1lidos d\u00edas de sol y diversi\u00f3n en la playa, es momento de mimar y revitalizar nuestro cabello para volver a la rutina por todo lo alto. Sabemos que tras el verano, nuestro cabello puede verse reseco y sin vida, pero no te preocupes, \u00a1estamos aqu\u00ed para ayudarte a recuperar esa [&hellip;]<\/p>\n","protected":false},"author":9,"featured_media":21161,"comment_status":"open","ping_status":"closed","sticky":false,"template":"","format":"standard","meta":{"footnotes":"","_wp_rev_ctl_limit":""},"categories":[509,1],"tags":[511,513,515,517],"class_list":["post-21142","post","type-post","status-publish","format-standard","has-post-thumbnail","hentry","category-capilar-en","category-todos","tag-keratina-pelo-en","tag-pelo-apagado-en","tag-productos-de-keratina-en","tag-rutina-capilar-en"],"yoast_head":"<!-- This site is optimized with the Yoast SEO plugin v27.4 - https:\/\/yoast.com\/product\/yoast-seo-wordpress\/ -->\n<title>C\u00f3mo recuperar tu pelo despu\u00e9s del verano\u00a0 - Agrado<\/title>\n<meta name=\"description\" content=\"Sabemos que tras el verano, tu melena puede verse apagada y sin vida, pero no te preocupes, \u00a1te contamos c\u00f3mo recuperar tu pelo radiante!\" \/>\n<meta name=\"robots\" content=\"index, follow, max-snippet:-1, max-image-preview:large, max-video-preview:-1\" \/>\n<link rel=\"canonical\" href=\"https:\/\/agradocosmetic.com\/pt\/como-recuperar-tu-pelo-despues-del-verano\/\" \/>\n<meta property=\"og:locale\" content=\"pt_PT\" \/>\n<meta property=\"og:type\" content=\"article\" \/>\n<meta property=\"og:title\" content=\"C\u00f3mo recuperar tu pelo despu\u00e9s del verano\u00a0 - Agrado\" \/>\n<meta property=\"og:description\" content=\"Sabemos que tras el verano, tu melena puede verse apagada y sin vida, pero no te preocupes, \u00a1te contamos c\u00f3mo recuperar tu pelo radiante!\" \/>\n<meta property=\"og:url\" content=\"https:\/\/agradocosmetic.com\/pt\/como-recuperar-tu-pelo-despues-del-verano\/\" \/>\n<meta property=\"og:site_name\" content=\"Agrado\" \/>\n<meta property=\"article:published_time\" content=\"2023-09-11T16:30:09+00:00\" \/>\n<meta property=\"article:modified_time\" content=\"2023-11-18T17:00:24+00:00\" \/>\n<meta property=\"og:image\" content=\"https:\/\/agradocosmetic.com\/wp-content\/uploads\/2023\/09\/recupera-tu-pelo.jpg\" \/>\n\t<meta property=\"og:image:width\" content=\"1200\" \/>\n\t<meta property=\"og:image:height\" content=\"800\" \/>\n\t<meta property=\"og:image:type\" content=\"image\/jpeg\" \/>\n<meta name=\"author\" content=\"agradocosmetic\" \/>\n<meta name=\"twitter:card\" content=\"summary_large_image\" \/>\n<meta name=\"twitter:label1\" content=\"Escrito por\" \/>\n\t<meta name=\"twitter:data1\" content=\"agradocosmetic\" \/>\n\t<meta name=\"twitter:label2\" content=\"Tempo estimado de leitura\" \/>\n\t<meta name=\"twitter:data2\" content=\"3 minutos\" \/>\n<script type=\"application\/ld+json\" class=\"yoast-schema-graph\">{\"@context\":\"https:\\\/\\\/schema.org\",\"@graph\":[{\"@type\":\"Article\",\"@id\":\"https:\\\/\\\/agradocosmetic.com\\\/como-recuperar-tu-pelo-despues-del-verano\\\/#article\",\"isPartOf\":{\"@id\":\"https:\\\/\\\/agradocosmetic.com\\\/como-recuperar-tu-pelo-despues-del-verano\\\/\"},\"author\":{\"name\":\"agradocosmetic\",\"@id\":\"https:\\\/\\\/agradocosmetic.com\\\/#\\\/schema\\\/person\\\/732e8d396022e25f9340196f83d6789d\"},\"headline\":\"C\u00f3mo recuperar tu pelo despu\u00e9s del verano\u00a0\",\"datePublished\":\"2023-09-11T16:30:09+00:00\",\"dateModified\":\"2023-11-18T17:00:24+00:00\",\"mainEntityOfPage\":{\"@id\":\"https:\\\/\\\/agradocosmetic.com\\\/como-recuperar-tu-pelo-despues-del-verano\\\/\"},\"wordCount\":514,\"commentCount\":0,\"publisher\":{\"@id\":\"https:\\\/\\\/agradocosmetic.com\\\/#organization\"},\"image\":{\"@id\":\"https:\\\/\\\/agradocosmetic.com\\\/como-recuperar-tu-pelo-despues-del-verano\\\/#primaryimage\"},\"thumbnailUrl\":\"https:\\\/\\\/agradocosmetic.com\\\/wp-content\\\/uploads\\\/2023\\\/09\\\/recupera-tu-pelo.jpg\",\"keywords\":[\"keratina pelo\",\"pelo apagado\",\"productos de keratina\",\"rutina capilar\"],\"articleSection\":[\"Capilar\",\"Todos\"],\"inLanguage\":\"pt-PT\",\"potentialAction\":[{\"@type\":\"CommentAction\",\"name\":\"Comment\",\"target\":[\"https:\\\/\\\/agradocosmetic.com\\\/como-recuperar-tu-pelo-despues-del-verano\\\/#respond\"]}]},{\"@type\":\"WebPage\",\"@id\":\"https:\\\/\\\/agradocosmetic.com\\\/como-recuperar-tu-pelo-despues-del-verano\\\/\",\"url\":\"https:\\\/\\\/agradocosmetic.com\\\/como-recuperar-tu-pelo-despues-del-verano\\\/\",\"name\":\"C\u00f3mo recuperar tu pelo despu\u00e9s del verano\u00a0 - Agrado\",\"isPartOf\":{\"@id\":\"https:\\\/\\\/agradocosmetic.com\\\/#website\"},\"primaryImageOfPage\":{\"@id\":\"https:\\\/\\\/agradocosmetic.com\\\/como-recuperar-tu-pelo-despues-del-verano\\\/#primaryimage\"},\"image\":{\"@id\":\"https:\\\/\\\/agradocosmetic.com\\\/como-recuperar-tu-pelo-despues-del-verano\\\/#primaryimage\"},\"thumbnailUrl\":\"https:\\\/\\\/agradocosmetic.com\\\/wp-content\\\/uploads\\\/2023\\\/09\\\/recupera-tu-pelo.jpg\",\"datePublished\":\"2023-09-11T16:30:09+00:00\",\"dateModified\":\"2023-11-18T17:00:24+00:00\",\"description\":\"Sabemos que tras el verano, tu melena puede verse apagada y sin vida, pero no te preocupes, \u00a1te contamos c\u00f3mo recuperar tu pelo radiante!\",\"breadcrumb\":{\"@id\":\"https:\\\/\\\/agradocosmetic.com\\\/como-recuperar-tu-pelo-despues-del-verano\\\/#breadcrumb\"},\"inLanguage\":\"pt-PT\",\"potentialAction\":[{\"@type\":\"ReadAction\",\"target\":[\"https:\\\/\\\/agradocosmetic.com\\\/como-recuperar-tu-pelo-despues-del-verano\\\/\"]}]},{\"@type\":\"ImageObject\",\"inLanguage\":\"pt-PT\",\"@id\":\"https:\\\/\\\/agradocosmetic.com\\\/como-recuperar-tu-pelo-despues-del-verano\\\/#primaryimage\",\"url\":\"https:\\\/\\\/agradocosmetic.com\\\/wp-content\\\/uploads\\\/2023\\\/09\\\/recupera-tu-pelo.jpg\",\"contentUrl\":\"https:\\\/\\\/agradocosmetic.com\\\/wp-content\\\/uploads\\\/2023\\\/09\\\/recupera-tu-pelo.jpg\",\"width\":1200,\"height\":800},{\"@type\":\"BreadcrumbList\",\"@id\":\"https:\\\/\\\/agradocosmetic.com\\\/como-recuperar-tu-pelo-despues-del-verano\\\/#breadcrumb\",\"itemListElement\":[{\"@type\":\"ListItem\",\"position\":1,\"name\":\"Portada\",\"item\":\"https:\\\/\\\/agradocosmetic.com\\\/\"},{\"@type\":\"ListItem\",\"position\":2,\"name\":\"C\u00f3mo recuperar tu pelo despu\u00e9s del verano\u00a0\"}]},{\"@type\":\"WebSite\",\"@id\":\"https:\\\/\\\/agradocosmetic.com\\\/#website\",\"url\":\"https:\\\/\\\/agradocosmetic.com\\\/\",\"name\":\"Agrado\",\"description\":\"Cosmetic\",\"publisher\":{\"@id\":\"https:\\\/\\\/agradocosmetic.com\\\/#organization\"},\"potentialAction\":[{\"@type\":\"SearchAction\",\"target\":{\"@type\":\"EntryPoint\",\"urlTemplate\":\"https:\\\/\\\/agradocosmetic.com\\\/?s={search_term_string}\"},\"query-input\":{\"@type\":\"PropertyValueSpecification\",\"valueRequired\":true,\"valueName\":\"search_term_string\"}}],\"inLanguage\":\"pt-PT\"},{\"@type\":\"Organization\",\"@id\":\"https:\\\/\\\/agradocosmetic.com\\\/#organization\",\"name\":\"Agrado\",\"url\":\"https:\\\/\\\/agradocosmetic.com\\\/\",\"logo\":{\"@type\":\"ImageObject\",\"inLanguage\":\"pt-PT\",\"@id\":\"https:\\\/\\\/agradocosmetic.com\\\/#\\\/schema\\\/logo\\\/image\\\/\",\"url\":\"https:\\\/\\\/agradocosmetic.com\\\/wp-content\\\/uploads\\\/2023\\\/07\\\/LOGO-AGRADO-WEB-01.png\",\"contentUrl\":\"https:\\\/\\\/agradocosmetic.com\\\/wp-content\\\/uploads\\\/2023\\\/07\\\/LOGO-AGRADO-WEB-01.png\",\"width\":1632,\"height\":300,\"caption\":\"Agrado\"},\"image\":{\"@id\":\"https:\\\/\\\/agradocosmetic.com\\\/#\\\/schema\\\/logo\\\/image\\\/\"}},{\"@type\":\"Person\",\"@id\":\"https:\\\/\\\/agradocosmetic.com\\\/#\\\/schema\\\/person\\\/732e8d396022e25f9340196f83d6789d\",\"name\":\"agradocosmetic\",\"image\":{\"@type\":\"ImageObject\",\"inLanguage\":\"pt-PT\",\"@id\":\"https:\\\/\\\/secure.gravatar.com\\\/avatar\\\/c6003e45301182b7e125463fcbec403b1980909c12edf09098526b9a15e779c0?s=96&d=mm&r=g\",\"url\":\"https:\\\/\\\/secure.gravatar.com\\\/avatar\\\/c6003e45301182b7e125463fcbec403b1980909c12edf09098526b9a15e779c0?s=96&d=mm&r=g\",\"contentUrl\":\"https:\\\/\\\/secure.gravatar.com\\\/avatar\\\/c6003e45301182b7e125463fcbec403b1980909c12edf09098526b9a15e779c0?s=96&d=mm&r=g\",\"caption\":\"agradocosmetic\"}}]}<\/script>\n<!-- \/ Yoast SEO plugin. -->","yoast_head_json":{"title":"C\u00f3mo recuperar tu pelo despu\u00e9s del verano\u00a0 - Agrado","description":"Sabemos que tras el verano, tu melena puede verse apagada y sin vida, pero no te preocupes, \u00a1te contamos c\u00f3mo recuperar tu pelo radiante!","robots":{"index":"index","follow":"follow","max-snippet":"max-snippet:-1","max-image-preview":"max-image-preview:large","max-video-preview":"max-video-preview:-1"},"canonical":"https:\/\/agradocosmetic.com\/pt\/como-recuperar-tu-pelo-despues-del-verano\/","og_locale":"pt_PT","og_type":"article","og_title":"C\u00f3mo recuperar tu pelo despu\u00e9s del verano\u00a0 - Agrado","og_description":"Sabemos que tras el verano, tu melena puede verse apagada y sin vida, pero no te preocupes, \u00a1te contamos c\u00f3mo recuperar tu pelo radiante!","og_url":"https:\/\/agradocosmetic.com\/pt\/como-recuperar-tu-pelo-despues-del-verano\/","og_site_name":"Agrado","article_published_time":"2023-09-11T16:30:09+00:00","article_modified_time":"2023-11-18T17:00:24+00:00","og_image":[{"width":1200,"height":800,"url":"https:\/\/agradocosmetic.com\/wp-content\/uploads\/2023\/09\/recupera-tu-pelo.jpg","type":"image\/jpeg"}],"author":"agradocosmetic","twitter_card":"summary_large_image","twitter_misc":{"Escrito por":"agradocosmetic","Tempo estimado de leitura":"3 minutos"},"schema":{"@context":"https:\/\/schema.org","@graph":[{"@type":"Article","@id":"https:\/\/agradocosmetic.com\/como-recuperar-tu-pelo-despues-del-verano\/#article","isPartOf":{"@id":"https:\/\/agradocosmetic.com\/como-recuperar-tu-pelo-despues-del-verano\/"},"author":{"name":"agradocosmetic","@id":"https:\/\/agradocosmetic.com\/#\/schema\/person\/732e8d396022e25f9340196f83d6789d"},"headline":"C\u00f3mo recuperar tu pelo despu\u00e9s del verano\u00a0","datePublished":"2023-09-11T16:30:09+00:00","dateModified":"2023-11-18T17:00:24+00:00","mainEntityOfPage":{"@id":"https:\/\/agradocosmetic.com\/como-recuperar-tu-pelo-despues-del-verano\/"},"wordCount":514,"commentCount":0,"publisher":{"@id":"https:\/\/agradocosmetic.com\/#organization"},"image":{"@id":"https:\/\/agradocosmetic.com\/como-recuperar-tu-pelo-despues-del-verano\/#primaryimage"},"thumbnailUrl":"https:\/\/agradocosmetic.com\/wp-content\/uploads\/2023\/09\/recupera-tu-pelo.jpg","keywords":["keratina pelo","pelo apagado","productos de keratina","rutina capilar"],"articleSection":["Capilar","Todos"],"inLanguage":"pt-PT","potentialAction":[{"@type":"CommentAction","name":"Comment","target":["https:\/\/agradocosmetic.com\/como-recuperar-tu-pelo-despues-del-verano\/#respond"]}]},{"@type":"WebPage","@id":"https:\/\/agradocosmetic.com\/como-recuperar-tu-pelo-despues-del-verano\/","url":"https:\/\/agradocosmetic.com\/como-recuperar-tu-pelo-despues-del-verano\/","name":"C\u00f3mo recuperar tu pelo despu\u00e9s del verano\u00a0 - Agrado","isPartOf":{"@id":"https:\/\/agradocosmetic.com\/#website"},"primaryImageOfPage":{"@id":"https:\/\/agradocosmetic.com\/como-recuperar-tu-pelo-despues-del-verano\/#primaryimage"},"image":{"@id":"https:\/\/agradocosmetic.com\/como-recuperar-tu-pelo-despues-del-verano\/#primaryimage"},"thumbnailUrl":"https:\/\/agradocosmetic.com\/wp-content\/uploads\/2023\/09\/recupera-tu-pelo.jpg","datePublished":"2023-09-11T16:30:09+00:00","dateModified":"2023-11-18T17:00:24+00:00","description":"Sabemos que tras el verano, tu melena puede verse apagada y sin vida, pero no te preocupes, \u00a1te contamos c\u00f3mo recuperar tu pelo radiante!","breadcrumb":{"@id":"https:\/\/agradocosmetic.com\/como-recuperar-tu-pelo-despues-del-verano\/#breadcrumb"},"inLanguage":"pt-PT","potentialAction":[{"@type":"ReadAction","target":["https:\/\/agradocosmetic.com\/como-recuperar-tu-pelo-despues-del-verano\/"]}]},{"@type":"ImageObject","inLanguage":"pt-PT","@id":"https:\/\/agradocosmetic.com\/como-recuperar-tu-pelo-despues-del-verano\/#primaryimage","url":"https:\/\/agradocosmetic.com\/wp-content\/uploads\/2023\/09\/recupera-tu-pelo.jpg","contentUrl":"https:\/\/agradocosmetic.com\/wp-content\/uploads\/2023\/09\/recupera-tu-pelo.jpg","width":1200,"height":800},{"@type":"BreadcrumbList","@id":"https:\/\/agradocosmetic.com\/como-recuperar-tu-pelo-despues-del-verano\/#breadcrumb","itemListElement":[{"@type":"ListItem","position":1,"name":"Portada","item":"https:\/\/agradocosmetic.com\/"},{"@type":"ListItem","position":2,"name":"C\u00f3mo recuperar tu pelo despu\u00e9s del verano\u00a0"}]},{"@type":"WebSite","@id":"https:\/\/agradocosmetic.com\/#website","url":"https:\/\/agradocosmetic.com\/","name":"Gosto","description":"Cosm\u00e9tico","publisher":{"@id":"https:\/\/agradocosmetic.com\/#organization"},"potentialAction":[{"@type":"SearchAction","target":{"@type":"EntryPoint","urlTemplate":"https:\/\/agradocosmetic.com\/?s={search_term_string}"},"query-input":{"@type":"PropertyValueSpecification","valueRequired":true,"valueName":"search_term_string"}}],"inLanguage":"pt-PT"},{"@type":"Organization","@id":"https:\/\/agradocosmetic.com\/#organization","name":"Gosto","url":"https:\/\/agradocosmetic.com\/","logo":{"@type":"ImageObject","inLanguage":"pt-PT","@id":"https:\/\/agradocosmetic.com\/#\/schema\/logo\/image\/","url":"https:\/\/agradocosmetic.com\/wp-content\/uploads\/2023\/07\/LOGO-AGRADO-WEB-01.png","contentUrl":"https:\/\/agradocosmetic.com\/wp-content\/uploads\/2023\/07\/LOGO-AGRADO-WEB-01.png","width":1632,"height":300,"caption":"Agrado"},"image":{"@id":"https:\/\/agradocosmetic.com\/#\/schema\/logo\/image\/"}},{"@type":"Person","@id":"https:\/\/agradocosmetic.com\/#\/schema\/person\/732e8d396022e25f9340196f83d6789d","name":"agradocosm\u00e9tico","image":{"@type":"ImageObject","inLanguage":"pt-PT","@id":"https:\/\/secure.gravatar.com\/avatar\/c6003e45301182b7e125463fcbec403b1980909c12edf09098526b9a15e779c0?s=96&d=mm&r=g","url":"https:\/\/secure.gravatar.com\/avatar\/c6003e45301182b7e125463fcbec403b1980909c12edf09098526b9a15e779c0?s=96&d=mm&r=g","contentUrl":"https:\/\/secure.gravatar.com\/avatar\/c6003e45301182b7e125463fcbec403b1980909c12edf09098526b9a15e779c0?s=96&d=mm&r=g","caption":"agradocosmetic"}}]}},"_links":{"self":[{"href":"https:\/\/agradocosmetic.com\/pt\/wp-json\/wp\/v2\/posts\/21142","targetHints":{"allow":["GET"]}}],"collection":[{"href":"https:\/\/agradocosmetic.com\/pt\/wp-json\/wp\/v2\/posts"}],"about":[{"href":"https:\/\/agradocosmetic.com\/pt\/wp-json\/wp\/v2\/types\/post"}],"author":[{"embeddable":true,"href":"https:\/\/agradocosmetic.com\/pt\/wp-json\/wp\/v2\/users\/9"}],"replies":[{"embeddable":true,"href":"https:\/\/agradocosmetic.com\/pt\/wp-json\/wp\/v2\/comments?post=21142"}],"version-history":[{"count":1,"href":"https:\/\/agradocosmetic.com\/pt\/wp-json\/wp\/v2\/posts\/21142\/revisions"}],"predecessor-version":[{"id":21162,"href":"https:\/\/agradocosmetic.com\/pt\/wp-json\/wp\/v2\/posts\/21142\/revisions\/21162"}],"wp:featuredmedia":[{"embeddable":true,"href":"https:\/\/agradocosmetic.com\/pt\/wp-json\/wp\/v2\/media\/21161"}],"wp:attachment":[{"href":"https:\/\/agradocosmetic.com\/pt\/wp-json\/wp\/v2\/media?parent=21142"}],"wp:term":[{"taxonomy":"category","embeddable":true,"href":"https:\/\/agradocosmetic.com\/pt\/wp-json\/wp\/v2\/categories?post=21142"},{"taxonomy":"post_tag","embeddable":true,"href":"https:\/\/agradocosmetic.com\/pt\/wp-json\/wp\/v2\/tags?post=21142"}],"curies":[{"name":"wp","href":"https:\/\/api.w.org\/{rel}","templated":true}]}}